{"id":6421,"date":"2023-11-27T08:24:25","date_gmt":"2023-11-27T11:24:25","guid":{"rendered":"https:\/\/nahuelproducciones.com.ar\/radioquijano\/?p=6421"},"modified":"2023-11-27T08:24:26","modified_gmt":"2023-11-27T11:24:26","slug":"anses-no-habra-atencion-al-publico-el-lunes-27-de-noviembre","status":"publish","type":"post","link":"https:\/\/nahuelproducciones.com.ar\/radioquijano\/anses-no-habra-atencion-al-publico-el-lunes-27-de-noviembre\/","title":{"rendered":"ANSES: NO HABR\u00c1 ATENCI\u00d3N AL P\u00daBLICO EL LUNES 27 DE NOVIEMBRE"},"content":{"rendered":"\n<p>La\u00a0<strong>Administraci\u00f3n Nacional de la Seguridad Social\u00a0<\/strong>(<strong>ANSES<\/strong>)confirm\u00f3 que el pr\u00f3ximo lunes\u00a0<strong>27 de noviembre<\/strong>\u00a0no habr\u00e1 atenci\u00f3n al p\u00fablico en sus oficinas por ser\u00a0feriado laboral.<\/p>\n\n\n\n<p>Los trabajadores no atender\u00e1n al p\u00fablico<strong>&nbsp;<\/strong>por la celebraci\u00f3n del&nbsp;<strong>D\u00eda de los Trabajadores Previsionales<\/strong>. Sin embargo, se podr\u00e1n hacer&nbsp;<strong>consultas y tr\u00e1mites de manera online<\/strong>.&nbsp;<\/p>\n\n\n\n<p>Desde el\u00a0<strong>martes 28 de noviembre<\/strong>, las oficinas en todo el pa\u00eds volver\u00e1n a trabajar de manera presencial en sus horarios habituales.<\/p>\n\n\n\n<h2 class=\"wp-block-heading\" id=\"anses-adhiere-al-dia-del-trabajador-previsional-argentino\">ANSES adhiere al D\u00eda del Trabajador Previsional Argentino<\/h2>\n\n\n\n<p>Bajo la\u00a0<strong>Ley\u00a0N.\u00ba 26.533<\/strong>, todos los\u00a0trabajadores\u00a0del organismo estatal tendr\u00e1n cese de tareas por ser\u00a0<strong>feriado<\/strong>.\u00a0Cada<strong>\u00a027 de noviembre<\/strong>, los empleados de ANSES podr\u00e1n festejar el\u00a0<strong>D\u00eda del Trabajador Previsional Argentino<\/strong>.<\/p>\n\n\n\n<p>Adem\u00e1s de\u00a0<strong>ANSES<\/strong>, gozan del feriado todos los\u00a0trabajadores\u00a0de la\u00a0<strong>Secretar\u00eda de Seguridad Social<\/strong>, dependiente del\u00a0<strong>Ministerio de Trabajo, Empleo y Seguridad Social de la Naci\u00f3n<\/strong>,\u00a0y otros organismos p\u00fablicos.Temas relacionados<\/p>\n","protected":false},"excerpt":{"rendered":"<p>La\u00a0Administraci\u00f3n Nacional de la Seguridad Social\u00a0(ANSES)confirm\u00f3 que el pr\u00f3ximo lunes\u00a027 de noviembre\u00a0no habr\u00e1 atenci\u00f3n al p\u00fablico en sus oficinas por ser\u00a0feriado laboral. Los trabajadores no atender\u00e1n al p\u00fablico&nbsp;por la celebraci\u00f3n del&nbsp;D\u00eda de los Trabajadores Previsionales. Sin embargo, se podr\u00e1n hacer&nbsp;consultas y tr\u00e1mites de manera online.&nbsp; Desde el\u00a0martes 28 de noviembre, las oficinas en todo el [&hellip;]<\/p>\n","protected":false},"author":8,"featured_media":6422,"comment_status":"open","ping_status":"open","sticky":false,"template":"","format":"standard","meta":{"_monsterinsights_skip_tracking":false,"_monsterinsights_sitenote_active":false,"_monsterinsights_sitenote_note":"","_monsterinsights_sitenote_category":0,"footnotes":""},"categories":[16],"tags":[364,1353,100],"class_list":["post-6421","post","type-post","status-publish","format-standard","has-post-thumbnail","hentry","category-noticias","tag-anses","tag-feriado-laboral","tag-municipio-de-campo-quijano"],"yoast_head":"<!-- This site is optimized with the Yoast SEO plugin v20.8 - https:\/\/yoast.com\/wordpress\/plugins\/seo\/ -->\n<title>ANSES: NO HABR\u00c1 ATENCI\u00d3N AL P\u00daBLICO EL LUNES 27 DE NOVIEMBRE - RQ 99.9<\/title>\n<meta name=\"description\" content=\"Desde el\u00a0martes 28 de noviembre, las oficinas en todo el pa\u00eds volver\u00e1n a trabajar de manera presencial en sus horarios habituales.\" \/>\n<meta name=\"robots\" content=\"index, follow, max-snippet:-1, max-image-preview:large, max-video-preview:-1\" \/>\n<link rel=\"canonical\" href=\"https:\/\/nahuelproducciones.com.ar\/radioquijano\/anses-no-habra-atencion-al-publico-el-lunes-27-de-noviembre\/\" \/>\n<meta property=\"og:locale\" content=\"es_ES\" \/>\n<meta property=\"og:type\" content=\"article\" \/>\n<meta property=\"og:title\" content=\"ANSES: NO HABR\u00c1 ATENCI\u00d3N AL P\u00daBLICO EL LUNES 27 DE NOVIEMBRE - RQ 99.9\" \/>\n<meta property=\"og:description\" content=\"Desde el\u00a0martes 28 de noviembre, las oficinas en todo el pa\u00eds volver\u00e1n a trabajar de manera presencial en sus horarios habituales.\" \/>\n<meta property=\"og:url\" content=\"https:\/\/nahuelproducciones.com.ar\/radioquijano\/anses-no-habra-atencion-al-publico-el-lunes-27-de-noviembre\/\" \/>\n<meta property=\"og:site_name\" content=\"RQ 99.9\" \/>\n<meta property=\"article:publisher\" content=\"https:\/\/www.facebook.com\/nahuelproducciones999\/\" \/>\n<meta property=\"article:published_time\" content=\"2023-11-27T11:24:25+00:00\" \/>\n<meta property=\"article:modified_time\" content=\"2023-11-27T11:24:26+00:00\" \/>\n<meta property=\"og:image\" content=\"https:\/\/nahuelproducciones.com.ar\/radioquijano\/wp-content\/uploads\/2023\/11\/45dd37ec5b0905d9c43557244d805cfe-e1701084245798.jpg\" \/>\n\t<meta property=\"og:image:width\" content=\"700\" \/>\n\t<meta property=\"og:image:height\" content=\"394\" \/>\n\t<meta property=\"og:image:type\" content=\"image\/jpeg\" \/>\n<meta name=\"author\" content=\"Cecilia Pastrana\" \/>\n<meta name=\"twitter:card\" content=\"summary_large_image\" \/>\n<meta name=\"twitter:creator\" content=\"@nahuproduciones\" \/>\n<meta name=\"twitter:site\" content=\"@nahuproduciones\" \/>\n<meta name=\"twitter:label1\" content=\"Escrito por\" \/>\n\t<meta name=\"twitter:data1\" content=\"Cecilia Pastrana\" \/>\n\t<meta name=\"twitter:label2\" content=\"Tiempo de lectura\" \/>\n\t<meta name=\"twitter:data2\" content=\"1 minuto\" \/>\n<script type=\"application\/ld+json\" class=\"yoast-schema-graph\">{\"@context\":\"https:\/\/schema.org\",\"@graph\":[{\"@type\":\"WebPage\",\"@id\":\"https:\/\/nahuelproducciones.com.ar\/radioquijano\/anses-no-habra-atencion-al-publico-el-lunes-27-de-noviembre\/\",\"url\":\"https:\/\/nahuelproducciones.com.ar\/radioquijano\/anses-no-habra-atencion-al-publico-el-lunes-27-de-noviembre\/\",\"name\":\"ANSES: NO HABR\u00c1 ATENCI\u00d3N AL P\u00daBLICO EL LUNES 27 DE NOVIEMBRE - RQ 99.9\",\"isPartOf\":{\"@id\":\"https:\/\/nahuelproducciones.com.ar\/radioquijano\/#website\"},\"datePublished\":\"2023-11-27T11:24:25+00:00\",\"dateModified\":\"2023-11-27T11:24:26+00:00\",\"author\":{\"@id\":\"https:\/\/nahuelproducciones.com.ar\/radioquijano\/#\/schema\/person\/e8a4f939e2cb487fe6d0c54042c9d32c\"},\"description\":\"Desde el\u00a0martes 28 de noviembre, las oficinas en todo el pa\u00eds volver\u00e1n a trabajar de manera presencial en sus horarios habituales.\",\"breadcrumb\":{\"@id\":\"https:\/\/nahuelproducciones.com.ar\/radioquijano\/anses-no-habra-atencion-al-publico-el-lunes-27-de-noviembre\/#breadcrumb\"},\"inLanguage\":\"es\",\"potentialAction\":[{\"@type\":\"ReadAction\",\"target\":[\"https:\/\/nahuelproducciones.com.ar\/radioquijano\/anses-no-habra-atencion-al-publico-el-lunes-27-de-noviembre\/\"]}]},{\"@type\":\"BreadcrumbList\",\"@id\":\"https:\/\/nahuelproducciones.com.ar\/radioquijano\/anses-no-habra-atencion-al-publico-el-lunes-27-de-noviembre\/#breadcrumb\",\"itemListElement\":[{\"@type\":\"ListItem\",\"position\":1,\"name\":\"Portada\",\"item\":\"https:\/\/nahuelproducciones.com.ar\/radioquijano\/\"},{\"@type\":\"ListItem\",\"position\":2,\"name\":\"ANSES: NO HABR\u00c1 ATENCI\u00d3N AL P\u00daBLICO EL LUNES 27 DE NOVIEMBRE\"}]},{\"@type\":\"WebSite\",\"@id\":\"https:\/\/nahuelproducciones.com.ar\/radioquijano\/#website\",\"url\":\"https:\/\/nahuelproducciones.com.ar\/radioquijano\/\",\"name\":\"RQ 99.9\",\"description\":\"Radio Quijano 99.9 MHz\",\"potentialAction\":[{\"@type\":\"SearchAction\",\"target\":{\"@type\":\"EntryPoint\",\"urlTemplate\":\"https:\/\/nahuelproducciones.com.ar\/radioquijano\/?s={search_term_string}\"},\"query-input\":\"required name=search_term_string\"}],\"inLanguage\":\"es\"},{\"@type\":\"Person\",\"@id\":\"https:\/\/nahuelproducciones.com.ar\/radioquijano\/#\/schema\/person\/e8a4f939e2cb487fe6d0c54042c9d32c\",\"name\":\"Cecilia Pastrana\",\"image\":{\"@type\":\"ImageObject\",\"inLanguage\":\"es\",\"@id\":\"https:\/\/nahuelproducciones.com.ar\/radioquijano\/#\/schema\/person\/image\/\",\"url\":\"https:\/\/secure.gravatar.com\/avatar\/661a3ef63a8488d4f2794ed44af8cf71420f7e106f3072c40125114df5157749?s=96&d=mm&r=g\",\"contentUrl\":\"https:\/\/secure.gravatar.com\/avatar\/661a3ef63a8488d4f2794ed44af8cf71420f7e106f3072c40125114df5157749?s=96&d=mm&r=g\",\"caption\":\"Cecilia Pastrana\"},\"sameAs\":[\"cecy\"],\"url\":\"https:\/\/nahuelproducciones.com.ar\/radioquijano\/author\/cecy\/\"}]}<\/script>\n<!-- \/ Yoast SEO plugin. -->","yoast_head_json":{"title":"ANSES: NO HABR\u00c1 ATENCI\u00d3N AL P\u00daBLICO EL LUNES 27 DE NOVIEMBRE - RQ 99.9","description":"Desde el\u00a0martes 28 de noviembre, las oficinas en todo el pa\u00eds volver\u00e1n a trabajar de manera presencial en sus horarios habituales.","robots":{"index":"index","follow":"follow","max-snippet":"max-snippet:-1","max-image-preview":"max-image-preview:large","max-video-preview":"max-video-preview:-1"},"canonical":"https:\/\/nahuelproducciones.com.ar\/radioquijano\/anses-no-habra-atencion-al-publico-el-lunes-27-de-noviembre\/","og_locale":"es_ES","og_type":"article","og_title":"ANSES: NO HABR\u00c1 ATENCI\u00d3N AL P\u00daBLICO EL LUNES 27 DE NOVIEMBRE - RQ 99.9","og_description":"Desde el\u00a0martes 28 de noviembre, las oficinas en todo el pa\u00eds volver\u00e1n a trabajar de manera presencial en sus horarios habituales.","og_url":"https:\/\/nahuelproducciones.com.ar\/radioquijano\/anses-no-habra-atencion-al-publico-el-lunes-27-de-noviembre\/","og_site_name":"RQ 99.9","article_publisher":"https:\/\/www.facebook.com\/nahuelproducciones999\/","article_published_time":"2023-11-27T11:24:25+00:00","article_modified_time":"2023-11-27T11:24:26+00:00","og_image":[{"width":700,"height":394,"url":"https:\/\/nahuelproducciones.com.ar\/radioquijano\/wp-content\/uploads\/2023\/11\/45dd37ec5b0905d9c43557244d805cfe-e1701084245798.jpg","type":"image\/jpeg"}],"author":"Cecilia Pastrana","twitter_card":"summary_large_image","twitter_creator":"@nahuproduciones","twitter_site":"@nahuproduciones","twitter_misc":{"Escrito por":"Cecilia Pastrana","Tiempo de lectura":"1 minuto"},"schema":{"@context":"https:\/\/schema.org","@graph":[{"@type":"WebPage","@id":"https:\/\/nahuelproducciones.com.ar\/radioquijano\/anses-no-habra-atencion-al-publico-el-lunes-27-de-noviembre\/","url":"https:\/\/nahuelproducciones.com.ar\/radioquijano\/anses-no-habra-atencion-al-publico-el-lunes-27-de-noviembre\/","name":"ANSES: NO HABR\u00c1 ATENCI\u00d3N AL P\u00daBLICO EL LUNES 27 DE NOVIEMBRE - RQ 99.9","isPartOf":{"@id":"https:\/\/nahuelproducciones.com.ar\/radioquijano\/#website"},"datePublished":"2023-11-27T11:24:25+00:00","dateModified":"2023-11-27T11:24:26+00:00","author":{"@id":"https:\/\/nahuelproducciones.com.ar\/radioquijano\/#\/schema\/person\/e8a4f939e2cb487fe6d0c54042c9d32c"},"description":"Desde el\u00a0martes 28 de noviembre, las oficinas en todo el pa\u00eds volver\u00e1n a trabajar de manera presencial en sus horarios habituales.","breadcrumb":{"@id":"https:\/\/nahuelproducciones.com.ar\/radioquijano\/anses-no-habra-atencion-al-publico-el-lunes-27-de-noviembre\/#breadcrumb"},"inLanguage":"es","potentialAction":[{"@type":"ReadAction","target":["https:\/\/nahuelproducciones.com.ar\/radioquijano\/anses-no-habra-atencion-al-publico-el-lunes-27-de-noviembre\/"]}]},{"@type":"BreadcrumbList","@id":"https:\/\/nahuelproducciones.com.ar\/radioquijano\/anses-no-habra-atencion-al-publico-el-lunes-27-de-noviembre\/#breadcrumb","itemListElement":[{"@type":"ListItem","position":1,"name":"Portada","item":"https:\/\/nahuelproducciones.com.ar\/radioquijano\/"},{"@type":"ListItem","position":2,"name":"ANSES: NO HABR\u00c1 ATENCI\u00d3N AL P\u00daBLICO EL LUNES 27 DE NOVIEMBRE"}]},{"@type":"WebSite","@id":"https:\/\/nahuelproducciones.com.ar\/radioquijano\/#website","url":"https:\/\/nahuelproducciones.com.ar\/radioquijano\/","name":"RQ 99.9","description":"Radio Quijano 99.9 MHz","potentialAction":[{"@type":"SearchAction","target":{"@type":"EntryPoint","urlTemplate":"https:\/\/nahuelproducciones.com.ar\/radioquijano\/?s={search_term_string}"},"query-input":"required name=search_term_string"}],"inLanguage":"es"},{"@type":"Person","@id":"https:\/\/nahuelproducciones.com.ar\/radioquijano\/#\/schema\/person\/e8a4f939e2cb487fe6d0c54042c9d32c","name":"Cecilia Pastrana","image":{"@type":"ImageObject","inLanguage":"es","@id":"https:\/\/nahuelproducciones.com.ar\/radioquijano\/#\/schema\/person\/image\/","url":"https:\/\/secure.gravatar.com\/avatar\/661a3ef63a8488d4f2794ed44af8cf71420f7e106f3072c40125114df5157749?s=96&d=mm&r=g","contentUrl":"https:\/\/secure.gravatar.com\/avatar\/661a3ef63a8488d4f2794ed44af8cf71420f7e106f3072c40125114df5157749?s=96&d=mm&r=g","caption":"Cecilia Pastrana"},"sameAs":["cecy"],"url":"https:\/\/nahuelproducciones.com.ar\/radioquijano\/author\/cecy\/"}]}},"_links":{"self":[{"href":"https:\/\/nahuelproducciones.com.ar\/radioquijano\/wp-json\/wp\/v2\/posts\/6421","targetHints":{"allow":["GET"]}}],"collection":[{"href":"https:\/\/nahuelproducciones.com.ar\/radioquijano\/wp-json\/wp\/v2\/posts"}],"about":[{"href":"https:\/\/nahuelproducciones.com.ar\/radioquijano\/wp-json\/wp\/v2\/types\/post"}],"author":[{"embeddable":true,"href":"https:\/\/nahuelproducciones.com.ar\/radioquijano\/wp-json\/wp\/v2\/users\/8"}],"replies":[{"embeddable":true,"href":"https:\/\/nahuelproducciones.com.ar\/radioquijano\/wp-json\/wp\/v2\/comments?post=6421"}],"version-history":[{"count":1,"href":"https:\/\/nahuelproducciones.com.ar\/radioquijano\/wp-json\/wp\/v2\/posts\/6421\/revisions"}],"predecessor-version":[{"id":6423,"href":"https:\/\/nahuelproducciones.com.ar\/radioquijano\/wp-json\/wp\/v2\/posts\/6421\/revisions\/6423"}],"wp:featuredmedia":[{"embeddable":true,"href":"https:\/\/nahuelproducciones.com.ar\/radioquijano\/wp-json\/wp\/v2\/media\/6422"}],"wp:attachment":[{"href":"https:\/\/nahuelproducciones.com.ar\/radioquijano\/wp-json\/wp\/v2\/media?parent=6421"}],"wp:term":[{"taxonomy":"category","embeddable":true,"href":"https:\/\/nahuelproducciones.com.ar\/radioquijano\/wp-json\/wp\/v2\/categories?post=6421"},{"taxonomy":"post_tag","embeddable":true,"href":"https:\/\/nahuelproducciones.com.ar\/radioquijano\/wp-json\/wp\/v2\/tags?post=6421"}],"curies":[{"name":"wp","href":"https:\/\/api.w.org\/{rel}","templated":true}]}}