{"id":6428,"date":"2023-11-29T12:44:34","date_gmt":"2023-11-29T15:44:34","guid":{"rendered":"https:\/\/nahuelproducciones.com.ar\/radioquijano\/?p=6428"},"modified":"2023-11-29T12:48:12","modified_gmt":"2023-11-29T15:48:12","slug":"alertan-en-todo-el-pais-por-un-temible-virus-que-afecta-el-cerebro-de-los-caballos-y-se-contagia-a-humanos","status":"publish","type":"post","link":"https:\/\/nahuelproducciones.com.ar\/radioquijano\/alertan-en-todo-el-pais-por-un-temible-virus-que-afecta-el-cerebro-de-los-caballos-y-se-contagia-a-humanos\/","title":{"rendered":"Alertan en todo el pa\u00eds por un temible virus que afecta el cerebro de los caballos y se contagia a humanos"},"content":{"rendered":"\n<p>El<strong>&nbsp;<a href=\"https:\/\/www.ambito.com\/senasa-a5124649\" target=\"_blank\" rel=\"noreferrer noopener\">Servicio Nacional de Sanidad y Calidad Agroalimentaria (SENASA)&nbsp;<\/a><\/strong>comunic\u00f3 este lunes una serie de \u201cmedidas sanitarias inmediatas, extraordinarias, excepcionales y de contenci\u00f3n\u201d para&nbsp;<strong>evitar la propagaci\u00f3n de la encefalomielitis equina<\/strong>, detectada en animales de Corrientes y Santa Fe, y que&nbsp;<strong>puede afectar a seres humanos<\/strong>.<\/p>\n\n\n\n<p>Lo hizo a trav\u00e9s de la&nbsp;<strong>Disposici\u00f3n 363\/2023<\/strong>&nbsp;publicada en el&nbsp;<strong>Bolet\u00edn Oficial,<\/strong>&nbsp;donde establece una&nbsp;<strong>\u201crestricci\u00f3n de movimientos<\/strong>\u201d al \u201cprohibir el egreso de equinos desde las provincias afectadas, en las que se ha diagnosticado la enfermedad, al resto del pa\u00eds\u201d.<\/p>\n\n\n\n<p>RQ99.9Mhz se comunico con Pedro Bautista Presidente de la Agrupaci\u00f3n de Gauchos de G\u00fcemes Rodeo Antenor S\u00e1nchez y menciono que ya llego la advertencia al municipio de Campo Quijano, que ya tienen informaci\u00f3n de que esto esta sucediendo.<\/p>\n\n\n\n<p>Este s\u00e1bado, el Senasa inform\u00f3 que se obtuvieron resultados positivos a alphavirus -encefalomielitis equina- en muestras procesadas por el Instituto Nacional de Tecnolog\u00eda Agropecuaria (INTA) Castelar y el Instituto Vanella de la Universidad Nacional de C\u00f3rdoba, en los Departamentos de Lavalle, Corrientes y San Cristobal, Santa Fe, en equinos con&nbsp;<strong>s\u00edntomas nerviosos y mortandad<\/strong>.<\/p>\n\n\n\n<p>Escucha la entrevista:<\/p>\n\n\n\n<figure class=\"wp-block-audio\"><audio controls src=\"https:\/\/nahuelproducciones.com.ar\/radioquijano\/wp-content\/uploads\/2023\/11\/29-11-2023-Pedro-Bautista-tema-virus-en-los-caballos.mp3\"><\/audio><\/figure>\n\n\n\n<div data-wp-interactive=\"core\/file\" class=\"wp-block-file aligncenter\"><object data-wp-bind--hidden=\"!state.hasPdfPreview\" hidden class=\"wp-block-file__embed\" data=\"https:\/\/nahuelproducciones.com.ar\/radioquijano\/wp-content\/uploads\/2023\/11\/document.pdf\" type=\"application\/pdf\" style=\"width:100%;height:370px\" aria-label=\"Incrustado de document.\"><\/object><a id=\"wp-block-file--media-895409e9-b2ed-42a2-99fb-95b517704e05\" href=\"https:\/\/nahuelproducciones.com.ar\/radioquijano\/wp-content\/uploads\/2023\/11\/document.pdf\">document<\/a><a href=\"https:\/\/nahuelproducciones.com.ar\/radioquijano\/wp-content\/uploads\/2023\/11\/document.pdf\" class=\"wp-block-file__button wp-element-button\" download aria-describedby=\"wp-block-file--media-895409e9-b2ed-42a2-99fb-95b517704e05\">Descarga<\/a><\/div>\n\n\n\n<h2 class=\"wp-block-heading\">Qu\u00e9 es la Encefalomielitis Equina<\/h2>\n\n\n\n<p>Seg\u00fan explica la Disposici\u00f3n en sus considerandos, las Encefalomielitis Equinas son&nbsp;<strong>enfermedades ex\u00f3ticas para el pa\u00eds.&nbsp;<\/strong>El \u00faltimo registro oficial de Encefalomielitis Equina del Oeste era de 1988.<\/p>\n\n\n\n<p>Lo que llev\u00f3 a Senasa a imponer esta restricci\u00f3n es \u201cla situaci\u00f3n epidemiol\u00f3gica regional, as\u00ed como por la \u00e9poca del a\u00f1o y las condiciones clim\u00e1ticas y ecol\u00f3gicas con&nbsp;<strong>gran presencia del vector<\/strong>\u201d.<\/p>\n\n\n\n<h2 class=\"wp-block-heading\">C\u00f3mo se transmite la Encefalomielitis Equina<\/h2>\n\n\n\n<p>Se trata, en espec\u00edfico, de una enfermedad viral que<strong>&nbsp;se transmite de las aves a los mosquitos<\/strong>, y \u00e9stos a su vez&nbsp;<strong>pueden infectar a los equinos y seres humanos<\/strong>. Tiene tres tipos (este, oeste o Venezuela) y el per\u00edodo de incubaci\u00f3n, es decir el tiempo que pasa desde la infecci\u00f3n hasta que aparecen los signos cl\u00ednicos, es de 5 a 14 d\u00edas.<\/p>\n\n\n\n<p>L<strong>a notificaci\u00f3n de sospechas contin\u00faa en aumento en las provincias de Santa Fe, Corrientes, Entre R\u00edos y C\u00f3rdoba<\/strong>, y que a\u00fan&nbsp;<strong>se espera diagn\u00f3stico de algunas muestras tomadas en esas provincias<\/strong>, el Senasa dispondr\u00e1 a la brevedad de la normativa para la emergencia sanitaria y para las medidas de prevenci\u00f3n y contenci\u00f3n que correspondan.<\/p>\n\n\n\n<h2 class=\"wp-block-heading\">SENASA: control y prevenci\u00f3n de la enfermedad<\/h2>\n\n\n\n<p>Las principales herramientas de control y prevenci\u00f3n son:<\/p>\n\n\n\n<p>\u2022<strong>El control de mosquitos<\/strong>. Es fundamental para evitar la diseminaci\u00f3n de la enfermedad y el contagio a los equinos y las personas. Tener en cuenta la aplicaci\u00f3n a los animales y en el ambiente, de productos autorizados por el Senasa.<\/p>\n\n\n\n<p>\u2022La<strong>&nbsp;vacunaci\u00f3n de los equinos&nbsp;<\/strong>contra esta enfermedad. Para ello el Senasa est\u00e1 coordinando con las c\u00e1maras de Productos Veterinarios de forma tal de tener disponibilidad y distribuci\u00f3n de la mayor cantidad de vacunas en el menor tiempo posible.<\/p>\n\n\n\n<p>Nuevamente se solicita a los distintos actores relacionados a la producci\u00f3n y la sanidad equina fortalecer y profundizar la&nbsp;<strong>revisi\u00f3n<\/strong>&nbsp;<strong>cl\u00ednica peri\u00f3dica de los equinos<\/strong>, extremar las medidas de bioseguridad y aplicar las herramientas preventivas y de control, as\u00ed como de higiene y desinfecci\u00f3n.<\/p>\n\n\n\n<p>Cabe destacar que, ante cambios de conducta o comportamientos poco habituales en equinos, cualquier persona puede notificarlo al Senasa a trav\u00e9s de las siguientes v\u00edas de comunicaci\u00f3n: Concurriendo a la oficina m\u00e1s cercana; enviando un Whatsapp al 11 5700 5704; a trav\u00e9s de la App para dispositivos m\u00f3viles \u201cNotificaciones Senasa\u201d, disponible en Play Store; escribiendo un correo electr\u00f3nico a:&nbsp;notificaciones@senasa.gob.ar&nbsp;o a trav\u00e9s del apartado Avis\u00e1 al Senasa de la p\u00e1gina web del Organismo.<\/p>\n","protected":false},"excerpt":{"rendered":"<p>El&nbsp;Servicio Nacional de Sanidad y Calidad Agroalimentaria (SENASA)&nbsp;comunic\u00f3 este lunes una serie de \u201cmedidas sanitarias inmediatas, extraordinarias, excepcionales y de contenci\u00f3n\u201d para&nbsp;evitar la propagaci\u00f3n de la encefalomielitis equina, detectada en animales de Corrientes y Santa Fe, y que&nbsp;puede afectar a seres humanos. Lo hizo a trav\u00e9s de la&nbsp;Disposici\u00f3n 363\/2023&nbsp;publicada en el&nbsp;Bolet\u00edn Oficial,&nbsp;donde establece una&nbsp;\u201crestricci\u00f3n de [&hellip;]<\/p>\n","protected":false},"author":8,"featured_media":6431,"comment_status":"open","ping_status":"open","sticky":false,"template":"","format":"standard","meta":{"_monsterinsights_skip_tracking":false,"_monsterinsights_sitenote_active":false,"_monsterinsights_sitenote_note":"","_monsterinsights_sitenote_category":0,"footnotes":""},"categories":[16],"tags":[240,100,1354],"class_list":["post-6428","post","type-post","status-publish","format-standard","has-post-thumbnail","hentry","category-noticias","tag-agrupacion-de-gauchos-de-guemes-rodeo-antenor-sanchez","tag-municipio-de-campo-quijano","tag-virus"],"yoast_head":"<!-- This site is optimized with the Yoast SEO plugin v20.8 - https:\/\/yoast.com\/wordpress\/plugins\/seo\/ -->\n<title>Alertan en todo el pa\u00eds por un temible virus que afecta el cerebro de los caballos y se contagia a humanos - RQ 99.9<\/title>\n<meta name=\"description\" content=\"Lo hizo a trav\u00e9s de la Disposici\u00f3n 363\/2023 publicada en el Bolet\u00edn Oficial, donde se establece la prohibici\u00f3n de egreso de equinos desde las provincias afectadas hasta el resto del pa\u00eds.\" \/>\n<meta name=\"robots\" content=\"index, follow, max-snippet:-1, max-image-preview:large, max-video-preview:-1\" \/>\n<link rel=\"canonical\" href=\"https:\/\/nahuelproducciones.com.ar\/radioquijano\/alertan-en-todo-el-pais-por-un-temible-virus-que-afecta-el-cerebro-de-los-caballos-y-se-contagia-a-humanos\/\" \/>\n<meta property=\"og:locale\" content=\"es_ES\" \/>\n<meta property=\"og:type\" content=\"article\" \/>\n<meta property=\"og:title\" content=\"Alertan en todo el pa\u00eds por un temible virus que afecta el cerebro de los caballos y se contagia a humanos - RQ 99.9\" \/>\n<meta property=\"og:description\" content=\"Lo hizo a trav\u00e9s de la Disposici\u00f3n 363\/2023 publicada en el Bolet\u00edn Oficial, donde se establece la prohibici\u00f3n de egreso de equinos desde las provincias afectadas hasta el resto del pa\u00eds.\" \/>\n<meta property=\"og:url\" content=\"https:\/\/nahuelproducciones.com.ar\/radioquijano\/alertan-en-todo-el-pais-por-un-temible-virus-que-afecta-el-cerebro-de-los-caballos-y-se-contagia-a-humanos\/\" \/>\n<meta property=\"og:site_name\" content=\"RQ 99.9\" \/>\n<meta property=\"article:publisher\" content=\"https:\/\/www.facebook.com\/nahuelproducciones999\/\" \/>\n<meta property=\"article:published_time\" content=\"2023-11-29T15:44:34+00:00\" \/>\n<meta property=\"article:modified_time\" content=\"2023-11-29T15:48:12+00:00\" \/>\n<meta property=\"og:image\" content=\"https:\/\/nahuelproducciones.com.ar\/radioquijano\/wp-content\/uploads\/2023\/11\/las-nuevas-medidas-del-senasa-aparecen-luego-confirmarse-dos-casos-corrientes-y-santa-fe.webp\" \/>\n\t<meta property=\"og:image:width\" content=\"730\" \/>\n\t<meta property=\"og:image:height\" content=\"484\" \/>\n\t<meta property=\"og:image:type\" content=\"image\/webp\" \/>\n<meta name=\"author\" content=\"Cecilia Pastrana\" \/>\n<meta name=\"twitter:card\" content=\"summary_large_image\" \/>\n<meta name=\"twitter:creator\" content=\"@nahuproduciones\" \/>\n<meta name=\"twitter:site\" content=\"@nahuproduciones\" \/>\n<meta name=\"twitter:label1\" content=\"Escrito por\" \/>\n\t<meta name=\"twitter:data1\" content=\"Cecilia Pastrana\" \/>\n\t<meta name=\"twitter:label2\" content=\"Tiempo de lectura\" \/>\n\t<meta name=\"twitter:data2\" content=\"3 minutos\" \/>\n<script type=\"application\/ld+json\" class=\"yoast-schema-graph\">{\"@context\":\"https:\/\/schema.org\",\"@graph\":[{\"@type\":\"WebPage\",\"@id\":\"https:\/\/nahuelproducciones.com.ar\/radioquijano\/alertan-en-todo-el-pais-por-un-temible-virus-que-afecta-el-cerebro-de-los-caballos-y-se-contagia-a-humanos\/\",\"url\":\"https:\/\/nahuelproducciones.com.ar\/radioquijano\/alertan-en-todo-el-pais-por-un-temible-virus-que-afecta-el-cerebro-de-los-caballos-y-se-contagia-a-humanos\/\",\"name\":\"Alertan en todo el pa\u00eds por un temible virus que afecta el cerebro de los caballos y se contagia a humanos - RQ 99.9\",\"isPartOf\":{\"@id\":\"https:\/\/nahuelproducciones.com.ar\/radioquijano\/#website\"},\"datePublished\":\"2023-11-29T15:44:34+00:00\",\"dateModified\":\"2023-11-29T15:48:12+00:00\",\"author\":{\"@id\":\"https:\/\/nahuelproducciones.com.ar\/radioquijano\/#\/schema\/person\/e8a4f939e2cb487fe6d0c54042c9d32c\"},\"description\":\"Lo hizo a trav\u00e9s de la Disposici\u00f3n 363\/2023 publicada en el Bolet\u00edn Oficial, donde se establece la prohibici\u00f3n de egreso de equinos desde las provincias afectadas hasta el resto del pa\u00eds.\",\"breadcrumb\":{\"@id\":\"https:\/\/nahuelproducciones.com.ar\/radioquijano\/alertan-en-todo-el-pais-por-un-temible-virus-que-afecta-el-cerebro-de-los-caballos-y-se-contagia-a-humanos\/#breadcrumb\"},\"inLanguage\":\"es\",\"potentialAction\":[{\"@type\":\"ReadAction\",\"target\":[\"https:\/\/nahuelproducciones.com.ar\/radioquijano\/alertan-en-todo-el-pais-por-un-temible-virus-que-afecta-el-cerebro-de-los-caballos-y-se-contagia-a-humanos\/\"]}]},{\"@type\":\"BreadcrumbList\",\"@id\":\"https:\/\/nahuelproducciones.com.ar\/radioquijano\/alertan-en-todo-el-pais-por-un-temible-virus-que-afecta-el-cerebro-de-los-caballos-y-se-contagia-a-humanos\/#breadcrumb\",\"itemListElement\":[{\"@type\":\"ListItem\",\"position\":1,\"name\":\"Portada\",\"item\":\"https:\/\/nahuelproducciones.com.ar\/radioquijano\/\"},{\"@type\":\"ListItem\",\"position\":2,\"name\":\"Alertan en todo el pa\u00eds por un temible virus que afecta el cerebro de los caballos y se contagia a humanos\"}]},{\"@type\":\"WebSite\",\"@id\":\"https:\/\/nahuelproducciones.com.ar\/radioquijano\/#website\",\"url\":\"https:\/\/nahuelproducciones.com.ar\/radioquijano\/\",\"name\":\"RQ 99.9\",\"description\":\"Radio Quijano 99.9 MHz\",\"potentialAction\":[{\"@type\":\"SearchAction\",\"target\":{\"@type\":\"EntryPoint\",\"urlTemplate\":\"https:\/\/nahuelproducciones.com.ar\/radioquijano\/?s={search_term_string}\"},\"query-input\":\"required name=search_term_string\"}],\"inLanguage\":\"es\"},{\"@type\":\"Person\",\"@id\":\"https:\/\/nahuelproducciones.com.ar\/radioquijano\/#\/schema\/person\/e8a4f939e2cb487fe6d0c54042c9d32c\",\"name\":\"Cecilia Pastrana\",\"image\":{\"@type\":\"ImageObject\",\"inLanguage\":\"es\",\"@id\":\"https:\/\/nahuelproducciones.com.ar\/radioquijano\/#\/schema\/person\/image\/\",\"url\":\"https:\/\/secure.gravatar.com\/avatar\/661a3ef63a8488d4f2794ed44af8cf71420f7e106f3072c40125114df5157749?s=96&d=mm&r=g\",\"contentUrl\":\"https:\/\/secure.gravatar.com\/avatar\/661a3ef63a8488d4f2794ed44af8cf71420f7e106f3072c40125114df5157749?s=96&d=mm&r=g\",\"caption\":\"Cecilia Pastrana\"},\"sameAs\":[\"cecy\"],\"url\":\"https:\/\/nahuelproducciones.com.ar\/radioquijano\/author\/cecy\/\"}]}<\/script>\n<!-- \/ Yoast SEO plugin. -->","yoast_head_json":{"title":"Alertan en todo el pa\u00eds por un temible virus que afecta el cerebro de los caballos y se contagia a humanos - RQ 99.9","description":"Lo hizo a trav\u00e9s de la Disposici\u00f3n 363\/2023 publicada en el Bolet\u00edn Oficial, donde se establece la prohibici\u00f3n de egreso de equinos desde las provincias afectadas hasta el resto del pa\u00eds.","robots":{"index":"index","follow":"follow","max-snippet":"max-snippet:-1","max-image-preview":"max-image-preview:large","max-video-preview":"max-video-preview:-1"},"canonical":"https:\/\/nahuelproducciones.com.ar\/radioquijano\/alertan-en-todo-el-pais-por-un-temible-virus-que-afecta-el-cerebro-de-los-caballos-y-se-contagia-a-humanos\/","og_locale":"es_ES","og_type":"article","og_title":"Alertan en todo el pa\u00eds por un temible virus que afecta el cerebro de los caballos y se contagia a humanos - RQ 99.9","og_description":"Lo hizo a trav\u00e9s de la Disposici\u00f3n 363\/2023 publicada en el Bolet\u00edn Oficial, donde se establece la prohibici\u00f3n de egreso de equinos desde las provincias afectadas hasta el resto del pa\u00eds.","og_url":"https:\/\/nahuelproducciones.com.ar\/radioquijano\/alertan-en-todo-el-pais-por-un-temible-virus-que-afecta-el-cerebro-de-los-caballos-y-se-contagia-a-humanos\/","og_site_name":"RQ 99.9","article_publisher":"https:\/\/www.facebook.com\/nahuelproducciones999\/","article_published_time":"2023-11-29T15:44:34+00:00","article_modified_time":"2023-11-29T15:48:12+00:00","og_image":[{"width":730,"height":484,"url":"https:\/\/nahuelproducciones.com.ar\/radioquijano\/wp-content\/uploads\/2023\/11\/las-nuevas-medidas-del-senasa-aparecen-luego-confirmarse-dos-casos-corrientes-y-santa-fe.webp","type":"image\/webp"}],"author":"Cecilia Pastrana","twitter_card":"summary_large_image","twitter_creator":"@nahuproduciones","twitter_site":"@nahuproduciones","twitter_misc":{"Escrito por":"Cecilia Pastrana","Tiempo de lectura":"3 minutos"},"schema":{"@context":"https:\/\/schema.org","@graph":[{"@type":"WebPage","@id":"https:\/\/nahuelproducciones.com.ar\/radioquijano\/alertan-en-todo-el-pais-por-un-temible-virus-que-afecta-el-cerebro-de-los-caballos-y-se-contagia-a-humanos\/","url":"https:\/\/nahuelproducciones.com.ar\/radioquijano\/alertan-en-todo-el-pais-por-un-temible-virus-que-afecta-el-cerebro-de-los-caballos-y-se-contagia-a-humanos\/","name":"Alertan en todo el pa\u00eds por un temible virus que afecta el cerebro de los caballos y se contagia a humanos - RQ 99.9","isPartOf":{"@id":"https:\/\/nahuelproducciones.com.ar\/radioquijano\/#website"},"datePublished":"2023-11-29T15:44:34+00:00","dateModified":"2023-11-29T15:48:12+00:00","author":{"@id":"https:\/\/nahuelproducciones.com.ar\/radioquijano\/#\/schema\/person\/e8a4f939e2cb487fe6d0c54042c9d32c"},"description":"Lo hizo a trav\u00e9s de la Disposici\u00f3n 363\/2023 publicada en el Bolet\u00edn Oficial, donde se establece la prohibici\u00f3n de egreso de equinos desde las provincias afectadas hasta el resto del pa\u00eds.","breadcrumb":{"@id":"https:\/\/nahuelproducciones.com.ar\/radioquijano\/alertan-en-todo-el-pais-por-un-temible-virus-que-afecta-el-cerebro-de-los-caballos-y-se-contagia-a-humanos\/#breadcrumb"},"inLanguage":"es","potentialAction":[{"@type":"ReadAction","target":["https:\/\/nahuelproducciones.com.ar\/radioquijano\/alertan-en-todo-el-pais-por-un-temible-virus-que-afecta-el-cerebro-de-los-caballos-y-se-contagia-a-humanos\/"]}]},{"@type":"BreadcrumbList","@id":"https:\/\/nahuelproducciones.com.ar\/radioquijano\/alertan-en-todo-el-pais-por-un-temible-virus-que-afecta-el-cerebro-de-los-caballos-y-se-contagia-a-humanos\/#breadcrumb","itemListElement":[{"@type":"ListItem","position":1,"name":"Portada","item":"https:\/\/nahuelproducciones.com.ar\/radioquijano\/"},{"@type":"ListItem","position":2,"name":"Alertan en todo el pa\u00eds por un temible virus que afecta el cerebro de los caballos y se contagia a humanos"}]},{"@type":"WebSite","@id":"https:\/\/nahuelproducciones.com.ar\/radioquijano\/#website","url":"https:\/\/nahuelproducciones.com.ar\/radioquijano\/","name":"RQ 99.9","description":"Radio Quijano 99.9 MHz","potentialAction":[{"@type":"SearchAction","target":{"@type":"EntryPoint","urlTemplate":"https:\/\/nahuelproducciones.com.ar\/radioquijano\/?s={search_term_string}"},"query-input":"required name=search_term_string"}],"inLanguage":"es"},{"@type":"Person","@id":"https:\/\/nahuelproducciones.com.ar\/radioquijano\/#\/schema\/person\/e8a4f939e2cb487fe6d0c54042c9d32c","name":"Cecilia Pastrana","image":{"@type":"ImageObject","inLanguage":"es","@id":"https:\/\/nahuelproducciones.com.ar\/radioquijano\/#\/schema\/person\/image\/","url":"https:\/\/secure.gravatar.com\/avatar\/661a3ef63a8488d4f2794ed44af8cf71420f7e106f3072c40125114df5157749?s=96&d=mm&r=g","contentUrl":"https:\/\/secure.gravatar.com\/avatar\/661a3ef63a8488d4f2794ed44af8cf71420f7e106f3072c40125114df5157749?s=96&d=mm&r=g","caption":"Cecilia Pastrana"},"sameAs":["cecy"],"url":"https:\/\/nahuelproducciones.com.ar\/radioquijano\/author\/cecy\/"}]}},"_links":{"self":[{"href":"https:\/\/nahuelproducciones.com.ar\/radioquijano\/wp-json\/wp\/v2\/posts\/6428","targetHints":{"allow":["GET"]}}],"collection":[{"href":"https:\/\/nahuelproducciones.com.ar\/radioquijano\/wp-json\/wp\/v2\/posts"}],"about":[{"href":"https:\/\/nahuelproducciones.com.ar\/radioquijano\/wp-json\/wp\/v2\/types\/post"}],"author":[{"embeddable":true,"href":"https:\/\/nahuelproducciones.com.ar\/radioquijano\/wp-json\/wp\/v2\/users\/8"}],"replies":[{"embeddable":true,"href":"https:\/\/nahuelproducciones.com.ar\/radioquijano\/wp-json\/wp\/v2\/comments?post=6428"}],"version-history":[{"count":2,"href":"https:\/\/nahuelproducciones.com.ar\/radioquijano\/wp-json\/wp\/v2\/posts\/6428\/revisions"}],"predecessor-version":[{"id":6435,"href":"https:\/\/nahuelproducciones.com.ar\/radioquijano\/wp-json\/wp\/v2\/posts\/6428\/revisions\/6435"}],"wp:featuredmedia":[{"embeddable":true,"href":"https:\/\/nahuelproducciones.com.ar\/radioquijano\/wp-json\/wp\/v2\/media\/6431"}],"wp:attachment":[{"href":"https:\/\/nahuelproducciones.com.ar\/radioquijano\/wp-json\/wp\/v2\/media?parent=6428"}],"wp:term":[{"taxonomy":"category","embeddable":true,"href":"https:\/\/nahuelproducciones.com.ar\/radioquijano\/wp-json\/wp\/v2\/categories?post=6428"},{"taxonomy":"post_tag","embeddable":true,"href":"https:\/\/nahuelproducciones.com.ar\/radioquijano\/wp-json\/wp\/v2\/tags?post=6428"}],"curies":[{"name":"wp","href":"https:\/\/api.w.org\/{rel}","templated":true}]}}