{"id":6449,"date":"2023-12-05T22:20:46","date_gmt":"2023-12-06T01:20:46","guid":{"rendered":"https:\/\/nahuelproducciones.com.ar\/radioquijano\/?p=6449"},"modified":"2023-12-05T22:20:47","modified_gmt":"2023-12-06T01:20:47","slug":"saeta-estas-son-las-fechas-de-cierre-del-pase-libre-estudiantil","status":"publish","type":"post","link":"https:\/\/nahuelproducciones.com.ar\/radioquijano\/saeta-estas-son-las-fechas-de-cierre-del-pase-libre-estudiantil\/","title":{"rendered":"SAETA: Estas son las fechas de cierre del Pase Libre Estudiantil."},"content":{"rendered":"\n<p>La Secretaria de Prensa de SAETA, Caro Llimo\u00a0informa a sus usuarios que ma\u00f1ana\u00a0jueves 7 de diciembre, finalizar\u00e1 la vigencia del Pase Libre Estudiantil para los niveles inicial, primario, secundario y de educaci\u00f3n no formal.<\/p>\n\n\n\n<p>En tanto que para los niveles Terciarios y Universitarios el Pase Libre estar\u00e1 habilitado hasta el 16 de diciembre. <\/p>\n\n\n\n<p>Ante consulta de los vecinos explico que las fechas fueron programadas de acuerdo a lo establecido en el Calendario Escolar previsto para el presente ciclo lectivo por el Ministerio de Educaci\u00f3n de Salta.<\/p>\n\n\n\n<p>Como todos los a\u00f1os, aquellos alumnos de nivel superior que deban rendir ex\u00e1menes fuera de estos plazos podr\u00e1n solicitar el reconocimiento, en saldo, de los boletos utilizados. Deber\u00e1n presentar la tarjeta estudiantil utilizada y la libreta universitaria donde se certifique la asistencia a esa instancia evaluativa.<\/p>\n\n\n\n<p>Este tr\u00e1mite podr\u00e1 realizarse en la sede central de SAETA en Pellegrini esquina Corrientes, de lunes a viernes de 8 a 15hs.<\/p>\n\n\n\n<p>Escucha la entrevista, donde se plantean tambi\u00e9n otros tema de inter\u00e9s:<\/p>\n\n\n\n<figure class=\"wp-block-audio\"><audio controls src=\"https:\/\/nahuelproducciones.com.ar\/radioquijano\/wp-content\/uploads\/2023\/12\/4-12-2023-CARO-LLIMOS-SAETA-Y-SUSPENSION-DEL-PASE-LIBRE.mp3\"><\/audio><\/figure>\n\n\n\n<p><\/p>\n","protected":false},"excerpt":{"rendered":"<p>La Secretaria de Prensa de SAETA, Caro Llimo\u00a0informa a sus usuarios que ma\u00f1ana\u00a0jueves 7 de diciembre, finalizar\u00e1 la vigencia del Pase Libre Estudiantil para los niveles inicial, primario, secundario y de educaci\u00f3n no formal. En tanto que para los niveles Terciarios y Universitarios el Pase Libre estar\u00e1 habilitado hasta el 16 de diciembre. Ante consulta [&hellip;]<\/p>\n","protected":false},"author":8,"featured_media":6451,"comment_status":"open","ping_status":"open","sticky":false,"template":"","format":"standard","meta":{"_monsterinsights_skip_tracking":false,"_monsterinsights_sitenote_active":false,"_monsterinsights_sitenote_note":"","_monsterinsights_sitenote_category":0,"footnotes":""},"categories":[16],"tags":[100,1358,404],"class_list":["post-6449","post","type-post","status-publish","format-standard","has-post-thumbnail","hentry","category-noticias","tag-municipio-de-campo-quijano","tag-pase-libre","tag-saeta"],"yoast_head":"<!-- This site is optimized with the Yoast SEO plugin v20.8 - https:\/\/yoast.com\/wordpress\/plugins\/seo\/ -->\n<title>SAETA: Estas son las fechas de cierre del Pase Libre Estudiantil. - RQ 99.9<\/title>\n<meta name=\"description\" content=\"Desde este d\u00eda vas a tener que pagar el boleto, recorda recargar tu tarjeta.\" \/>\n<meta name=\"robots\" content=\"index, follow, max-snippet:-1, max-image-preview:large, max-video-preview:-1\" \/>\n<link rel=\"canonical\" href=\"https:\/\/nahuelproducciones.com.ar\/radioquijano\/saeta-estas-son-las-fechas-de-cierre-del-pase-libre-estudiantil\/\" \/>\n<meta property=\"og:locale\" content=\"es_ES\" \/>\n<meta property=\"og:type\" content=\"article\" \/>\n<meta property=\"og:title\" content=\"SAETA: Estas son las fechas de cierre del Pase Libre Estudiantil. - RQ 99.9\" \/>\n<meta property=\"og:description\" content=\"Desde este d\u00eda vas a tener que pagar el boleto, recorda recargar tu tarjeta.\" \/>\n<meta property=\"og:url\" content=\"https:\/\/nahuelproducciones.com.ar\/radioquijano\/saeta-estas-son-las-fechas-de-cierre-del-pase-libre-estudiantil\/\" \/>\n<meta property=\"og:site_name\" content=\"RQ 99.9\" \/>\n<meta property=\"article:publisher\" content=\"https:\/\/www.facebook.com\/nahuelproducciones999\/\" \/>\n<meta property=\"article:published_time\" content=\"2023-12-06T01:20:46+00:00\" \/>\n<meta property=\"article:modified_time\" content=\"2023-12-06T01:20:47+00:00\" \/>\n<meta property=\"og:image\" content=\"https:\/\/nahuelproducciones.com.ar\/radioquijano\/wp-content\/uploads\/2023\/12\/93129-saeta-estas-son-las-fechas-de-cierre-del-pase-libre-estudiantil-20231201110519-e1701825617984.jpg\" \/>\n\t<meta property=\"og:image:width\" content=\"700\" \/>\n\t<meta property=\"og:image:height\" content=\"463\" \/>\n\t<meta property=\"og:image:type\" content=\"image\/jpeg\" \/>\n<meta name=\"author\" content=\"Cecilia Pastrana\" \/>\n<meta name=\"twitter:card\" content=\"summary_large_image\" \/>\n<meta name=\"twitter:creator\" content=\"@nahuproduciones\" \/>\n<meta name=\"twitter:site\" content=\"@nahuproduciones\" \/>\n<meta name=\"twitter:label1\" content=\"Escrito por\" \/>\n\t<meta name=\"twitter:data1\" content=\"Cecilia Pastrana\" \/>\n\t<meta name=\"twitter:label2\" content=\"Tiempo de lectura\" \/>\n\t<meta name=\"twitter:data2\" content=\"1 minuto\" \/>\n<script type=\"application\/ld+json\" class=\"yoast-schema-graph\">{\"@context\":\"https:\/\/schema.org\",\"@graph\":[{\"@type\":\"WebPage\",\"@id\":\"https:\/\/nahuelproducciones.com.ar\/radioquijano\/saeta-estas-son-las-fechas-de-cierre-del-pase-libre-estudiantil\/\",\"url\":\"https:\/\/nahuelproducciones.com.ar\/radioquijano\/saeta-estas-son-las-fechas-de-cierre-del-pase-libre-estudiantil\/\",\"name\":\"SAETA: Estas son las fechas de cierre del Pase Libre Estudiantil. - RQ 99.9\",\"isPartOf\":{\"@id\":\"https:\/\/nahuelproducciones.com.ar\/radioquijano\/#website\"},\"datePublished\":\"2023-12-06T01:20:46+00:00\",\"dateModified\":\"2023-12-06T01:20:47+00:00\",\"author\":{\"@id\":\"https:\/\/nahuelproducciones.com.ar\/radioquijano\/#\/schema\/person\/e8a4f939e2cb487fe6d0c54042c9d32c\"},\"description\":\"Desde este d\u00eda vas a tener que pagar el boleto, recorda recargar tu tarjeta.\",\"breadcrumb\":{\"@id\":\"https:\/\/nahuelproducciones.com.ar\/radioquijano\/saeta-estas-son-las-fechas-de-cierre-del-pase-libre-estudiantil\/#breadcrumb\"},\"inLanguage\":\"es\",\"potentialAction\":[{\"@type\":\"ReadAction\",\"target\":[\"https:\/\/nahuelproducciones.com.ar\/radioquijano\/saeta-estas-son-las-fechas-de-cierre-del-pase-libre-estudiantil\/\"]}]},{\"@type\":\"BreadcrumbList\",\"@id\":\"https:\/\/nahuelproducciones.com.ar\/radioquijano\/saeta-estas-son-las-fechas-de-cierre-del-pase-libre-estudiantil\/#breadcrumb\",\"itemListElement\":[{\"@type\":\"ListItem\",\"position\":1,\"name\":\"Portada\",\"item\":\"https:\/\/nahuelproducciones.com.ar\/radioquijano\/\"},{\"@type\":\"ListItem\",\"position\":2,\"name\":\"SAETA: Estas son las fechas de cierre del Pase Libre Estudiantil.\"}]},{\"@type\":\"WebSite\",\"@id\":\"https:\/\/nahuelproducciones.com.ar\/radioquijano\/#website\",\"url\":\"https:\/\/nahuelproducciones.com.ar\/radioquijano\/\",\"name\":\"RQ 99.9\",\"description\":\"Radio Quijano 99.9 MHz\",\"potentialAction\":[{\"@type\":\"SearchAction\",\"target\":{\"@type\":\"EntryPoint\",\"urlTemplate\":\"https:\/\/nahuelproducciones.com.ar\/radioquijano\/?s={search_term_string}\"},\"query-input\":\"required name=search_term_string\"}],\"inLanguage\":\"es\"},{\"@type\":\"Person\",\"@id\":\"https:\/\/nahuelproducciones.com.ar\/radioquijano\/#\/schema\/person\/e8a4f939e2cb487fe6d0c54042c9d32c\",\"name\":\"Cecilia Pastrana\",\"image\":{\"@type\":\"ImageObject\",\"inLanguage\":\"es\",\"@id\":\"https:\/\/nahuelproducciones.com.ar\/radioquijano\/#\/schema\/person\/image\/\",\"url\":\"https:\/\/secure.gravatar.com\/avatar\/661a3ef63a8488d4f2794ed44af8cf71420f7e106f3072c40125114df5157749?s=96&d=mm&r=g\",\"contentUrl\":\"https:\/\/secure.gravatar.com\/avatar\/661a3ef63a8488d4f2794ed44af8cf71420f7e106f3072c40125114df5157749?s=96&d=mm&r=g\",\"caption\":\"Cecilia Pastrana\"},\"sameAs\":[\"cecy\"],\"url\":\"https:\/\/nahuelproducciones.com.ar\/radioquijano\/author\/cecy\/\"}]}<\/script>\n<!-- \/ Yoast SEO plugin. -->","yoast_head_json":{"title":"SAETA: Estas son las fechas de cierre del Pase Libre Estudiantil. - RQ 99.9","description":"Desde este d\u00eda vas a tener que pagar el boleto, recorda recargar tu tarjeta.","robots":{"index":"index","follow":"follow","max-snippet":"max-snippet:-1","max-image-preview":"max-image-preview:large","max-video-preview":"max-video-preview:-1"},"canonical":"https:\/\/nahuelproducciones.com.ar\/radioquijano\/saeta-estas-son-las-fechas-de-cierre-del-pase-libre-estudiantil\/","og_locale":"es_ES","og_type":"article","og_title":"SAETA: Estas son las fechas de cierre del Pase Libre Estudiantil. - RQ 99.9","og_description":"Desde este d\u00eda vas a tener que pagar el boleto, recorda recargar tu tarjeta.","og_url":"https:\/\/nahuelproducciones.com.ar\/radioquijano\/saeta-estas-son-las-fechas-de-cierre-del-pase-libre-estudiantil\/","og_site_name":"RQ 99.9","article_publisher":"https:\/\/www.facebook.com\/nahuelproducciones999\/","article_published_time":"2023-12-06T01:20:46+00:00","article_modified_time":"2023-12-06T01:20:47+00:00","og_image":[{"width":700,"height":463,"url":"https:\/\/nahuelproducciones.com.ar\/radioquijano\/wp-content\/uploads\/2023\/12\/93129-saeta-estas-son-las-fechas-de-cierre-del-pase-libre-estudiantil-20231201110519-e1701825617984.jpg","type":"image\/jpeg"}],"author":"Cecilia Pastrana","twitter_card":"summary_large_image","twitter_creator":"@nahuproduciones","twitter_site":"@nahuproduciones","twitter_misc":{"Escrito por":"Cecilia Pastrana","Tiempo de lectura":"1 minuto"},"schema":{"@context":"https:\/\/schema.org","@graph":[{"@type":"WebPage","@id":"https:\/\/nahuelproducciones.com.ar\/radioquijano\/saeta-estas-son-las-fechas-de-cierre-del-pase-libre-estudiantil\/","url":"https:\/\/nahuelproducciones.com.ar\/radioquijano\/saeta-estas-son-las-fechas-de-cierre-del-pase-libre-estudiantil\/","name":"SAETA: Estas son las fechas de cierre del Pase Libre Estudiantil. - RQ 99.9","isPartOf":{"@id":"https:\/\/nahuelproducciones.com.ar\/radioquijano\/#website"},"datePublished":"2023-12-06T01:20:46+00:00","dateModified":"2023-12-06T01:20:47+00:00","author":{"@id":"https:\/\/nahuelproducciones.com.ar\/radioquijano\/#\/schema\/person\/e8a4f939e2cb487fe6d0c54042c9d32c"},"description":"Desde este d\u00eda vas a tener que pagar el boleto, recorda recargar tu tarjeta.","breadcrumb":{"@id":"https:\/\/nahuelproducciones.com.ar\/radioquijano\/saeta-estas-son-las-fechas-de-cierre-del-pase-libre-estudiantil\/#breadcrumb"},"inLanguage":"es","potentialAction":[{"@type":"ReadAction","target":["https:\/\/nahuelproducciones.com.ar\/radioquijano\/saeta-estas-son-las-fechas-de-cierre-del-pase-libre-estudiantil\/"]}]},{"@type":"BreadcrumbList","@id":"https:\/\/nahuelproducciones.com.ar\/radioquijano\/saeta-estas-son-las-fechas-de-cierre-del-pase-libre-estudiantil\/#breadcrumb","itemListElement":[{"@type":"ListItem","position":1,"name":"Portada","item":"https:\/\/nahuelproducciones.com.ar\/radioquijano\/"},{"@type":"ListItem","position":2,"name":"SAETA: Estas son las fechas de cierre del Pase Libre Estudiantil."}]},{"@type":"WebSite","@id":"https:\/\/nahuelproducciones.com.ar\/radioquijano\/#website","url":"https:\/\/nahuelproducciones.com.ar\/radioquijano\/","name":"RQ 99.9","description":"Radio Quijano 99.9 MHz","potentialAction":[{"@type":"SearchAction","target":{"@type":"EntryPoint","urlTemplate":"https:\/\/nahuelproducciones.com.ar\/radioquijano\/?s={search_term_string}"},"query-input":"required name=search_term_string"}],"inLanguage":"es"},{"@type":"Person","@id":"https:\/\/nahuelproducciones.com.ar\/radioquijano\/#\/schema\/person\/e8a4f939e2cb487fe6d0c54042c9d32c","name":"Cecilia Pastrana","image":{"@type":"ImageObject","inLanguage":"es","@id":"https:\/\/nahuelproducciones.com.ar\/radioquijano\/#\/schema\/person\/image\/","url":"https:\/\/secure.gravatar.com\/avatar\/661a3ef63a8488d4f2794ed44af8cf71420f7e106f3072c40125114df5157749?s=96&d=mm&r=g","contentUrl":"https:\/\/secure.gravatar.com\/avatar\/661a3ef63a8488d4f2794ed44af8cf71420f7e106f3072c40125114df5157749?s=96&d=mm&r=g","caption":"Cecilia Pastrana"},"sameAs":["cecy"],"url":"https:\/\/nahuelproducciones.com.ar\/radioquijano\/author\/cecy\/"}]}},"_links":{"self":[{"href":"https:\/\/nahuelproducciones.com.ar\/radioquijano\/wp-json\/wp\/v2\/posts\/6449","targetHints":{"allow":["GET"]}}],"collection":[{"href":"https:\/\/nahuelproducciones.com.ar\/radioquijano\/wp-json\/wp\/v2\/posts"}],"about":[{"href":"https:\/\/nahuelproducciones.com.ar\/radioquijano\/wp-json\/wp\/v2\/types\/post"}],"author":[{"embeddable":true,"href":"https:\/\/nahuelproducciones.com.ar\/radioquijano\/wp-json\/wp\/v2\/users\/8"}],"replies":[{"embeddable":true,"href":"https:\/\/nahuelproducciones.com.ar\/radioquijano\/wp-json\/wp\/v2\/comments?post=6449"}],"version-history":[{"count":1,"href":"https:\/\/nahuelproducciones.com.ar\/radioquijano\/wp-json\/wp\/v2\/posts\/6449\/revisions"}],"predecessor-version":[{"id":6452,"href":"https:\/\/nahuelproducciones.com.ar\/radioquijano\/wp-json\/wp\/v2\/posts\/6449\/revisions\/6452"}],"wp:featuredmedia":[{"embeddable":true,"href":"https:\/\/nahuelproducciones.com.ar\/radioquijano\/wp-json\/wp\/v2\/media\/6451"}],"wp:attachment":[{"href":"https:\/\/nahuelproducciones.com.ar\/radioquijano\/wp-json\/wp\/v2\/media?parent=6449"}],"wp:term":[{"taxonomy":"category","embeddable":true,"href":"https:\/\/nahuelproducciones.com.ar\/radioquijano\/wp-json\/wp\/v2\/categories?post=6449"},{"taxonomy":"post_tag","embeddable":true,"href":"https:\/\/nahuelproducciones.com.ar\/radioquijano\/wp-json\/wp\/v2\/tags?post=6449"}],"curies":[{"name":"wp","href":"https:\/\/api.w.org\/{rel}","templated":true}]}}