{"id":6533,"date":"2023-12-12T01:25:25","date_gmt":"2023-12-12T04:25:25","guid":{"rendered":"https:\/\/nahuelproducciones.com.ar\/radioquijano\/?p=6533"},"modified":"2023-12-12T01:28:31","modified_gmt":"2023-12-12T04:28:31","slug":"union-huaytiquina-alcanza-la-final-emocion-en-el-horizonte-del-torneo-de-voley","status":"publish","type":"post","link":"https:\/\/nahuelproducciones.com.ar\/radioquijano\/union-huaytiquina-alcanza-la-final-emocion-en-el-horizonte-del-torneo-de-voley\/","title":{"rendered":"Uni\u00f3n Huaytiquina Alcanza la Final: Emoci\u00f3n en el Horizonte del Torneo de V\u00f3ley de la Liga del Valle"},"content":{"rendered":"\n<p>En un emocionante camino hacia la cima, el equipo de v\u00f3ley femenino del Club Uni\u00f3n Huaytiquina logro avanzar a la tan ansiada final del Torneo de V\u00f3ley de la Liga del Valle.<\/p>\n\n\n\n<p> La jugadora, Marina R\u00edos en una charla exclusiva con nuestro equipo, comparti\u00f3 sus experiencias y expectativas en la antesala del partido decisivo que determinar\u00e1 al campe\u00f3n.<\/p>\n\n\n\n<p>Desde el inicio del torneo, las integrantes de Uni\u00f3n Huaytiquina demostraron un desempe\u00f1o excepcional en cada encuentro, exhibiendo un juego estrat\u00e9gico que les permiti\u00f3 sortear desaf\u00edos y avanzar en la competici\u00f3n. Ahora, con el objetivo m\u00e1s cerca que nunca, las jugadoras se preparan para enfrentarse al que podr\u00eda ser el partido m\u00e1s trascendental de la temporada.<\/p>\n\n\n\n<p>Marina expres\u00f3 su entusiasmo ante la oportunidad de competir por el t\u00edtulo y elogi\u00f3 el esfuerzo y la dedicaci\u00f3n de cada integrante del grupo. Destac\u00f3 la importancia de la preparaci\u00f3n f\u00edsica para afrontar un partido de tal envergadura. <\/p>\n\n\n\n<p>El pr\u00f3ximo partido definitorio ser\u00e1 con El Carril, que determinar\u00e1 al campe\u00f3n del torneo y est\u00e1 generando una gran expectativa entre los aficionados del v\u00f3ley. <\/p>\n\n\n\n<p>La comunidad de Uni\u00f3n Huaytiquina se encuentra unida en su apoyo al equipo, esperando ansiosamente el desenlace de una temporada llena de emociones y logros.<\/p>\n\n\n\n<p>La fecha y hora a\u00fan no esta determinada, pero se informara oportunamente para que toda la comunidad llegue a dar su aliento al equipo femenino de Primera del Club Uni\u00f3n Huaytiquina, manifest\u00f3 R\u00edos a RQ99.9Mhz<\/p>\n\n\n\n<p>Escucha la entrevista:<\/p>\n\n\n\n<figure class=\"wp-block-audio\"><audio controls src=\"https:\/\/nahuelproducciones.com.ar\/radioquijano\/wp-content\/uploads\/2023\/12\/11-12-2023-MARINA-RIOS-INVITA-A-LA-FINAL-DE-VOLEY-JUGARA-HUAYTIQUINA-Y-CARRIL.mp3\"><\/audio><\/figure>\n","protected":false},"excerpt":{"rendered":"<p>En un emocionante camino hacia la cima, el equipo de v\u00f3ley femenino del Club Uni\u00f3n Huaytiquina logro avanzar a la tan ansiada final del Torneo de V\u00f3ley de la Liga del Valle. La jugadora, Marina R\u00edos en una charla exclusiva con nuestro equipo, comparti\u00f3 sus experiencias y expectativas en la antesala del partido decisivo que [&hellip;]<\/p>\n","protected":false},"author":8,"featured_media":6535,"comment_status":"open","ping_status":"open","sticky":false,"template":"","format":"standard","meta":{"_monsterinsights_skip_tracking":false,"_monsterinsights_sitenote_active":false,"_monsterinsights_sitenote_note":"","_monsterinsights_sitenote_category":0,"footnotes":""},"categories":[16],"tags":[116,1372,100,1373],"class_list":["post-6533","post","type-post","status-publish","format-standard","has-post-thumbnail","hentry","category-noticias","tag-club-union-huaytiquina","tag-equipo-femenino-de-primera-del-club-union-huaytiquina","tag-municipio-de-campo-quijano","tag-torneo-de-voley-de-la-liga-del-valle"],"yoast_head":"<!-- This site is optimized with the Yoast SEO plugin v20.8 - https:\/\/yoast.com\/wordpress\/plugins\/seo\/ -->\n<title>Uni\u00f3n Huaytiquina Alcanza la Final: Emoci\u00f3n en el Horizonte del Torneo de V\u00f3ley de la Liga del Valle - RQ 99.9<\/title>\n<meta name=\"description\" content=\"La fecha y hora a\u00fan no esta determinada, pero se informara oportunamente para que toda la comunidad llegue a dar su aliento al equipo femenino de Primera del Club Uni\u00f3n Huaytiquina.\" \/>\n<meta name=\"robots\" content=\"index, follow, max-snippet:-1, max-image-preview:large, max-video-preview:-1\" \/>\n<link rel=\"canonical\" href=\"https:\/\/nahuelproducciones.com.ar\/radioquijano\/union-huaytiquina-alcanza-la-final-emocion-en-el-horizonte-del-torneo-de-voley\/\" \/>\n<meta property=\"og:locale\" content=\"es_ES\" \/>\n<meta property=\"og:type\" content=\"article\" \/>\n<meta property=\"og:title\" content=\"Uni\u00f3n Huaytiquina Alcanza la Final: Emoci\u00f3n en el Horizonte del Torneo de V\u00f3ley de la Liga del Valle - RQ 99.9\" \/>\n<meta property=\"og:description\" content=\"La fecha y hora a\u00fan no esta determinada, pero se informara oportunamente para que toda la comunidad llegue a dar su aliento al equipo femenino de Primera del Club Uni\u00f3n Huaytiquina.\" \/>\n<meta property=\"og:url\" content=\"https:\/\/nahuelproducciones.com.ar\/radioquijano\/union-huaytiquina-alcanza-la-final-emocion-en-el-horizonte-del-torneo-de-voley\/\" \/>\n<meta property=\"og:site_name\" content=\"RQ 99.9\" \/>\n<meta property=\"article:publisher\" content=\"https:\/\/www.facebook.com\/nahuelproducciones999\/\" \/>\n<meta property=\"article:published_time\" content=\"2023-12-12T04:25:25+00:00\" \/>\n<meta property=\"article:modified_time\" content=\"2023-12-12T04:28:31+00:00\" \/>\n<meta property=\"og:image\" content=\"https:\/\/nahuelproducciones.com.ar\/radioquijano\/wp-content\/uploads\/2023\/12\/365050357_710334924236418_1365161359839566130_n-e1702355111870.jpg\" \/>\n\t<meta property=\"og:image:width\" content=\"700\" \/>\n\t<meta property=\"og:image:height\" content=\"933\" \/>\n\t<meta property=\"og:image:type\" content=\"image\/jpeg\" \/>\n<meta name=\"author\" content=\"Cecilia Pastrana\" \/>\n<meta name=\"twitter:card\" content=\"summary_large_image\" \/>\n<meta name=\"twitter:creator\" content=\"@nahuproduciones\" \/>\n<meta name=\"twitter:site\" content=\"@nahuproduciones\" \/>\n<meta name=\"twitter:label1\" content=\"Escrito por\" \/>\n\t<meta name=\"twitter:data1\" content=\"Cecilia Pastrana\" \/>\n\t<meta name=\"twitter:label2\" content=\"Tiempo de lectura\" \/>\n\t<meta name=\"twitter:data2\" content=\"2 minutos\" \/>\n<script type=\"application\/ld+json\" class=\"yoast-schema-graph\">{\"@context\":\"https:\/\/schema.org\",\"@graph\":[{\"@type\":\"WebPage\",\"@id\":\"https:\/\/nahuelproducciones.com.ar\/radioquijano\/union-huaytiquina-alcanza-la-final-emocion-en-el-horizonte-del-torneo-de-voley\/\",\"url\":\"https:\/\/nahuelproducciones.com.ar\/radioquijano\/union-huaytiquina-alcanza-la-final-emocion-en-el-horizonte-del-torneo-de-voley\/\",\"name\":\"Uni\u00f3n Huaytiquina Alcanza la Final: Emoci\u00f3n en el Horizonte del Torneo de V\u00f3ley de la Liga del Valle - RQ 99.9\",\"isPartOf\":{\"@id\":\"https:\/\/nahuelproducciones.com.ar\/radioquijano\/#website\"},\"datePublished\":\"2023-12-12T04:25:25+00:00\",\"dateModified\":\"2023-12-12T04:28:31+00:00\",\"author\":{\"@id\":\"https:\/\/nahuelproducciones.com.ar\/radioquijano\/#\/schema\/person\/e8a4f939e2cb487fe6d0c54042c9d32c\"},\"description\":\"La fecha y hora a\u00fan no esta determinada, pero se informara oportunamente para que toda la comunidad llegue a dar su aliento al equipo femenino de Primera del Club Uni\u00f3n Huaytiquina.\",\"breadcrumb\":{\"@id\":\"https:\/\/nahuelproducciones.com.ar\/radioquijano\/union-huaytiquina-alcanza-la-final-emocion-en-el-horizonte-del-torneo-de-voley\/#breadcrumb\"},\"inLanguage\":\"es\",\"potentialAction\":[{\"@type\":\"ReadAction\",\"target\":[\"https:\/\/nahuelproducciones.com.ar\/radioquijano\/union-huaytiquina-alcanza-la-final-emocion-en-el-horizonte-del-torneo-de-voley\/\"]}]},{\"@type\":\"BreadcrumbList\",\"@id\":\"https:\/\/nahuelproducciones.com.ar\/radioquijano\/union-huaytiquina-alcanza-la-final-emocion-en-el-horizonte-del-torneo-de-voley\/#breadcrumb\",\"itemListElement\":[{\"@type\":\"ListItem\",\"position\":1,\"name\":\"Portada\",\"item\":\"https:\/\/nahuelproducciones.com.ar\/radioquijano\/\"},{\"@type\":\"ListItem\",\"position\":2,\"name\":\"Uni\u00f3n Huaytiquina Alcanza la Final: Emoci\u00f3n en el Horizonte del Torneo de V\u00f3ley de la Liga del Valle\"}]},{\"@type\":\"WebSite\",\"@id\":\"https:\/\/nahuelproducciones.com.ar\/radioquijano\/#website\",\"url\":\"https:\/\/nahuelproducciones.com.ar\/radioquijano\/\",\"name\":\"RQ 99.9\",\"description\":\"Radio Quijano 99.9 MHz\",\"potentialAction\":[{\"@type\":\"SearchAction\",\"target\":{\"@type\":\"EntryPoint\",\"urlTemplate\":\"https:\/\/nahuelproducciones.com.ar\/radioquijano\/?s={search_term_string}\"},\"query-input\":\"required name=search_term_string\"}],\"inLanguage\":\"es\"},{\"@type\":\"Person\",\"@id\":\"https:\/\/nahuelproducciones.com.ar\/radioquijano\/#\/schema\/person\/e8a4f939e2cb487fe6d0c54042c9d32c\",\"name\":\"Cecilia Pastrana\",\"image\":{\"@type\":\"ImageObject\",\"inLanguage\":\"es\",\"@id\":\"https:\/\/nahuelproducciones.com.ar\/radioquijano\/#\/schema\/person\/image\/\",\"url\":\"https:\/\/secure.gravatar.com\/avatar\/661a3ef63a8488d4f2794ed44af8cf71420f7e106f3072c40125114df5157749?s=96&d=mm&r=g\",\"contentUrl\":\"https:\/\/secure.gravatar.com\/avatar\/661a3ef63a8488d4f2794ed44af8cf71420f7e106f3072c40125114df5157749?s=96&d=mm&r=g\",\"caption\":\"Cecilia Pastrana\"},\"sameAs\":[\"cecy\"],\"url\":\"https:\/\/nahuelproducciones.com.ar\/radioquijano\/author\/cecy\/\"}]}<\/script>\n<!-- \/ Yoast SEO plugin. -->","yoast_head_json":{"title":"Uni\u00f3n Huaytiquina Alcanza la Final: Emoci\u00f3n en el Horizonte del Torneo de V\u00f3ley de la Liga del Valle - RQ 99.9","description":"La fecha y hora a\u00fan no esta determinada, pero se informara oportunamente para que toda la comunidad llegue a dar su aliento al equipo femenino de Primera del Club Uni\u00f3n Huaytiquina.","robots":{"index":"index","follow":"follow","max-snippet":"max-snippet:-1","max-image-preview":"max-image-preview:large","max-video-preview":"max-video-preview:-1"},"canonical":"https:\/\/nahuelproducciones.com.ar\/radioquijano\/union-huaytiquina-alcanza-la-final-emocion-en-el-horizonte-del-torneo-de-voley\/","og_locale":"es_ES","og_type":"article","og_title":"Uni\u00f3n Huaytiquina Alcanza la Final: Emoci\u00f3n en el Horizonte del Torneo de V\u00f3ley de la Liga del Valle - RQ 99.9","og_description":"La fecha y hora a\u00fan no esta determinada, pero se informara oportunamente para que toda la comunidad llegue a dar su aliento al equipo femenino de Primera del Club Uni\u00f3n Huaytiquina.","og_url":"https:\/\/nahuelproducciones.com.ar\/radioquijano\/union-huaytiquina-alcanza-la-final-emocion-en-el-horizonte-del-torneo-de-voley\/","og_site_name":"RQ 99.9","article_publisher":"https:\/\/www.facebook.com\/nahuelproducciones999\/","article_published_time":"2023-12-12T04:25:25+00:00","article_modified_time":"2023-12-12T04:28:31+00:00","og_image":[{"width":700,"height":933,"url":"https:\/\/nahuelproducciones.com.ar\/radioquijano\/wp-content\/uploads\/2023\/12\/365050357_710334924236418_1365161359839566130_n-e1702355111870.jpg","type":"image\/jpeg"}],"author":"Cecilia Pastrana","twitter_card":"summary_large_image","twitter_creator":"@nahuproduciones","twitter_site":"@nahuproduciones","twitter_misc":{"Escrito por":"Cecilia Pastrana","Tiempo de lectura":"2 minutos"},"schema":{"@context":"https:\/\/schema.org","@graph":[{"@type":"WebPage","@id":"https:\/\/nahuelproducciones.com.ar\/radioquijano\/union-huaytiquina-alcanza-la-final-emocion-en-el-horizonte-del-torneo-de-voley\/","url":"https:\/\/nahuelproducciones.com.ar\/radioquijano\/union-huaytiquina-alcanza-la-final-emocion-en-el-horizonte-del-torneo-de-voley\/","name":"Uni\u00f3n Huaytiquina Alcanza la Final: Emoci\u00f3n en el Horizonte del Torneo de V\u00f3ley de la Liga del Valle - RQ 99.9","isPartOf":{"@id":"https:\/\/nahuelproducciones.com.ar\/radioquijano\/#website"},"datePublished":"2023-12-12T04:25:25+00:00","dateModified":"2023-12-12T04:28:31+00:00","author":{"@id":"https:\/\/nahuelproducciones.com.ar\/radioquijano\/#\/schema\/person\/e8a4f939e2cb487fe6d0c54042c9d32c"},"description":"La fecha y hora a\u00fan no esta determinada, pero se informara oportunamente para que toda la comunidad llegue a dar su aliento al equipo femenino de Primera del Club Uni\u00f3n Huaytiquina.","breadcrumb":{"@id":"https:\/\/nahuelproducciones.com.ar\/radioquijano\/union-huaytiquina-alcanza-la-final-emocion-en-el-horizonte-del-torneo-de-voley\/#breadcrumb"},"inLanguage":"es","potentialAction":[{"@type":"ReadAction","target":["https:\/\/nahuelproducciones.com.ar\/radioquijano\/union-huaytiquina-alcanza-la-final-emocion-en-el-horizonte-del-torneo-de-voley\/"]}]},{"@type":"BreadcrumbList","@id":"https:\/\/nahuelproducciones.com.ar\/radioquijano\/union-huaytiquina-alcanza-la-final-emocion-en-el-horizonte-del-torneo-de-voley\/#breadcrumb","itemListElement":[{"@type":"ListItem","position":1,"name":"Portada","item":"https:\/\/nahuelproducciones.com.ar\/radioquijano\/"},{"@type":"ListItem","position":2,"name":"Uni\u00f3n Huaytiquina Alcanza la Final: Emoci\u00f3n en el Horizonte del Torneo de V\u00f3ley de la Liga del Valle"}]},{"@type":"WebSite","@id":"https:\/\/nahuelproducciones.com.ar\/radioquijano\/#website","url":"https:\/\/nahuelproducciones.com.ar\/radioquijano\/","name":"RQ 99.9","description":"Radio Quijano 99.9 MHz","potentialAction":[{"@type":"SearchAction","target":{"@type":"EntryPoint","urlTemplate":"https:\/\/nahuelproducciones.com.ar\/radioquijano\/?s={search_term_string}"},"query-input":"required name=search_term_string"}],"inLanguage":"es"},{"@type":"Person","@id":"https:\/\/nahuelproducciones.com.ar\/radioquijano\/#\/schema\/person\/e8a4f939e2cb487fe6d0c54042c9d32c","name":"Cecilia Pastrana","image":{"@type":"ImageObject","inLanguage":"es","@id":"https:\/\/nahuelproducciones.com.ar\/radioquijano\/#\/schema\/person\/image\/","url":"https:\/\/secure.gravatar.com\/avatar\/661a3ef63a8488d4f2794ed44af8cf71420f7e106f3072c40125114df5157749?s=96&d=mm&r=g","contentUrl":"https:\/\/secure.gravatar.com\/avatar\/661a3ef63a8488d4f2794ed44af8cf71420f7e106f3072c40125114df5157749?s=96&d=mm&r=g","caption":"Cecilia Pastrana"},"sameAs":["cecy"],"url":"https:\/\/nahuelproducciones.com.ar\/radioquijano\/author\/cecy\/"}]}},"_links":{"self":[{"href":"https:\/\/nahuelproducciones.com.ar\/radioquijano\/wp-json\/wp\/v2\/posts\/6533","targetHints":{"allow":["GET"]}}],"collection":[{"href":"https:\/\/nahuelproducciones.com.ar\/radioquijano\/wp-json\/wp\/v2\/posts"}],"about":[{"href":"https:\/\/nahuelproducciones.com.ar\/radioquijano\/wp-json\/wp\/v2\/types\/post"}],"author":[{"embeddable":true,"href":"https:\/\/nahuelproducciones.com.ar\/radioquijano\/wp-json\/wp\/v2\/users\/8"}],"replies":[{"embeddable":true,"href":"https:\/\/nahuelproducciones.com.ar\/radioquijano\/wp-json\/wp\/v2\/comments?post=6533"}],"version-history":[{"count":2,"href":"https:\/\/nahuelproducciones.com.ar\/radioquijano\/wp-json\/wp\/v2\/posts\/6533\/revisions"}],"predecessor-version":[{"id":6538,"href":"https:\/\/nahuelproducciones.com.ar\/radioquijano\/wp-json\/wp\/v2\/posts\/6533\/revisions\/6538"}],"wp:featuredmedia":[{"embeddable":true,"href":"https:\/\/nahuelproducciones.com.ar\/radioquijano\/wp-json\/wp\/v2\/media\/6535"}],"wp:attachment":[{"href":"https:\/\/nahuelproducciones.com.ar\/radioquijano\/wp-json\/wp\/v2\/media?parent=6533"}],"wp:term":[{"taxonomy":"category","embeddable":true,"href":"https:\/\/nahuelproducciones.com.ar\/radioquijano\/wp-json\/wp\/v2\/categories?post=6533"},{"taxonomy":"post_tag","embeddable":true,"href":"https:\/\/nahuelproducciones.com.ar\/radioquijano\/wp-json\/wp\/v2\/tags?post=6533"}],"curies":[{"name":"wp","href":"https:\/\/api.w.org\/{rel}","templated":true}]}}