{"id":6541,"date":"2023-12-12T19:33:08","date_gmt":"2023-12-12T22:33:08","guid":{"rendered":"https:\/\/nahuelproducciones.com.ar\/radioquijano\/?p=6541"},"modified":"2023-12-12T19:33:09","modified_gmt":"2023-12-12T22:33:09","slug":"las-9-medidas-de-emergencia-economica-que-anuncio-el-ministro-caputo","status":"publish","type":"post","link":"https:\/\/nahuelproducciones.com.ar\/radioquijano\/las-9-medidas-de-emergencia-economica-que-anuncio-el-ministro-caputo\/","title":{"rendered":"Las 9 medidas de emergencia econ\u00f3mica que anunci\u00f3 el ministro Caputo"},"content":{"rendered":"\n<p>El ministro de Econom\u00eda, Luis Caputo, anunci\u00f3 este martes un paquete de medidas que torno al objetivo prioritario de alcanzar el equilibrio fiscal, b\u00e1sicamente con un fuerte recorte del gasto en la administraci\u00f3n p\u00fablica y de distintos sectores que reciben subsidios del Tesoro Nacional, como parte del camino elegido para reducir la inflaci\u00f3n.<\/p>\n\n\n\n<p>El anuncio comenz\u00f3 a las 19. \u201cEstamos frente a la peor herencia de nuestra historia, donde los argentinos somos cada vez m\u00e1s pobres\u201d, dijo Caputo, que adem\u00e1s hizo un crudo diagn\u00f3stico de la \u201cherencia\u201d que recibi\u00f3 del gobierno de Alberto Fern\u00e1ndez.<\/p>\n\n\n\n<p>\u201cSi seguimos como estamos, vamos a una hiperinflaci\u00f3n\u201d, alert\u00f3. \u201cNuestra visi\u00f3n es evitar esta cat\u00e1strofe\u201d.<\/p>\n\n\n\n<p>Caputo hizo \u00e9nfasis en el problema central que tiene Argentina, seg\u00fan su explicaci\u00f3n: el d\u00e9ficit fiscal. \u201cNuestras crisis siempre tuvieron un origen fiscal\u201d, puntualiz\u00f3. \u201cSiempre fuimos adictos al d\u00e9ficit\u201d.<\/p>\n\n\n\n<figure class=\"wp-block-embed is-type-video is-provider-youtube wp-block-embed-youtube wp-embed-aspect-16-9 wp-has-aspect-ratio\"><div class=\"wp-block-embed__wrapper\">\n<iframe loading=\"lazy\" title=\"Anuncio de Medidas de Emergencia Econ\u00f3mica\" width=\"640\" height=\"360\" src=\"https:\/\/www.youtube.com\/embed\/ypCoTFn2Nhs?feature=oembed\" frameborder=\"0\" allow=\"accelerometer; autoplay; clipboard-write; encrypted-media; gyroscope; picture-in-picture; web-share\" referrerpolicy=\"strict-origin-when-cross-origin\" allowfullscreen><\/iframe>\n<\/div><\/figure>\n\n\n\n<p>\u201cPara muchos, el tomar deuda es un capricho del ministro de Econom\u00eda&#8230; y no es as\u00ed\u201d, afirm\u00f3. \u201cY por eso, lo que venimos a hacer es todo lo contrario. Para no tener que padecer m\u00e1s inflaci\u00f3n, es fundamental solucionar el problema de adicci\u00f3n al d\u00e9ficit fiscal\u201d.<\/p>\n\n\n\n<h2 class=\"wp-block-heading\">MEDIDAS<\/h2>\n\n\n\n<p>El paquete de urgencia<\/p>\n\n\n\n<p><strong>1)&nbsp;<\/strong>No se renuevan los contratos laborales que tengan menos de 1 a\u00f1o de vigencia<\/p>\n\n\n\n<p><strong>2)<\/strong>&nbsp;Se decreta la suspensi\u00f3n de la pauta publicitaria del gobierno por un a\u00f1o<\/p>\n\n\n\n<p><strong>3)<\/strong>&nbsp;Conforme la ley de ministerios, \u00e9stos se reducir\u00e1n de 18 a 9, y las secretar\u00ed\u00e1s de 106 a 54.<\/p>\n\n\n\n<p><strong>4)<\/strong>&nbsp;Reducir al m\u00ednimo las transferencias discrecionales a las provincias<\/p>\n\n\n\n<p><strong>5)<\/strong>&nbsp;El Estado Nacional no va a licitar m\u00e1s obras p\u00fablica nueva, y cancelar\u00e1 las que est\u00e1n licitadas y a\u00fan no comenzaron. Las obras p\u00fablicas ser\u00e1n realizadas por el sector privado.<\/p>\n\n\n\n<p><strong>6)<\/strong>&nbsp;Se reducir\u00e1n los subsidios a la energ\u00eda y al transporte. Adicionalmente, los subsidios al Amba se terminar\u00e1n.<\/p>\n\n\n\n<p><strong>7)&nbsp;<\/strong>Van a mantner los planes Potenciar Trabajo, de acuerdo a lo establecido en 2023. Y no habr\u00e1 intermediarios, como en el caso de la AUH.<\/p>\n\n\n\n<p><strong>8)<\/strong>&nbsp;Sincerar el tipo de cambio: pasar\u00e1 a valer $ 800. Adem\u00e1s, aumentar\u00e1 en forma provisoria el impuesto PAIS para importadores. Finalizada la emergencia, se avanzar\u00e1 con la eliminaci\u00f3n de las retenciones al campo<\/p>\n\n\n\n<p><strong>9)<\/strong>&nbsp;Reemplazar\u00e1n las Sira por un sistema estad\u00edstico que no requerir\u00e1 autorizaci\u00f3n.<\/p>\n\n\n\n<p>\u201cVamos a estar peor en los pr\u00f3ximos meses en t\u00e9rminos de inflaci\u00f3n\u201d, reconoci\u00f3 Caputo.<\/p>\n\n\n\n<h2 class=\"wp-block-heading\">QU\u00c9 PAS\u00d3 CON EL MENSAJE<\/h2>\n\n\n\n<p>El mensaje (que fue grabado) y en principio, iba a ser transmitido a partir de las 17, aunque se retras\u00f3 unos minutos y finalmente se dijo que comenzar\u00eda a las 17.45.<\/p>\n\n\n\n<p>Pero a las 17.45, la transmisi\u00f3n previa se cay\u00f3 y no volvi\u00f3 a ponerse un nuevo horario.<\/p>\n\n\n\n<p>Seg\u00fan el canal de noticias TN, el retraso se debi\u00f3 a que Caputo y su equipo debieron regrabar el mensaje, y por eso no se emiti\u00f3 en el horario establecido.<\/p>\n\n\n\n<p>Adem\u00e1s, tambi\u00e9n en TN, dijeron que el presidente Javier Milei no estaba al tanto del retraso y se hab\u00eda mostrado sorprendido por el cambio de horario de los anuncios.<\/p>\n\n\n\n<p>Adem\u00e1s de las medidas que anunciar\u00e1 Caputo, se conoci\u00f3 que el flamante presidente del Banco Central de la Rep\u00fablica Argentina, Santiago Bausili, convoc\u00f3 a los principales bancos del pa\u00eds.<\/p>\n\n\n\n<p>Ser\u00e1 para una reuni\u00f3n en la sede del organismo el mi\u00e9rcoles, a partir de las 9. All\u00ed se detallar\u00e1n otras medidas relacionadas con la marcha econ\u00f3mica y financiera del gobierno de Milei.<\/p>\n\n\n\n<h2 class=\"wp-block-heading\">NUEVAS AUTORIDADES DEL BANCO CENTRAL<\/h2>\n\n\n\n<p>Milei avanz\u00f3 en la designaci\u00f3n de los funcionarios del Ministerio de Econom\u00eda y del Banco Central, a trav\u00e9s de cuatro decretos publicados en el Bolet\u00edn Oficial, uno de los cuales formaliza a Bausili como nuevo titular de la autoridad monetaria, y a parte de su Directorio, adem\u00e1s de los secretarios de Energ\u00eda y de Finanzas del Palacio de Hacienda.<\/p>\n\n\n\n<p>Por intermedio del Decreto 19\/2023 se concret\u00f3 la designaci\u00f3n \u201cen comisi\u00f3n\u201d del presidente del Banco Central, Santiago Bausili, que deber\u00e1 ser confirmado por el Congreso, para completar un per\u00edodo de ley que vencer\u00e1 el 23 de setiembre de 2028.Adem\u00e1s, el Decreto 14\/2023 puso en funciones al secretario de Energ\u00eda, Eduardo Rodr\u00edguez Chirillo, y el Decreto 15\/2023 hizo lo propio con el de Finanzas, Pablo Quirno.<\/p>\n\n\n\n<p>Rodr\u00edguez Chirillo (que en una primera instancia iba a depender del Ministerio de Infraestructura) y Quirno son los primeros colaboradores directos del ministro de Econom\u00eda Caputo, en un listado que podr\u00eda completarse en d\u00edas venideros con las designaciones de los secretarios de Pol\u00edtica Econ\u00f3mica, Joaqu\u00edn Cottani; de Hacienda, Carlos Guberman; de Miner\u00eda, Flavia Royon; y de Comercio, Pablo Lavigne, entre otros.<\/p>\n\n\n\n<p>Fuente:La Voz<\/p>\n","protected":false},"excerpt":{"rendered":"<p>El ministro de Econom\u00eda, Luis Caputo, anunci\u00f3 este martes un paquete de medidas que torno al objetivo prioritario de alcanzar el equilibrio fiscal, b\u00e1sicamente con un fuerte recorte del gasto en la administraci\u00f3n p\u00fablica y de distintos sectores que reciben subsidios del Tesoro Nacional, como parte del camino elegido para reducir la inflaci\u00f3n. El anuncio [&hellip;]<\/p>\n","protected":false},"author":8,"featured_media":6542,"comment_status":"open","ping_status":"open","sticky":false,"template":"","format":"standard","meta":{"_monsterinsights_skip_tracking":false,"_monsterinsights_sitenote_active":false,"_monsterinsights_sitenote_note":"","_monsterinsights_sitenote_category":0,"footnotes":""},"categories":[16],"tags":[1374,1375,1376,100],"class_list":["post-6541","post","type-post","status-publish","format-standard","has-post-thumbnail","hentry","category-noticias","tag-anuncio-de-medidas-de-emergencia-economica","tag-el-ministro-de-economia","tag-luis-caputo","tag-municipio-de-campo-quijano"],"yoast_head":"<!-- This site is optimized with the Yoast SEO plugin v20.8 - https:\/\/yoast.com\/wordpress\/plugins\/seo\/ -->\n<title>Las 9 medidas de emergencia econ\u00f3mica que anunci\u00f3 el ministro Caputo - RQ 99.9<\/title>\n<meta name=\"description\" content=\"&quot;Para no tener que padecer m\u00e1s inflaci\u00f3n, es fundamental solucionar el problema de adicci\u00f3n al d\u00e9ficit fiscal\u201d\" \/>\n<meta name=\"robots\" content=\"index, follow, max-snippet:-1, max-image-preview:large, max-video-preview:-1\" \/>\n<link rel=\"canonical\" href=\"https:\/\/nahuelproducciones.com.ar\/radioquijano\/las-9-medidas-de-emergencia-economica-que-anuncio-el-ministro-caputo\/\" \/>\n<meta property=\"og:locale\" content=\"es_ES\" \/>\n<meta property=\"og:type\" content=\"article\" \/>\n<meta property=\"og:title\" content=\"Las 9 medidas de emergencia econ\u00f3mica que anunci\u00f3 el ministro Caputo - RQ 99.9\" \/>\n<meta property=\"og:description\" content=\"&quot;Para no tener que padecer m\u00e1s inflaci\u00f3n, es fundamental solucionar el problema de adicci\u00f3n al d\u00e9ficit fiscal\u201d\" \/>\n<meta property=\"og:url\" content=\"https:\/\/nahuelproducciones.com.ar\/radioquijano\/las-9-medidas-de-emergencia-economica-que-anuncio-el-ministro-caputo\/\" \/>\n<meta property=\"og:site_name\" content=\"RQ 99.9\" \/>\n<meta property=\"article:publisher\" content=\"https:\/\/www.facebook.com\/nahuelproducciones999\/\" \/>\n<meta property=\"article:published_time\" content=\"2023-12-12T22:33:08+00:00\" \/>\n<meta property=\"article:modified_time\" content=\"2023-12-12T22:33:09+00:00\" \/>\n<meta property=\"og:image\" content=\"https:\/\/nahuelproducciones.com.ar\/radioquijano\/wp-content\/uploads\/2023\/12\/409176288_907883864029756_2809301928139296611_n-e1702420340129.jpg\" \/>\n\t<meta property=\"og:image:width\" content=\"700\" \/>\n\t<meta property=\"og:image:height\" content=\"394\" \/>\n\t<meta property=\"og:image:type\" content=\"image\/jpeg\" \/>\n<meta name=\"author\" content=\"Cecilia Pastrana\" \/>\n<meta name=\"twitter:card\" content=\"summary_large_image\" \/>\n<meta name=\"twitter:creator\" content=\"@nahuproduciones\" \/>\n<meta name=\"twitter:site\" content=\"@nahuproduciones\" \/>\n<meta name=\"twitter:label1\" content=\"Escrito por\" \/>\n\t<meta name=\"twitter:data1\" content=\"Cecilia Pastrana\" \/>\n\t<meta name=\"twitter:label2\" content=\"Tiempo de lectura\" \/>\n\t<meta name=\"twitter:data2\" content=\"4 minutos\" \/>\n<script type=\"application\/ld+json\" class=\"yoast-schema-graph\">{\"@context\":\"https:\/\/schema.org\",\"@graph\":[{\"@type\":\"WebPage\",\"@id\":\"https:\/\/nahuelproducciones.com.ar\/radioquijano\/las-9-medidas-de-emergencia-economica-que-anuncio-el-ministro-caputo\/\",\"url\":\"https:\/\/nahuelproducciones.com.ar\/radioquijano\/las-9-medidas-de-emergencia-economica-que-anuncio-el-ministro-caputo\/\",\"name\":\"Las 9 medidas de emergencia econ\u00f3mica que anunci\u00f3 el ministro Caputo - RQ 99.9\",\"isPartOf\":{\"@id\":\"https:\/\/nahuelproducciones.com.ar\/radioquijano\/#website\"},\"datePublished\":\"2023-12-12T22:33:08+00:00\",\"dateModified\":\"2023-12-12T22:33:09+00:00\",\"author\":{\"@id\":\"https:\/\/nahuelproducciones.com.ar\/radioquijano\/#\/schema\/person\/e8a4f939e2cb487fe6d0c54042c9d32c\"},\"description\":\"\\\"Para no tener que padecer m\u00e1s inflaci\u00f3n, es fundamental solucionar el problema de adicci\u00f3n al d\u00e9ficit fiscal\u201d\",\"breadcrumb\":{\"@id\":\"https:\/\/nahuelproducciones.com.ar\/radioquijano\/las-9-medidas-de-emergencia-economica-que-anuncio-el-ministro-caputo\/#breadcrumb\"},\"inLanguage\":\"es\",\"potentialAction\":[{\"@type\":\"ReadAction\",\"target\":[\"https:\/\/nahuelproducciones.com.ar\/radioquijano\/las-9-medidas-de-emergencia-economica-que-anuncio-el-ministro-caputo\/\"]}]},{\"@type\":\"BreadcrumbList\",\"@id\":\"https:\/\/nahuelproducciones.com.ar\/radioquijano\/las-9-medidas-de-emergencia-economica-que-anuncio-el-ministro-caputo\/#breadcrumb\",\"itemListElement\":[{\"@type\":\"ListItem\",\"position\":1,\"name\":\"Portada\",\"item\":\"https:\/\/nahuelproducciones.com.ar\/radioquijano\/\"},{\"@type\":\"ListItem\",\"position\":2,\"name\":\"Las 9 medidas de emergencia econ\u00f3mica que anunci\u00f3 el ministro Caputo\"}]},{\"@type\":\"WebSite\",\"@id\":\"https:\/\/nahuelproducciones.com.ar\/radioquijano\/#website\",\"url\":\"https:\/\/nahuelproducciones.com.ar\/radioquijano\/\",\"name\":\"RQ 99.9\",\"description\":\"Radio Quijano 99.9 MHz\",\"potentialAction\":[{\"@type\":\"SearchAction\",\"target\":{\"@type\":\"EntryPoint\",\"urlTemplate\":\"https:\/\/nahuelproducciones.com.ar\/radioquijano\/?s={search_term_string}\"},\"query-input\":\"required name=search_term_string\"}],\"inLanguage\":\"es\"},{\"@type\":\"Person\",\"@id\":\"https:\/\/nahuelproducciones.com.ar\/radioquijano\/#\/schema\/person\/e8a4f939e2cb487fe6d0c54042c9d32c\",\"name\":\"Cecilia Pastrana\",\"image\":{\"@type\":\"ImageObject\",\"inLanguage\":\"es\",\"@id\":\"https:\/\/nahuelproducciones.com.ar\/radioquijano\/#\/schema\/person\/image\/\",\"url\":\"https:\/\/secure.gravatar.com\/avatar\/661a3ef63a8488d4f2794ed44af8cf71420f7e106f3072c40125114df5157749?s=96&d=mm&r=g\",\"contentUrl\":\"https:\/\/secure.gravatar.com\/avatar\/661a3ef63a8488d4f2794ed44af8cf71420f7e106f3072c40125114df5157749?s=96&d=mm&r=g\",\"caption\":\"Cecilia Pastrana\"},\"sameAs\":[\"cecy\"],\"url\":\"https:\/\/nahuelproducciones.com.ar\/radioquijano\/author\/cecy\/\"}]}<\/script>\n<!-- \/ Yoast SEO plugin. -->","yoast_head_json":{"title":"Las 9 medidas de emergencia econ\u00f3mica que anunci\u00f3 el ministro Caputo - RQ 99.9","description":"\"Para no tener que padecer m\u00e1s inflaci\u00f3n, es fundamental solucionar el problema de adicci\u00f3n al d\u00e9ficit fiscal\u201d","robots":{"index":"index","follow":"follow","max-snippet":"max-snippet:-1","max-image-preview":"max-image-preview:large","max-video-preview":"max-video-preview:-1"},"canonical":"https:\/\/nahuelproducciones.com.ar\/radioquijano\/las-9-medidas-de-emergencia-economica-que-anuncio-el-ministro-caputo\/","og_locale":"es_ES","og_type":"article","og_title":"Las 9 medidas de emergencia econ\u00f3mica que anunci\u00f3 el ministro Caputo - RQ 99.9","og_description":"\"Para no tener que padecer m\u00e1s inflaci\u00f3n, es fundamental solucionar el problema de adicci\u00f3n al d\u00e9ficit fiscal\u201d","og_url":"https:\/\/nahuelproducciones.com.ar\/radioquijano\/las-9-medidas-de-emergencia-economica-que-anuncio-el-ministro-caputo\/","og_site_name":"RQ 99.9","article_publisher":"https:\/\/www.facebook.com\/nahuelproducciones999\/","article_published_time":"2023-12-12T22:33:08+00:00","article_modified_time":"2023-12-12T22:33:09+00:00","og_image":[{"width":700,"height":394,"url":"https:\/\/nahuelproducciones.com.ar\/radioquijano\/wp-content\/uploads\/2023\/12\/409176288_907883864029756_2809301928139296611_n-e1702420340129.jpg","type":"image\/jpeg"}],"author":"Cecilia Pastrana","twitter_card":"summary_large_image","twitter_creator":"@nahuproduciones","twitter_site":"@nahuproduciones","twitter_misc":{"Escrito por":"Cecilia Pastrana","Tiempo de lectura":"4 minutos"},"schema":{"@context":"https:\/\/schema.org","@graph":[{"@type":"WebPage","@id":"https:\/\/nahuelproducciones.com.ar\/radioquijano\/las-9-medidas-de-emergencia-economica-que-anuncio-el-ministro-caputo\/","url":"https:\/\/nahuelproducciones.com.ar\/radioquijano\/las-9-medidas-de-emergencia-economica-que-anuncio-el-ministro-caputo\/","name":"Las 9 medidas de emergencia econ\u00f3mica que anunci\u00f3 el ministro Caputo - RQ 99.9","isPartOf":{"@id":"https:\/\/nahuelproducciones.com.ar\/radioquijano\/#website"},"datePublished":"2023-12-12T22:33:08+00:00","dateModified":"2023-12-12T22:33:09+00:00","author":{"@id":"https:\/\/nahuelproducciones.com.ar\/radioquijano\/#\/schema\/person\/e8a4f939e2cb487fe6d0c54042c9d32c"},"description":"\"Para no tener que padecer m\u00e1s inflaci\u00f3n, es fundamental solucionar el problema de adicci\u00f3n al d\u00e9ficit fiscal\u201d","breadcrumb":{"@id":"https:\/\/nahuelproducciones.com.ar\/radioquijano\/las-9-medidas-de-emergencia-economica-que-anuncio-el-ministro-caputo\/#breadcrumb"},"inLanguage":"es","potentialAction":[{"@type":"ReadAction","target":["https:\/\/nahuelproducciones.com.ar\/radioquijano\/las-9-medidas-de-emergencia-economica-que-anuncio-el-ministro-caputo\/"]}]},{"@type":"BreadcrumbList","@id":"https:\/\/nahuelproducciones.com.ar\/radioquijano\/las-9-medidas-de-emergencia-economica-que-anuncio-el-ministro-caputo\/#breadcrumb","itemListElement":[{"@type":"ListItem","position":1,"name":"Portada","item":"https:\/\/nahuelproducciones.com.ar\/radioquijano\/"},{"@type":"ListItem","position":2,"name":"Las 9 medidas de emergencia econ\u00f3mica que anunci\u00f3 el ministro Caputo"}]},{"@type":"WebSite","@id":"https:\/\/nahuelproducciones.com.ar\/radioquijano\/#website","url":"https:\/\/nahuelproducciones.com.ar\/radioquijano\/","name":"RQ 99.9","description":"Radio Quijano 99.9 MHz","potentialAction":[{"@type":"SearchAction","target":{"@type":"EntryPoint","urlTemplate":"https:\/\/nahuelproducciones.com.ar\/radioquijano\/?s={search_term_string}"},"query-input":"required name=search_term_string"}],"inLanguage":"es"},{"@type":"Person","@id":"https:\/\/nahuelproducciones.com.ar\/radioquijano\/#\/schema\/person\/e8a4f939e2cb487fe6d0c54042c9d32c","name":"Cecilia Pastrana","image":{"@type":"ImageObject","inLanguage":"es","@id":"https:\/\/nahuelproducciones.com.ar\/radioquijano\/#\/schema\/person\/image\/","url":"https:\/\/secure.gravatar.com\/avatar\/661a3ef63a8488d4f2794ed44af8cf71420f7e106f3072c40125114df5157749?s=96&d=mm&r=g","contentUrl":"https:\/\/secure.gravatar.com\/avatar\/661a3ef63a8488d4f2794ed44af8cf71420f7e106f3072c40125114df5157749?s=96&d=mm&r=g","caption":"Cecilia Pastrana"},"sameAs":["cecy"],"url":"https:\/\/nahuelproducciones.com.ar\/radioquijano\/author\/cecy\/"}]}},"_links":{"self":[{"href":"https:\/\/nahuelproducciones.com.ar\/radioquijano\/wp-json\/wp\/v2\/posts\/6541","targetHints":{"allow":["GET"]}}],"collection":[{"href":"https:\/\/nahuelproducciones.com.ar\/radioquijano\/wp-json\/wp\/v2\/posts"}],"about":[{"href":"https:\/\/nahuelproducciones.com.ar\/radioquijano\/wp-json\/wp\/v2\/types\/post"}],"author":[{"embeddable":true,"href":"https:\/\/nahuelproducciones.com.ar\/radioquijano\/wp-json\/wp\/v2\/users\/8"}],"replies":[{"embeddable":true,"href":"https:\/\/nahuelproducciones.com.ar\/radioquijano\/wp-json\/wp\/v2\/comments?post=6541"}],"version-history":[{"count":1,"href":"https:\/\/nahuelproducciones.com.ar\/radioquijano\/wp-json\/wp\/v2\/posts\/6541\/revisions"}],"predecessor-version":[{"id":6543,"href":"https:\/\/nahuelproducciones.com.ar\/radioquijano\/wp-json\/wp\/v2\/posts\/6541\/revisions\/6543"}],"wp:featuredmedia":[{"embeddable":true,"href":"https:\/\/nahuelproducciones.com.ar\/radioquijano\/wp-json\/wp\/v2\/media\/6542"}],"wp:attachment":[{"href":"https:\/\/nahuelproducciones.com.ar\/radioquijano\/wp-json\/wp\/v2\/media?parent=6541"}],"wp:term":[{"taxonomy":"category","embeddable":true,"href":"https:\/\/nahuelproducciones.com.ar\/radioquijano\/wp-json\/wp\/v2\/categories?post=6541"},{"taxonomy":"post_tag","embeddable":true,"href":"https:\/\/nahuelproducciones.com.ar\/radioquijano\/wp-json\/wp\/v2\/tags?post=6541"}],"curies":[{"name":"wp","href":"https:\/\/api.w.org\/{rel}","templated":true}]}}