{"id":6546,"date":"2023-12-13T08:17:09","date_gmt":"2023-12-13T11:17:09","guid":{"rendered":"https:\/\/nahuelproducciones.com.ar\/radioquijano\/?p=6546"},"modified":"2023-12-13T08:17:10","modified_gmt":"2023-12-13T11:17:10","slug":"hasta-fin-de-mes-se-podran-retirar-ejemplares-de-dni","status":"publish","type":"post","link":"https:\/\/nahuelproducciones.com.ar\/radioquijano\/hasta-fin-de-mes-se-podran-retirar-ejemplares-de-dni\/","title":{"rendered":"Hasta fin de mes se podr\u00e1n retirar ejemplares de DNI"},"content":{"rendered":"\n<p>A partir de esa fecha se devolver\u00e1n al RENAPER, para su destrucci\u00f3n, los ejemplares que ya cumplieron un a\u00f1o de espera en las oficinas del Registro Civil de toda la provincia.\u00a0<\/p>\n\n\n\n<p>La subsecretaria del Registro Civil,&nbsp;<strong>Fernanda Ubiergo<\/strong>, inform\u00f3 que hasta el 31 de diciembre se podr\u00e1n retirar los ejemplares de mayores y menores que ya cumplieron un a\u00f1o de espera en las oficinas que el organismo posee en toda la provincia.<\/p>\n\n\n\n<p>\u201cCumpliendo con las normativas del RENAPER, hasta el 31 de diciembre estar\u00e1n disponibles los ejemplares de DNI que se tramitaron hace un a\u00f1o. La normativa es clara, todos los ejemplares que se tramitaron en nuestras oficinas y que ya cumplieron un a\u00f1o deben devolverse al organismo nacional para su destrucci\u00f3n\u201d, mencion\u00f3 Ubiergo.&nbsp;<\/p>\n\n\n\n<p>Por otro lado, tambi\u00e9n dijo que, \u201cnos sorprende que de los cinco mil ejemplares que tuvimos para retirar antes de las elecciones solamente se retiraron alrededor del 10% del total. El DNI es muy importante, no tan s\u00f3lo para votar, sino para la vida diaria, inclusive el ejemplar de menor que se entiende que debe ser utilizado para la atenci\u00f3n m\u00e9dica o la inscripci\u00f3n en establecimientos educativos. Aquellas personas que no retiraron su DNI tendr\u00e1n que volver a solicitarlo abonando el costo correspondiente\u201d.<\/p>\n\n\n\n<p>Para finalizar, Ubiergo remarc\u00f3 que en la sede central existen alrededor de 800 ejemplares de DNI y 100 pasaportes en condiciones de ser devueltos a la autoridad nacional.&nbsp;<\/p>\n\n\n\n<p>Oficinas y delegaciones del interior poseen tambi\u00e9n, en menor proporci\u00f3n, ejemplares para devolver al organismo nacional. Por ello, se solicita a los ciudadanos que realizaron el tr\u00e1mite de gesti\u00f3n de DNI, hace un a\u00f1o, acercarse a retirarlos en los horarios habituales de cada oficina.<\/p>\n\n\n\n<hr class=\"wp-block-separator has-alpha-channel-opacity\"\/>\n\n\n\n<p>Fuente:&nbsp;<strong>Secretar\u00eda de Prensa y Comunicaci\u00f3n<\/strong><\/p>\n","protected":false},"excerpt":{"rendered":"<p>A partir de esa fecha se devolver\u00e1n al RENAPER, para su destrucci\u00f3n, los ejemplares que ya cumplieron un a\u00f1o de espera en las oficinas del Registro Civil de toda la provincia.\u00a0 La subsecretaria del Registro Civil,&nbsp;Fernanda Ubiergo, inform\u00f3 que hasta el 31 de diciembre se podr\u00e1n retirar los ejemplares de mayores y menores que ya [&hellip;]<\/p>\n","protected":false},"author":8,"featured_media":6547,"comment_status":"open","ping_status":"open","sticky":false,"template":"","format":"standard","meta":{"_monsterinsights_skip_tracking":false,"_monsterinsights_sitenote_active":false,"_monsterinsights_sitenote_note":"","_monsterinsights_sitenote_category":0,"footnotes":""},"categories":[16],"tags":[969,100,787],"class_list":["post-6546","post","type-post","status-publish","format-standard","has-post-thumbnail","hentry","category-noticias","tag-dni","tag-municipio-de-campo-quijano","tag-registro-civil"],"yoast_head":"<!-- This site is optimized with the Yoast SEO plugin v20.8 - https:\/\/yoast.com\/wordpress\/plugins\/seo\/ -->\n<title>Hasta fin de mes se podr\u00e1n retirar ejemplares de DNI - RQ 99.9<\/title>\n<meta name=\"description\" content=\"hasta el 31 de diciembre estar\u00e1n disponibles los ejemplares de DNI que se tramitaron hace un a\u00f1o\" \/>\n<meta name=\"robots\" content=\"index, follow, max-snippet:-1, max-image-preview:large, max-video-preview:-1\" \/>\n<link rel=\"canonical\" href=\"https:\/\/nahuelproducciones.com.ar\/radioquijano\/hasta-fin-de-mes-se-podran-retirar-ejemplares-de-dni\/\" \/>\n<meta property=\"og:locale\" content=\"es_ES\" \/>\n<meta property=\"og:type\" content=\"article\" \/>\n<meta property=\"og:title\" content=\"Hasta fin de mes se podr\u00e1n retirar ejemplares de DNI - RQ 99.9\" \/>\n<meta property=\"og:description\" content=\"hasta el 31 de diciembre estar\u00e1n disponibles los ejemplares de DNI que se tramitaron hace un a\u00f1o\" \/>\n<meta property=\"og:url\" content=\"https:\/\/nahuelproducciones.com.ar\/radioquijano\/hasta-fin-de-mes-se-podran-retirar-ejemplares-de-dni\/\" \/>\n<meta property=\"og:site_name\" content=\"RQ 99.9\" \/>\n<meta property=\"article:publisher\" content=\"https:\/\/www.facebook.com\/nahuelproducciones999\/\" \/>\n<meta property=\"article:published_time\" content=\"2023-12-13T11:17:09+00:00\" \/>\n<meta property=\"article:modified_time\" content=\"2023-12-13T11:17:10+00:00\" \/>\n<meta property=\"og:image\" content=\"https:\/\/nahuelproducciones.com.ar\/radioquijano\/wp-content\/uploads\/2023\/12\/98201504_163928018443219_7945965457838702592_n.jpg\" \/>\n\t<meta property=\"og:image:width\" content=\"1280\" \/>\n\t<meta property=\"og:image:height\" content=\"789\" \/>\n\t<meta property=\"og:image:type\" content=\"image\/jpeg\" \/>\n<meta name=\"author\" content=\"Cecilia Pastrana\" \/>\n<meta name=\"twitter:card\" content=\"summary_large_image\" \/>\n<meta name=\"twitter:creator\" content=\"@nahuproduciones\" \/>\n<meta name=\"twitter:site\" content=\"@nahuproduciones\" \/>\n<meta name=\"twitter:label1\" content=\"Escrito por\" \/>\n\t<meta name=\"twitter:data1\" content=\"Cecilia Pastrana\" \/>\n\t<meta name=\"twitter:label2\" content=\"Tiempo de lectura\" \/>\n\t<meta name=\"twitter:data2\" content=\"2 minutos\" \/>\n<script type=\"application\/ld+json\" class=\"yoast-schema-graph\">{\"@context\":\"https:\/\/schema.org\",\"@graph\":[{\"@type\":\"WebPage\",\"@id\":\"https:\/\/nahuelproducciones.com.ar\/radioquijano\/hasta-fin-de-mes-se-podran-retirar-ejemplares-de-dni\/\",\"url\":\"https:\/\/nahuelproducciones.com.ar\/radioquijano\/hasta-fin-de-mes-se-podran-retirar-ejemplares-de-dni\/\",\"name\":\"Hasta fin de mes se podr\u00e1n retirar ejemplares de DNI - RQ 99.9\",\"isPartOf\":{\"@id\":\"https:\/\/nahuelproducciones.com.ar\/radioquijano\/#website\"},\"datePublished\":\"2023-12-13T11:17:09+00:00\",\"dateModified\":\"2023-12-13T11:17:10+00:00\",\"author\":{\"@id\":\"https:\/\/nahuelproducciones.com.ar\/radioquijano\/#\/schema\/person\/e8a4f939e2cb487fe6d0c54042c9d32c\"},\"description\":\"hasta el 31 de diciembre estar\u00e1n disponibles los ejemplares de DNI que se tramitaron hace un a\u00f1o\",\"breadcrumb\":{\"@id\":\"https:\/\/nahuelproducciones.com.ar\/radioquijano\/hasta-fin-de-mes-se-podran-retirar-ejemplares-de-dni\/#breadcrumb\"},\"inLanguage\":\"es\",\"potentialAction\":[{\"@type\":\"ReadAction\",\"target\":[\"https:\/\/nahuelproducciones.com.ar\/radioquijano\/hasta-fin-de-mes-se-podran-retirar-ejemplares-de-dni\/\"]}]},{\"@type\":\"BreadcrumbList\",\"@id\":\"https:\/\/nahuelproducciones.com.ar\/radioquijano\/hasta-fin-de-mes-se-podran-retirar-ejemplares-de-dni\/#breadcrumb\",\"itemListElement\":[{\"@type\":\"ListItem\",\"position\":1,\"name\":\"Portada\",\"item\":\"https:\/\/nahuelproducciones.com.ar\/radioquijano\/\"},{\"@type\":\"ListItem\",\"position\":2,\"name\":\"Hasta fin de mes se podr\u00e1n retirar ejemplares de DNI\"}]},{\"@type\":\"WebSite\",\"@id\":\"https:\/\/nahuelproducciones.com.ar\/radioquijano\/#website\",\"url\":\"https:\/\/nahuelproducciones.com.ar\/radioquijano\/\",\"name\":\"RQ 99.9\",\"description\":\"Radio Quijano 99.9 MHz\",\"potentialAction\":[{\"@type\":\"SearchAction\",\"target\":{\"@type\":\"EntryPoint\",\"urlTemplate\":\"https:\/\/nahuelproducciones.com.ar\/radioquijano\/?s={search_term_string}\"},\"query-input\":\"required name=search_term_string\"}],\"inLanguage\":\"es\"},{\"@type\":\"Person\",\"@id\":\"https:\/\/nahuelproducciones.com.ar\/radioquijano\/#\/schema\/person\/e8a4f939e2cb487fe6d0c54042c9d32c\",\"name\":\"Cecilia Pastrana\",\"image\":{\"@type\":\"ImageObject\",\"inLanguage\":\"es\",\"@id\":\"https:\/\/nahuelproducciones.com.ar\/radioquijano\/#\/schema\/person\/image\/\",\"url\":\"https:\/\/secure.gravatar.com\/avatar\/661a3ef63a8488d4f2794ed44af8cf71420f7e106f3072c40125114df5157749?s=96&d=mm&r=g\",\"contentUrl\":\"https:\/\/secure.gravatar.com\/avatar\/661a3ef63a8488d4f2794ed44af8cf71420f7e106f3072c40125114df5157749?s=96&d=mm&r=g\",\"caption\":\"Cecilia Pastrana\"},\"sameAs\":[\"cecy\"],\"url\":\"https:\/\/nahuelproducciones.com.ar\/radioquijano\/author\/cecy\/\"}]}<\/script>\n<!-- \/ Yoast SEO plugin. -->","yoast_head_json":{"title":"Hasta fin de mes se podr\u00e1n retirar ejemplares de DNI - RQ 99.9","description":"hasta el 31 de diciembre estar\u00e1n disponibles los ejemplares de DNI que se tramitaron hace un a\u00f1o","robots":{"index":"index","follow":"follow","max-snippet":"max-snippet:-1","max-image-preview":"max-image-preview:large","max-video-preview":"max-video-preview:-1"},"canonical":"https:\/\/nahuelproducciones.com.ar\/radioquijano\/hasta-fin-de-mes-se-podran-retirar-ejemplares-de-dni\/","og_locale":"es_ES","og_type":"article","og_title":"Hasta fin de mes se podr\u00e1n retirar ejemplares de DNI - RQ 99.9","og_description":"hasta el 31 de diciembre estar\u00e1n disponibles los ejemplares de DNI que se tramitaron hace un a\u00f1o","og_url":"https:\/\/nahuelproducciones.com.ar\/radioquijano\/hasta-fin-de-mes-se-podran-retirar-ejemplares-de-dni\/","og_site_name":"RQ 99.9","article_publisher":"https:\/\/www.facebook.com\/nahuelproducciones999\/","article_published_time":"2023-12-13T11:17:09+00:00","article_modified_time":"2023-12-13T11:17:10+00:00","og_image":[{"width":1280,"height":789,"url":"https:\/\/nahuelproducciones.com.ar\/radioquijano\/wp-content\/uploads\/2023\/12\/98201504_163928018443219_7945965457838702592_n.jpg","type":"image\/jpeg"}],"author":"Cecilia Pastrana","twitter_card":"summary_large_image","twitter_creator":"@nahuproduciones","twitter_site":"@nahuproduciones","twitter_misc":{"Escrito por":"Cecilia Pastrana","Tiempo de lectura":"2 minutos"},"schema":{"@context":"https:\/\/schema.org","@graph":[{"@type":"WebPage","@id":"https:\/\/nahuelproducciones.com.ar\/radioquijano\/hasta-fin-de-mes-se-podran-retirar-ejemplares-de-dni\/","url":"https:\/\/nahuelproducciones.com.ar\/radioquijano\/hasta-fin-de-mes-se-podran-retirar-ejemplares-de-dni\/","name":"Hasta fin de mes se podr\u00e1n retirar ejemplares de DNI - RQ 99.9","isPartOf":{"@id":"https:\/\/nahuelproducciones.com.ar\/radioquijano\/#website"},"datePublished":"2023-12-13T11:17:09+00:00","dateModified":"2023-12-13T11:17:10+00:00","author":{"@id":"https:\/\/nahuelproducciones.com.ar\/radioquijano\/#\/schema\/person\/e8a4f939e2cb487fe6d0c54042c9d32c"},"description":"hasta el 31 de diciembre estar\u00e1n disponibles los ejemplares de DNI que se tramitaron hace un a\u00f1o","breadcrumb":{"@id":"https:\/\/nahuelproducciones.com.ar\/radioquijano\/hasta-fin-de-mes-se-podran-retirar-ejemplares-de-dni\/#breadcrumb"},"inLanguage":"es","potentialAction":[{"@type":"ReadAction","target":["https:\/\/nahuelproducciones.com.ar\/radioquijano\/hasta-fin-de-mes-se-podran-retirar-ejemplares-de-dni\/"]}]},{"@type":"BreadcrumbList","@id":"https:\/\/nahuelproducciones.com.ar\/radioquijano\/hasta-fin-de-mes-se-podran-retirar-ejemplares-de-dni\/#breadcrumb","itemListElement":[{"@type":"ListItem","position":1,"name":"Portada","item":"https:\/\/nahuelproducciones.com.ar\/radioquijano\/"},{"@type":"ListItem","position":2,"name":"Hasta fin de mes se podr\u00e1n retirar ejemplares de DNI"}]},{"@type":"WebSite","@id":"https:\/\/nahuelproducciones.com.ar\/radioquijano\/#website","url":"https:\/\/nahuelproducciones.com.ar\/radioquijano\/","name":"RQ 99.9","description":"Radio Quijano 99.9 MHz","potentialAction":[{"@type":"SearchAction","target":{"@type":"EntryPoint","urlTemplate":"https:\/\/nahuelproducciones.com.ar\/radioquijano\/?s={search_term_string}"},"query-input":"required name=search_term_string"}],"inLanguage":"es"},{"@type":"Person","@id":"https:\/\/nahuelproducciones.com.ar\/radioquijano\/#\/schema\/person\/e8a4f939e2cb487fe6d0c54042c9d32c","name":"Cecilia Pastrana","image":{"@type":"ImageObject","inLanguage":"es","@id":"https:\/\/nahuelproducciones.com.ar\/radioquijano\/#\/schema\/person\/image\/","url":"https:\/\/secure.gravatar.com\/avatar\/661a3ef63a8488d4f2794ed44af8cf71420f7e106f3072c40125114df5157749?s=96&d=mm&r=g","contentUrl":"https:\/\/secure.gravatar.com\/avatar\/661a3ef63a8488d4f2794ed44af8cf71420f7e106f3072c40125114df5157749?s=96&d=mm&r=g","caption":"Cecilia Pastrana"},"sameAs":["cecy"],"url":"https:\/\/nahuelproducciones.com.ar\/radioquijano\/author\/cecy\/"}]}},"_links":{"self":[{"href":"https:\/\/nahuelproducciones.com.ar\/radioquijano\/wp-json\/wp\/v2\/posts\/6546","targetHints":{"allow":["GET"]}}],"collection":[{"href":"https:\/\/nahuelproducciones.com.ar\/radioquijano\/wp-json\/wp\/v2\/posts"}],"about":[{"href":"https:\/\/nahuelproducciones.com.ar\/radioquijano\/wp-json\/wp\/v2\/types\/post"}],"author":[{"embeddable":true,"href":"https:\/\/nahuelproducciones.com.ar\/radioquijano\/wp-json\/wp\/v2\/users\/8"}],"replies":[{"embeddable":true,"href":"https:\/\/nahuelproducciones.com.ar\/radioquijano\/wp-json\/wp\/v2\/comments?post=6546"}],"version-history":[{"count":1,"href":"https:\/\/nahuelproducciones.com.ar\/radioquijano\/wp-json\/wp\/v2\/posts\/6546\/revisions"}],"predecessor-version":[{"id":6548,"href":"https:\/\/nahuelproducciones.com.ar\/radioquijano\/wp-json\/wp\/v2\/posts\/6546\/revisions\/6548"}],"wp:featuredmedia":[{"embeddable":true,"href":"https:\/\/nahuelproducciones.com.ar\/radioquijano\/wp-json\/wp\/v2\/media\/6547"}],"wp:attachment":[{"href":"https:\/\/nahuelproducciones.com.ar\/radioquijano\/wp-json\/wp\/v2\/media?parent=6546"}],"wp:term":[{"taxonomy":"category","embeddable":true,"href":"https:\/\/nahuelproducciones.com.ar\/radioquijano\/wp-json\/wp\/v2\/categories?post=6546"},{"taxonomy":"post_tag","embeddable":true,"href":"https:\/\/nahuelproducciones.com.ar\/radioquijano\/wp-json\/wp\/v2\/tags?post=6546"}],"curies":[{"name":"wp","href":"https:\/\/api.w.org\/{rel}","templated":true}]}}