{"id":6550,"date":"2023-12-14T10:11:23","date_gmt":"2023-12-14T13:11:23","guid":{"rendered":"https:\/\/nahuelproducciones.com.ar\/radioquijano\/?p=6550"},"modified":"2023-12-14T10:11:24","modified_gmt":"2023-12-14T13:11:24","slug":"operativo-de-transito-por-desplazamiento-de-dos-camiones-con-carga-sobredimensionada","status":"publish","type":"post","link":"https:\/\/nahuelproducciones.com.ar\/radioquijano\/operativo-de-transito-por-desplazamiento-de-dos-camiones-con-carga-sobredimensionada\/","title":{"rendered":"Operativo de tr\u00e1nsito por desplazamiento de dos camiones con carga sobredimensionada"},"content":{"rendered":"\n<p>La Municipalidad desplegar\u00e1 un dispositivo de seguridad, destinado al acompa\u00f1amiento de dos unidades con carga sobredimensionada, que utilizar\u00e1n v\u00edas de comunicaci\u00f3n ubicadas al este y sur de la ciudad.<\/p>\n\n\n\n<p>Se trata de cargas especiales con tanques pesados, que son trasladados hasta la hasta la ruta nacional N\u00b0 51 donde se har\u00e1 cargo del acompa\u00f1amiento personal municipal de Campo Quijano.<\/p>\n\n\n\n<p>Si las condiciones del tiempo lo permiten, el recorrido se realizar\u00e1 a partir de las 9 con dos camiones adaptados para este tipo de cargas que tienen 20 metros de largo y 3 metros de ancho en promedio, que avanzar\u00e1n a un promedio de 20 km\/h y realizar\u00e1n el siguiente circuito:<\/p>\n\n\n\n<p>Punto de partida: Ex peaje-Avenida Asunci\u00f3n (acceso ciudad), rotonda de los Gauchos- Avenida Delgadillo, parte posterior Parque Industrial, Av. Ennio Pontussi, ruta provincial N\u00b0 26, Circunvalaci\u00f3n Sureste, ruta provincial N\u00b0 21 Avenida Gaucho M\u00e9ndez, Circunvalaci\u00f3n Sureste, retoma a Circunvalaci\u00f3n Oeste, retome a ruta provincial N\u00b0 24 y desde all\u00ed hasta ruta nacional N\u00b051.<\/p>\n\n\n\n<p>En caso de mal tiempo persistente, se reprogramar\u00e1 el dispositivo de traslado, comunic\u00e1ndose por los canales oficiales del municipio.<\/p>\n\n\n\n<p>Se utilizar\u00e1n equipos de EDESA y Vialidad Provincial junto a patrulleros y 4 motoristas de Tr\u00e1nsito y Seguridad Vial. Se recomienda extremar los cuidados, no realizar sobrepasos, reducir velocidad y atender indicaciones de personal uniformado.<\/p>\n\n\n<div class=\"wp-block-image\">\n<figure class=\"aligncenter is-resized\"><img loading=\"lazy\" decoding=\"async\" src=\"https:\/\/prensa.municipalidadsalta.gob.ar\/wp-content\/uploads\/2023\/11\/camion-carga-sobredimensionada-8-scaled.jpg\" alt=\"\" class=\"wp-image-216931\" width=\"568\" height=\"319\"\/><\/figure><\/div>\n\n<div class=\"wp-block-image\">\n<figure class=\"aligncenter is-resized\"><img loading=\"lazy\" decoding=\"async\" src=\"https:\/\/prensa.municipalidadsalta.gob.ar\/wp-content\/uploads\/2023\/12\/operativo-carga-sobredimensionada-2.jpeg\" alt=\"\" class=\"wp-image-227695\" width=\"564\" height=\"423\"\/><\/figure><\/div>\n\n<div class=\"wp-block-image\">\n<figure class=\"aligncenter is-resized\"><img loading=\"lazy\" decoding=\"async\" src=\"https:\/\/prensa.municipalidadsalta.gob.ar\/wp-content\/uploads\/2023\/12\/operativo-carga-sobredimensionada-3.jpeg\" alt=\"\" class=\"wp-image-227696\" width=\"565\" height=\"423\"\/><\/figure><\/div>\n\n<div class=\"wp-block-image\">\n<figure class=\"aligncenter is-resized\"><img loading=\"lazy\" decoding=\"async\" src=\"https:\/\/prensa.municipalidadsalta.gob.ar\/wp-content\/uploads\/2023\/07\/operativo-por-camiones-de-gran-porte-9.jpg\" alt=\"\" class=\"wp-image-198157\" width=\"573\" height=\"382\"\/><\/figure><\/div>\n\n<div class=\"wp-block-image\">\n<figure class=\"aligncenter is-resized\"><img loading=\"lazy\" decoding=\"async\" src=\"https:\/\/prensa.municipalidadsalta.gob.ar\/wp-content\/uploads\/2023\/07\/operativo-por-camiones-de-gran-porte-7.jpg\" alt=\"\" class=\"wp-image-198153\" width=\"574\" height=\"382\"\/><\/figure><\/div>","protected":false},"excerpt":{"rendered":"<p>La Municipalidad desplegar\u00e1 un dispositivo de seguridad, destinado al acompa\u00f1amiento de dos unidades con carga sobredimensionada, que utilizar\u00e1n v\u00edas de comunicaci\u00f3n ubicadas al este y sur de la ciudad. Se trata de cargas especiales con tanques pesados, que son trasladados hasta la hasta la ruta nacional N\u00b0 51 donde se har\u00e1 cargo del acompa\u00f1amiento personal [&hellip;]<\/p>\n","protected":false},"author":8,"featured_media":6551,"comment_status":"open","ping_status":"open","sticky":false,"template":"","format":"standard","meta":{"_monsterinsights_skip_tracking":false,"_monsterinsights_sitenote_active":false,"_monsterinsights_sitenote_note":"","_monsterinsights_sitenote_category":0,"footnotes":""},"categories":[16],"tags":[1377,100,149],"class_list":["post-6550","post","type-post","status-publish","format-standard","has-post-thumbnail","hentry","category-noticias","tag-camiones-de-alto-porte","tag-municipio-de-campo-quijano","tag-ruta-51"],"yoast_head":"<!-- This site is optimized with the Yoast SEO plugin v20.8 - https:\/\/yoast.com\/wordpress\/plugins\/seo\/ -->\n<title>Operativo de tr\u00e1nsito por desplazamiento de dos camiones con carga sobredimensionada - RQ 99.9<\/title>\n<meta name=\"description\" content=\"Si las condiciones clim\u00e1ticas acompa\u00f1an el dispositivo atravesar\u00e1, ma\u00f1ana jueves 14, avenidas y calles de las zonas este y sur de la ciudad con rumbo a ruta Nacional N\u00b051.\" \/>\n<meta name=\"robots\" content=\"index, follow, max-snippet:-1, max-image-preview:large, max-video-preview:-1\" \/>\n<link rel=\"canonical\" href=\"https:\/\/nahuelproducciones.com.ar\/radioquijano\/operativo-de-transito-por-desplazamiento-de-dos-camiones-con-carga-sobredimensionada\/\" \/>\n<meta property=\"og:locale\" content=\"es_ES\" \/>\n<meta property=\"og:type\" content=\"article\" \/>\n<meta property=\"og:title\" content=\"Operativo de tr\u00e1nsito por desplazamiento de dos camiones con carga sobredimensionada - RQ 99.9\" \/>\n<meta property=\"og:description\" content=\"Si las condiciones clim\u00e1ticas acompa\u00f1an el dispositivo atravesar\u00e1, ma\u00f1ana jueves 14, avenidas y calles de las zonas este y sur de la ciudad con rumbo a ruta Nacional N\u00b051.\" \/>\n<meta property=\"og:url\" content=\"https:\/\/nahuelproducciones.com.ar\/radioquijano\/operativo-de-transito-por-desplazamiento-de-dos-camiones-con-carga-sobredimensionada\/\" \/>\n<meta property=\"og:site_name\" content=\"RQ 99.9\" \/>\n<meta property=\"article:publisher\" content=\"https:\/\/www.facebook.com\/nahuelproducciones999\/\" \/>\n<meta property=\"article:published_time\" content=\"2023-12-14T13:11:23+00:00\" \/>\n<meta property=\"article:modified_time\" content=\"2023-12-14T13:11:24+00:00\" \/>\n<meta property=\"og:image\" content=\"https:\/\/nahuelproducciones.com.ar\/radioquijano\/wp-content\/uploads\/2023\/12\/operativo-carga-sobredimensionada-4-1536x1024-1-e1702559475499.jpg\" \/>\n\t<meta property=\"og:image:width\" content=\"700\" \/>\n\t<meta property=\"og:image:height\" content=\"467\" \/>\n\t<meta property=\"og:image:type\" content=\"image\/jpeg\" \/>\n<meta name=\"author\" content=\"Cecilia Pastrana\" \/>\n<meta name=\"twitter:card\" content=\"summary_large_image\" \/>\n<meta name=\"twitter:creator\" content=\"@nahuproduciones\" \/>\n<meta name=\"twitter:site\" content=\"@nahuproduciones\" \/>\n<meta name=\"twitter:label1\" content=\"Escrito por\" \/>\n\t<meta name=\"twitter:data1\" content=\"Cecilia Pastrana\" \/>\n\t<meta name=\"twitter:label2\" content=\"Tiempo de lectura\" \/>\n\t<meta name=\"twitter:data2\" content=\"2 minutos\" \/>\n<script type=\"application\/ld+json\" class=\"yoast-schema-graph\">{\"@context\":\"https:\/\/schema.org\",\"@graph\":[{\"@type\":\"WebPage\",\"@id\":\"https:\/\/nahuelproducciones.com.ar\/radioquijano\/operativo-de-transito-por-desplazamiento-de-dos-camiones-con-carga-sobredimensionada\/\",\"url\":\"https:\/\/nahuelproducciones.com.ar\/radioquijano\/operativo-de-transito-por-desplazamiento-de-dos-camiones-con-carga-sobredimensionada\/\",\"name\":\"Operativo de tr\u00e1nsito por desplazamiento de dos camiones con carga sobredimensionada - RQ 99.9\",\"isPartOf\":{\"@id\":\"https:\/\/nahuelproducciones.com.ar\/radioquijano\/#website\"},\"datePublished\":\"2023-12-14T13:11:23+00:00\",\"dateModified\":\"2023-12-14T13:11:24+00:00\",\"author\":{\"@id\":\"https:\/\/nahuelproducciones.com.ar\/radioquijano\/#\/schema\/person\/e8a4f939e2cb487fe6d0c54042c9d32c\"},\"description\":\"Si las condiciones clim\u00e1ticas acompa\u00f1an el dispositivo atravesar\u00e1, ma\u00f1ana jueves 14, avenidas y calles de las zonas este y sur de la ciudad con rumbo a ruta Nacional N\u00b051.\",\"breadcrumb\":{\"@id\":\"https:\/\/nahuelproducciones.com.ar\/radioquijano\/operativo-de-transito-por-desplazamiento-de-dos-camiones-con-carga-sobredimensionada\/#breadcrumb\"},\"inLanguage\":\"es\",\"potentialAction\":[{\"@type\":\"ReadAction\",\"target\":[\"https:\/\/nahuelproducciones.com.ar\/radioquijano\/operativo-de-transito-por-desplazamiento-de-dos-camiones-con-carga-sobredimensionada\/\"]}]},{\"@type\":\"BreadcrumbList\",\"@id\":\"https:\/\/nahuelproducciones.com.ar\/radioquijano\/operativo-de-transito-por-desplazamiento-de-dos-camiones-con-carga-sobredimensionada\/#breadcrumb\",\"itemListElement\":[{\"@type\":\"ListItem\",\"position\":1,\"name\":\"Portada\",\"item\":\"https:\/\/nahuelproducciones.com.ar\/radioquijano\/\"},{\"@type\":\"ListItem\",\"position\":2,\"name\":\"Operativo de tr\u00e1nsito por desplazamiento de dos camiones con carga sobredimensionada\"}]},{\"@type\":\"WebSite\",\"@id\":\"https:\/\/nahuelproducciones.com.ar\/radioquijano\/#website\",\"url\":\"https:\/\/nahuelproducciones.com.ar\/radioquijano\/\",\"name\":\"RQ 99.9\",\"description\":\"Radio Quijano 99.9 MHz\",\"potentialAction\":[{\"@type\":\"SearchAction\",\"target\":{\"@type\":\"EntryPoint\",\"urlTemplate\":\"https:\/\/nahuelproducciones.com.ar\/radioquijano\/?s={search_term_string}\"},\"query-input\":\"required name=search_term_string\"}],\"inLanguage\":\"es\"},{\"@type\":\"Person\",\"@id\":\"https:\/\/nahuelproducciones.com.ar\/radioquijano\/#\/schema\/person\/e8a4f939e2cb487fe6d0c54042c9d32c\",\"name\":\"Cecilia Pastrana\",\"image\":{\"@type\":\"ImageObject\",\"inLanguage\":\"es\",\"@id\":\"https:\/\/nahuelproducciones.com.ar\/radioquijano\/#\/schema\/person\/image\/\",\"url\":\"https:\/\/secure.gravatar.com\/avatar\/661a3ef63a8488d4f2794ed44af8cf71420f7e106f3072c40125114df5157749?s=96&d=mm&r=g\",\"contentUrl\":\"https:\/\/secure.gravatar.com\/avatar\/661a3ef63a8488d4f2794ed44af8cf71420f7e106f3072c40125114df5157749?s=96&d=mm&r=g\",\"caption\":\"Cecilia Pastrana\"},\"sameAs\":[\"cecy\"],\"url\":\"https:\/\/nahuelproducciones.com.ar\/radioquijano\/author\/cecy\/\"}]}<\/script>\n<!-- \/ Yoast SEO plugin. -->","yoast_head_json":{"title":"Operativo de tr\u00e1nsito por desplazamiento de dos camiones con carga sobredimensionada - RQ 99.9","description":"Si las condiciones clim\u00e1ticas acompa\u00f1an el dispositivo atravesar\u00e1, ma\u00f1ana jueves 14, avenidas y calles de las zonas este y sur de la ciudad con rumbo a ruta Nacional N\u00b051.","robots":{"index":"index","follow":"follow","max-snippet":"max-snippet:-1","max-image-preview":"max-image-preview:large","max-video-preview":"max-video-preview:-1"},"canonical":"https:\/\/nahuelproducciones.com.ar\/radioquijano\/operativo-de-transito-por-desplazamiento-de-dos-camiones-con-carga-sobredimensionada\/","og_locale":"es_ES","og_type":"article","og_title":"Operativo de tr\u00e1nsito por desplazamiento de dos camiones con carga sobredimensionada - RQ 99.9","og_description":"Si las condiciones clim\u00e1ticas acompa\u00f1an el dispositivo atravesar\u00e1, ma\u00f1ana jueves 14, avenidas y calles de las zonas este y sur de la ciudad con rumbo a ruta Nacional N\u00b051.","og_url":"https:\/\/nahuelproducciones.com.ar\/radioquijano\/operativo-de-transito-por-desplazamiento-de-dos-camiones-con-carga-sobredimensionada\/","og_site_name":"RQ 99.9","article_publisher":"https:\/\/www.facebook.com\/nahuelproducciones999\/","article_published_time":"2023-12-14T13:11:23+00:00","article_modified_time":"2023-12-14T13:11:24+00:00","og_image":[{"width":700,"height":467,"url":"https:\/\/nahuelproducciones.com.ar\/radioquijano\/wp-content\/uploads\/2023\/12\/operativo-carga-sobredimensionada-4-1536x1024-1-e1702559475499.jpg","type":"image\/jpeg"}],"author":"Cecilia Pastrana","twitter_card":"summary_large_image","twitter_creator":"@nahuproduciones","twitter_site":"@nahuproduciones","twitter_misc":{"Escrito por":"Cecilia Pastrana","Tiempo de lectura":"2 minutos"},"schema":{"@context":"https:\/\/schema.org","@graph":[{"@type":"WebPage","@id":"https:\/\/nahuelproducciones.com.ar\/radioquijano\/operativo-de-transito-por-desplazamiento-de-dos-camiones-con-carga-sobredimensionada\/","url":"https:\/\/nahuelproducciones.com.ar\/radioquijano\/operativo-de-transito-por-desplazamiento-de-dos-camiones-con-carga-sobredimensionada\/","name":"Operativo de tr\u00e1nsito por desplazamiento de dos camiones con carga sobredimensionada - RQ 99.9","isPartOf":{"@id":"https:\/\/nahuelproducciones.com.ar\/radioquijano\/#website"},"datePublished":"2023-12-14T13:11:23+00:00","dateModified":"2023-12-14T13:11:24+00:00","author":{"@id":"https:\/\/nahuelproducciones.com.ar\/radioquijano\/#\/schema\/person\/e8a4f939e2cb487fe6d0c54042c9d32c"},"description":"Si las condiciones clim\u00e1ticas acompa\u00f1an el dispositivo atravesar\u00e1, ma\u00f1ana jueves 14, avenidas y calles de las zonas este y sur de la ciudad con rumbo a ruta Nacional N\u00b051.","breadcrumb":{"@id":"https:\/\/nahuelproducciones.com.ar\/radioquijano\/operativo-de-transito-por-desplazamiento-de-dos-camiones-con-carga-sobredimensionada\/#breadcrumb"},"inLanguage":"es","potentialAction":[{"@type":"ReadAction","target":["https:\/\/nahuelproducciones.com.ar\/radioquijano\/operativo-de-transito-por-desplazamiento-de-dos-camiones-con-carga-sobredimensionada\/"]}]},{"@type":"BreadcrumbList","@id":"https:\/\/nahuelproducciones.com.ar\/radioquijano\/operativo-de-transito-por-desplazamiento-de-dos-camiones-con-carga-sobredimensionada\/#breadcrumb","itemListElement":[{"@type":"ListItem","position":1,"name":"Portada","item":"https:\/\/nahuelproducciones.com.ar\/radioquijano\/"},{"@type":"ListItem","position":2,"name":"Operativo de tr\u00e1nsito por desplazamiento de dos camiones con carga sobredimensionada"}]},{"@type":"WebSite","@id":"https:\/\/nahuelproducciones.com.ar\/radioquijano\/#website","url":"https:\/\/nahuelproducciones.com.ar\/radioquijano\/","name":"RQ 99.9","description":"Radio Quijano 99.9 MHz","potentialAction":[{"@type":"SearchAction","target":{"@type":"EntryPoint","urlTemplate":"https:\/\/nahuelproducciones.com.ar\/radioquijano\/?s={search_term_string}"},"query-input":"required name=search_term_string"}],"inLanguage":"es"},{"@type":"Person","@id":"https:\/\/nahuelproducciones.com.ar\/radioquijano\/#\/schema\/person\/e8a4f939e2cb487fe6d0c54042c9d32c","name":"Cecilia Pastrana","image":{"@type":"ImageObject","inLanguage":"es","@id":"https:\/\/nahuelproducciones.com.ar\/radioquijano\/#\/schema\/person\/image\/","url":"https:\/\/secure.gravatar.com\/avatar\/661a3ef63a8488d4f2794ed44af8cf71420f7e106f3072c40125114df5157749?s=96&d=mm&r=g","contentUrl":"https:\/\/secure.gravatar.com\/avatar\/661a3ef63a8488d4f2794ed44af8cf71420f7e106f3072c40125114df5157749?s=96&d=mm&r=g","caption":"Cecilia Pastrana"},"sameAs":["cecy"],"url":"https:\/\/nahuelproducciones.com.ar\/radioquijano\/author\/cecy\/"}]}},"_links":{"self":[{"href":"https:\/\/nahuelproducciones.com.ar\/radioquijano\/wp-json\/wp\/v2\/posts\/6550","targetHints":{"allow":["GET"]}}],"collection":[{"href":"https:\/\/nahuelproducciones.com.ar\/radioquijano\/wp-json\/wp\/v2\/posts"}],"about":[{"href":"https:\/\/nahuelproducciones.com.ar\/radioquijano\/wp-json\/wp\/v2\/types\/post"}],"author":[{"embeddable":true,"href":"https:\/\/nahuelproducciones.com.ar\/radioquijano\/wp-json\/wp\/v2\/users\/8"}],"replies":[{"embeddable":true,"href":"https:\/\/nahuelproducciones.com.ar\/radioquijano\/wp-json\/wp\/v2\/comments?post=6550"}],"version-history":[{"count":1,"href":"https:\/\/nahuelproducciones.com.ar\/radioquijano\/wp-json\/wp\/v2\/posts\/6550\/revisions"}],"predecessor-version":[{"id":6552,"href":"https:\/\/nahuelproducciones.com.ar\/radioquijano\/wp-json\/wp\/v2\/posts\/6550\/revisions\/6552"}],"wp:featuredmedia":[{"embeddable":true,"href":"https:\/\/nahuelproducciones.com.ar\/radioquijano\/wp-json\/wp\/v2\/media\/6551"}],"wp:attachment":[{"href":"https:\/\/nahuelproducciones.com.ar\/radioquijano\/wp-json\/wp\/v2\/media?parent=6550"}],"wp:term":[{"taxonomy":"category","embeddable":true,"href":"https:\/\/nahuelproducciones.com.ar\/radioquijano\/wp-json\/wp\/v2\/categories?post=6550"},{"taxonomy":"post_tag","embeddable":true,"href":"https:\/\/nahuelproducciones.com.ar\/radioquijano\/wp-json\/wp\/v2\/tags?post=6550"}],"curies":[{"name":"wp","href":"https:\/\/api.w.org\/{rel}","templated":true}]}}