{"id":6558,"date":"2023-12-15T11:58:13","date_gmt":"2023-12-15T14:58:13","guid":{"rendered":"https:\/\/nahuelproducciones.com.ar\/radioquijano\/?p=6558"},"modified":"2023-12-15T11:58:13","modified_gmt":"2023-12-15T14:58:13","slug":"esta-noche-se-inicia-la-reduccion-del-servicio-de-colectivos","status":"publish","type":"post","link":"https:\/\/nahuelproducciones.com.ar\/radioquijano\/esta-noche-se-inicia-la-reduccion-del-servicio-de-colectivos\/","title":{"rendered":"Esta noche, se inicia la reducci\u00f3n del servicio de colectivos"},"content":{"rendered":"\n<p>SAETA informa a sus usuarios que en raz\u00f3n de lo anunciado y determinado por las empresas subconscesionarias del servicio en el marco de la dif\u00edcil situaci\u00f3n que atraviesa la actividad del transporte de pasajeros en el contexto inflacionario actual, dar\u00e1 inicio esta noche la reducci\u00f3n del servicio nocturno de colectivos.<\/p>\n\n\n\n<p>Esta medida es adoptada en raz\u00f3n de la imposibilidad de dar continuidad al servicio afrontando los reiterados incrementos en el valor del combustible, el 400% de incremento registrado en los repuestos y del 1000% en neum\u00e1ticos adem\u00e1s de los costos laborales que se deben respetar.<\/p>\n\n\n\n<p>La reducci\u00f3n afectar\u00e1 a 33 l\u00edneas de la ciudad de Salta que cuentan con el servicio nocturno.<\/p>\n\n\n\n<p>Los usuarios podr\u00e1n conocer los horarios que quedar\u00e1n habilitados en el apartado de cada corredor en nuestra p\u00e1gina web www.saetasalta.com.ar y seguir los coches a trav\u00e9s de SAETA APP.<\/p>\n","protected":false},"excerpt":{"rendered":"<p>SAETA informa a sus usuarios que en raz\u00f3n de lo anunciado y determinado por las empresas subconscesionarias del servicio en el marco de la dif\u00edcil situaci\u00f3n que atraviesa la actividad del transporte de pasajeros en el contexto inflacionario actual, dar\u00e1 inicio esta noche la reducci\u00f3n del servicio nocturno de colectivos. Esta medida es adoptada en [&hellip;]<\/p>\n","protected":false},"author":8,"featured_media":6559,"comment_status":"open","ping_status":"open","sticky":false,"template":"","format":"standard","meta":{"_monsterinsights_skip_tracking":false,"_monsterinsights_sitenote_active":false,"_monsterinsights_sitenote_note":"","_monsterinsights_sitenote_category":0,"footnotes":""},"categories":[16],"tags":[100,404],"class_list":["post-6558","post","type-post","status-publish","format-standard","has-post-thumbnail","hentry","category-noticias","tag-municipio-de-campo-quijano","tag-saeta"],"yoast_head":"<!-- This site is optimized with the Yoast SEO plugin v20.8 - https:\/\/yoast.com\/wordpress\/plugins\/seo\/ -->\n<title>Esta noche, se inicia la reducci\u00f3n del servicio de colectivos - RQ 99.9<\/title>\n<meta name=\"description\" content=\"Comunicado oficial de Saeta:\" \/>\n<meta name=\"robots\" content=\"index, follow, max-snippet:-1, max-image-preview:large, max-video-preview:-1\" \/>\n<link rel=\"canonical\" href=\"https:\/\/nahuelproducciones.com.ar\/radioquijano\/esta-noche-se-inicia-la-reduccion-del-servicio-de-colectivos\/\" \/>\n<meta property=\"og:locale\" content=\"es_ES\" \/>\n<meta property=\"og:type\" content=\"article\" \/>\n<meta property=\"og:title\" content=\"Esta noche, se inicia la reducci\u00f3n del servicio de colectivos - RQ 99.9\" \/>\n<meta property=\"og:description\" content=\"Comunicado oficial de Saeta:\" \/>\n<meta property=\"og:url\" content=\"https:\/\/nahuelproducciones.com.ar\/radioquijano\/esta-noche-se-inicia-la-reduccion-del-servicio-de-colectivos\/\" \/>\n<meta property=\"og:site_name\" content=\"RQ 99.9\" \/>\n<meta property=\"article:publisher\" content=\"https:\/\/www.facebook.com\/nahuelproducciones999\/\" \/>\n<meta property=\"article:published_time\" content=\"2023-12-15T14:58:13+00:00\" \/>\n<meta property=\"og:image\" content=\"https:\/\/nahuelproducciones.com.ar\/radioquijano\/wp-content\/uploads\/2023\/12\/imagen_59560-e1702652283676.jpg\" \/>\n\t<meta property=\"og:image:width\" content=\"700\" \/>\n\t<meta property=\"og:image:height\" content=\"394\" \/>\n\t<meta property=\"og:image:type\" content=\"image\/jpeg\" \/>\n<meta name=\"author\" content=\"Cecilia Pastrana\" \/>\n<meta name=\"twitter:card\" content=\"summary_large_image\" \/>\n<meta name=\"twitter:creator\" content=\"@nahuproduciones\" \/>\n<meta name=\"twitter:site\" content=\"@nahuproduciones\" \/>\n<meta name=\"twitter:label1\" content=\"Escrito por\" \/>\n\t<meta name=\"twitter:data1\" content=\"Cecilia Pastrana\" \/>\n\t<meta name=\"twitter:label2\" content=\"Tiempo de lectura\" \/>\n\t<meta name=\"twitter:data2\" content=\"1 minuto\" \/>\n<script type=\"application\/ld+json\" class=\"yoast-schema-graph\">{\"@context\":\"https:\/\/schema.org\",\"@graph\":[{\"@type\":\"WebPage\",\"@id\":\"https:\/\/nahuelproducciones.com.ar\/radioquijano\/esta-noche-se-inicia-la-reduccion-del-servicio-de-colectivos\/\",\"url\":\"https:\/\/nahuelproducciones.com.ar\/radioquijano\/esta-noche-se-inicia-la-reduccion-del-servicio-de-colectivos\/\",\"name\":\"Esta noche, se inicia la reducci\u00f3n del servicio de colectivos - RQ 99.9\",\"isPartOf\":{\"@id\":\"https:\/\/nahuelproducciones.com.ar\/radioquijano\/#website\"},\"datePublished\":\"2023-12-15T14:58:13+00:00\",\"dateModified\":\"2023-12-15T14:58:13+00:00\",\"author\":{\"@id\":\"https:\/\/nahuelproducciones.com.ar\/radioquijano\/#\/schema\/person\/e8a4f939e2cb487fe6d0c54042c9d32c\"},\"description\":\"Comunicado oficial de Saeta:\",\"breadcrumb\":{\"@id\":\"https:\/\/nahuelproducciones.com.ar\/radioquijano\/esta-noche-se-inicia-la-reduccion-del-servicio-de-colectivos\/#breadcrumb\"},\"inLanguage\":\"es\",\"potentialAction\":[{\"@type\":\"ReadAction\",\"target\":[\"https:\/\/nahuelproducciones.com.ar\/radioquijano\/esta-noche-se-inicia-la-reduccion-del-servicio-de-colectivos\/\"]}]},{\"@type\":\"BreadcrumbList\",\"@id\":\"https:\/\/nahuelproducciones.com.ar\/radioquijano\/esta-noche-se-inicia-la-reduccion-del-servicio-de-colectivos\/#breadcrumb\",\"itemListElement\":[{\"@type\":\"ListItem\",\"position\":1,\"name\":\"Portada\",\"item\":\"https:\/\/nahuelproducciones.com.ar\/radioquijano\/\"},{\"@type\":\"ListItem\",\"position\":2,\"name\":\"Esta noche, se inicia la reducci\u00f3n del servicio de colectivos\"}]},{\"@type\":\"WebSite\",\"@id\":\"https:\/\/nahuelproducciones.com.ar\/radioquijano\/#website\",\"url\":\"https:\/\/nahuelproducciones.com.ar\/radioquijano\/\",\"name\":\"RQ 99.9\",\"description\":\"Radio Quijano 99.9 MHz\",\"potentialAction\":[{\"@type\":\"SearchAction\",\"target\":{\"@type\":\"EntryPoint\",\"urlTemplate\":\"https:\/\/nahuelproducciones.com.ar\/radioquijano\/?s={search_term_string}\"},\"query-input\":\"required name=search_term_string\"}],\"inLanguage\":\"es\"},{\"@type\":\"Person\",\"@id\":\"https:\/\/nahuelproducciones.com.ar\/radioquijano\/#\/schema\/person\/e8a4f939e2cb487fe6d0c54042c9d32c\",\"name\":\"Cecilia Pastrana\",\"image\":{\"@type\":\"ImageObject\",\"inLanguage\":\"es\",\"@id\":\"https:\/\/nahuelproducciones.com.ar\/radioquijano\/#\/schema\/person\/image\/\",\"url\":\"https:\/\/secure.gravatar.com\/avatar\/661a3ef63a8488d4f2794ed44af8cf71420f7e106f3072c40125114df5157749?s=96&d=mm&r=g\",\"contentUrl\":\"https:\/\/secure.gravatar.com\/avatar\/661a3ef63a8488d4f2794ed44af8cf71420f7e106f3072c40125114df5157749?s=96&d=mm&r=g\",\"caption\":\"Cecilia Pastrana\"},\"sameAs\":[\"cecy\"],\"url\":\"https:\/\/nahuelproducciones.com.ar\/radioquijano\/author\/cecy\/\"}]}<\/script>\n<!-- \/ Yoast SEO plugin. -->","yoast_head_json":{"title":"Esta noche, se inicia la reducci\u00f3n del servicio de colectivos - RQ 99.9","description":"Comunicado oficial de Saeta:","robots":{"index":"index","follow":"follow","max-snippet":"max-snippet:-1","max-image-preview":"max-image-preview:large","max-video-preview":"max-video-preview:-1"},"canonical":"https:\/\/nahuelproducciones.com.ar\/radioquijano\/esta-noche-se-inicia-la-reduccion-del-servicio-de-colectivos\/","og_locale":"es_ES","og_type":"article","og_title":"Esta noche, se inicia la reducci\u00f3n del servicio de colectivos - RQ 99.9","og_description":"Comunicado oficial de Saeta:","og_url":"https:\/\/nahuelproducciones.com.ar\/radioquijano\/esta-noche-se-inicia-la-reduccion-del-servicio-de-colectivos\/","og_site_name":"RQ 99.9","article_publisher":"https:\/\/www.facebook.com\/nahuelproducciones999\/","article_published_time":"2023-12-15T14:58:13+00:00","og_image":[{"width":700,"height":394,"url":"https:\/\/nahuelproducciones.com.ar\/radioquijano\/wp-content\/uploads\/2023\/12\/imagen_59560-e1702652283676.jpg","type":"image\/jpeg"}],"author":"Cecilia Pastrana","twitter_card":"summary_large_image","twitter_creator":"@nahuproduciones","twitter_site":"@nahuproduciones","twitter_misc":{"Escrito por":"Cecilia Pastrana","Tiempo de lectura":"1 minuto"},"schema":{"@context":"https:\/\/schema.org","@graph":[{"@type":"WebPage","@id":"https:\/\/nahuelproducciones.com.ar\/radioquijano\/esta-noche-se-inicia-la-reduccion-del-servicio-de-colectivos\/","url":"https:\/\/nahuelproducciones.com.ar\/radioquijano\/esta-noche-se-inicia-la-reduccion-del-servicio-de-colectivos\/","name":"Esta noche, se inicia la reducci\u00f3n del servicio de colectivos - RQ 99.9","isPartOf":{"@id":"https:\/\/nahuelproducciones.com.ar\/radioquijano\/#website"},"datePublished":"2023-12-15T14:58:13+00:00","dateModified":"2023-12-15T14:58:13+00:00","author":{"@id":"https:\/\/nahuelproducciones.com.ar\/radioquijano\/#\/schema\/person\/e8a4f939e2cb487fe6d0c54042c9d32c"},"description":"Comunicado oficial de Saeta:","breadcrumb":{"@id":"https:\/\/nahuelproducciones.com.ar\/radioquijano\/esta-noche-se-inicia-la-reduccion-del-servicio-de-colectivos\/#breadcrumb"},"inLanguage":"es","potentialAction":[{"@type":"ReadAction","target":["https:\/\/nahuelproducciones.com.ar\/radioquijano\/esta-noche-se-inicia-la-reduccion-del-servicio-de-colectivos\/"]}]},{"@type":"BreadcrumbList","@id":"https:\/\/nahuelproducciones.com.ar\/radioquijano\/esta-noche-se-inicia-la-reduccion-del-servicio-de-colectivos\/#breadcrumb","itemListElement":[{"@type":"ListItem","position":1,"name":"Portada","item":"https:\/\/nahuelproducciones.com.ar\/radioquijano\/"},{"@type":"ListItem","position":2,"name":"Esta noche, se inicia la reducci\u00f3n del servicio de colectivos"}]},{"@type":"WebSite","@id":"https:\/\/nahuelproducciones.com.ar\/radioquijano\/#website","url":"https:\/\/nahuelproducciones.com.ar\/radioquijano\/","name":"RQ 99.9","description":"Radio Quijano 99.9 MHz","potentialAction":[{"@type":"SearchAction","target":{"@type":"EntryPoint","urlTemplate":"https:\/\/nahuelproducciones.com.ar\/radioquijano\/?s={search_term_string}"},"query-input":"required name=search_term_string"}],"inLanguage":"es"},{"@type":"Person","@id":"https:\/\/nahuelproducciones.com.ar\/radioquijano\/#\/schema\/person\/e8a4f939e2cb487fe6d0c54042c9d32c","name":"Cecilia Pastrana","image":{"@type":"ImageObject","inLanguage":"es","@id":"https:\/\/nahuelproducciones.com.ar\/radioquijano\/#\/schema\/person\/image\/","url":"https:\/\/secure.gravatar.com\/avatar\/661a3ef63a8488d4f2794ed44af8cf71420f7e106f3072c40125114df5157749?s=96&d=mm&r=g","contentUrl":"https:\/\/secure.gravatar.com\/avatar\/661a3ef63a8488d4f2794ed44af8cf71420f7e106f3072c40125114df5157749?s=96&d=mm&r=g","caption":"Cecilia Pastrana"},"sameAs":["cecy"],"url":"https:\/\/nahuelproducciones.com.ar\/radioquijano\/author\/cecy\/"}]}},"_links":{"self":[{"href":"https:\/\/nahuelproducciones.com.ar\/radioquijano\/wp-json\/wp\/v2\/posts\/6558","targetHints":{"allow":["GET"]}}],"collection":[{"href":"https:\/\/nahuelproducciones.com.ar\/radioquijano\/wp-json\/wp\/v2\/posts"}],"about":[{"href":"https:\/\/nahuelproducciones.com.ar\/radioquijano\/wp-json\/wp\/v2\/types\/post"}],"author":[{"embeddable":true,"href":"https:\/\/nahuelproducciones.com.ar\/radioquijano\/wp-json\/wp\/v2\/users\/8"}],"replies":[{"embeddable":true,"href":"https:\/\/nahuelproducciones.com.ar\/radioquijano\/wp-json\/wp\/v2\/comments?post=6558"}],"version-history":[{"count":1,"href":"https:\/\/nahuelproducciones.com.ar\/radioquijano\/wp-json\/wp\/v2\/posts\/6558\/revisions"}],"predecessor-version":[{"id":6560,"href":"https:\/\/nahuelproducciones.com.ar\/radioquijano\/wp-json\/wp\/v2\/posts\/6558\/revisions\/6560"}],"wp:featuredmedia":[{"embeddable":true,"href":"https:\/\/nahuelproducciones.com.ar\/radioquijano\/wp-json\/wp\/v2\/media\/6559"}],"wp:attachment":[{"href":"https:\/\/nahuelproducciones.com.ar\/radioquijano\/wp-json\/wp\/v2\/media?parent=6558"}],"wp:term":[{"taxonomy":"category","embeddable":true,"href":"https:\/\/nahuelproducciones.com.ar\/radioquijano\/wp-json\/wp\/v2\/categories?post=6558"},{"taxonomy":"post_tag","embeddable":true,"href":"https:\/\/nahuelproducciones.com.ar\/radioquijano\/wp-json\/wp\/v2\/tags?post=6558"}],"curies":[{"name":"wp","href":"https:\/\/api.w.org\/{rel}","templated":true}]}}