{"id":6566,"date":"2023-12-19T20:41:48","date_gmt":"2023-12-19T23:41:48","guid":{"rendered":"https:\/\/nahuelproducciones.com.ar\/radioquijano\/?p=6566"},"modified":"2023-12-19T20:41:49","modified_gmt":"2023-12-19T23:41:49","slug":"se-confirma-un-caso-positivo-de-encefalomielitis-equina-en-salta","status":"publish","type":"post","link":"https:\/\/nahuelproducciones.com.ar\/radioquijano\/se-confirma-un-caso-positivo-de-encefalomielitis-equina-en-salta\/","title":{"rendered":"Se confirma un caso positivo de encefalomielitis equina en Salta"},"content":{"rendered":"\n<p>El&nbsp;<strong>Ministerio de Salud<\/strong>, a trav\u00e9s del programa de Zoonosis, informa que este mi\u00e9rcoles se recibi\u00f3 el reporte desde la Direcci\u00f3n Nacional de Epidemiolog\u00eda y del SENASA sobre un caso positivo de Enfermedad Equina del Oeste, detectada a un equino mestizo de un establecimiento rural ubicado al sur de Rosario de la Frontera, el cual forma parte de un tropilla de 9 ejemplares.<\/p>\n\n\n\n<p>\u00abEl d\u00eda s\u00e1bado 9 de diciembre, el animal comenz\u00f3 con sintomatolog\u00eda neurol\u00f3gica y dificultad en la marcha, por lo que se informa al veterinario responsable de los mismos quien comunica a SENASA para que realicen la investigaci\u00f3n y los an\u00e1lisis correspondientes. Posterior a la toma de muestra el animal fallece\u00bb, explic\u00f3 Nicol\u00e1s Huidobro, responsable de Zoonosis provincial.&nbsp;<\/p>\n\n\n\n<p>El gerente del AO Rosario de la Frontera, Miguel Astudillo, realiz\u00f3 un relevamiento de los animales y las personas expuestas en la finca.&nbsp;<\/p>\n\n\n\n<p>\u00abEl resto de los ocho caballos se encuentran en buen estado de salud, controlados por el veterinario y tenemos a 20 personas bajo vigilancia epidemiol\u00f3gica por 10 d\u00edas\u00bb, indic\u00f3 Astudillo.&nbsp;&nbsp;<\/p>\n\n\n\n<p><strong>Situaci\u00f3n nacional<\/strong><\/p>\n\n\n\n<p>Los casos de encefalomielitis equina del oeste (EEO) contin\u00faan en aumento en el pa\u00eds, y ya se confirmaron un total de 426 brotes en ocho provincias, seg\u00fan los datos disponibles en el \u00faltimo Bolet\u00edn Epidemiol\u00f3gico Nacional.<\/p>\n\n\n\n<p>El informe correspondiente a la semana epidemiol\u00f3gica (SE) 48 del a\u00f1o 2023 revel\u00f3, adem\u00e1s, que de los casos detectados, 13 se confirmaron por diagn\u00f3stico de laboratorio y 413 por diagn\u00f3stico cl\u00ednico, ya sea por sintomatolog\u00eda y\/o nexo epidemiol\u00f3gico.<\/p>\n\n\n\n<p>&nbsp;Asimismo, los registros oficiales indican que fallecieron 58 caballos por la enfermedad.<\/p>\n\n\n\n<p><strong>\u00bfQu\u00e9 es la encefalomielitis equina?<\/strong><\/p>\n\n\n\n<p>La encefalomielitis equina es una enfermedad ex\u00f3tica para Argentina, con el \u00faltimo registro oficial en 1988. Se trata de una infecci\u00f3n viral causada por un virus de la familia Togaviridae, que se transmite por la picadura de mosquitos. La encefalomielitis equina, como su nombre lo indica, afecta a los equinos, como caballos, yeguas y burros, y puede causar encefalitis grave en animales y humanos debido al da\u00f1o que ocasiona al sistema nervioso central.<\/p>\n\n\n\n<p>Dentro de las encefalomielitis equinas existen tres tipos: del Este, del Oeste y de Venezuela. Estas enfermedades se consideran ex\u00f3ticas en Argentina, con un \u00faltimo registro oficial que data de 1988. Seg\u00fan el Senasa, la tasa de letalidad en equinos que se enferman puede llegar al 90% en la variante del Este, y del 20 al 30% en la variante del Oeste, mientras que la de Venezuela oscila en un rango mayor, que va del 40 al 90%. Los animales que sobreviven a cualquiera de las enfermedades, pueden quedar con secuelas. En los humanos, se estima que la letalidad es menor.<\/p>\n\n\n\n<p><strong>\u00bfC\u00f3mo se transmite?<\/strong><\/p>\n\n\n\n<p>Esta enfermedad viral se transmite de las aves a los mosquitos, y estos a su vez infectan a los equinos y los seres humanos. Los mosquitos que transmiten la enfermedad generalmente se encuentran en zonas c\u00e1lidas y h\u00famedas. Estos se infectan al picar a un ave que est\u00e9 infectado con el virus. Luego, pueden transmitir el virus a otros caballos o a los humanos al picarlos. La investigaci\u00f3n m\u00e9dica indica que los caballos, los humanos y otros mam\u00edferos son hu\u00e9spedes incidentales.<\/p>\n\n\n\n<p>Una vez transmitido el virus, el periodo de incubaci\u00f3n de la enfermedad, es decir, el tiempo que pasa desde la infecci\u00f3n hasta que aparecen los signos cl\u00ednicos, es de 5 a 14 d\u00edas. No se ha informado la transmisi\u00f3n natural entre caballos, o de caballos a humanos. Tampoco se ha informado la transmisi\u00f3n de persona a persona.<\/p>\n\n\n\n<p>Los virus que producen la encefalomielitis equina del Este y del Oeste generalmente se desarrollan en las aves y los roedores, y luego se transmiten a trav\u00e9s de los mosquitos. La investigaci\u00f3n m\u00e9dica indica que los caballos, los humanos y otros mam\u00edferos son hu\u00e9spedes incidentales.<\/p>\n\n\n\n<hr class=\"wp-block-separator has-alpha-channel-opacity\"\/>\n\n\n\n<p>Fuente:&nbsp;<strong>Secretaria de Prensa y Comunicaci\u00f3n<\/strong><\/p>\n","protected":false},"excerpt":{"rendered":"<p>El&nbsp;Ministerio de Salud, a trav\u00e9s del programa de Zoonosis, informa que este mi\u00e9rcoles se recibi\u00f3 el reporte desde la Direcci\u00f3n Nacional de Epidemiolog\u00eda y del SENASA sobre un caso positivo de Enfermedad Equina del Oeste, detectada a un equino mestizo de un establecimiento rural ubicado al sur de Rosario de la Frontera, el cual forma [&hellip;]<\/p>\n","protected":false},"author":8,"featured_media":6567,"comment_status":"open","ping_status":"open","sticky":false,"template":"","format":"standard","meta":{"_monsterinsights_skip_tracking":false,"_monsterinsights_sitenote_active":false,"_monsterinsights_sitenote_note":"","_monsterinsights_sitenote_category":0,"footnotes":""},"categories":[16],"tags":[1369,100,1379],"class_list":["post-6566","post","type-post","status-publish","format-standard","has-post-thumbnail","hentry","category-noticias","tag-intendente-ing-lino-fernando-yonar","tag-municipio-de-campo-quijano","tag-positivo-encefalomielitis-equina-en-salta"],"yoast_head":"<!-- This site is optimized with the Yoast SEO plugin v20.8 - https:\/\/yoast.com\/wordpress\/plugins\/seo\/ -->\n<title>Se confirma un caso positivo de encefalomielitis equina en Salta - RQ 99.9<\/title>\n<meta name=\"description\" content=\"Se trata de un equino mestizo, de un establecimiento rural ubicado al sur de Rosario de la Frontera. Se trabaja con la vigilancia epidemiol\u00f3gica correspondiente.\" \/>\n<meta name=\"robots\" content=\"index, follow, max-snippet:-1, max-image-preview:large, max-video-preview:-1\" \/>\n<link rel=\"canonical\" href=\"https:\/\/nahuelproducciones.com.ar\/radioquijano\/se-confirma-un-caso-positivo-de-encefalomielitis-equina-en-salta\/\" \/>\n<meta property=\"og:locale\" content=\"es_ES\" \/>\n<meta property=\"og:type\" content=\"article\" \/>\n<meta property=\"og:title\" content=\"Se confirma un caso positivo de encefalomielitis equina en Salta - RQ 99.9\" \/>\n<meta property=\"og:description\" content=\"Se trata de un equino mestizo, de un establecimiento rural ubicado al sur de Rosario de la Frontera. Se trabaja con la vigilancia epidemiol\u00f3gica correspondiente.\" \/>\n<meta property=\"og:url\" content=\"https:\/\/nahuelproducciones.com.ar\/radioquijano\/se-confirma-un-caso-positivo-de-encefalomielitis-equina-en-salta\/\" \/>\n<meta property=\"og:site_name\" content=\"RQ 99.9\" \/>\n<meta property=\"article:publisher\" content=\"https:\/\/www.facebook.com\/nahuelproducciones999\/\" \/>\n<meta property=\"article:published_time\" content=\"2023-12-19T23:41:48+00:00\" \/>\n<meta property=\"article:modified_time\" content=\"2023-12-19T23:41:49+00:00\" \/>\n<meta property=\"og:image\" content=\"https:\/\/nahuelproducciones.com.ar\/radioquijano\/wp-content\/uploads\/2023\/12\/93449-se-confirma-un-caso-positivo-de-encefalomielitis-equina-en-salta-e1703029288513.jpg\" \/>\n\t<meta property=\"og:image:width\" content=\"700\" \/>\n\t<meta property=\"og:image:height\" content=\"469\" \/>\n\t<meta property=\"og:image:type\" content=\"image\/jpeg\" \/>\n<meta name=\"author\" content=\"Cecilia Pastrana\" \/>\n<meta name=\"twitter:card\" content=\"summary_large_image\" \/>\n<meta name=\"twitter:creator\" content=\"@nahuproduciones\" \/>\n<meta name=\"twitter:site\" content=\"@nahuproduciones\" \/>\n<meta name=\"twitter:label1\" content=\"Escrito por\" \/>\n\t<meta name=\"twitter:data1\" content=\"Cecilia Pastrana\" \/>\n\t<meta name=\"twitter:label2\" content=\"Tiempo de lectura\" \/>\n\t<meta name=\"twitter:data2\" content=\"3 minutos\" \/>\n<script type=\"application\/ld+json\" class=\"yoast-schema-graph\">{\"@context\":\"https:\/\/schema.org\",\"@graph\":[{\"@type\":\"WebPage\",\"@id\":\"https:\/\/nahuelproducciones.com.ar\/radioquijano\/se-confirma-un-caso-positivo-de-encefalomielitis-equina-en-salta\/\",\"url\":\"https:\/\/nahuelproducciones.com.ar\/radioquijano\/se-confirma-un-caso-positivo-de-encefalomielitis-equina-en-salta\/\",\"name\":\"Se confirma un caso positivo de encefalomielitis equina en Salta - RQ 99.9\",\"isPartOf\":{\"@id\":\"https:\/\/nahuelproducciones.com.ar\/radioquijano\/#website\"},\"datePublished\":\"2023-12-19T23:41:48+00:00\",\"dateModified\":\"2023-12-19T23:41:49+00:00\",\"author\":{\"@id\":\"https:\/\/nahuelproducciones.com.ar\/radioquijano\/#\/schema\/person\/e8a4f939e2cb487fe6d0c54042c9d32c\"},\"description\":\"Se trata de un equino mestizo, de un establecimiento rural ubicado al sur de Rosario de la Frontera. Se trabaja con la vigilancia epidemiol\u00f3gica correspondiente.\",\"breadcrumb\":{\"@id\":\"https:\/\/nahuelproducciones.com.ar\/radioquijano\/se-confirma-un-caso-positivo-de-encefalomielitis-equina-en-salta\/#breadcrumb\"},\"inLanguage\":\"es\",\"potentialAction\":[{\"@type\":\"ReadAction\",\"target\":[\"https:\/\/nahuelproducciones.com.ar\/radioquijano\/se-confirma-un-caso-positivo-de-encefalomielitis-equina-en-salta\/\"]}]},{\"@type\":\"BreadcrumbList\",\"@id\":\"https:\/\/nahuelproducciones.com.ar\/radioquijano\/se-confirma-un-caso-positivo-de-encefalomielitis-equina-en-salta\/#breadcrumb\",\"itemListElement\":[{\"@type\":\"ListItem\",\"position\":1,\"name\":\"Portada\",\"item\":\"https:\/\/nahuelproducciones.com.ar\/radioquijano\/\"},{\"@type\":\"ListItem\",\"position\":2,\"name\":\"Se confirma un caso positivo de encefalomielitis equina en Salta\"}]},{\"@type\":\"WebSite\",\"@id\":\"https:\/\/nahuelproducciones.com.ar\/radioquijano\/#website\",\"url\":\"https:\/\/nahuelproducciones.com.ar\/radioquijano\/\",\"name\":\"RQ 99.9\",\"description\":\"Radio Quijano 99.9 MHz\",\"potentialAction\":[{\"@type\":\"SearchAction\",\"target\":{\"@type\":\"EntryPoint\",\"urlTemplate\":\"https:\/\/nahuelproducciones.com.ar\/radioquijano\/?s={search_term_string}\"},\"query-input\":\"required name=search_term_string\"}],\"inLanguage\":\"es\"},{\"@type\":\"Person\",\"@id\":\"https:\/\/nahuelproducciones.com.ar\/radioquijano\/#\/schema\/person\/e8a4f939e2cb487fe6d0c54042c9d32c\",\"name\":\"Cecilia Pastrana\",\"image\":{\"@type\":\"ImageObject\",\"inLanguage\":\"es\",\"@id\":\"https:\/\/nahuelproducciones.com.ar\/radioquijano\/#\/schema\/person\/image\/\",\"url\":\"https:\/\/secure.gravatar.com\/avatar\/661a3ef63a8488d4f2794ed44af8cf71420f7e106f3072c40125114df5157749?s=96&d=mm&r=g\",\"contentUrl\":\"https:\/\/secure.gravatar.com\/avatar\/661a3ef63a8488d4f2794ed44af8cf71420f7e106f3072c40125114df5157749?s=96&d=mm&r=g\",\"caption\":\"Cecilia Pastrana\"},\"sameAs\":[\"cecy\"],\"url\":\"https:\/\/nahuelproducciones.com.ar\/radioquijano\/author\/cecy\/\"}]}<\/script>\n<!-- \/ Yoast SEO plugin. -->","yoast_head_json":{"title":"Se confirma un caso positivo de encefalomielitis equina en Salta - RQ 99.9","description":"Se trata de un equino mestizo, de un establecimiento rural ubicado al sur de Rosario de la Frontera. Se trabaja con la vigilancia epidemiol\u00f3gica correspondiente.","robots":{"index":"index","follow":"follow","max-snippet":"max-snippet:-1","max-image-preview":"max-image-preview:large","max-video-preview":"max-video-preview:-1"},"canonical":"https:\/\/nahuelproducciones.com.ar\/radioquijano\/se-confirma-un-caso-positivo-de-encefalomielitis-equina-en-salta\/","og_locale":"es_ES","og_type":"article","og_title":"Se confirma un caso positivo de encefalomielitis equina en Salta - RQ 99.9","og_description":"Se trata de un equino mestizo, de un establecimiento rural ubicado al sur de Rosario de la Frontera. Se trabaja con la vigilancia epidemiol\u00f3gica correspondiente.","og_url":"https:\/\/nahuelproducciones.com.ar\/radioquijano\/se-confirma-un-caso-positivo-de-encefalomielitis-equina-en-salta\/","og_site_name":"RQ 99.9","article_publisher":"https:\/\/www.facebook.com\/nahuelproducciones999\/","article_published_time":"2023-12-19T23:41:48+00:00","article_modified_time":"2023-12-19T23:41:49+00:00","og_image":[{"width":700,"height":469,"url":"https:\/\/nahuelproducciones.com.ar\/radioquijano\/wp-content\/uploads\/2023\/12\/93449-se-confirma-un-caso-positivo-de-encefalomielitis-equina-en-salta-e1703029288513.jpg","type":"image\/jpeg"}],"author":"Cecilia Pastrana","twitter_card":"summary_large_image","twitter_creator":"@nahuproduciones","twitter_site":"@nahuproduciones","twitter_misc":{"Escrito por":"Cecilia Pastrana","Tiempo de lectura":"3 minutos"},"schema":{"@context":"https:\/\/schema.org","@graph":[{"@type":"WebPage","@id":"https:\/\/nahuelproducciones.com.ar\/radioquijano\/se-confirma-un-caso-positivo-de-encefalomielitis-equina-en-salta\/","url":"https:\/\/nahuelproducciones.com.ar\/radioquijano\/se-confirma-un-caso-positivo-de-encefalomielitis-equina-en-salta\/","name":"Se confirma un caso positivo de encefalomielitis equina en Salta - RQ 99.9","isPartOf":{"@id":"https:\/\/nahuelproducciones.com.ar\/radioquijano\/#website"},"datePublished":"2023-12-19T23:41:48+00:00","dateModified":"2023-12-19T23:41:49+00:00","author":{"@id":"https:\/\/nahuelproducciones.com.ar\/radioquijano\/#\/schema\/person\/e8a4f939e2cb487fe6d0c54042c9d32c"},"description":"Se trata de un equino mestizo, de un establecimiento rural ubicado al sur de Rosario de la Frontera. Se trabaja con la vigilancia epidemiol\u00f3gica correspondiente.","breadcrumb":{"@id":"https:\/\/nahuelproducciones.com.ar\/radioquijano\/se-confirma-un-caso-positivo-de-encefalomielitis-equina-en-salta\/#breadcrumb"},"inLanguage":"es","potentialAction":[{"@type":"ReadAction","target":["https:\/\/nahuelproducciones.com.ar\/radioquijano\/se-confirma-un-caso-positivo-de-encefalomielitis-equina-en-salta\/"]}]},{"@type":"BreadcrumbList","@id":"https:\/\/nahuelproducciones.com.ar\/radioquijano\/se-confirma-un-caso-positivo-de-encefalomielitis-equina-en-salta\/#breadcrumb","itemListElement":[{"@type":"ListItem","position":1,"name":"Portada","item":"https:\/\/nahuelproducciones.com.ar\/radioquijano\/"},{"@type":"ListItem","position":2,"name":"Se confirma un caso positivo de encefalomielitis equina en Salta"}]},{"@type":"WebSite","@id":"https:\/\/nahuelproducciones.com.ar\/radioquijano\/#website","url":"https:\/\/nahuelproducciones.com.ar\/radioquijano\/","name":"RQ 99.9","description":"Radio Quijano 99.9 MHz","potentialAction":[{"@type":"SearchAction","target":{"@type":"EntryPoint","urlTemplate":"https:\/\/nahuelproducciones.com.ar\/radioquijano\/?s={search_term_string}"},"query-input":"required name=search_term_string"}],"inLanguage":"es"},{"@type":"Person","@id":"https:\/\/nahuelproducciones.com.ar\/radioquijano\/#\/schema\/person\/e8a4f939e2cb487fe6d0c54042c9d32c","name":"Cecilia Pastrana","image":{"@type":"ImageObject","inLanguage":"es","@id":"https:\/\/nahuelproducciones.com.ar\/radioquijano\/#\/schema\/person\/image\/","url":"https:\/\/secure.gravatar.com\/avatar\/661a3ef63a8488d4f2794ed44af8cf71420f7e106f3072c40125114df5157749?s=96&d=mm&r=g","contentUrl":"https:\/\/secure.gravatar.com\/avatar\/661a3ef63a8488d4f2794ed44af8cf71420f7e106f3072c40125114df5157749?s=96&d=mm&r=g","caption":"Cecilia Pastrana"},"sameAs":["cecy"],"url":"https:\/\/nahuelproducciones.com.ar\/radioquijano\/author\/cecy\/"}]}},"_links":{"self":[{"href":"https:\/\/nahuelproducciones.com.ar\/radioquijano\/wp-json\/wp\/v2\/posts\/6566","targetHints":{"allow":["GET"]}}],"collection":[{"href":"https:\/\/nahuelproducciones.com.ar\/radioquijano\/wp-json\/wp\/v2\/posts"}],"about":[{"href":"https:\/\/nahuelproducciones.com.ar\/radioquijano\/wp-json\/wp\/v2\/types\/post"}],"author":[{"embeddable":true,"href":"https:\/\/nahuelproducciones.com.ar\/radioquijano\/wp-json\/wp\/v2\/users\/8"}],"replies":[{"embeddable":true,"href":"https:\/\/nahuelproducciones.com.ar\/radioquijano\/wp-json\/wp\/v2\/comments?post=6566"}],"version-history":[{"count":1,"href":"https:\/\/nahuelproducciones.com.ar\/radioquijano\/wp-json\/wp\/v2\/posts\/6566\/revisions"}],"predecessor-version":[{"id":6568,"href":"https:\/\/nahuelproducciones.com.ar\/radioquijano\/wp-json\/wp\/v2\/posts\/6566\/revisions\/6568"}],"wp:featuredmedia":[{"embeddable":true,"href":"https:\/\/nahuelproducciones.com.ar\/radioquijano\/wp-json\/wp\/v2\/media\/6567"}],"wp:attachment":[{"href":"https:\/\/nahuelproducciones.com.ar\/radioquijano\/wp-json\/wp\/v2\/media?parent=6566"}],"wp:term":[{"taxonomy":"category","embeddable":true,"href":"https:\/\/nahuelproducciones.com.ar\/radioquijano\/wp-json\/wp\/v2\/categories?post=6566"},{"taxonomy":"post_tag","embeddable":true,"href":"https:\/\/nahuelproducciones.com.ar\/radioquijano\/wp-json\/wp\/v2\/tags?post=6566"}],"curies":[{"name":"wp","href":"https:\/\/api.w.org\/{rel}","templated":true}]}}