{"id":6569,"date":"2023-12-19T23:30:46","date_gmt":"2023-12-20T02:30:46","guid":{"rendered":"https:\/\/nahuelproducciones.com.ar\/radioquijano\/?p=6569"},"modified":"2023-12-20T08:37:15","modified_gmt":"2023-12-20T11:37:15","slug":"majo-aun-su-salud-esta-en-estado-critico","status":"publish","type":"post","link":"https:\/\/nahuelproducciones.com.ar\/radioquijano\/majo-aun-su-salud-esta-en-estado-critico\/","title":{"rendered":"Majo: Su salud en estado cr\u00edtico ."},"content":{"rendered":"\n<p>Familia, amigos y vecinos&nbsp;piden justicia.<\/p>\n\n\n\n<p>El 3 de Diciembre Mar\u00eda Jos\u00e9 Cabrera asisti\u00f3 junto a un grupo de amigos a local bailable que se encuentra en ruta 36 en Campo Quijano. A la salida, un conductor la embisti\u00f3, en dos oportunidades pasando por encima con el veh\u00edculo y dej\u00e1ndola en grave estado, huyendo del lugar, seg\u00fan versiones de testigos.<\/p>\n\n\n\n<p>Alejandra Gonzalez, prima de Majo cont\u00f3 a RQ99.9 Mhz que el estudio S.A. Asociados a cargo del Dr. Santiago Pedroza  encargado de buscar justicia,  esta avanzando en la investigaci\u00f3n. El Dr. present\u00f3 un recurso legal para que la justicia califique el hecho como <strong>\u00abtentativa de homicidio agravado por la participaci\u00f3n de m\u00e1s de dos personas en concurso real y abandono de persona\u00bb<\/strong>, como as\u00ed tambi\u00e9n solicita la orden de detenci\u00f3n inmediata del principal acusado un joven de 20 a\u00f1os y de los acompa\u00f1antes.<\/p>\n\n\n\n<p>De las investigaciones se pudo establecer la identidad del conductor y causante, a los integrantes del veh\u00edculo que la atropell\u00f3 como del otro veh\u00edculo que acompa\u00f1aba a \u00e9ste y que tambi\u00e9n se dio a la fuga.<\/p>\n\n\n\n<p>Alejandra manifest\u00f3 que ya se encuentran detenidos dos j\u00f3venes que son participes del hecho R. L. y F. J. L.<\/p>\n\n\n\n<p>Todos est\u00e1n muy preocupados por la salud de Mar\u00eda Jos\u00e9 Cabrera, que hasta el momento su estado es critico.<\/p>\n\n\n\n<p>La familia comparti\u00f3 tambi\u00e9n en Redes Sociales la siguiente imagen:<\/p>\n\n\n<div class=\"wp-block-image\">\n<figure class=\"aligncenter size-large is-resized\"><img loading=\"lazy\" decoding=\"async\" src=\"https:\/\/nahuelproducciones.com.ar\/radioquijano\/wp-content\/uploads\/2023\/12\/WhatsApp-Image-2023-12-20-at-8.23.35-AM-1024x1024.jpeg\" alt=\"\" class=\"wp-image-6614\" width=\"442\" height=\"442\" srcset=\"https:\/\/nahuelproducciones.com.ar\/radioquijano\/wp-content\/uploads\/2023\/12\/WhatsApp-Image-2023-12-20-at-8.23.35-AM-1024x1024.jpeg 1024w, https:\/\/nahuelproducciones.com.ar\/radioquijano\/wp-content\/uploads\/2023\/12\/WhatsApp-Image-2023-12-20-at-8.23.35-AM-300x300.jpeg 300w, https:\/\/nahuelproducciones.com.ar\/radioquijano\/wp-content\/uploads\/2023\/12\/WhatsApp-Image-2023-12-20-at-8.23.35-AM-768x768.jpeg 768w, https:\/\/nahuelproducciones.com.ar\/radioquijano\/wp-content\/uploads\/2023\/12\/WhatsApp-Image-2023-12-20-at-8.23.35-AM-96x96.jpeg 96w, https:\/\/nahuelproducciones.com.ar\/radioquijano\/wp-content\/uploads\/2023\/12\/WhatsApp-Image-2023-12-20-at-8.23.35-AM-150x150.jpeg 150w, https:\/\/nahuelproducciones.com.ar\/radioquijano\/wp-content\/uploads\/2023\/12\/WhatsApp-Image-2023-12-20-at-8.23.35-AM.jpeg 1280w\" sizes=\"auto, (max-width: 442px) 100vw, 442px\" \/><\/figure><\/div>","protected":false},"excerpt":{"rendered":"<p>Familia, amigos y vecinos&nbsp;piden justicia. El 3 de Diciembre Mar\u00eda Jos\u00e9 Cabrera asisti\u00f3 junto a un grupo de amigos a local bailable que se encuentra en ruta 36 en Campo Quijano. A la salida, un conductor la embisti\u00f3, en dos oportunidades pasando por encima con el veh\u00edculo y dej\u00e1ndola en grave estado, huyendo del lugar, [&hellip;]<\/p>\n","protected":false},"author":8,"featured_media":6575,"comment_status":"open","ping_status":"open","sticky":false,"template":"","format":"standard","meta":{"_monsterinsights_skip_tracking":false,"_monsterinsights_sitenote_active":false,"_monsterinsights_sitenote_note":"","_monsterinsights_sitenote_category":0,"footnotes":""},"categories":[16],"tags":[1381,1380,100],"class_list":["post-6569","post","type-post","status-publish","format-standard","has-post-thumbnail","hentry","category-noticias","tag-justicia","tag-majo","tag-municipio-de-campo-quijano"],"yoast_head":"<!-- This site is optimized with the Yoast SEO plugin v20.8 - https:\/\/yoast.com\/wordpress\/plugins\/seo\/ -->\n<title>Majo: Su salud en estado cr\u00edtico . - RQ 99.9<\/title>\n<meta name=\"description\" content=\"Alejandra manifest\u00f3 que ya se encuentran detenidos dos j\u00f3venes que son participes del hecho.\" \/>\n<meta name=\"robots\" content=\"index, follow, max-snippet:-1, max-image-preview:large, max-video-preview:-1\" \/>\n<link rel=\"canonical\" href=\"https:\/\/nahuelproducciones.com.ar\/radioquijano\/majo-aun-su-salud-esta-en-estado-critico\/\" \/>\n<meta property=\"og:locale\" content=\"es_ES\" \/>\n<meta property=\"og:type\" content=\"article\" \/>\n<meta property=\"og:title\" content=\"Majo: Su salud en estado cr\u00edtico . - RQ 99.9\" \/>\n<meta property=\"og:description\" content=\"Alejandra manifest\u00f3 que ya se encuentran detenidos dos j\u00f3venes que son participes del hecho.\" \/>\n<meta property=\"og:url\" content=\"https:\/\/nahuelproducciones.com.ar\/radioquijano\/majo-aun-su-salud-esta-en-estado-critico\/\" \/>\n<meta property=\"og:site_name\" content=\"RQ 99.9\" \/>\n<meta property=\"article:publisher\" content=\"https:\/\/www.facebook.com\/nahuelproducciones999\/\" \/>\n<meta property=\"article:published_time\" content=\"2023-12-20T02:30:46+00:00\" \/>\n<meta property=\"article:modified_time\" content=\"2023-12-20T11:37:15+00:00\" \/>\n<meta property=\"og:image\" content=\"https:\/\/nahuelproducciones.com.ar\/radioquijano\/wp-content\/uploads\/2023\/12\/408483952_2277557759102667_5916639974902557534_n-e1703039399608.jpg\" \/>\n\t<meta property=\"og:image:width\" content=\"700\" \/>\n\t<meta property=\"og:image:height\" content=\"720\" \/>\n\t<meta property=\"og:image:type\" content=\"image\/jpeg\" \/>\n<meta name=\"author\" content=\"Cecilia Pastrana\" \/>\n<meta name=\"twitter:card\" content=\"summary_large_image\" \/>\n<meta name=\"twitter:creator\" content=\"@nahuproduciones\" \/>\n<meta name=\"twitter:site\" content=\"@nahuproduciones\" \/>\n<meta name=\"twitter:label1\" content=\"Escrito por\" \/>\n\t<meta name=\"twitter:data1\" content=\"Cecilia Pastrana\" \/>\n\t<meta name=\"twitter:label2\" content=\"Tiempo de lectura\" \/>\n\t<meta name=\"twitter:data2\" content=\"2 minutos\" \/>\n<script type=\"application\/ld+json\" class=\"yoast-schema-graph\">{\"@context\":\"https:\/\/schema.org\",\"@graph\":[{\"@type\":\"WebPage\",\"@id\":\"https:\/\/nahuelproducciones.com.ar\/radioquijano\/majo-aun-su-salud-esta-en-estado-critico\/\",\"url\":\"https:\/\/nahuelproducciones.com.ar\/radioquijano\/majo-aun-su-salud-esta-en-estado-critico\/\",\"name\":\"Majo: Su salud en estado cr\u00edtico . - RQ 99.9\",\"isPartOf\":{\"@id\":\"https:\/\/nahuelproducciones.com.ar\/radioquijano\/#website\"},\"datePublished\":\"2023-12-20T02:30:46+00:00\",\"dateModified\":\"2023-12-20T11:37:15+00:00\",\"author\":{\"@id\":\"https:\/\/nahuelproducciones.com.ar\/radioquijano\/#\/schema\/person\/e8a4f939e2cb487fe6d0c54042c9d32c\"},\"description\":\"Alejandra manifest\u00f3 que ya se encuentran detenidos dos j\u00f3venes que son participes del hecho.\",\"breadcrumb\":{\"@id\":\"https:\/\/nahuelproducciones.com.ar\/radioquijano\/majo-aun-su-salud-esta-en-estado-critico\/#breadcrumb\"},\"inLanguage\":\"es\",\"potentialAction\":[{\"@type\":\"ReadAction\",\"target\":[\"https:\/\/nahuelproducciones.com.ar\/radioquijano\/majo-aun-su-salud-esta-en-estado-critico\/\"]}]},{\"@type\":\"BreadcrumbList\",\"@id\":\"https:\/\/nahuelproducciones.com.ar\/radioquijano\/majo-aun-su-salud-esta-en-estado-critico\/#breadcrumb\",\"itemListElement\":[{\"@type\":\"ListItem\",\"position\":1,\"name\":\"Portada\",\"item\":\"https:\/\/nahuelproducciones.com.ar\/radioquijano\/\"},{\"@type\":\"ListItem\",\"position\":2,\"name\":\"Majo: Su salud en estado cr\u00edtico .\"}]},{\"@type\":\"WebSite\",\"@id\":\"https:\/\/nahuelproducciones.com.ar\/radioquijano\/#website\",\"url\":\"https:\/\/nahuelproducciones.com.ar\/radioquijano\/\",\"name\":\"RQ 99.9\",\"description\":\"Radio Quijano 99.9 MHz\",\"potentialAction\":[{\"@type\":\"SearchAction\",\"target\":{\"@type\":\"EntryPoint\",\"urlTemplate\":\"https:\/\/nahuelproducciones.com.ar\/radioquijano\/?s={search_term_string}\"},\"query-input\":\"required name=search_term_string\"}],\"inLanguage\":\"es\"},{\"@type\":\"Person\",\"@id\":\"https:\/\/nahuelproducciones.com.ar\/radioquijano\/#\/schema\/person\/e8a4f939e2cb487fe6d0c54042c9d32c\",\"name\":\"Cecilia Pastrana\",\"image\":{\"@type\":\"ImageObject\",\"inLanguage\":\"es\",\"@id\":\"https:\/\/nahuelproducciones.com.ar\/radioquijano\/#\/schema\/person\/image\/\",\"url\":\"https:\/\/secure.gravatar.com\/avatar\/661a3ef63a8488d4f2794ed44af8cf71420f7e106f3072c40125114df5157749?s=96&d=mm&r=g\",\"contentUrl\":\"https:\/\/secure.gravatar.com\/avatar\/661a3ef63a8488d4f2794ed44af8cf71420f7e106f3072c40125114df5157749?s=96&d=mm&r=g\",\"caption\":\"Cecilia Pastrana\"},\"sameAs\":[\"cecy\"],\"url\":\"https:\/\/nahuelproducciones.com.ar\/radioquijano\/author\/cecy\/\"}]}<\/script>\n<!-- \/ Yoast SEO plugin. -->","yoast_head_json":{"title":"Majo: Su salud en estado cr\u00edtico . - RQ 99.9","description":"Alejandra manifest\u00f3 que ya se encuentran detenidos dos j\u00f3venes que son participes del hecho.","robots":{"index":"index","follow":"follow","max-snippet":"max-snippet:-1","max-image-preview":"max-image-preview:large","max-video-preview":"max-video-preview:-1"},"canonical":"https:\/\/nahuelproducciones.com.ar\/radioquijano\/majo-aun-su-salud-esta-en-estado-critico\/","og_locale":"es_ES","og_type":"article","og_title":"Majo: Su salud en estado cr\u00edtico . - RQ 99.9","og_description":"Alejandra manifest\u00f3 que ya se encuentran detenidos dos j\u00f3venes que son participes del hecho.","og_url":"https:\/\/nahuelproducciones.com.ar\/radioquijano\/majo-aun-su-salud-esta-en-estado-critico\/","og_site_name":"RQ 99.9","article_publisher":"https:\/\/www.facebook.com\/nahuelproducciones999\/","article_published_time":"2023-12-20T02:30:46+00:00","article_modified_time":"2023-12-20T11:37:15+00:00","og_image":[{"width":700,"height":720,"url":"https:\/\/nahuelproducciones.com.ar\/radioquijano\/wp-content\/uploads\/2023\/12\/408483952_2277557759102667_5916639974902557534_n-e1703039399608.jpg","type":"image\/jpeg"}],"author":"Cecilia Pastrana","twitter_card":"summary_large_image","twitter_creator":"@nahuproduciones","twitter_site":"@nahuproduciones","twitter_misc":{"Escrito por":"Cecilia Pastrana","Tiempo de lectura":"2 minutos"},"schema":{"@context":"https:\/\/schema.org","@graph":[{"@type":"WebPage","@id":"https:\/\/nahuelproducciones.com.ar\/radioquijano\/majo-aun-su-salud-esta-en-estado-critico\/","url":"https:\/\/nahuelproducciones.com.ar\/radioquijano\/majo-aun-su-salud-esta-en-estado-critico\/","name":"Majo: Su salud en estado cr\u00edtico . - RQ 99.9","isPartOf":{"@id":"https:\/\/nahuelproducciones.com.ar\/radioquijano\/#website"},"datePublished":"2023-12-20T02:30:46+00:00","dateModified":"2023-12-20T11:37:15+00:00","author":{"@id":"https:\/\/nahuelproducciones.com.ar\/radioquijano\/#\/schema\/person\/e8a4f939e2cb487fe6d0c54042c9d32c"},"description":"Alejandra manifest\u00f3 que ya se encuentran detenidos dos j\u00f3venes que son participes del hecho.","breadcrumb":{"@id":"https:\/\/nahuelproducciones.com.ar\/radioquijano\/majo-aun-su-salud-esta-en-estado-critico\/#breadcrumb"},"inLanguage":"es","potentialAction":[{"@type":"ReadAction","target":["https:\/\/nahuelproducciones.com.ar\/radioquijano\/majo-aun-su-salud-esta-en-estado-critico\/"]}]},{"@type":"BreadcrumbList","@id":"https:\/\/nahuelproducciones.com.ar\/radioquijano\/majo-aun-su-salud-esta-en-estado-critico\/#breadcrumb","itemListElement":[{"@type":"ListItem","position":1,"name":"Portada","item":"https:\/\/nahuelproducciones.com.ar\/radioquijano\/"},{"@type":"ListItem","position":2,"name":"Majo: Su salud en estado cr\u00edtico ."}]},{"@type":"WebSite","@id":"https:\/\/nahuelproducciones.com.ar\/radioquijano\/#website","url":"https:\/\/nahuelproducciones.com.ar\/radioquijano\/","name":"RQ 99.9","description":"Radio Quijano 99.9 MHz","potentialAction":[{"@type":"SearchAction","target":{"@type":"EntryPoint","urlTemplate":"https:\/\/nahuelproducciones.com.ar\/radioquijano\/?s={search_term_string}"},"query-input":"required name=search_term_string"}],"inLanguage":"es"},{"@type":"Person","@id":"https:\/\/nahuelproducciones.com.ar\/radioquijano\/#\/schema\/person\/e8a4f939e2cb487fe6d0c54042c9d32c","name":"Cecilia Pastrana","image":{"@type":"ImageObject","inLanguage":"es","@id":"https:\/\/nahuelproducciones.com.ar\/radioquijano\/#\/schema\/person\/image\/","url":"https:\/\/secure.gravatar.com\/avatar\/661a3ef63a8488d4f2794ed44af8cf71420f7e106f3072c40125114df5157749?s=96&d=mm&r=g","contentUrl":"https:\/\/secure.gravatar.com\/avatar\/661a3ef63a8488d4f2794ed44af8cf71420f7e106f3072c40125114df5157749?s=96&d=mm&r=g","caption":"Cecilia Pastrana"},"sameAs":["cecy"],"url":"https:\/\/nahuelproducciones.com.ar\/radioquijano\/author\/cecy\/"}]}},"_links":{"self":[{"href":"https:\/\/nahuelproducciones.com.ar\/radioquijano\/wp-json\/wp\/v2\/posts\/6569","targetHints":{"allow":["GET"]}}],"collection":[{"href":"https:\/\/nahuelproducciones.com.ar\/radioquijano\/wp-json\/wp\/v2\/posts"}],"about":[{"href":"https:\/\/nahuelproducciones.com.ar\/radioquijano\/wp-json\/wp\/v2\/types\/post"}],"author":[{"embeddable":true,"href":"https:\/\/nahuelproducciones.com.ar\/radioquijano\/wp-json\/wp\/v2\/users\/8"}],"replies":[{"embeddable":true,"href":"https:\/\/nahuelproducciones.com.ar\/radioquijano\/wp-json\/wp\/v2\/comments?post=6569"}],"version-history":[{"count":6,"href":"https:\/\/nahuelproducciones.com.ar\/radioquijano\/wp-json\/wp\/v2\/posts\/6569\/revisions"}],"predecessor-version":[{"id":6615,"href":"https:\/\/nahuelproducciones.com.ar\/radioquijano\/wp-json\/wp\/v2\/posts\/6569\/revisions\/6615"}],"wp:featuredmedia":[{"embeddable":true,"href":"https:\/\/nahuelproducciones.com.ar\/radioquijano\/wp-json\/wp\/v2\/media\/6575"}],"wp:attachment":[{"href":"https:\/\/nahuelproducciones.com.ar\/radioquijano\/wp-json\/wp\/v2\/media?parent=6569"}],"wp:term":[{"taxonomy":"category","embeddable":true,"href":"https:\/\/nahuelproducciones.com.ar\/radioquijano\/wp-json\/wp\/v2\/categories?post=6569"},{"taxonomy":"post_tag","embeddable":true,"href":"https:\/\/nahuelproducciones.com.ar\/radioquijano\/wp-json\/wp\/v2\/tags?post=6569"}],"curies":[{"name":"wp","href":"https:\/\/api.w.org\/{rel}","templated":true}]}}