{"id":6616,"date":"2023-12-20T10:13:39","date_gmt":"2023-12-20T13:13:39","guid":{"rendered":"https:\/\/nahuelproducciones.com.ar\/radioquijano\/?p=6616"},"modified":"2023-12-20T10:13:40","modified_gmt":"2023-12-20T13:13:40","slug":"prorrogan-por-un-ano-el-vencimiento-del-certificado-unico-de-discapacidad","status":"publish","type":"post","link":"https:\/\/nahuelproducciones.com.ar\/radioquijano\/prorrogan-por-un-ano-el-vencimiento-del-certificado-unico-de-discapacidad\/","title":{"rendered":"Prorrogan por un a\u00f1o el vencimiento del Certificado \u00danico de Discapacidad"},"content":{"rendered":"\n<p>El Ministerio de Salud P\u00fablica informa que se extendi\u00f3 por un a\u00f1o la vigencia de aquellos certificados con vencimiento entre el 1 de enero y el 31 de diciembre de 2024. Por ello, no es necesario que la persona solicite un turno con la Junta Evaluadora de Discapacidad, si ya lo tiene.<\/p>\n\n\n\n<p>La Secretar\u00eda de Discapacidad, dependiente del Ministerio de Salud P\u00fablica, informa que de acuerdo a la resoluci\u00f3n 1907\/2023 emitida por la Agencia Nacional de Discapacidad (ANDIS), se determina \u201cque las instancias de actualizaci\u00f3n que deban realizar las personas titulares del Certificado \u00danico de Discapacidad (CUD), que recaigan entre el 1\u00b0 de enero de 2024 y hasta el 31 de diciembre de 2024, inclusive, quedan autom\u00e1ticamente pospuestas por el t\u00e9rmino de UN (1) a\u00f1o, contado desde el per\u00edodo consignado en el CUD\u00bb, expresa.<\/p>\n\n\n\n<p>Como as\u00ed tambi\u00e9n quedan autom\u00e1ticamente pospuestas, por id\u00e9ntico plazo, las instancias de actualizaci\u00f3n que deban realizar las personas titulares del CUD enmarcadas en las Resoluciones ANDISN\u00b01919\/21, 806\/22 y 186\/23&#8243;, agrega.<\/p>\n\n\n\n<p>Por otra parte, se solicita que la Direcci\u00f3n Nacional de Pol\u00edticas y Regulaci\u00f3n de Servicios implemente, en articulaci\u00f3n con las \u00e1reas internas de ANDIS y las \u00e1reas de gobierno que correspondan, \u00abuna propuesta para la puesta en marcha del sistema de alertas, contacto y comunicaci\u00f3n dirigido a las personas con discapacidad, con el objeto de brindar informaci\u00f3n vinculada con el Certificado \u00danico de Discapacidad, y tambi\u00e9n como mecanismo de aviso previo para las personas titulares del mismo que deban efectuar la actualizaci\u00f3n de sus datos, seg\u00fan lo determinado por las Juntas Evaluadoras Interdisciplinarias\u00bb.<\/p>\n\n\n\n<p>De esta manera, las personas pueden seguir utilizando el CUD para todo tipo de tr\u00e1mites en organismos estatales y civiles, como obras sociales y agencias gubernamentales, que brindan prestaciones en el \u00e1rea de salud y seguridad social. No es necesario que solicite un turno con la Junta Evaluadora y Certificado de Discapacidad, si ya tiene el documento.<\/p>\n\n\n\n<p>En el caso de robos y extrav\u00edos del CUD, o para personas que lo solicitan por primera vez, la Junta Evaluadora y Certificadora de la Discapacidad atiende de manera presencial en la oficina ubicada en avenida Jujuy 402, de lunes a viernes, en el horario de 8 a 14. De manera virtual, se brinda atenci\u00f3n a quienes no pueden concurrir al lugar por motivos de salud.&nbsp;<\/p>\n\n\n\n<p>Adem\u00e1s, los turnos pueden ser programados a trav\u00e9s de la l\u00ednea telef\u00f3nica de Atenci\u00f3n Ciudadana 148.&nbsp;<\/p>\n\n\n\n<p><strong>Certificado \u00danico de Discapacidad<\/strong><\/p>\n\n\n\n<p>Es un documento de validez nacional, emitido por una Junta Evaluadora Interdisciplinaria, que se otorga a quienes tengan una alteraci\u00f3n funcional f\u00edsica, sensorial, mental o intelectual que implique desventajas considerables para su adecuada integraci\u00f3n familiar y social permanente, transitoria o prolongada. Dichas alteraciones y secuelas limitantes (no la enfermedad en s\u00ed), est\u00e1n fijadas por normativas nacionales que establecen las condiciones y criterios para que se otorgue el certificado al momento de la evaluaci\u00f3n.<\/p>\n\n\n\n<p><strong>Requisitos para la obtenci\u00f3n:<\/strong><\/p>\n\n\n\n<ul class=\"wp-block-list\">\n<li>DNI vigente (original y fotocopia de ambas caras)<\/li>\n\n\n\n<li>Certificado vencido (s\u00f3lo en caso de Renovaci\u00f3n)<\/li>\n\n\n\n<li>Planilla de Solicitud de Certificado \u00danico de Discapacidad (CUD). &nbsp;<\/li>\n\n\n\n<li>Certificado de m\u00e9dico y\/o equipo tratante, firmado y sellado, con vigencia menor a 6 seis meses, que contemple: diagn\u00f3stico, secuelas y tratamiento. Adem\u00e1s, debe incluir los estudios que determinen la conclusi\u00f3n.&nbsp;<\/li>\n\n\n\n<li>Tambi\u00e9n debe contener informaci\u00f3n acerca del estado actual de la persona y un resumen detallado de la Historia Cl\u00ednica.&nbsp;<\/li>\n<\/ul>\n\n\n\n<p><strong>Para menores de 18 a\u00f1os<\/strong>:<\/p>\n\n\n\n<ul class=\"wp-block-list\">\n<li>DNI vigente de padres o tutor.<\/li>\n<\/ul>\n\n\n\n<hr class=\"wp-block-separator has-alpha-channel-opacity\"\/>\n\n\n\n<p>Fuente:&nbsp;<strong>Secretar\u00eda de Prensa y Comunicaci\u00f3n<\/strong><\/p>\n\n\n\n<p><\/p>\n","protected":false},"excerpt":{"rendered":"<p>El Ministerio de Salud P\u00fablica informa que se extendi\u00f3 por un a\u00f1o la vigencia de aquellos certificados con vencimiento entre el 1 de enero y el 31 de diciembre de 2024. Por ello, no es necesario que la persona solicite un turno con la Junta Evaluadora de Discapacidad, si ya lo tiene. La Secretar\u00eda de [&hellip;]<\/p>\n","protected":false},"author":8,"featured_media":6617,"comment_status":"open","ping_status":"open","sticky":false,"template":"","format":"standard","meta":{"_monsterinsights_skip_tracking":false,"_monsterinsights_sitenote_active":false,"_monsterinsights_sitenote_note":"","_monsterinsights_sitenote_category":0,"footnotes":""},"categories":[16],"tags":[910,100],"class_list":["post-6616","post","type-post","status-publish","format-standard","has-post-thumbnail","hentry","category-noticias","tag-certificado-unico-de-discapacidad","tag-municipio-de-campo-quijano"],"yoast_head":"<!-- This site is optimized with the Yoast SEO plugin v20.8 - https:\/\/yoast.com\/wordpress\/plugins\/seo\/ -->\n<title>Prorrogan por un a\u00f1o el vencimiento del Certificado \u00danico de Discapacidad - RQ 99.9<\/title>\n<meta name=\"description\" content=\"Por ello, no es necesario que la persona solicite un turno con la Junta Evaluadora de Discapacidad, si ya lo tiene.\" \/>\n<meta name=\"robots\" content=\"index, follow, max-snippet:-1, max-image-preview:large, max-video-preview:-1\" \/>\n<link rel=\"canonical\" href=\"https:\/\/nahuelproducciones.com.ar\/radioquijano\/prorrogan-por-un-ano-el-vencimiento-del-certificado-unico-de-discapacidad\/\" \/>\n<meta property=\"og:locale\" content=\"es_ES\" \/>\n<meta property=\"og:type\" content=\"article\" \/>\n<meta property=\"og:title\" content=\"Prorrogan por un a\u00f1o el vencimiento del Certificado \u00danico de Discapacidad - RQ 99.9\" \/>\n<meta property=\"og:description\" content=\"Por ello, no es necesario que la persona solicite un turno con la Junta Evaluadora de Discapacidad, si ya lo tiene.\" \/>\n<meta property=\"og:url\" content=\"https:\/\/nahuelproducciones.com.ar\/radioquijano\/prorrogan-por-un-ano-el-vencimiento-del-certificado-unico-de-discapacidad\/\" \/>\n<meta property=\"og:site_name\" content=\"RQ 99.9\" \/>\n<meta property=\"article:publisher\" content=\"https:\/\/www.facebook.com\/nahuelproducciones999\/\" \/>\n<meta property=\"article:published_time\" content=\"2023-12-20T13:13:39+00:00\" \/>\n<meta property=\"article:modified_time\" content=\"2023-12-20T13:13:40+00:00\" \/>\n<meta property=\"og:image\" content=\"https:\/\/nahuelproducciones.com.ar\/radioquijano\/wp-content\/uploads\/2023\/12\/93451-prorrogan-por-un-anio-el-vencimiento-del-certificado-nico-de-discapacidad-e1703077984183.jpg\" \/>\n\t<meta property=\"og:image:width\" content=\"700\" \/>\n\t<meta property=\"og:image:height\" content=\"463\" \/>\n\t<meta property=\"og:image:type\" content=\"image\/jpeg\" \/>\n<meta name=\"author\" content=\"Cecilia Pastrana\" \/>\n<meta name=\"twitter:card\" content=\"summary_large_image\" \/>\n<meta name=\"twitter:creator\" content=\"@nahuproduciones\" \/>\n<meta name=\"twitter:site\" content=\"@nahuproduciones\" \/>\n<meta name=\"twitter:label1\" content=\"Escrito por\" \/>\n\t<meta name=\"twitter:data1\" content=\"Cecilia Pastrana\" \/>\n\t<meta name=\"twitter:label2\" content=\"Tiempo de lectura\" \/>\n\t<meta name=\"twitter:data2\" content=\"3 minutos\" \/>\n<script type=\"application\/ld+json\" class=\"yoast-schema-graph\">{\"@context\":\"https:\/\/schema.org\",\"@graph\":[{\"@type\":\"WebPage\",\"@id\":\"https:\/\/nahuelproducciones.com.ar\/radioquijano\/prorrogan-por-un-ano-el-vencimiento-del-certificado-unico-de-discapacidad\/\",\"url\":\"https:\/\/nahuelproducciones.com.ar\/radioquijano\/prorrogan-por-un-ano-el-vencimiento-del-certificado-unico-de-discapacidad\/\",\"name\":\"Prorrogan por un a\u00f1o el vencimiento del Certificado \u00danico de Discapacidad - RQ 99.9\",\"isPartOf\":{\"@id\":\"https:\/\/nahuelproducciones.com.ar\/radioquijano\/#website\"},\"datePublished\":\"2023-12-20T13:13:39+00:00\",\"dateModified\":\"2023-12-20T13:13:40+00:00\",\"author\":{\"@id\":\"https:\/\/nahuelproducciones.com.ar\/radioquijano\/#\/schema\/person\/e8a4f939e2cb487fe6d0c54042c9d32c\"},\"description\":\"Por ello, no es necesario que la persona solicite un turno con la Junta Evaluadora de Discapacidad, si ya lo tiene.\",\"breadcrumb\":{\"@id\":\"https:\/\/nahuelproducciones.com.ar\/radioquijano\/prorrogan-por-un-ano-el-vencimiento-del-certificado-unico-de-discapacidad\/#breadcrumb\"},\"inLanguage\":\"es\",\"potentialAction\":[{\"@type\":\"ReadAction\",\"target\":[\"https:\/\/nahuelproducciones.com.ar\/radioquijano\/prorrogan-por-un-ano-el-vencimiento-del-certificado-unico-de-discapacidad\/\"]}]},{\"@type\":\"BreadcrumbList\",\"@id\":\"https:\/\/nahuelproducciones.com.ar\/radioquijano\/prorrogan-por-un-ano-el-vencimiento-del-certificado-unico-de-discapacidad\/#breadcrumb\",\"itemListElement\":[{\"@type\":\"ListItem\",\"position\":1,\"name\":\"Portada\",\"item\":\"https:\/\/nahuelproducciones.com.ar\/radioquijano\/\"},{\"@type\":\"ListItem\",\"position\":2,\"name\":\"Prorrogan por un a\u00f1o el vencimiento del Certificado \u00danico de Discapacidad\"}]},{\"@type\":\"WebSite\",\"@id\":\"https:\/\/nahuelproducciones.com.ar\/radioquijano\/#website\",\"url\":\"https:\/\/nahuelproducciones.com.ar\/radioquijano\/\",\"name\":\"RQ 99.9\",\"description\":\"Radio Quijano 99.9 MHz\",\"potentialAction\":[{\"@type\":\"SearchAction\",\"target\":{\"@type\":\"EntryPoint\",\"urlTemplate\":\"https:\/\/nahuelproducciones.com.ar\/radioquijano\/?s={search_term_string}\"},\"query-input\":\"required name=search_term_string\"}],\"inLanguage\":\"es\"},{\"@type\":\"Person\",\"@id\":\"https:\/\/nahuelproducciones.com.ar\/radioquijano\/#\/schema\/person\/e8a4f939e2cb487fe6d0c54042c9d32c\",\"name\":\"Cecilia Pastrana\",\"image\":{\"@type\":\"ImageObject\",\"inLanguage\":\"es\",\"@id\":\"https:\/\/nahuelproducciones.com.ar\/radioquijano\/#\/schema\/person\/image\/\",\"url\":\"https:\/\/secure.gravatar.com\/avatar\/661a3ef63a8488d4f2794ed44af8cf71420f7e106f3072c40125114df5157749?s=96&d=mm&r=g\",\"contentUrl\":\"https:\/\/secure.gravatar.com\/avatar\/661a3ef63a8488d4f2794ed44af8cf71420f7e106f3072c40125114df5157749?s=96&d=mm&r=g\",\"caption\":\"Cecilia Pastrana\"},\"sameAs\":[\"cecy\"],\"url\":\"https:\/\/nahuelproducciones.com.ar\/radioquijano\/author\/cecy\/\"}]}<\/script>\n<!-- \/ Yoast SEO plugin. -->","yoast_head_json":{"title":"Prorrogan por un a\u00f1o el vencimiento del Certificado \u00danico de Discapacidad - RQ 99.9","description":"Por ello, no es necesario que la persona solicite un turno con la Junta Evaluadora de Discapacidad, si ya lo tiene.","robots":{"index":"index","follow":"follow","max-snippet":"max-snippet:-1","max-image-preview":"max-image-preview:large","max-video-preview":"max-video-preview:-1"},"canonical":"https:\/\/nahuelproducciones.com.ar\/radioquijano\/prorrogan-por-un-ano-el-vencimiento-del-certificado-unico-de-discapacidad\/","og_locale":"es_ES","og_type":"article","og_title":"Prorrogan por un a\u00f1o el vencimiento del Certificado \u00danico de Discapacidad - RQ 99.9","og_description":"Por ello, no es necesario que la persona solicite un turno con la Junta Evaluadora de Discapacidad, si ya lo tiene.","og_url":"https:\/\/nahuelproducciones.com.ar\/radioquijano\/prorrogan-por-un-ano-el-vencimiento-del-certificado-unico-de-discapacidad\/","og_site_name":"RQ 99.9","article_publisher":"https:\/\/www.facebook.com\/nahuelproducciones999\/","article_published_time":"2023-12-20T13:13:39+00:00","article_modified_time":"2023-12-20T13:13:40+00:00","og_image":[{"width":700,"height":463,"url":"https:\/\/nahuelproducciones.com.ar\/radioquijano\/wp-content\/uploads\/2023\/12\/93451-prorrogan-por-un-anio-el-vencimiento-del-certificado-nico-de-discapacidad-e1703077984183.jpg","type":"image\/jpeg"}],"author":"Cecilia Pastrana","twitter_card":"summary_large_image","twitter_creator":"@nahuproduciones","twitter_site":"@nahuproduciones","twitter_misc":{"Escrito por":"Cecilia Pastrana","Tiempo de lectura":"3 minutos"},"schema":{"@context":"https:\/\/schema.org","@graph":[{"@type":"WebPage","@id":"https:\/\/nahuelproducciones.com.ar\/radioquijano\/prorrogan-por-un-ano-el-vencimiento-del-certificado-unico-de-discapacidad\/","url":"https:\/\/nahuelproducciones.com.ar\/radioquijano\/prorrogan-por-un-ano-el-vencimiento-del-certificado-unico-de-discapacidad\/","name":"Prorrogan por un a\u00f1o el vencimiento del Certificado \u00danico de Discapacidad - RQ 99.9","isPartOf":{"@id":"https:\/\/nahuelproducciones.com.ar\/radioquijano\/#website"},"datePublished":"2023-12-20T13:13:39+00:00","dateModified":"2023-12-20T13:13:40+00:00","author":{"@id":"https:\/\/nahuelproducciones.com.ar\/radioquijano\/#\/schema\/person\/e8a4f939e2cb487fe6d0c54042c9d32c"},"description":"Por ello, no es necesario que la persona solicite un turno con la Junta Evaluadora de Discapacidad, si ya lo tiene.","breadcrumb":{"@id":"https:\/\/nahuelproducciones.com.ar\/radioquijano\/prorrogan-por-un-ano-el-vencimiento-del-certificado-unico-de-discapacidad\/#breadcrumb"},"inLanguage":"es","potentialAction":[{"@type":"ReadAction","target":["https:\/\/nahuelproducciones.com.ar\/radioquijano\/prorrogan-por-un-ano-el-vencimiento-del-certificado-unico-de-discapacidad\/"]}]},{"@type":"BreadcrumbList","@id":"https:\/\/nahuelproducciones.com.ar\/radioquijano\/prorrogan-por-un-ano-el-vencimiento-del-certificado-unico-de-discapacidad\/#breadcrumb","itemListElement":[{"@type":"ListItem","position":1,"name":"Portada","item":"https:\/\/nahuelproducciones.com.ar\/radioquijano\/"},{"@type":"ListItem","position":2,"name":"Prorrogan por un a\u00f1o el vencimiento del Certificado \u00danico de Discapacidad"}]},{"@type":"WebSite","@id":"https:\/\/nahuelproducciones.com.ar\/radioquijano\/#website","url":"https:\/\/nahuelproducciones.com.ar\/radioquijano\/","name":"RQ 99.9","description":"Radio Quijano 99.9 MHz","potentialAction":[{"@type":"SearchAction","target":{"@type":"EntryPoint","urlTemplate":"https:\/\/nahuelproducciones.com.ar\/radioquijano\/?s={search_term_string}"},"query-input":"required name=search_term_string"}],"inLanguage":"es"},{"@type":"Person","@id":"https:\/\/nahuelproducciones.com.ar\/radioquijano\/#\/schema\/person\/e8a4f939e2cb487fe6d0c54042c9d32c","name":"Cecilia Pastrana","image":{"@type":"ImageObject","inLanguage":"es","@id":"https:\/\/nahuelproducciones.com.ar\/radioquijano\/#\/schema\/person\/image\/","url":"https:\/\/secure.gravatar.com\/avatar\/661a3ef63a8488d4f2794ed44af8cf71420f7e106f3072c40125114df5157749?s=96&d=mm&r=g","contentUrl":"https:\/\/secure.gravatar.com\/avatar\/661a3ef63a8488d4f2794ed44af8cf71420f7e106f3072c40125114df5157749?s=96&d=mm&r=g","caption":"Cecilia Pastrana"},"sameAs":["cecy"],"url":"https:\/\/nahuelproducciones.com.ar\/radioquijano\/author\/cecy\/"}]}},"_links":{"self":[{"href":"https:\/\/nahuelproducciones.com.ar\/radioquijano\/wp-json\/wp\/v2\/posts\/6616","targetHints":{"allow":["GET"]}}],"collection":[{"href":"https:\/\/nahuelproducciones.com.ar\/radioquijano\/wp-json\/wp\/v2\/posts"}],"about":[{"href":"https:\/\/nahuelproducciones.com.ar\/radioquijano\/wp-json\/wp\/v2\/types\/post"}],"author":[{"embeddable":true,"href":"https:\/\/nahuelproducciones.com.ar\/radioquijano\/wp-json\/wp\/v2\/users\/8"}],"replies":[{"embeddable":true,"href":"https:\/\/nahuelproducciones.com.ar\/radioquijano\/wp-json\/wp\/v2\/comments?post=6616"}],"version-history":[{"count":1,"href":"https:\/\/nahuelproducciones.com.ar\/radioquijano\/wp-json\/wp\/v2\/posts\/6616\/revisions"}],"predecessor-version":[{"id":6618,"href":"https:\/\/nahuelproducciones.com.ar\/radioquijano\/wp-json\/wp\/v2\/posts\/6616\/revisions\/6618"}],"wp:featuredmedia":[{"embeddable":true,"href":"https:\/\/nahuelproducciones.com.ar\/radioquijano\/wp-json\/wp\/v2\/media\/6617"}],"wp:attachment":[{"href":"https:\/\/nahuelproducciones.com.ar\/radioquijano\/wp-json\/wp\/v2\/media?parent=6616"}],"wp:term":[{"taxonomy":"category","embeddable":true,"href":"https:\/\/nahuelproducciones.com.ar\/radioquijano\/wp-json\/wp\/v2\/categories?post=6616"},{"taxonomy":"post_tag","embeddable":true,"href":"https:\/\/nahuelproducciones.com.ar\/radioquijano\/wp-json\/wp\/v2\/tags?post=6616"}],"curies":[{"name":"wp","href":"https:\/\/api.w.org\/{rel}","templated":true}]}}