{"id":662,"date":"2020-09-11T01:26:19","date_gmt":"2020-09-11T04:26:19","guid":{"rendered":"https:\/\/nahuelproducciones.com.ar\/radioquijano\/?p=662"},"modified":"2020-09-11T07:30:00","modified_gmt":"2020-09-11T10:30:00","slug":"puedo-saber-si-tengo-o-tuve-covid19","status":"publish","type":"post","link":"https:\/\/nahuelproducciones.com.ar\/radioquijano\/puedo-saber-si-tengo-o-tuve-covid19\/","title":{"rendered":"\u00bfPuedo saber si tengo o tuve Covid19?"},"content":{"rendered":"\n<p><a href=\"https:\/\/www.facebook.com\/Radio-Quijano-999-102294874524832\/\" target=\"_blank\" rel=\"noreferrer noopener\"> RQ99.9 Mhz<\/a> le pregunto a la Bioqu\u00edmica Vanesa Quiroga del <a href=\"https:\/\/www.facebook.com\/Laboratorio-Bioqu\u00edmico-Los-cerros-101450447940993\/\" target=\"_blank\" rel=\"noreferrer noopener\">Laboratorio Bioqu\u00edmicos\u00bb Los Cerros \u00ab<\/a>  y confirmo que ellos si tomaban las muestras, pero ya no lo pueden hacer  por falta de insumos .<\/p>\n\n\n\n<p>  A Salta se enviaban las muestras para que realicen el proceso de PCR en los laboratorios autorizados.<\/p>\n\n\n\n<p>La prueba PCR es la t\u00e9cnica que aporta mayor fiabilidad  a la hora de identificar casos positivos  y consiste en la toma de una muestra biol\u00f3gica de la garganta o del interior de la nariz para analizar un fragmento del material gen\u00e9tico del SARS-CoV-2.<\/p>\n\n\n\n<p>La bioqu\u00edmica dice que para conocer qui\u00e9nes tuvieron COVID-19 existe un <a rel=\"noreferrer noopener\" href=\"https:\/\/nahuelproducciones.com.ar\/radioquijano\/wp-admin\/post.php?post=662&amp;action=edit\" target=\"_blank\">estudio serol\u00f3gico<\/a>, que consiste en  una simple extracci\u00f3n de sangre . Se realiza en forma voluntaria, no lo esta cubriendo ninguna obra social por ahora . <\/p>\n\n\n\n<p>A partir del octavo d\u00eda de presentar s\u00edntomas se puede hacer el test y determina si una persona ha estado infectada recientemente  o en el pasado, pero no permiten diagnosticar una infecci\u00f3n aguda.<\/p>\n\n\n\n<p>Una gran parte de la poblaci\u00f3n tiene o tuvo coronavirus pero ni siquiera se enter\u00f3 porque no tuvo s\u00edntomas o fueron leves, o bien no consult\u00f3 a ning\u00fan m\u00e9dico ni se hizo el hisopado dijo Quiroga a <a href=\"http:\/\/NAHuelproducciones.com.ar\" target=\"_blank\" rel=\"noreferrer noopener\">RQ99.9Mhz.<\/a><\/p>\n\n\n\n<p>Insisti\u00f3 a que despu\u00e9s de hacer las compras, manipular los envases de alimentos o antes de preparar o de consumir los alimentos es importante siempre lavarse las manos con agua y jab\u00f3n. Incorporar una alimentaci\u00f3n saludable y mantener la calma.<\/p>\n\n\n\n<p>Dejo para todos aquellos que deseen mas informaci\u00f3n y asesoramiento los n\u00fameros de contacto 387 8 673508 o el 381 5 711787.<\/p>\n","protected":false},"excerpt":{"rendered":"<p>RQ99.9 Mhz le pregunto a la Bioqu\u00edmica Vanesa Quiroga del Laboratorio Bioqu\u00edmicos\u00bb Los Cerros \u00ab y confirmo que ellos si tomaban las muestras, pero ya no lo pueden hacer por falta de insumos . A Salta se enviaban las muestras para que realicen el proceso de PCR en los laboratorios autorizados. La prueba PCR es [&hellip;]<\/p>\n","protected":false},"author":8,"featured_media":664,"comment_status":"open","ping_status":"open","sticky":false,"template":"","format":"standard","meta":{"_monsterinsights_skip_tracking":false,"_monsterinsights_sitenote_active":false,"_monsterinsights_sitenote_note":"","_monsterinsights_sitenote_category":0,"footnotes":""},"categories":[16],"tags":[],"class_list":["post-662","post","type-post","status-publish","format-standard","has-post-thumbnail","hentry","category-noticias"],"yoast_head":"<!-- This site is optimized with the Yoast SEO plugin v20.8 - https:\/\/yoast.com\/wordpress\/plugins\/seo\/ -->\n<title>\u00bfPuedo saber si tengo o tuve Covid19? - RQ 99.9<\/title>\n<meta name=\"description\" content=\"Para conocer qui\u00e9nes tuvieron COVID-19 existe un estudio serol\u00f3gico, que consiste en una simple extracci\u00f3n de sangre .\" \/>\n<meta name=\"robots\" content=\"index, follow, max-snippet:-1, max-image-preview:large, max-video-preview:-1\" \/>\n<link rel=\"canonical\" href=\"https:\/\/nahuelproducciones.com.ar\/radioquijano\/puedo-saber-si-tengo-o-tuve-covid19\/\" \/>\n<meta property=\"og:locale\" content=\"es_ES\" \/>\n<meta property=\"og:type\" content=\"article\" \/>\n<meta property=\"og:title\" content=\"\u00bfPuedo saber si tengo o tuve Covid19? - RQ 99.9\" \/>\n<meta property=\"og:description\" content=\"Para conocer qui\u00e9nes tuvieron COVID-19 existe un estudio serol\u00f3gico, que consiste en una simple extracci\u00f3n de sangre .\" \/>\n<meta property=\"og:url\" content=\"https:\/\/nahuelproducciones.com.ar\/radioquijano\/puedo-saber-si-tengo-o-tuve-covid19\/\" \/>\n<meta property=\"og:site_name\" content=\"RQ 99.9\" \/>\n<meta property=\"article:publisher\" content=\"https:\/\/www.facebook.com\/nahuelproducciones999\/\" \/>\n<meta property=\"article:published_time\" content=\"2020-09-11T04:26:19+00:00\" \/>\n<meta property=\"article:modified_time\" content=\"2020-09-11T10:30:00+00:00\" \/>\n<meta property=\"og:image\" content=\"https:\/\/nahuelproducciones.com.ar\/radioquijano\/wp-content\/uploads\/2020\/09\/vanesa-quiroga-e1599798817866.jpg\" \/>\n\t<meta property=\"og:image:width\" content=\"700\" \/>\n\t<meta property=\"og:image:height\" content=\"400\" \/>\n\t<meta property=\"og:image:type\" content=\"image\/jpeg\" \/>\n<meta name=\"author\" content=\"Cecilia Pastrana\" \/>\n<meta name=\"twitter:card\" content=\"summary_large_image\" \/>\n<meta name=\"twitter:creator\" content=\"@nahuproduciones\" \/>\n<meta name=\"twitter:site\" content=\"@nahuproduciones\" \/>\n<meta name=\"twitter:label1\" content=\"Escrito por\" \/>\n\t<meta name=\"twitter:data1\" content=\"Cecilia Pastrana\" \/>\n\t<meta name=\"twitter:label2\" content=\"Tiempo de lectura\" \/>\n\t<meta name=\"twitter:data2\" content=\"1 minuto\" \/>\n<script type=\"application\/ld+json\" class=\"yoast-schema-graph\">{\"@context\":\"https:\/\/schema.org\",\"@graph\":[{\"@type\":\"WebPage\",\"@id\":\"https:\/\/nahuelproducciones.com.ar\/radioquijano\/puedo-saber-si-tengo-o-tuve-covid19\/\",\"url\":\"https:\/\/nahuelproducciones.com.ar\/radioquijano\/puedo-saber-si-tengo-o-tuve-covid19\/\",\"name\":\"\u00bfPuedo saber si tengo o tuve Covid19? - RQ 99.9\",\"isPartOf\":{\"@id\":\"https:\/\/nahuelproducciones.com.ar\/radioquijano\/#website\"},\"datePublished\":\"2020-09-11T04:26:19+00:00\",\"dateModified\":\"2020-09-11T10:30:00+00:00\",\"author\":{\"@id\":\"https:\/\/nahuelproducciones.com.ar\/radioquijano\/#\/schema\/person\/e8a4f939e2cb487fe6d0c54042c9d32c\"},\"description\":\"Para conocer qui\u00e9nes tuvieron COVID-19 existe un estudio serol\u00f3gico, que consiste en una simple extracci\u00f3n de sangre .\",\"breadcrumb\":{\"@id\":\"https:\/\/nahuelproducciones.com.ar\/radioquijano\/puedo-saber-si-tengo-o-tuve-covid19\/#breadcrumb\"},\"inLanguage\":\"es\",\"potentialAction\":[{\"@type\":\"ReadAction\",\"target\":[\"https:\/\/nahuelproducciones.com.ar\/radioquijano\/puedo-saber-si-tengo-o-tuve-covid19\/\"]}]},{\"@type\":\"BreadcrumbList\",\"@id\":\"https:\/\/nahuelproducciones.com.ar\/radioquijano\/puedo-saber-si-tengo-o-tuve-covid19\/#breadcrumb\",\"itemListElement\":[{\"@type\":\"ListItem\",\"position\":1,\"name\":\"Portada\",\"item\":\"https:\/\/nahuelproducciones.com.ar\/radioquijano\/\"},{\"@type\":\"ListItem\",\"position\":2,\"name\":\"\u00bfPuedo saber si tengo o tuve Covid19?\"}]},{\"@type\":\"WebSite\",\"@id\":\"https:\/\/nahuelproducciones.com.ar\/radioquijano\/#website\",\"url\":\"https:\/\/nahuelproducciones.com.ar\/radioquijano\/\",\"name\":\"RQ 99.9\",\"description\":\"Radio Quijano 99.9 MHz\",\"potentialAction\":[{\"@type\":\"SearchAction\",\"target\":{\"@type\":\"EntryPoint\",\"urlTemplate\":\"https:\/\/nahuelproducciones.com.ar\/radioquijano\/?s={search_term_string}\"},\"query-input\":\"required name=search_term_string\"}],\"inLanguage\":\"es\"},{\"@type\":\"Person\",\"@id\":\"https:\/\/nahuelproducciones.com.ar\/radioquijano\/#\/schema\/person\/e8a4f939e2cb487fe6d0c54042c9d32c\",\"name\":\"Cecilia Pastrana\",\"image\":{\"@type\":\"ImageObject\",\"inLanguage\":\"es\",\"@id\":\"https:\/\/nahuelproducciones.com.ar\/radioquijano\/#\/schema\/person\/image\/\",\"url\":\"https:\/\/secure.gravatar.com\/avatar\/661a3ef63a8488d4f2794ed44af8cf71420f7e106f3072c40125114df5157749?s=96&d=mm&r=g\",\"contentUrl\":\"https:\/\/secure.gravatar.com\/avatar\/661a3ef63a8488d4f2794ed44af8cf71420f7e106f3072c40125114df5157749?s=96&d=mm&r=g\",\"caption\":\"Cecilia Pastrana\"},\"sameAs\":[\"cecy\"],\"url\":\"https:\/\/nahuelproducciones.com.ar\/radioquijano\/author\/cecy\/\"}]}<\/script>\n<!-- \/ Yoast SEO plugin. -->","yoast_head_json":{"title":"\u00bfPuedo saber si tengo o tuve Covid19? - RQ 99.9","description":"Para conocer qui\u00e9nes tuvieron COVID-19 existe un estudio serol\u00f3gico, que consiste en una simple extracci\u00f3n de sangre .","robots":{"index":"index","follow":"follow","max-snippet":"max-snippet:-1","max-image-preview":"max-image-preview:large","max-video-preview":"max-video-preview:-1"},"canonical":"https:\/\/nahuelproducciones.com.ar\/radioquijano\/puedo-saber-si-tengo-o-tuve-covid19\/","og_locale":"es_ES","og_type":"article","og_title":"\u00bfPuedo saber si tengo o tuve Covid19? - RQ 99.9","og_description":"Para conocer qui\u00e9nes tuvieron COVID-19 existe un estudio serol\u00f3gico, que consiste en una simple extracci\u00f3n de sangre .","og_url":"https:\/\/nahuelproducciones.com.ar\/radioquijano\/puedo-saber-si-tengo-o-tuve-covid19\/","og_site_name":"RQ 99.9","article_publisher":"https:\/\/www.facebook.com\/nahuelproducciones999\/","article_published_time":"2020-09-11T04:26:19+00:00","article_modified_time":"2020-09-11T10:30:00+00:00","og_image":[{"width":700,"height":400,"url":"https:\/\/nahuelproducciones.com.ar\/radioquijano\/wp-content\/uploads\/2020\/09\/vanesa-quiroga-e1599798817866.jpg","type":"image\/jpeg"}],"author":"Cecilia Pastrana","twitter_card":"summary_large_image","twitter_creator":"@nahuproduciones","twitter_site":"@nahuproduciones","twitter_misc":{"Escrito por":"Cecilia Pastrana","Tiempo de lectura":"1 minuto"},"schema":{"@context":"https:\/\/schema.org","@graph":[{"@type":"WebPage","@id":"https:\/\/nahuelproducciones.com.ar\/radioquijano\/puedo-saber-si-tengo-o-tuve-covid19\/","url":"https:\/\/nahuelproducciones.com.ar\/radioquijano\/puedo-saber-si-tengo-o-tuve-covid19\/","name":"\u00bfPuedo saber si tengo o tuve Covid19? - RQ 99.9","isPartOf":{"@id":"https:\/\/nahuelproducciones.com.ar\/radioquijano\/#website"},"datePublished":"2020-09-11T04:26:19+00:00","dateModified":"2020-09-11T10:30:00+00:00","author":{"@id":"https:\/\/nahuelproducciones.com.ar\/radioquijano\/#\/schema\/person\/e8a4f939e2cb487fe6d0c54042c9d32c"},"description":"Para conocer qui\u00e9nes tuvieron COVID-19 existe un estudio serol\u00f3gico, que consiste en una simple extracci\u00f3n de sangre .","breadcrumb":{"@id":"https:\/\/nahuelproducciones.com.ar\/radioquijano\/puedo-saber-si-tengo-o-tuve-covid19\/#breadcrumb"},"inLanguage":"es","potentialAction":[{"@type":"ReadAction","target":["https:\/\/nahuelproducciones.com.ar\/radioquijano\/puedo-saber-si-tengo-o-tuve-covid19\/"]}]},{"@type":"BreadcrumbList","@id":"https:\/\/nahuelproducciones.com.ar\/radioquijano\/puedo-saber-si-tengo-o-tuve-covid19\/#breadcrumb","itemListElement":[{"@type":"ListItem","position":1,"name":"Portada","item":"https:\/\/nahuelproducciones.com.ar\/radioquijano\/"},{"@type":"ListItem","position":2,"name":"\u00bfPuedo saber si tengo o tuve Covid19?"}]},{"@type":"WebSite","@id":"https:\/\/nahuelproducciones.com.ar\/radioquijano\/#website","url":"https:\/\/nahuelproducciones.com.ar\/radioquijano\/","name":"RQ 99.9","description":"Radio Quijano 99.9 MHz","potentialAction":[{"@type":"SearchAction","target":{"@type":"EntryPoint","urlTemplate":"https:\/\/nahuelproducciones.com.ar\/radioquijano\/?s={search_term_string}"},"query-input":"required name=search_term_string"}],"inLanguage":"es"},{"@type":"Person","@id":"https:\/\/nahuelproducciones.com.ar\/radioquijano\/#\/schema\/person\/e8a4f939e2cb487fe6d0c54042c9d32c","name":"Cecilia Pastrana","image":{"@type":"ImageObject","inLanguage":"es","@id":"https:\/\/nahuelproducciones.com.ar\/radioquijano\/#\/schema\/person\/image\/","url":"https:\/\/secure.gravatar.com\/avatar\/661a3ef63a8488d4f2794ed44af8cf71420f7e106f3072c40125114df5157749?s=96&d=mm&r=g","contentUrl":"https:\/\/secure.gravatar.com\/avatar\/661a3ef63a8488d4f2794ed44af8cf71420f7e106f3072c40125114df5157749?s=96&d=mm&r=g","caption":"Cecilia Pastrana"},"sameAs":["cecy"],"url":"https:\/\/nahuelproducciones.com.ar\/radioquijano\/author\/cecy\/"}]}},"_links":{"self":[{"href":"https:\/\/nahuelproducciones.com.ar\/radioquijano\/wp-json\/wp\/v2\/posts\/662","targetHints":{"allow":["GET"]}}],"collection":[{"href":"https:\/\/nahuelproducciones.com.ar\/radioquijano\/wp-json\/wp\/v2\/posts"}],"about":[{"href":"https:\/\/nahuelproducciones.com.ar\/radioquijano\/wp-json\/wp\/v2\/types\/post"}],"author":[{"embeddable":true,"href":"https:\/\/nahuelproducciones.com.ar\/radioquijano\/wp-json\/wp\/v2\/users\/8"}],"replies":[{"embeddable":true,"href":"https:\/\/nahuelproducciones.com.ar\/radioquijano\/wp-json\/wp\/v2\/comments?post=662"}],"version-history":[{"count":2,"href":"https:\/\/nahuelproducciones.com.ar\/radioquijano\/wp-json\/wp\/v2\/posts\/662\/revisions"}],"predecessor-version":[{"id":668,"href":"https:\/\/nahuelproducciones.com.ar\/radioquijano\/wp-json\/wp\/v2\/posts\/662\/revisions\/668"}],"wp:featuredmedia":[{"embeddable":true,"href":"https:\/\/nahuelproducciones.com.ar\/radioquijano\/wp-json\/wp\/v2\/media\/664"}],"wp:attachment":[{"href":"https:\/\/nahuelproducciones.com.ar\/radioquijano\/wp-json\/wp\/v2\/media?parent=662"}],"wp:term":[{"taxonomy":"category","embeddable":true,"href":"https:\/\/nahuelproducciones.com.ar\/radioquijano\/wp-json\/wp\/v2\/categories?post=662"},{"taxonomy":"post_tag","embeddable":true,"href":"https:\/\/nahuelproducciones.com.ar\/radioquijano\/wp-json\/wp\/v2\/tags?post=662"}],"curies":[{"name":"wp","href":"https:\/\/api.w.org\/{rel}","templated":true}]}}