{"id":6661,"date":"2023-12-29T03:11:23","date_gmt":"2023-12-29T06:11:23","guid":{"rendered":"https:\/\/nahuelproducciones.com.ar\/radioquijano\/?p=6661"},"modified":"2023-12-29T03:11:24","modified_gmt":"2023-12-29T06:11:24","slug":"aumento-de-tarifa-el-concejo-deliberante-se-reune-el-29-de-diciembre-a-1000hs-en-sesion-extraordinaria","status":"publish","type":"post","link":"https:\/\/nahuelproducciones.com.ar\/radioquijano\/aumento-de-tarifa-el-concejo-deliberante-se-reune-el-29-de-diciembre-a-1000hs-en-sesion-extraordinaria\/","title":{"rendered":"Aumento de Tarifa : El Concejo Deliberante se re\u00fane el 29 de diciembre a 10:00hs en sesi\u00f3n extraordinaria\u00a0."},"content":{"rendered":"\n<p>Desde el ejecutivo municipal de Campo Quijano convoc\u00f3  para este viernes 29 de diciembre a las 10:00hs, a una sesi\u00f3n extraordinaria del Concejo Deliberante para tratar \u00fanicamente los siguientes puntos.<\/p>\n\n\n\n<p>1) Proyecto de Ordenanza \u00abProrr\u00f3gase para el Ejercicio Presupuestario 2024 el Presupuesto General Ejercicio 2023\u00bb<\/p>\n\n\n\n<p>2) Tarifaria Municipal 2024<\/p>\n\n\n\n<p>3) Proyecto de Ordenanza \u00abCREACI\u00d3N DEL ARCHIVO HIST\u00d3RICO MUNICIPAL DE CAMPO QUIJANO.<\/p>\n\n\n\n<p>RQ99.9Mhz en comunicaci\u00f3n telef\u00f3nica con el Presidente del Concejal Deliberante, el Concejal Pablo Orosco y cont\u00f3 que ya se reunieron con los dem\u00e1s ediles para analizar lo propuesto y espera que en la sesi\u00f3n extraordinaria se debata y se fundamente la votaci\u00f3n.<\/p>\n\n\n\n<p>Considera que es en Campo Quijano se tienen que re adecuar las tarifas y que hay una deuda importante en obras publicas.<\/p>\n\n\n\n<p>Orosco reconoci\u00f3 que el intendente no presento el Plan de Obra P\u00fablica, tampoco el Organigrama Municipal que ya fue solicitado.<\/p>\n\n\n\n<p>Inform\u00f3 que el Concejo Deliberante presenta irregularidades en la parte administrativa y que esto se registra de tres gestiones anteriores y que hay informaci\u00f3n que no esta. Manifiesto que implementar\u00e1n un nuevo libro de Acta con la firma del Juez de Paz hasta que solucionen lo administrativo.<\/p>\n\n\n\n<p>En el inicio de la charla el Edil menciono que estuvo en la asunci\u00f3n del Delegado de La Silleta Lorenzo \u00abPaco\u00bbVilte y que la novedad fue la presentaci\u00f3n de un encargado de Obras P\u00fablicas, el Sr. Walter Mamani y una en cargada del \u00c1rea Social, la Sra Romina Garcia, todos del lugar.<\/p>\n\n\n\n<p>Antes de la despedida de la entrevista, el Concejal dijo que no se transmitir\u00e1 la Sesi\u00f3n Extraordinaria porque el Concejo Deliberante no cuenta con un celular, ni micr\u00f3fono, tampoco sonido adecuado.Invito a la Comunidad a asistir ya que las sesiones son totalmente p\u00fablicas.<\/p>\n\n\n\n<p>Escucha la entrevista en donde tambi\u00e9n se tocaron otros temas:<\/p>\n\n\n\n<figure class=\"wp-block-audio\"><audio controls src=\"https:\/\/nahuelproducciones.com.ar\/radioquijano\/wp-content\/uploads\/2023\/12\/28-12-2023-CONCEJAL-PABLO-OROSCO-TEMA-IMPUESTAZO.mp3\"><\/audio><\/figure>\n\n\n\n<p><\/p>\n\n\n\n<p><\/p>\n\n\n\n<p> <\/p>\n\n\n\n<p><\/p>\n\n\n\n<p><\/p>\n","protected":false},"excerpt":{"rendered":"<p>Desde el ejecutivo municipal de Campo Quijano convoc\u00f3 para este viernes 29 de diciembre a las 10:00hs, a una sesi\u00f3n extraordinaria del Concejo Deliberante para tratar \u00fanicamente los siguientes puntos. 1) Proyecto de Ordenanza \u00abProrr\u00f3gase para el Ejercicio Presupuestario 2024 el Presupuesto General Ejercicio 2023\u00bb 2) Tarifaria Municipal 2024 3) Proyecto de Ordenanza \u00abCREACI\u00d3N DEL [&hellip;]<\/p>\n","protected":false},"author":8,"featured_media":6664,"comment_status":"open","ping_status":"open","sticky":false,"template":"","format":"standard","meta":{"_monsterinsights_skip_tracking":false,"_monsterinsights_sitenote_active":false,"_monsterinsights_sitenote_note":"","_monsterinsights_sitenote_category":0,"footnotes":""},"categories":[16],"tags":[1393,75,100],"class_list":["post-6661","post","type-post","status-publish","format-standard","has-post-thumbnail","hentry","category-noticias","tag-concejal-pablo-orosco","tag-concejo-deliberante-de-campo-quijano","tag-municipio-de-campo-quijano"],"yoast_head":"<!-- This site is optimized with the Yoast SEO plugin v20.8 - https:\/\/yoast.com\/wordpress\/plugins\/seo\/ -->\n<title>Aumento de Tarifa : El Concejo Deliberante se re\u00fane el 29 de diciembre a 10:00hs en sesi\u00f3n extraordinaria\u00a0. - RQ 99.9<\/title>\n<meta name=\"description\" content=\"No se transmitir\u00e1 la Sesi\u00f3n Extraordinaria porque el Concejo Deliberante no cuenta con un celular, ni micr\u00f3fono, tampoco sonido adecuado.Invito a la Comunidad a asistir ya que las sesiones son totalmente p\u00fablicas.\" \/>\n<meta name=\"robots\" content=\"index, follow, max-snippet:-1, max-image-preview:large, max-video-preview:-1\" \/>\n<link rel=\"canonical\" href=\"https:\/\/nahuelproducciones.com.ar\/radioquijano\/aumento-de-tarifa-el-concejo-deliberante-se-reune-el-29-de-diciembre-a-1000hs-en-sesion-extraordinaria\/\" \/>\n<meta property=\"og:locale\" content=\"es_ES\" \/>\n<meta property=\"og:type\" content=\"article\" \/>\n<meta property=\"og:title\" content=\"Aumento de Tarifa : El Concejo Deliberante se re\u00fane el 29 de diciembre a 10:00hs en sesi\u00f3n extraordinaria\u00a0. - RQ 99.9\" \/>\n<meta property=\"og:description\" content=\"No se transmitir\u00e1 la Sesi\u00f3n Extraordinaria porque el Concejo Deliberante no cuenta con un celular, ni micr\u00f3fono, tampoco sonido adecuado.Invito a la Comunidad a asistir ya que las sesiones son totalmente p\u00fablicas.\" \/>\n<meta property=\"og:url\" content=\"https:\/\/nahuelproducciones.com.ar\/radioquijano\/aumento-de-tarifa-el-concejo-deliberante-se-reune-el-29-de-diciembre-a-1000hs-en-sesion-extraordinaria\/\" \/>\n<meta property=\"og:site_name\" content=\"RQ 99.9\" \/>\n<meta property=\"article:publisher\" content=\"https:\/\/www.facebook.com\/nahuelproducciones999\/\" \/>\n<meta property=\"article:published_time\" content=\"2023-12-29T06:11:23+00:00\" \/>\n<meta property=\"article:modified_time\" content=\"2023-12-29T06:11:24+00:00\" \/>\n<meta property=\"og:image\" content=\"https:\/\/nahuelproducciones.com.ar\/radioquijano\/wp-content\/uploads\/2023\/12\/WhatsApp-Image-2023-12-29-at-3.03.08-AM-e1703830270519.jpeg\" \/>\n\t<meta property=\"og:image:width\" content=\"700\" \/>\n\t<meta property=\"og:image:height\" content=\"417\" \/>\n\t<meta property=\"og:image:type\" content=\"image\/jpeg\" \/>\n<meta name=\"author\" content=\"Cecilia Pastrana\" \/>\n<meta name=\"twitter:card\" content=\"summary_large_image\" \/>\n<meta name=\"twitter:creator\" content=\"@nahuproduciones\" \/>\n<meta name=\"twitter:site\" content=\"@nahuproduciones\" \/>\n<meta name=\"twitter:label1\" content=\"Escrito por\" \/>\n\t<meta name=\"twitter:data1\" content=\"Cecilia Pastrana\" \/>\n\t<meta name=\"twitter:label2\" content=\"Tiempo de lectura\" \/>\n\t<meta name=\"twitter:data2\" content=\"2 minutos\" \/>\n<script type=\"application\/ld+json\" class=\"yoast-schema-graph\">{\"@context\":\"https:\/\/schema.org\",\"@graph\":[{\"@type\":\"WebPage\",\"@id\":\"https:\/\/nahuelproducciones.com.ar\/radioquijano\/aumento-de-tarifa-el-concejo-deliberante-se-reune-el-29-de-diciembre-a-1000hs-en-sesion-extraordinaria\/\",\"url\":\"https:\/\/nahuelproducciones.com.ar\/radioquijano\/aumento-de-tarifa-el-concejo-deliberante-se-reune-el-29-de-diciembre-a-1000hs-en-sesion-extraordinaria\/\",\"name\":\"Aumento de Tarifa : El Concejo Deliberante se re\u00fane el 29 de diciembre a 10:00hs en sesi\u00f3n extraordinaria\u00a0. - RQ 99.9\",\"isPartOf\":{\"@id\":\"https:\/\/nahuelproducciones.com.ar\/radioquijano\/#website\"},\"datePublished\":\"2023-12-29T06:11:23+00:00\",\"dateModified\":\"2023-12-29T06:11:24+00:00\",\"author\":{\"@id\":\"https:\/\/nahuelproducciones.com.ar\/radioquijano\/#\/schema\/person\/e8a4f939e2cb487fe6d0c54042c9d32c\"},\"description\":\"No se transmitir\u00e1 la Sesi\u00f3n Extraordinaria porque el Concejo Deliberante no cuenta con un celular, ni micr\u00f3fono, tampoco sonido adecuado.Invito a la Comunidad a asistir ya que las sesiones son totalmente p\u00fablicas.\",\"breadcrumb\":{\"@id\":\"https:\/\/nahuelproducciones.com.ar\/radioquijano\/aumento-de-tarifa-el-concejo-deliberante-se-reune-el-29-de-diciembre-a-1000hs-en-sesion-extraordinaria\/#breadcrumb\"},\"inLanguage\":\"es\",\"potentialAction\":[{\"@type\":\"ReadAction\",\"target\":[\"https:\/\/nahuelproducciones.com.ar\/radioquijano\/aumento-de-tarifa-el-concejo-deliberante-se-reune-el-29-de-diciembre-a-1000hs-en-sesion-extraordinaria\/\"]}]},{\"@type\":\"BreadcrumbList\",\"@id\":\"https:\/\/nahuelproducciones.com.ar\/radioquijano\/aumento-de-tarifa-el-concejo-deliberante-se-reune-el-29-de-diciembre-a-1000hs-en-sesion-extraordinaria\/#breadcrumb\",\"itemListElement\":[{\"@type\":\"ListItem\",\"position\":1,\"name\":\"Portada\",\"item\":\"https:\/\/nahuelproducciones.com.ar\/radioquijano\/\"},{\"@type\":\"ListItem\",\"position\":2,\"name\":\"Aumento de Tarifa : El Concejo Deliberante se re\u00fane el 29 de diciembre a 10:00hs en sesi\u00f3n extraordinaria\u00a0.\"}]},{\"@type\":\"WebSite\",\"@id\":\"https:\/\/nahuelproducciones.com.ar\/radioquijano\/#website\",\"url\":\"https:\/\/nahuelproducciones.com.ar\/radioquijano\/\",\"name\":\"RQ 99.9\",\"description\":\"Radio Quijano 99.9 MHz\",\"potentialAction\":[{\"@type\":\"SearchAction\",\"target\":{\"@type\":\"EntryPoint\",\"urlTemplate\":\"https:\/\/nahuelproducciones.com.ar\/radioquijano\/?s={search_term_string}\"},\"query-input\":\"required name=search_term_string\"}],\"inLanguage\":\"es\"},{\"@type\":\"Person\",\"@id\":\"https:\/\/nahuelproducciones.com.ar\/radioquijano\/#\/schema\/person\/e8a4f939e2cb487fe6d0c54042c9d32c\",\"name\":\"Cecilia Pastrana\",\"image\":{\"@type\":\"ImageObject\",\"inLanguage\":\"es\",\"@id\":\"https:\/\/nahuelproducciones.com.ar\/radioquijano\/#\/schema\/person\/image\/\",\"url\":\"https:\/\/secure.gravatar.com\/avatar\/661a3ef63a8488d4f2794ed44af8cf71420f7e106f3072c40125114df5157749?s=96&d=mm&r=g\",\"contentUrl\":\"https:\/\/secure.gravatar.com\/avatar\/661a3ef63a8488d4f2794ed44af8cf71420f7e106f3072c40125114df5157749?s=96&d=mm&r=g\",\"caption\":\"Cecilia Pastrana\"},\"sameAs\":[\"cecy\"],\"url\":\"https:\/\/nahuelproducciones.com.ar\/radioquijano\/author\/cecy\/\"}]}<\/script>\n<!-- \/ Yoast SEO plugin. -->","yoast_head_json":{"title":"Aumento de Tarifa : El Concejo Deliberante se re\u00fane el 29 de diciembre a 10:00hs en sesi\u00f3n extraordinaria\u00a0. - RQ 99.9","description":"No se transmitir\u00e1 la Sesi\u00f3n Extraordinaria porque el Concejo Deliberante no cuenta con un celular, ni micr\u00f3fono, tampoco sonido adecuado.Invito a la Comunidad a asistir ya que las sesiones son totalmente p\u00fablicas.","robots":{"index":"index","follow":"follow","max-snippet":"max-snippet:-1","max-image-preview":"max-image-preview:large","max-video-preview":"max-video-preview:-1"},"canonical":"https:\/\/nahuelproducciones.com.ar\/radioquijano\/aumento-de-tarifa-el-concejo-deliberante-se-reune-el-29-de-diciembre-a-1000hs-en-sesion-extraordinaria\/","og_locale":"es_ES","og_type":"article","og_title":"Aumento de Tarifa : El Concejo Deliberante se re\u00fane el 29 de diciembre a 10:00hs en sesi\u00f3n extraordinaria\u00a0. - RQ 99.9","og_description":"No se transmitir\u00e1 la Sesi\u00f3n Extraordinaria porque el Concejo Deliberante no cuenta con un celular, ni micr\u00f3fono, tampoco sonido adecuado.Invito a la Comunidad a asistir ya que las sesiones son totalmente p\u00fablicas.","og_url":"https:\/\/nahuelproducciones.com.ar\/radioquijano\/aumento-de-tarifa-el-concejo-deliberante-se-reune-el-29-de-diciembre-a-1000hs-en-sesion-extraordinaria\/","og_site_name":"RQ 99.9","article_publisher":"https:\/\/www.facebook.com\/nahuelproducciones999\/","article_published_time":"2023-12-29T06:11:23+00:00","article_modified_time":"2023-12-29T06:11:24+00:00","og_image":[{"width":700,"height":417,"url":"https:\/\/nahuelproducciones.com.ar\/radioquijano\/wp-content\/uploads\/2023\/12\/WhatsApp-Image-2023-12-29-at-3.03.08-AM-e1703830270519.jpeg","type":"image\/jpeg"}],"author":"Cecilia Pastrana","twitter_card":"summary_large_image","twitter_creator":"@nahuproduciones","twitter_site":"@nahuproduciones","twitter_misc":{"Escrito por":"Cecilia Pastrana","Tiempo de lectura":"2 minutos"},"schema":{"@context":"https:\/\/schema.org","@graph":[{"@type":"WebPage","@id":"https:\/\/nahuelproducciones.com.ar\/radioquijano\/aumento-de-tarifa-el-concejo-deliberante-se-reune-el-29-de-diciembre-a-1000hs-en-sesion-extraordinaria\/","url":"https:\/\/nahuelproducciones.com.ar\/radioquijano\/aumento-de-tarifa-el-concejo-deliberante-se-reune-el-29-de-diciembre-a-1000hs-en-sesion-extraordinaria\/","name":"Aumento de Tarifa : El Concejo Deliberante se re\u00fane el 29 de diciembre a 10:00hs en sesi\u00f3n extraordinaria\u00a0. - RQ 99.9","isPartOf":{"@id":"https:\/\/nahuelproducciones.com.ar\/radioquijano\/#website"},"datePublished":"2023-12-29T06:11:23+00:00","dateModified":"2023-12-29T06:11:24+00:00","author":{"@id":"https:\/\/nahuelproducciones.com.ar\/radioquijano\/#\/schema\/person\/e8a4f939e2cb487fe6d0c54042c9d32c"},"description":"No se transmitir\u00e1 la Sesi\u00f3n Extraordinaria porque el Concejo Deliberante no cuenta con un celular, ni micr\u00f3fono, tampoco sonido adecuado.Invito a la Comunidad a asistir ya que las sesiones son totalmente p\u00fablicas.","breadcrumb":{"@id":"https:\/\/nahuelproducciones.com.ar\/radioquijano\/aumento-de-tarifa-el-concejo-deliberante-se-reune-el-29-de-diciembre-a-1000hs-en-sesion-extraordinaria\/#breadcrumb"},"inLanguage":"es","potentialAction":[{"@type":"ReadAction","target":["https:\/\/nahuelproducciones.com.ar\/radioquijano\/aumento-de-tarifa-el-concejo-deliberante-se-reune-el-29-de-diciembre-a-1000hs-en-sesion-extraordinaria\/"]}]},{"@type":"BreadcrumbList","@id":"https:\/\/nahuelproducciones.com.ar\/radioquijano\/aumento-de-tarifa-el-concejo-deliberante-se-reune-el-29-de-diciembre-a-1000hs-en-sesion-extraordinaria\/#breadcrumb","itemListElement":[{"@type":"ListItem","position":1,"name":"Portada","item":"https:\/\/nahuelproducciones.com.ar\/radioquijano\/"},{"@type":"ListItem","position":2,"name":"Aumento de Tarifa : El Concejo Deliberante se re\u00fane el 29 de diciembre a 10:00hs en sesi\u00f3n extraordinaria\u00a0."}]},{"@type":"WebSite","@id":"https:\/\/nahuelproducciones.com.ar\/radioquijano\/#website","url":"https:\/\/nahuelproducciones.com.ar\/radioquijano\/","name":"RQ 99.9","description":"Radio Quijano 99.9 MHz","potentialAction":[{"@type":"SearchAction","target":{"@type":"EntryPoint","urlTemplate":"https:\/\/nahuelproducciones.com.ar\/radioquijano\/?s={search_term_string}"},"query-input":"required name=search_term_string"}],"inLanguage":"es"},{"@type":"Person","@id":"https:\/\/nahuelproducciones.com.ar\/radioquijano\/#\/schema\/person\/e8a4f939e2cb487fe6d0c54042c9d32c","name":"Cecilia Pastrana","image":{"@type":"ImageObject","inLanguage":"es","@id":"https:\/\/nahuelproducciones.com.ar\/radioquijano\/#\/schema\/person\/image\/","url":"https:\/\/secure.gravatar.com\/avatar\/661a3ef63a8488d4f2794ed44af8cf71420f7e106f3072c40125114df5157749?s=96&d=mm&r=g","contentUrl":"https:\/\/secure.gravatar.com\/avatar\/661a3ef63a8488d4f2794ed44af8cf71420f7e106f3072c40125114df5157749?s=96&d=mm&r=g","caption":"Cecilia Pastrana"},"sameAs":["cecy"],"url":"https:\/\/nahuelproducciones.com.ar\/radioquijano\/author\/cecy\/"}]}},"_links":{"self":[{"href":"https:\/\/nahuelproducciones.com.ar\/radioquijano\/wp-json\/wp\/v2\/posts\/6661","targetHints":{"allow":["GET"]}}],"collection":[{"href":"https:\/\/nahuelproducciones.com.ar\/radioquijano\/wp-json\/wp\/v2\/posts"}],"about":[{"href":"https:\/\/nahuelproducciones.com.ar\/radioquijano\/wp-json\/wp\/v2\/types\/post"}],"author":[{"embeddable":true,"href":"https:\/\/nahuelproducciones.com.ar\/radioquijano\/wp-json\/wp\/v2\/users\/8"}],"replies":[{"embeddable":true,"href":"https:\/\/nahuelproducciones.com.ar\/radioquijano\/wp-json\/wp\/v2\/comments?post=6661"}],"version-history":[{"count":1,"href":"https:\/\/nahuelproducciones.com.ar\/radioquijano\/wp-json\/wp\/v2\/posts\/6661\/revisions"}],"predecessor-version":[{"id":6665,"href":"https:\/\/nahuelproducciones.com.ar\/radioquijano\/wp-json\/wp\/v2\/posts\/6661\/revisions\/6665"}],"wp:featuredmedia":[{"embeddable":true,"href":"https:\/\/nahuelproducciones.com.ar\/radioquijano\/wp-json\/wp\/v2\/media\/6664"}],"wp:attachment":[{"href":"https:\/\/nahuelproducciones.com.ar\/radioquijano\/wp-json\/wp\/v2\/media?parent=6661"}],"wp:term":[{"taxonomy":"category","embeddable":true,"href":"https:\/\/nahuelproducciones.com.ar\/radioquijano\/wp-json\/wp\/v2\/categories?post=6661"},{"taxonomy":"post_tag","embeddable":true,"href":"https:\/\/nahuelproducciones.com.ar\/radioquijano\/wp-json\/wp\/v2\/tags?post=6661"}],"curies":[{"name":"wp","href":"https:\/\/api.w.org\/{rel}","templated":true}]}}