{"id":6682,"date":"2024-01-04T22:21:44","date_gmt":"2024-01-05T01:21:44","guid":{"rendered":"https:\/\/nahuelproducciones.com.ar\/radioquijano\/?p=6682"},"modified":"2024-01-04T22:21:44","modified_gmt":"2024-01-05T01:21:44","slug":"comenzo-sus-actividades-la-colonia-de-vacaciones-y-la-escuela-de-natacion-municipal","status":"publish","type":"post","link":"https:\/\/nahuelproducciones.com.ar\/radioquijano\/comenzo-sus-actividades-la-colonia-de-vacaciones-y-la-escuela-de-natacion-municipal\/","title":{"rendered":"Comenz\u00f3 sus actividades la Colonia de vacaciones y la Escuela de Nataci\u00f3n municipal."},"content":{"rendered":"\n<p>Abri\u00f3 sus puertas la colonia de vacaciones y la escuela de nataci\u00f3n municipal este mi\u00e9rcoles 3 de enero en el Camping Juanillo L\u00f3pez de Campo Quijano.<\/p>\n\n\n\n<p>Las actividades de la escuela de nataci\u00f3n es totalmente gratuitas, para ni\u00f1os, adolescentes y adultos. Las inscripciones ser\u00e1n en el ex Col. Ing. Maury desde las 07:30 hs a 12:30 hs.<\/p>\n\n\n\n<p>Al formulario lo pueden retirar en la Oficina de Deportes o descargarlo en:<\/p>\n\n\n\n<p><a href=\"https:\/\/drive.google.com\/...\/1WnYyVmNptM43UDz...\/view...\">https:\/\/drive.google.com\/&#8230;\/1WnYyVmNptM43UDz&#8230;\/view&#8230;<\/a><\/p>\n\n\n\n<p>El Director de Deporte Alfredo \u00abMilico\u00bb Burgos en dialogo con RQ99.9Mhz, se mostr\u00f3 satisfecho por la propuesta de verano y por el trabajo en equipo que realizar\u00e1n en el Camping de Quijano y en La Silleta. <\/p>\n\n\n\n<p>Esta propuesta recreativa, que se ofrece  es sin costo para todos aquellos que se inscriban.<\/p>\n\n\n\n<p>Burgos anticipo que en la Colonia de Vacaciones se realizar\u00e1n actividades deportivas, talleres, nataci\u00f3n recreativa y muchas m\u00e1s. Se trabajar\u00e1 con valores como la solidaridad, el compa\u00f1erismo, el respeto, el esfuerzo individual y sobre todo el trabajo en equipo.<\/p>\n\n\n\n<p>Escucha la entrevista:<\/p>\n\n\n\n<figure class=\"wp-block-audio\"><audio controls src=\"https:\/\/nahuelproducciones.com.ar\/radioquijano\/wp-content\/uploads\/2024\/01\/3-01-2024-DIRECTOR-DE-DEPORTE-PROF-ALFREDO-MILICO-BURGOS-APERTURA-DE-COLONIA-DE-VACACIONES-.mp3\"><\/audio><\/figure>\n\n\n\n<figure class=\"wp-block-gallery has-nested-images columns-default is-cropped wp-block-gallery-1 is-layout-flex wp-block-gallery-is-layout-flex\">\n<figure class=\"wp-block-image size-large\"><img loading=\"lazy\" decoding=\"async\" width=\"512\" height=\"640\" data-id=\"6684\" src=\"https:\/\/nahuelproducciones.com.ar\/radioquijano\/wp-content\/uploads\/2024\/01\/412929951_764680529021693_2319362368586352089_n.jpg\" alt=\"\" class=\"wp-image-6684\" srcset=\"https:\/\/nahuelproducciones.com.ar\/radioquijano\/wp-content\/uploads\/2024\/01\/412929951_764680529021693_2319362368586352089_n.jpg 512w, https:\/\/nahuelproducciones.com.ar\/radioquijano\/wp-content\/uploads\/2024\/01\/412929951_764680529021693_2319362368586352089_n-240x300.jpg 240w, https:\/\/nahuelproducciones.com.ar\/radioquijano\/wp-content\/uploads\/2024\/01\/412929951_764680529021693_2319362368586352089_n-150x188.jpg 150w\" sizes=\"auto, (max-width: 512px) 100vw, 512px\" \/><\/figure>\n\n\n\n<figure class=\"wp-block-image size-large\"><img loading=\"lazy\" decoding=\"async\" width=\"512\" height=\"640\" data-id=\"6685\" src=\"https:\/\/nahuelproducciones.com.ar\/radioquijano\/wp-content\/uploads\/2024\/01\/414829343_764761502346929_7111335326757226605_n.jpg\" alt=\"\" class=\"wp-image-6685\" srcset=\"https:\/\/nahuelproducciones.com.ar\/radioquijano\/wp-content\/uploads\/2024\/01\/414829343_764761502346929_7111335326757226605_n.jpg 512w, https:\/\/nahuelproducciones.com.ar\/radioquijano\/wp-content\/uploads\/2024\/01\/414829343_764761502346929_7111335326757226605_n-240x300.jpg 240w, https:\/\/nahuelproducciones.com.ar\/radioquijano\/wp-content\/uploads\/2024\/01\/414829343_764761502346929_7111335326757226605_n-150x188.jpg 150w\" sizes=\"auto, (max-width: 512px) 100vw, 512px\" \/><\/figure>\n<\/figure>\n","protected":false},"excerpt":{"rendered":"<p>Abri\u00f3 sus puertas la colonia de vacaciones y la escuela de nataci\u00f3n municipal este mi\u00e9rcoles 3 de enero en el Camping Juanillo L\u00f3pez de Campo Quijano. Las actividades de la escuela de nataci\u00f3n es totalmente gratuitas, para ni\u00f1os, adolescentes y adultos. Las inscripciones ser\u00e1n en el ex Col. Ing. Maury desde las 07:30 hs a [&hellip;]<\/p>\n","protected":false},"author":8,"featured_media":6686,"comment_status":"open","ping_status":"open","sticky":false,"template":"","format":"standard","meta":{"_monsterinsights_skip_tracking":false,"_monsterinsights_sitenote_active":false,"_monsterinsights_sitenote_note":"","_monsterinsights_sitenote_category":0,"footnotes":""},"categories":[16],"tags":[1396,1397,77,100],"class_list":["post-6682","post","type-post","status-publish","format-standard","has-post-thumbnail","hentry","category-noticias","tag-colonia-de-vacaciones","tag-escuela-de-natacion-municipal","tag-la-silleta","tag-municipio-de-campo-quijano"],"yoast_head":"<!-- This site is optimized with the Yoast SEO plugin v20.8 - https:\/\/yoast.com\/wordpress\/plugins\/seo\/ -->\n<title>Comenz\u00f3 sus actividades la Colonia de vacaciones y la Escuela de Nataci\u00f3n municipal. - RQ 99.9<\/title>\n<meta name=\"description\" content=\"Todos estar\u00e1n acompa\u00f1ados por un grupo especializado de profesores .\" \/>\n<meta name=\"robots\" content=\"index, follow, max-snippet:-1, max-image-preview:large, max-video-preview:-1\" \/>\n<link rel=\"canonical\" href=\"https:\/\/nahuelproducciones.com.ar\/radioquijano\/comenzo-sus-actividades-la-colonia-de-vacaciones-y-la-escuela-de-natacion-municipal\/\" \/>\n<meta property=\"og:locale\" content=\"es_ES\" \/>\n<meta property=\"og:type\" content=\"article\" \/>\n<meta property=\"og:title\" content=\"Comenz\u00f3 sus actividades la Colonia de vacaciones y la Escuela de Nataci\u00f3n municipal. - RQ 99.9\" \/>\n<meta property=\"og:description\" content=\"Todos estar\u00e1n acompa\u00f1ados por un grupo especializado de profesores .\" \/>\n<meta property=\"og:url\" content=\"https:\/\/nahuelproducciones.com.ar\/radioquijano\/comenzo-sus-actividades-la-colonia-de-vacaciones-y-la-escuela-de-natacion-municipal\/\" \/>\n<meta property=\"og:site_name\" content=\"RQ 99.9\" \/>\n<meta property=\"article:publisher\" content=\"https:\/\/www.facebook.com\/nahuelproducciones999\/\" \/>\n<meta property=\"article:published_time\" content=\"2024-01-05T01:21:44+00:00\" \/>\n<meta property=\"og:image\" content=\"https:\/\/nahuelproducciones.com.ar\/radioquijano\/wp-content\/uploads\/2024\/01\/414994411_768997161923363_3801258706420737120_n-e1704417560975.jpg\" \/>\n\t<meta property=\"og:image:width\" content=\"512\" \/>\n\t<meta property=\"og:image:height\" content=\"363\" \/>\n\t<meta property=\"og:image:type\" content=\"image\/jpeg\" \/>\n<meta name=\"author\" content=\"Cecilia Pastrana\" \/>\n<meta name=\"twitter:card\" content=\"summary_large_image\" \/>\n<meta name=\"twitter:creator\" content=\"@nahuproduciones\" \/>\n<meta name=\"twitter:site\" content=\"@nahuproduciones\" \/>\n<meta name=\"twitter:label1\" content=\"Escrito por\" \/>\n\t<meta name=\"twitter:data1\" content=\"Cecilia Pastrana\" \/>\n\t<meta name=\"twitter:label2\" content=\"Tiempo de lectura\" \/>\n\t<meta name=\"twitter:data2\" content=\"2 minutos\" \/>\n<script type=\"application\/ld+json\" class=\"yoast-schema-graph\">{\"@context\":\"https:\/\/schema.org\",\"@graph\":[{\"@type\":\"WebPage\",\"@id\":\"https:\/\/nahuelproducciones.com.ar\/radioquijano\/comenzo-sus-actividades-la-colonia-de-vacaciones-y-la-escuela-de-natacion-municipal\/\",\"url\":\"https:\/\/nahuelproducciones.com.ar\/radioquijano\/comenzo-sus-actividades-la-colonia-de-vacaciones-y-la-escuela-de-natacion-municipal\/\",\"name\":\"Comenz\u00f3 sus actividades la Colonia de vacaciones y la Escuela de Nataci\u00f3n municipal. - RQ 99.9\",\"isPartOf\":{\"@id\":\"https:\/\/nahuelproducciones.com.ar\/radioquijano\/#website\"},\"datePublished\":\"2024-01-05T01:21:44+00:00\",\"dateModified\":\"2024-01-05T01:21:44+00:00\",\"author\":{\"@id\":\"https:\/\/nahuelproducciones.com.ar\/radioquijano\/#\/schema\/person\/e8a4f939e2cb487fe6d0c54042c9d32c\"},\"description\":\"Todos estar\u00e1n acompa\u00f1ados por un grupo especializado de profesores .\",\"breadcrumb\":{\"@id\":\"https:\/\/nahuelproducciones.com.ar\/radioquijano\/comenzo-sus-actividades-la-colonia-de-vacaciones-y-la-escuela-de-natacion-municipal\/#breadcrumb\"},\"inLanguage\":\"es\",\"potentialAction\":[{\"@type\":\"ReadAction\",\"target\":[\"https:\/\/nahuelproducciones.com.ar\/radioquijano\/comenzo-sus-actividades-la-colonia-de-vacaciones-y-la-escuela-de-natacion-municipal\/\"]}]},{\"@type\":\"BreadcrumbList\",\"@id\":\"https:\/\/nahuelproducciones.com.ar\/radioquijano\/comenzo-sus-actividades-la-colonia-de-vacaciones-y-la-escuela-de-natacion-municipal\/#breadcrumb\",\"itemListElement\":[{\"@type\":\"ListItem\",\"position\":1,\"name\":\"Portada\",\"item\":\"https:\/\/nahuelproducciones.com.ar\/radioquijano\/\"},{\"@type\":\"ListItem\",\"position\":2,\"name\":\"Comenz\u00f3 sus actividades la Colonia de vacaciones y la Escuela de Nataci\u00f3n municipal.\"}]},{\"@type\":\"WebSite\",\"@id\":\"https:\/\/nahuelproducciones.com.ar\/radioquijano\/#website\",\"url\":\"https:\/\/nahuelproducciones.com.ar\/radioquijano\/\",\"name\":\"RQ 99.9\",\"description\":\"Radio Quijano 99.9 MHz\",\"potentialAction\":[{\"@type\":\"SearchAction\",\"target\":{\"@type\":\"EntryPoint\",\"urlTemplate\":\"https:\/\/nahuelproducciones.com.ar\/radioquijano\/?s={search_term_string}\"},\"query-input\":\"required name=search_term_string\"}],\"inLanguage\":\"es\"},{\"@type\":\"Person\",\"@id\":\"https:\/\/nahuelproducciones.com.ar\/radioquijano\/#\/schema\/person\/e8a4f939e2cb487fe6d0c54042c9d32c\",\"name\":\"Cecilia Pastrana\",\"image\":{\"@type\":\"ImageObject\",\"inLanguage\":\"es\",\"@id\":\"https:\/\/nahuelproducciones.com.ar\/radioquijano\/#\/schema\/person\/image\/\",\"url\":\"https:\/\/secure.gravatar.com\/avatar\/661a3ef63a8488d4f2794ed44af8cf71420f7e106f3072c40125114df5157749?s=96&d=mm&r=g\",\"contentUrl\":\"https:\/\/secure.gravatar.com\/avatar\/661a3ef63a8488d4f2794ed44af8cf71420f7e106f3072c40125114df5157749?s=96&d=mm&r=g\",\"caption\":\"Cecilia Pastrana\"},\"sameAs\":[\"cecy\"],\"url\":\"https:\/\/nahuelproducciones.com.ar\/radioquijano\/author\/cecy\/\"}]}<\/script>\n<!-- \/ Yoast SEO plugin. -->","yoast_head_json":{"title":"Comenz\u00f3 sus actividades la Colonia de vacaciones y la Escuela de Nataci\u00f3n municipal. - RQ 99.9","description":"Todos estar\u00e1n acompa\u00f1ados por un grupo especializado de profesores .","robots":{"index":"index","follow":"follow","max-snippet":"max-snippet:-1","max-image-preview":"max-image-preview:large","max-video-preview":"max-video-preview:-1"},"canonical":"https:\/\/nahuelproducciones.com.ar\/radioquijano\/comenzo-sus-actividades-la-colonia-de-vacaciones-y-la-escuela-de-natacion-municipal\/","og_locale":"es_ES","og_type":"article","og_title":"Comenz\u00f3 sus actividades la Colonia de vacaciones y la Escuela de Nataci\u00f3n municipal. - RQ 99.9","og_description":"Todos estar\u00e1n acompa\u00f1ados por un grupo especializado de profesores .","og_url":"https:\/\/nahuelproducciones.com.ar\/radioquijano\/comenzo-sus-actividades-la-colonia-de-vacaciones-y-la-escuela-de-natacion-municipal\/","og_site_name":"RQ 99.9","article_publisher":"https:\/\/www.facebook.com\/nahuelproducciones999\/","article_published_time":"2024-01-05T01:21:44+00:00","og_image":[{"width":512,"height":363,"url":"https:\/\/nahuelproducciones.com.ar\/radioquijano\/wp-content\/uploads\/2024\/01\/414994411_768997161923363_3801258706420737120_n-e1704417560975.jpg","type":"image\/jpeg"}],"author":"Cecilia Pastrana","twitter_card":"summary_large_image","twitter_creator":"@nahuproduciones","twitter_site":"@nahuproduciones","twitter_misc":{"Escrito por":"Cecilia Pastrana","Tiempo de lectura":"2 minutos"},"schema":{"@context":"https:\/\/schema.org","@graph":[{"@type":"WebPage","@id":"https:\/\/nahuelproducciones.com.ar\/radioquijano\/comenzo-sus-actividades-la-colonia-de-vacaciones-y-la-escuela-de-natacion-municipal\/","url":"https:\/\/nahuelproducciones.com.ar\/radioquijano\/comenzo-sus-actividades-la-colonia-de-vacaciones-y-la-escuela-de-natacion-municipal\/","name":"Comenz\u00f3 sus actividades la Colonia de vacaciones y la Escuela de Nataci\u00f3n municipal. - RQ 99.9","isPartOf":{"@id":"https:\/\/nahuelproducciones.com.ar\/radioquijano\/#website"},"datePublished":"2024-01-05T01:21:44+00:00","dateModified":"2024-01-05T01:21:44+00:00","author":{"@id":"https:\/\/nahuelproducciones.com.ar\/radioquijano\/#\/schema\/person\/e8a4f939e2cb487fe6d0c54042c9d32c"},"description":"Todos estar\u00e1n acompa\u00f1ados por un grupo especializado de profesores .","breadcrumb":{"@id":"https:\/\/nahuelproducciones.com.ar\/radioquijano\/comenzo-sus-actividades-la-colonia-de-vacaciones-y-la-escuela-de-natacion-municipal\/#breadcrumb"},"inLanguage":"es","potentialAction":[{"@type":"ReadAction","target":["https:\/\/nahuelproducciones.com.ar\/radioquijano\/comenzo-sus-actividades-la-colonia-de-vacaciones-y-la-escuela-de-natacion-municipal\/"]}]},{"@type":"BreadcrumbList","@id":"https:\/\/nahuelproducciones.com.ar\/radioquijano\/comenzo-sus-actividades-la-colonia-de-vacaciones-y-la-escuela-de-natacion-municipal\/#breadcrumb","itemListElement":[{"@type":"ListItem","position":1,"name":"Portada","item":"https:\/\/nahuelproducciones.com.ar\/radioquijano\/"},{"@type":"ListItem","position":2,"name":"Comenz\u00f3 sus actividades la Colonia de vacaciones y la Escuela de Nataci\u00f3n municipal."}]},{"@type":"WebSite","@id":"https:\/\/nahuelproducciones.com.ar\/radioquijano\/#website","url":"https:\/\/nahuelproducciones.com.ar\/radioquijano\/","name":"RQ 99.9","description":"Radio Quijano 99.9 MHz","potentialAction":[{"@type":"SearchAction","target":{"@type":"EntryPoint","urlTemplate":"https:\/\/nahuelproducciones.com.ar\/radioquijano\/?s={search_term_string}"},"query-input":"required name=search_term_string"}],"inLanguage":"es"},{"@type":"Person","@id":"https:\/\/nahuelproducciones.com.ar\/radioquijano\/#\/schema\/person\/e8a4f939e2cb487fe6d0c54042c9d32c","name":"Cecilia Pastrana","image":{"@type":"ImageObject","inLanguage":"es","@id":"https:\/\/nahuelproducciones.com.ar\/radioquijano\/#\/schema\/person\/image\/","url":"https:\/\/secure.gravatar.com\/avatar\/661a3ef63a8488d4f2794ed44af8cf71420f7e106f3072c40125114df5157749?s=96&d=mm&r=g","contentUrl":"https:\/\/secure.gravatar.com\/avatar\/661a3ef63a8488d4f2794ed44af8cf71420f7e106f3072c40125114df5157749?s=96&d=mm&r=g","caption":"Cecilia Pastrana"},"sameAs":["cecy"],"url":"https:\/\/nahuelproducciones.com.ar\/radioquijano\/author\/cecy\/"}]}},"_links":{"self":[{"href":"https:\/\/nahuelproducciones.com.ar\/radioquijano\/wp-json\/wp\/v2\/posts\/6682","targetHints":{"allow":["GET"]}}],"collection":[{"href":"https:\/\/nahuelproducciones.com.ar\/radioquijano\/wp-json\/wp\/v2\/posts"}],"about":[{"href":"https:\/\/nahuelproducciones.com.ar\/radioquijano\/wp-json\/wp\/v2\/types\/post"}],"author":[{"embeddable":true,"href":"https:\/\/nahuelproducciones.com.ar\/radioquijano\/wp-json\/wp\/v2\/users\/8"}],"replies":[{"embeddable":true,"href":"https:\/\/nahuelproducciones.com.ar\/radioquijano\/wp-json\/wp\/v2\/comments?post=6682"}],"version-history":[{"count":1,"href":"https:\/\/nahuelproducciones.com.ar\/radioquijano\/wp-json\/wp\/v2\/posts\/6682\/revisions"}],"predecessor-version":[{"id":6687,"href":"https:\/\/nahuelproducciones.com.ar\/radioquijano\/wp-json\/wp\/v2\/posts\/6682\/revisions\/6687"}],"wp:featuredmedia":[{"embeddable":true,"href":"https:\/\/nahuelproducciones.com.ar\/radioquijano\/wp-json\/wp\/v2\/media\/6686"}],"wp:attachment":[{"href":"https:\/\/nahuelproducciones.com.ar\/radioquijano\/wp-json\/wp\/v2\/media?parent=6682"}],"wp:term":[{"taxonomy":"category","embeddable":true,"href":"https:\/\/nahuelproducciones.com.ar\/radioquijano\/wp-json\/wp\/v2\/categories?post=6682"},{"taxonomy":"post_tag","embeddable":true,"href":"https:\/\/nahuelproducciones.com.ar\/radioquijano\/wp-json\/wp\/v2\/tags?post=6682"}],"curies":[{"name":"wp","href":"https:\/\/api.w.org\/{rel}","templated":true}]}}