{"id":6735,"date":"2024-01-10T00:48:10","date_gmt":"2024-01-10T03:48:10","guid":{"rendered":"https:\/\/nahuelproducciones.com.ar\/radioquijano\/?p=6735"},"modified":"2024-01-10T00:48:11","modified_gmt":"2024-01-10T03:48:11","slug":"campo-quijano-el-hospital-sin-medicacion-en-el-fin-de-semana","status":"publish","type":"post","link":"https:\/\/nahuelproducciones.com.ar\/radioquijano\/campo-quijano-el-hospital-sin-medicacion-en-el-fin-de-semana\/","title":{"rendered":"Campo Quijano: El Hospital sin medicaci\u00f3n en el fin de semana."},"content":{"rendered":"\n<p>A trav\u00e9s de redes sociales, en el perfil de Facebook una vecina publico un mensaje que estaba pegado en Guardia del Hospital Dr. Francisco Herrera donde se ped\u00eda que lleven sus medicamentos y descartables ya que no hab\u00eda medicaci\u00f3n por  faltante a Nivel Ministerial. <\/p>\n\n\n\n<iframe loading=\"lazy\" src=\"https:\/\/www.facebook.com\/plugins\/post.php?href=https%3A%2F%2Fwww.facebook.com%2Fpermalink.php%3Fstory_fbid%3Dpfbid0zvNTwpobsfqxzXXWhqxNUVQ2RveoftbENY7CCSXwM4jiArvNZmoYdLUFHjRvjEo3l%26id%3D100005053037660&#038;show_text=true&#038;width=500\" width=\"500\" height=\"332\" style=\"border:none;overflow:hidden\" scrolling=\"no\" frameborder=\"0\" allowfullscreen=\"true\" allow=\"autoplay; clipboard-write; encrypted-media; picture-in-picture; web-share\"><\/iframe>\n\n\n\n\n<p>Llego la publicaci\u00f3n de la Sra <strong>Anabel Carrizo<\/strong> y desde RQ99.9Mhz nos comunicamos con la Gerente del Hospital, la Lic D\u00e9bora L\u00f3pez quien respondi\u00f3 a todas las consultas de los oyentes sobre este tema.<\/p>\n\n\n\n<p>La Lic. menciono que en el sector  de Guardia si les ped\u00edan  a los vecinos que concurren que lleven ellos mismos los medicamentos que necesitan ya que no ten\u00edan para proporcion\u00e1rselos. Esta situaci\u00f3n fue moment\u00e1nea ya se esta normalizando. Aclar\u00f3 que si existe stock para aquellos que no tienen para comprar lo que requieren, dada su precaria situaci\u00f3n econ\u00f3mica.<\/p>\n\n\n\n<p>En el Hospital se est\u00e1 evaluando c\u00f3mo hacer para tener respuestas y, por lo pronto, se recurre a los recursos del Nosocomio.<\/p>\n\n\n\n<p>Escucha la entrevista:<\/p>\n\n\n\n<figure class=\"wp-block-audio\"><audio controls src=\"https:\/\/nahuelproducciones.com.ar\/radioquijano\/wp-content\/uploads\/2024\/01\/08-01-2023-Lic-Debora-lopez-tema-faltante-de-medicacion-.mp3\"><\/audio><\/figure>\n\n\n\n<p><\/p>\n","protected":false},"excerpt":{"rendered":"<p>A trav\u00e9s de redes sociales, en el perfil de Facebook una vecina publico un mensaje que estaba pegado en Guardia del Hospital Dr. Francisco Herrera donde se ped\u00eda que lleven sus medicamentos y descartables ya que no hab\u00eda medicaci\u00f3n por faltante a Nivel Ministerial. Llego la publicaci\u00f3n de la Sra Anabel Carrizo y desde RQ99.9Mhz [&hellip;]<\/p>\n","protected":false},"author":8,"featured_media":6738,"comment_status":"open","ping_status":"open","sticky":false,"template":"","format":"standard","meta":{"_monsterinsights_skip_tracking":false,"_monsterinsights_sitenote_active":false,"_monsterinsights_sitenote_note":"","_monsterinsights_sitenote_category":0,"footnotes":""},"categories":[16],"tags":[471,1403,100],"class_list":["post-6735","post","type-post","status-publish","format-standard","has-post-thumbnail","hentry","category-noticias","tag-hospital-dr-francisco-herrera-2","tag-medicamentos","tag-municipio-de-campo-quijano"],"yoast_head":"<!-- This site is optimized with the Yoast SEO plugin v20.8 - https:\/\/yoast.com\/wordpress\/plugins\/seo\/ -->\n<title>Campo Quijano: El Hospital sin medicaci\u00f3n en el fin de semana. - RQ 99.9<\/title>\n<meta name=\"description\" content=\"Aclar\u00f3 que si existe stock para aquellos que no tienen para comprar lo que requieren, dada su precaria situaci\u00f3n econ\u00f3mica.\" \/>\n<meta name=\"robots\" content=\"index, follow, max-snippet:-1, max-image-preview:large, max-video-preview:-1\" \/>\n<link rel=\"canonical\" href=\"https:\/\/nahuelproducciones.com.ar\/radioquijano\/campo-quijano-el-hospital-sin-medicacion-en-el-fin-de-semana\/\" \/>\n<meta property=\"og:locale\" content=\"es_ES\" \/>\n<meta property=\"og:type\" content=\"article\" \/>\n<meta property=\"og:title\" content=\"Campo Quijano: El Hospital sin medicaci\u00f3n en el fin de semana. - RQ 99.9\" \/>\n<meta property=\"og:description\" content=\"Aclar\u00f3 que si existe stock para aquellos que no tienen para comprar lo que requieren, dada su precaria situaci\u00f3n econ\u00f3mica.\" \/>\n<meta property=\"og:url\" content=\"https:\/\/nahuelproducciones.com.ar\/radioquijano\/campo-quijano-el-hospital-sin-medicacion-en-el-fin-de-semana\/\" \/>\n<meta property=\"og:site_name\" content=\"RQ 99.9\" \/>\n<meta property=\"article:publisher\" content=\"https:\/\/www.facebook.com\/nahuelproducciones999\/\" \/>\n<meta property=\"article:published_time\" content=\"2024-01-10T03:48:10+00:00\" \/>\n<meta property=\"article:modified_time\" content=\"2024-01-10T03:48:11+00:00\" \/>\n<meta property=\"og:image\" content=\"https:\/\/nahuelproducciones.com.ar\/radioquijano\/wp-content\/uploads\/2024\/01\/417112810_2606451556199920_7586370857564117797_n-e1704858482807.jpg\" \/>\n\t<meta property=\"og:image:width\" content=\"700\" \/>\n\t<meta property=\"og:image:height\" content=\"466\" \/>\n\t<meta property=\"og:image:type\" content=\"image\/jpeg\" \/>\n<meta name=\"author\" content=\"Cecilia Pastrana\" \/>\n<meta name=\"twitter:card\" content=\"summary_large_image\" \/>\n<meta name=\"twitter:creator\" content=\"@nahuproduciones\" \/>\n<meta name=\"twitter:site\" content=\"@nahuproduciones\" \/>\n<meta name=\"twitter:label1\" content=\"Escrito por\" \/>\n\t<meta name=\"twitter:data1\" content=\"Cecilia Pastrana\" \/>\n\t<meta name=\"twitter:label2\" content=\"Tiempo de lectura\" \/>\n\t<meta name=\"twitter:data2\" content=\"1 minuto\" \/>\n<script type=\"application\/ld+json\" class=\"yoast-schema-graph\">{\"@context\":\"https:\/\/schema.org\",\"@graph\":[{\"@type\":\"WebPage\",\"@id\":\"https:\/\/nahuelproducciones.com.ar\/radioquijano\/campo-quijano-el-hospital-sin-medicacion-en-el-fin-de-semana\/\",\"url\":\"https:\/\/nahuelproducciones.com.ar\/radioquijano\/campo-quijano-el-hospital-sin-medicacion-en-el-fin-de-semana\/\",\"name\":\"Campo Quijano: El Hospital sin medicaci\u00f3n en el fin de semana. - RQ 99.9\",\"isPartOf\":{\"@id\":\"https:\/\/nahuelproducciones.com.ar\/radioquijano\/#website\"},\"datePublished\":\"2024-01-10T03:48:10+00:00\",\"dateModified\":\"2024-01-10T03:48:11+00:00\",\"author\":{\"@id\":\"https:\/\/nahuelproducciones.com.ar\/radioquijano\/#\/schema\/person\/e8a4f939e2cb487fe6d0c54042c9d32c\"},\"description\":\"Aclar\u00f3 que si existe stock para aquellos que no tienen para comprar lo que requieren, dada su precaria situaci\u00f3n econ\u00f3mica.\",\"breadcrumb\":{\"@id\":\"https:\/\/nahuelproducciones.com.ar\/radioquijano\/campo-quijano-el-hospital-sin-medicacion-en-el-fin-de-semana\/#breadcrumb\"},\"inLanguage\":\"es\",\"potentialAction\":[{\"@type\":\"ReadAction\",\"target\":[\"https:\/\/nahuelproducciones.com.ar\/radioquijano\/campo-quijano-el-hospital-sin-medicacion-en-el-fin-de-semana\/\"]}]},{\"@type\":\"BreadcrumbList\",\"@id\":\"https:\/\/nahuelproducciones.com.ar\/radioquijano\/campo-quijano-el-hospital-sin-medicacion-en-el-fin-de-semana\/#breadcrumb\",\"itemListElement\":[{\"@type\":\"ListItem\",\"position\":1,\"name\":\"Portada\",\"item\":\"https:\/\/nahuelproducciones.com.ar\/radioquijano\/\"},{\"@type\":\"ListItem\",\"position\":2,\"name\":\"Campo Quijano: El Hospital sin medicaci\u00f3n en el fin de semana.\"}]},{\"@type\":\"WebSite\",\"@id\":\"https:\/\/nahuelproducciones.com.ar\/radioquijano\/#website\",\"url\":\"https:\/\/nahuelproducciones.com.ar\/radioquijano\/\",\"name\":\"RQ 99.9\",\"description\":\"Radio Quijano 99.9 MHz\",\"potentialAction\":[{\"@type\":\"SearchAction\",\"target\":{\"@type\":\"EntryPoint\",\"urlTemplate\":\"https:\/\/nahuelproducciones.com.ar\/radioquijano\/?s={search_term_string}\"},\"query-input\":\"required name=search_term_string\"}],\"inLanguage\":\"es\"},{\"@type\":\"Person\",\"@id\":\"https:\/\/nahuelproducciones.com.ar\/radioquijano\/#\/schema\/person\/e8a4f939e2cb487fe6d0c54042c9d32c\",\"name\":\"Cecilia Pastrana\",\"image\":{\"@type\":\"ImageObject\",\"inLanguage\":\"es\",\"@id\":\"https:\/\/nahuelproducciones.com.ar\/radioquijano\/#\/schema\/person\/image\/\",\"url\":\"https:\/\/secure.gravatar.com\/avatar\/661a3ef63a8488d4f2794ed44af8cf71420f7e106f3072c40125114df5157749?s=96&d=mm&r=g\",\"contentUrl\":\"https:\/\/secure.gravatar.com\/avatar\/661a3ef63a8488d4f2794ed44af8cf71420f7e106f3072c40125114df5157749?s=96&d=mm&r=g\",\"caption\":\"Cecilia Pastrana\"},\"sameAs\":[\"cecy\"],\"url\":\"https:\/\/nahuelproducciones.com.ar\/radioquijano\/author\/cecy\/\"}]}<\/script>\n<!-- \/ Yoast SEO plugin. -->","yoast_head_json":{"title":"Campo Quijano: El Hospital sin medicaci\u00f3n en el fin de semana. - RQ 99.9","description":"Aclar\u00f3 que si existe stock para aquellos que no tienen para comprar lo que requieren, dada su precaria situaci\u00f3n econ\u00f3mica.","robots":{"index":"index","follow":"follow","max-snippet":"max-snippet:-1","max-image-preview":"max-image-preview:large","max-video-preview":"max-video-preview:-1"},"canonical":"https:\/\/nahuelproducciones.com.ar\/radioquijano\/campo-quijano-el-hospital-sin-medicacion-en-el-fin-de-semana\/","og_locale":"es_ES","og_type":"article","og_title":"Campo Quijano: El Hospital sin medicaci\u00f3n en el fin de semana. - RQ 99.9","og_description":"Aclar\u00f3 que si existe stock para aquellos que no tienen para comprar lo que requieren, dada su precaria situaci\u00f3n econ\u00f3mica.","og_url":"https:\/\/nahuelproducciones.com.ar\/radioquijano\/campo-quijano-el-hospital-sin-medicacion-en-el-fin-de-semana\/","og_site_name":"RQ 99.9","article_publisher":"https:\/\/www.facebook.com\/nahuelproducciones999\/","article_published_time":"2024-01-10T03:48:10+00:00","article_modified_time":"2024-01-10T03:48:11+00:00","og_image":[{"width":700,"height":466,"url":"https:\/\/nahuelproducciones.com.ar\/radioquijano\/wp-content\/uploads\/2024\/01\/417112810_2606451556199920_7586370857564117797_n-e1704858482807.jpg","type":"image\/jpeg"}],"author":"Cecilia Pastrana","twitter_card":"summary_large_image","twitter_creator":"@nahuproduciones","twitter_site":"@nahuproduciones","twitter_misc":{"Escrito por":"Cecilia Pastrana","Tiempo de lectura":"1 minuto"},"schema":{"@context":"https:\/\/schema.org","@graph":[{"@type":"WebPage","@id":"https:\/\/nahuelproducciones.com.ar\/radioquijano\/campo-quijano-el-hospital-sin-medicacion-en-el-fin-de-semana\/","url":"https:\/\/nahuelproducciones.com.ar\/radioquijano\/campo-quijano-el-hospital-sin-medicacion-en-el-fin-de-semana\/","name":"Campo Quijano: El Hospital sin medicaci\u00f3n en el fin de semana. - RQ 99.9","isPartOf":{"@id":"https:\/\/nahuelproducciones.com.ar\/radioquijano\/#website"},"datePublished":"2024-01-10T03:48:10+00:00","dateModified":"2024-01-10T03:48:11+00:00","author":{"@id":"https:\/\/nahuelproducciones.com.ar\/radioquijano\/#\/schema\/person\/e8a4f939e2cb487fe6d0c54042c9d32c"},"description":"Aclar\u00f3 que si existe stock para aquellos que no tienen para comprar lo que requieren, dada su precaria situaci\u00f3n econ\u00f3mica.","breadcrumb":{"@id":"https:\/\/nahuelproducciones.com.ar\/radioquijano\/campo-quijano-el-hospital-sin-medicacion-en-el-fin-de-semana\/#breadcrumb"},"inLanguage":"es","potentialAction":[{"@type":"ReadAction","target":["https:\/\/nahuelproducciones.com.ar\/radioquijano\/campo-quijano-el-hospital-sin-medicacion-en-el-fin-de-semana\/"]}]},{"@type":"BreadcrumbList","@id":"https:\/\/nahuelproducciones.com.ar\/radioquijano\/campo-quijano-el-hospital-sin-medicacion-en-el-fin-de-semana\/#breadcrumb","itemListElement":[{"@type":"ListItem","position":1,"name":"Portada","item":"https:\/\/nahuelproducciones.com.ar\/radioquijano\/"},{"@type":"ListItem","position":2,"name":"Campo Quijano: El Hospital sin medicaci\u00f3n en el fin de semana."}]},{"@type":"WebSite","@id":"https:\/\/nahuelproducciones.com.ar\/radioquijano\/#website","url":"https:\/\/nahuelproducciones.com.ar\/radioquijano\/","name":"RQ 99.9","description":"Radio Quijano 99.9 MHz","potentialAction":[{"@type":"SearchAction","target":{"@type":"EntryPoint","urlTemplate":"https:\/\/nahuelproducciones.com.ar\/radioquijano\/?s={search_term_string}"},"query-input":"required name=search_term_string"}],"inLanguage":"es"},{"@type":"Person","@id":"https:\/\/nahuelproducciones.com.ar\/radioquijano\/#\/schema\/person\/e8a4f939e2cb487fe6d0c54042c9d32c","name":"Cecilia Pastrana","image":{"@type":"ImageObject","inLanguage":"es","@id":"https:\/\/nahuelproducciones.com.ar\/radioquijano\/#\/schema\/person\/image\/","url":"https:\/\/secure.gravatar.com\/avatar\/661a3ef63a8488d4f2794ed44af8cf71420f7e106f3072c40125114df5157749?s=96&d=mm&r=g","contentUrl":"https:\/\/secure.gravatar.com\/avatar\/661a3ef63a8488d4f2794ed44af8cf71420f7e106f3072c40125114df5157749?s=96&d=mm&r=g","caption":"Cecilia Pastrana"},"sameAs":["cecy"],"url":"https:\/\/nahuelproducciones.com.ar\/radioquijano\/author\/cecy\/"}]}},"_links":{"self":[{"href":"https:\/\/nahuelproducciones.com.ar\/radioquijano\/wp-json\/wp\/v2\/posts\/6735","targetHints":{"allow":["GET"]}}],"collection":[{"href":"https:\/\/nahuelproducciones.com.ar\/radioquijano\/wp-json\/wp\/v2\/posts"}],"about":[{"href":"https:\/\/nahuelproducciones.com.ar\/radioquijano\/wp-json\/wp\/v2\/types\/post"}],"author":[{"embeddable":true,"href":"https:\/\/nahuelproducciones.com.ar\/radioquijano\/wp-json\/wp\/v2\/users\/8"}],"replies":[{"embeddable":true,"href":"https:\/\/nahuelproducciones.com.ar\/radioquijano\/wp-json\/wp\/v2\/comments?post=6735"}],"version-history":[{"count":1,"href":"https:\/\/nahuelproducciones.com.ar\/radioquijano\/wp-json\/wp\/v2\/posts\/6735\/revisions"}],"predecessor-version":[{"id":6739,"href":"https:\/\/nahuelproducciones.com.ar\/radioquijano\/wp-json\/wp\/v2\/posts\/6735\/revisions\/6739"}],"wp:featuredmedia":[{"embeddable":true,"href":"https:\/\/nahuelproducciones.com.ar\/radioquijano\/wp-json\/wp\/v2\/media\/6738"}],"wp:attachment":[{"href":"https:\/\/nahuelproducciones.com.ar\/radioquijano\/wp-json\/wp\/v2\/media?parent=6735"}],"wp:term":[{"taxonomy":"category","embeddable":true,"href":"https:\/\/nahuelproducciones.com.ar\/radioquijano\/wp-json\/wp\/v2\/categories?post=6735"},{"taxonomy":"post_tag","embeddable":true,"href":"https:\/\/nahuelproducciones.com.ar\/radioquijano\/wp-json\/wp\/v2\/tags?post=6735"}],"curies":[{"name":"wp","href":"https:\/\/api.w.org\/{rel}","templated":true}]}}