{"id":6740,"date":"2024-01-10T01:09:12","date_gmt":"2024-01-10T04:09:12","guid":{"rendered":"https:\/\/nahuelproducciones.com.ar\/radioquijano\/?p=6740"},"modified":"2024-01-10T01:09:13","modified_gmt":"2024-01-10T04:09:13","slug":"la-silleta-tiene-delegado-y-es-sr-lorenzo-paco-raul-dario-vilte","status":"publish","type":"post","link":"https:\/\/nahuelproducciones.com.ar\/radioquijano\/la-silleta-tiene-delegado-y-es-sr-lorenzo-paco-raul-dario-vilte\/","title":{"rendered":"La Silleta tiene Delegado y es Sr. Lorenzo \u00abPaco\u00bb Ra\u00fal Dario Vilte."},"content":{"rendered":"\n<p>El 28 de diciembre de 2023, el jefe comunal Lino Fernado Yonar, encabez\u00f3 un sencillo acto, acompa\u00f1ado por vecinos de la comunidad, y funcionarios, donde\u00a0tom\u00f3 juramento al nuevo Delegado Municipal de La Silleta.<\/p>\n\n\n\n<p>A casi dos semanas de su asunci\u00f3n , RQ99.9Mhz dialogo telef\u00f3nicamente con el Delegado Municipal quien esta muy interiorizado de la situaci\u00f3n de la zona ya que \u00e9l es nacido y criado en el lugar.<\/p>\n\n\n\n<p>Menciono que los nuevos Directores que asumieron, Romina Garc\u00eda en Acci\u00f3n Social y el Director de Obras P\u00fablicas, el se\u00f1or Walter Mamani tambi\u00e9n son oriundos de La Silleta con un fuerte compromiso en su tarea.<\/p>\n\n\n\n<p>Vilte cont\u00f3 a cerca de los limites, de los inconvenientes con las lluvia y desborde. Bosquejo posibles soluciones y analiz\u00f3 el panorama de la nueva  gesti\u00f3n en b\u00fasqueda de mejoras para La Silleta.<\/p>\n\n\n\n<p>Escucha la entrevista.<\/p>\n\n\n\n<figure class=\"wp-block-audio\"><audio controls src=\"https:\/\/nahuelproducciones.com.ar\/radioquijano\/wp-content\/uploads\/2024\/01\/08-01-2023-Delegado-de-La-Silleta-Paco-Vilte-RESUMEN-DE-GESTION-.mp3\"><\/audio><\/figure>\n\n\n\n<p>Imagen: Facebook de la Municipalidad de Campo Quijano.<\/p>\n","protected":false},"excerpt":{"rendered":"<p>El 28 de diciembre de 2023, el jefe comunal Lino Fernado Yonar, encabez\u00f3 un sencillo acto, acompa\u00f1ado por vecinos de la comunidad, y funcionarios, donde\u00a0tom\u00f3 juramento al nuevo Delegado Municipal de La Silleta. A casi dos semanas de su asunci\u00f3n , RQ99.9Mhz dialogo telef\u00f3nicamente con el Delegado Municipal quien esta muy interiorizado de la situaci\u00f3n [&hellip;]<\/p>\n","protected":false},"author":8,"featured_media":6742,"comment_status":"open","ping_status":"open","sticky":false,"template":"","format":"standard","meta":{"_monsterinsights_skip_tracking":false,"_monsterinsights_sitenote_active":false,"_monsterinsights_sitenote_note":"","_monsterinsights_sitenote_category":0,"footnotes":""},"categories":[16],"tags":[1404,77,100],"class_list":["post-6740","post","type-post","status-publish","format-standard","has-post-thumbnail","hentry","category-noticias","tag-delegado-de-la-silleta-sr-lorenzo-paco-raul-dario-vilte","tag-la-silleta","tag-municipio-de-campo-quijano"],"yoast_head":"<!-- This site is optimized with the Yoast SEO plugin v20.8 - https:\/\/yoast.com\/wordpress\/plugins\/seo\/ -->\n<title>La Silleta tiene Delegado y es Sr. Lorenzo &quot;Paco&quot; Ra\u00fal Dario Vilte. - RQ 99.9<\/title>\n<meta name=\"description\" content=\"Menciono que los nuevos Directores que asumieron, Romina Garc\u00eda en Acci\u00f3n Social y el Director de Obras P\u00fablicas, el se\u00f1or Walter Mamani tambi\u00e9n son oriundos de La Silleta con un fuerte compromiso en su tarea\" \/>\n<meta name=\"robots\" content=\"index, follow, max-snippet:-1, max-image-preview:large, max-video-preview:-1\" \/>\n<link rel=\"canonical\" href=\"https:\/\/nahuelproducciones.com.ar\/radioquijano\/la-silleta-tiene-delegado-y-es-sr-lorenzo-paco-raul-dario-vilte\/\" \/>\n<meta property=\"og:locale\" content=\"es_ES\" \/>\n<meta property=\"og:type\" content=\"article\" \/>\n<meta property=\"og:title\" content=\"La Silleta tiene Delegado y es Sr. Lorenzo &quot;Paco&quot; Ra\u00fal Dario Vilte. - RQ 99.9\" \/>\n<meta property=\"og:description\" content=\"Menciono que los nuevos Directores que asumieron, Romina Garc\u00eda en Acci\u00f3n Social y el Director de Obras P\u00fablicas, el se\u00f1or Walter Mamani tambi\u00e9n son oriundos de La Silleta con un fuerte compromiso en su tarea\" \/>\n<meta property=\"og:url\" content=\"https:\/\/nahuelproducciones.com.ar\/radioquijano\/la-silleta-tiene-delegado-y-es-sr-lorenzo-paco-raul-dario-vilte\/\" \/>\n<meta property=\"og:site_name\" content=\"RQ 99.9\" \/>\n<meta property=\"article:publisher\" content=\"https:\/\/www.facebook.com\/nahuelproducciones999\/\" \/>\n<meta property=\"article:published_time\" content=\"2024-01-10T04:09:12+00:00\" \/>\n<meta property=\"article:modified_time\" content=\"2024-01-10T04:09:13+00:00\" \/>\n<meta property=\"og:image\" content=\"https:\/\/nahuelproducciones.com.ar\/radioquijano\/wp-content\/uploads\/2024\/01\/412987151_765324642290615_8775849035587120875_n-e1704859700815.jpg\" \/>\n\t<meta property=\"og:image:width\" content=\"700\" \/>\n\t<meta property=\"og:image:height\" content=\"933\" \/>\n\t<meta property=\"og:image:type\" content=\"image\/jpeg\" \/>\n<meta name=\"author\" content=\"Cecilia Pastrana\" \/>\n<meta name=\"twitter:card\" content=\"summary_large_image\" \/>\n<meta name=\"twitter:creator\" content=\"@nahuproduciones\" \/>\n<meta name=\"twitter:site\" content=\"@nahuproduciones\" \/>\n<meta name=\"twitter:label1\" content=\"Escrito por\" \/>\n\t<meta name=\"twitter:data1\" content=\"Cecilia Pastrana\" \/>\n\t<meta name=\"twitter:label2\" content=\"Tiempo de lectura\" \/>\n\t<meta name=\"twitter:data2\" content=\"1 minuto\" \/>\n<script type=\"application\/ld+json\" class=\"yoast-schema-graph\">{\"@context\":\"https:\/\/schema.org\",\"@graph\":[{\"@type\":\"WebPage\",\"@id\":\"https:\/\/nahuelproducciones.com.ar\/radioquijano\/la-silleta-tiene-delegado-y-es-sr-lorenzo-paco-raul-dario-vilte\/\",\"url\":\"https:\/\/nahuelproducciones.com.ar\/radioquijano\/la-silleta-tiene-delegado-y-es-sr-lorenzo-paco-raul-dario-vilte\/\",\"name\":\"La Silleta tiene Delegado y es Sr. Lorenzo \\\"Paco\\\" Ra\u00fal Dario Vilte. - RQ 99.9\",\"isPartOf\":{\"@id\":\"https:\/\/nahuelproducciones.com.ar\/radioquijano\/#website\"},\"datePublished\":\"2024-01-10T04:09:12+00:00\",\"dateModified\":\"2024-01-10T04:09:13+00:00\",\"author\":{\"@id\":\"https:\/\/nahuelproducciones.com.ar\/radioquijano\/#\/schema\/person\/e8a4f939e2cb487fe6d0c54042c9d32c\"},\"description\":\"Menciono que los nuevos Directores que asumieron, Romina Garc\u00eda en Acci\u00f3n Social y el Director de Obras P\u00fablicas, el se\u00f1or Walter Mamani tambi\u00e9n son oriundos de La Silleta con un fuerte compromiso en su tarea\",\"breadcrumb\":{\"@id\":\"https:\/\/nahuelproducciones.com.ar\/radioquijano\/la-silleta-tiene-delegado-y-es-sr-lorenzo-paco-raul-dario-vilte\/#breadcrumb\"},\"inLanguage\":\"es\",\"potentialAction\":[{\"@type\":\"ReadAction\",\"target\":[\"https:\/\/nahuelproducciones.com.ar\/radioquijano\/la-silleta-tiene-delegado-y-es-sr-lorenzo-paco-raul-dario-vilte\/\"]}]},{\"@type\":\"BreadcrumbList\",\"@id\":\"https:\/\/nahuelproducciones.com.ar\/radioquijano\/la-silleta-tiene-delegado-y-es-sr-lorenzo-paco-raul-dario-vilte\/#breadcrumb\",\"itemListElement\":[{\"@type\":\"ListItem\",\"position\":1,\"name\":\"Portada\",\"item\":\"https:\/\/nahuelproducciones.com.ar\/radioquijano\/\"},{\"@type\":\"ListItem\",\"position\":2,\"name\":\"La Silleta tiene Delegado y es Sr. Lorenzo &#8220;Paco&#8221; Ra\u00fal Dario Vilte.\"}]},{\"@type\":\"WebSite\",\"@id\":\"https:\/\/nahuelproducciones.com.ar\/radioquijano\/#website\",\"url\":\"https:\/\/nahuelproducciones.com.ar\/radioquijano\/\",\"name\":\"RQ 99.9\",\"description\":\"Radio Quijano 99.9 MHz\",\"potentialAction\":[{\"@type\":\"SearchAction\",\"target\":{\"@type\":\"EntryPoint\",\"urlTemplate\":\"https:\/\/nahuelproducciones.com.ar\/radioquijano\/?s={search_term_string}\"},\"query-input\":\"required name=search_term_string\"}],\"inLanguage\":\"es\"},{\"@type\":\"Person\",\"@id\":\"https:\/\/nahuelproducciones.com.ar\/radioquijano\/#\/schema\/person\/e8a4f939e2cb487fe6d0c54042c9d32c\",\"name\":\"Cecilia Pastrana\",\"image\":{\"@type\":\"ImageObject\",\"inLanguage\":\"es\",\"@id\":\"https:\/\/nahuelproducciones.com.ar\/radioquijano\/#\/schema\/person\/image\/\",\"url\":\"https:\/\/secure.gravatar.com\/avatar\/661a3ef63a8488d4f2794ed44af8cf71420f7e106f3072c40125114df5157749?s=96&d=mm&r=g\",\"contentUrl\":\"https:\/\/secure.gravatar.com\/avatar\/661a3ef63a8488d4f2794ed44af8cf71420f7e106f3072c40125114df5157749?s=96&d=mm&r=g\",\"caption\":\"Cecilia Pastrana\"},\"sameAs\":[\"cecy\"],\"url\":\"https:\/\/nahuelproducciones.com.ar\/radioquijano\/author\/cecy\/\"}]}<\/script>\n<!-- \/ Yoast SEO plugin. -->","yoast_head_json":{"title":"La Silleta tiene Delegado y es Sr. Lorenzo \"Paco\" Ra\u00fal Dario Vilte. - RQ 99.9","description":"Menciono que los nuevos Directores que asumieron, Romina Garc\u00eda en Acci\u00f3n Social y el Director de Obras P\u00fablicas, el se\u00f1or Walter Mamani tambi\u00e9n son oriundos de La Silleta con un fuerte compromiso en su tarea","robots":{"index":"index","follow":"follow","max-snippet":"max-snippet:-1","max-image-preview":"max-image-preview:large","max-video-preview":"max-video-preview:-1"},"canonical":"https:\/\/nahuelproducciones.com.ar\/radioquijano\/la-silleta-tiene-delegado-y-es-sr-lorenzo-paco-raul-dario-vilte\/","og_locale":"es_ES","og_type":"article","og_title":"La Silleta tiene Delegado y es Sr. Lorenzo \"Paco\" Ra\u00fal Dario Vilte. - RQ 99.9","og_description":"Menciono que los nuevos Directores que asumieron, Romina Garc\u00eda en Acci\u00f3n Social y el Director de Obras P\u00fablicas, el se\u00f1or Walter Mamani tambi\u00e9n son oriundos de La Silleta con un fuerte compromiso en su tarea","og_url":"https:\/\/nahuelproducciones.com.ar\/radioquijano\/la-silleta-tiene-delegado-y-es-sr-lorenzo-paco-raul-dario-vilte\/","og_site_name":"RQ 99.9","article_publisher":"https:\/\/www.facebook.com\/nahuelproducciones999\/","article_published_time":"2024-01-10T04:09:12+00:00","article_modified_time":"2024-01-10T04:09:13+00:00","og_image":[{"width":700,"height":933,"url":"https:\/\/nahuelproducciones.com.ar\/radioquijano\/wp-content\/uploads\/2024\/01\/412987151_765324642290615_8775849035587120875_n-e1704859700815.jpg","type":"image\/jpeg"}],"author":"Cecilia Pastrana","twitter_card":"summary_large_image","twitter_creator":"@nahuproduciones","twitter_site":"@nahuproduciones","twitter_misc":{"Escrito por":"Cecilia Pastrana","Tiempo de lectura":"1 minuto"},"schema":{"@context":"https:\/\/schema.org","@graph":[{"@type":"WebPage","@id":"https:\/\/nahuelproducciones.com.ar\/radioquijano\/la-silleta-tiene-delegado-y-es-sr-lorenzo-paco-raul-dario-vilte\/","url":"https:\/\/nahuelproducciones.com.ar\/radioquijano\/la-silleta-tiene-delegado-y-es-sr-lorenzo-paco-raul-dario-vilte\/","name":"La Silleta tiene Delegado y es Sr. Lorenzo \"Paco\" Ra\u00fal Dario Vilte. - RQ 99.9","isPartOf":{"@id":"https:\/\/nahuelproducciones.com.ar\/radioquijano\/#website"},"datePublished":"2024-01-10T04:09:12+00:00","dateModified":"2024-01-10T04:09:13+00:00","author":{"@id":"https:\/\/nahuelproducciones.com.ar\/radioquijano\/#\/schema\/person\/e8a4f939e2cb487fe6d0c54042c9d32c"},"description":"Menciono que los nuevos Directores que asumieron, Romina Garc\u00eda en Acci\u00f3n Social y el Director de Obras P\u00fablicas, el se\u00f1or Walter Mamani tambi\u00e9n son oriundos de La Silleta con un fuerte compromiso en su tarea","breadcrumb":{"@id":"https:\/\/nahuelproducciones.com.ar\/radioquijano\/la-silleta-tiene-delegado-y-es-sr-lorenzo-paco-raul-dario-vilte\/#breadcrumb"},"inLanguage":"es","potentialAction":[{"@type":"ReadAction","target":["https:\/\/nahuelproducciones.com.ar\/radioquijano\/la-silleta-tiene-delegado-y-es-sr-lorenzo-paco-raul-dario-vilte\/"]}]},{"@type":"BreadcrumbList","@id":"https:\/\/nahuelproducciones.com.ar\/radioquijano\/la-silleta-tiene-delegado-y-es-sr-lorenzo-paco-raul-dario-vilte\/#breadcrumb","itemListElement":[{"@type":"ListItem","position":1,"name":"Portada","item":"https:\/\/nahuelproducciones.com.ar\/radioquijano\/"},{"@type":"ListItem","position":2,"name":"La Silleta tiene Delegado y es Sr. Lorenzo &#8220;Paco&#8221; Ra\u00fal Dario Vilte."}]},{"@type":"WebSite","@id":"https:\/\/nahuelproducciones.com.ar\/radioquijano\/#website","url":"https:\/\/nahuelproducciones.com.ar\/radioquijano\/","name":"RQ 99.9","description":"Radio Quijano 99.9 MHz","potentialAction":[{"@type":"SearchAction","target":{"@type":"EntryPoint","urlTemplate":"https:\/\/nahuelproducciones.com.ar\/radioquijano\/?s={search_term_string}"},"query-input":"required name=search_term_string"}],"inLanguage":"es"},{"@type":"Person","@id":"https:\/\/nahuelproducciones.com.ar\/radioquijano\/#\/schema\/person\/e8a4f939e2cb487fe6d0c54042c9d32c","name":"Cecilia Pastrana","image":{"@type":"ImageObject","inLanguage":"es","@id":"https:\/\/nahuelproducciones.com.ar\/radioquijano\/#\/schema\/person\/image\/","url":"https:\/\/secure.gravatar.com\/avatar\/661a3ef63a8488d4f2794ed44af8cf71420f7e106f3072c40125114df5157749?s=96&d=mm&r=g","contentUrl":"https:\/\/secure.gravatar.com\/avatar\/661a3ef63a8488d4f2794ed44af8cf71420f7e106f3072c40125114df5157749?s=96&d=mm&r=g","caption":"Cecilia Pastrana"},"sameAs":["cecy"],"url":"https:\/\/nahuelproducciones.com.ar\/radioquijano\/author\/cecy\/"}]}},"_links":{"self":[{"href":"https:\/\/nahuelproducciones.com.ar\/radioquijano\/wp-json\/wp\/v2\/posts\/6740","targetHints":{"allow":["GET"]}}],"collection":[{"href":"https:\/\/nahuelproducciones.com.ar\/radioquijano\/wp-json\/wp\/v2\/posts"}],"about":[{"href":"https:\/\/nahuelproducciones.com.ar\/radioquijano\/wp-json\/wp\/v2\/types\/post"}],"author":[{"embeddable":true,"href":"https:\/\/nahuelproducciones.com.ar\/radioquijano\/wp-json\/wp\/v2\/users\/8"}],"replies":[{"embeddable":true,"href":"https:\/\/nahuelproducciones.com.ar\/radioquijano\/wp-json\/wp\/v2\/comments?post=6740"}],"version-history":[{"count":1,"href":"https:\/\/nahuelproducciones.com.ar\/radioquijano\/wp-json\/wp\/v2\/posts\/6740\/revisions"}],"predecessor-version":[{"id":6743,"href":"https:\/\/nahuelproducciones.com.ar\/radioquijano\/wp-json\/wp\/v2\/posts\/6740\/revisions\/6743"}],"wp:featuredmedia":[{"embeddable":true,"href":"https:\/\/nahuelproducciones.com.ar\/radioquijano\/wp-json\/wp\/v2\/media\/6742"}],"wp:attachment":[{"href":"https:\/\/nahuelproducciones.com.ar\/radioquijano\/wp-json\/wp\/v2\/media?parent=6740"}],"wp:term":[{"taxonomy":"category","embeddable":true,"href":"https:\/\/nahuelproducciones.com.ar\/radioquijano\/wp-json\/wp\/v2\/categories?post=6740"},{"taxonomy":"post_tag","embeddable":true,"href":"https:\/\/nahuelproducciones.com.ar\/radioquijano\/wp-json\/wp\/v2\/tags?post=6740"}],"curies":[{"name":"wp","href":"https:\/\/api.w.org\/{rel}","templated":true}]}}