{"id":6744,"date":"2024-01-10T11:42:53","date_gmt":"2024-01-10T14:42:53","guid":{"rendered":"https:\/\/nahuelproducciones.com.ar\/radioquijano\/?p=6744"},"modified":"2024-01-10T21:02:57","modified_gmt":"2024-01-11T00:02:57","slug":"caso-majo-cabrera-prision-preventiva-para-dos-hermanos-por-homicidio-simple","status":"publish","type":"post","link":"https:\/\/nahuelproducciones.com.ar\/radioquijano\/caso-majo-cabrera-prision-preventiva-para-dos-hermanos-por-homicidio-simple\/","title":{"rendered":"Caso Majo Cabrera: Prisi\u00f3n preventiva para dos hermanos por homicidio simple."},"content":{"rendered":"\n<p>La jueza de Garant\u00edas 8 en Feria, Claudia Puertas, dispuso la prisi\u00f3n preventiva de los hermanos R. L. y F. J. L., imputados por el delito de homicidio simple en perjuicio de Mar\u00eda Jos\u00e9 Cabrera, hecho ocurrido el 3 de diciembre pasado a la salida de un boliche en Campo Quijano.<\/p>\n\n\n\n<p>La jueza encabez\u00f3 una audiencia flexible y multiprop\u00f3sito fijada en el marco del plan piloto de oralidad por la Oficina de Gesti\u00f3n Judicial de Garant\u00edas (OfiJu).<\/p>\n\n\n\n<p>En la audiencia se dispuso la acumulaci\u00f3n de una causa por abuso sexual donde se encuentra imputado uno de los hermanos.<br>Al disponer la prisi\u00f3n preventiva la jueza orden\u00f3 que ambos imputados prosigan detenidos en la Alcaid\u00eda General.<\/p>\n\n\n\n<p>Fuente: Justicia Salta<\/p>\n","protected":false},"excerpt":{"rendered":"<p>La jueza de Garant\u00edas 8 en Feria, Claudia Puertas, dispuso la prisi\u00f3n preventiva de los hermanos R. L. y F. J. L., imputados por el delito de homicidio simple en perjuicio de Mar\u00eda Jos\u00e9 Cabrera, hecho ocurrido el 3 de diciembre pasado a la salida de un boliche en Campo Quijano. La jueza encabez\u00f3 una [&hellip;]<\/p>\n","protected":false},"author":8,"featured_media":6575,"comment_status":"open","ping_status":"open","sticky":false,"template":"","format":"standard","meta":{"_monsterinsights_skip_tracking":false,"_monsterinsights_sitenote_active":false,"_monsterinsights_sitenote_note":"","_monsterinsights_sitenote_category":0,"footnotes":""},"categories":[16],"tags":[1380,100],"class_list":["post-6744","post","type-post","status-publish","format-standard","has-post-thumbnail","hentry","category-noticias","tag-majo","tag-municipio-de-campo-quijano"],"yoast_head":"<!-- This site is optimized with the Yoast SEO plugin v20.8 - https:\/\/yoast.com\/wordpress\/plugins\/seo\/ -->\n<title>Caso Majo Cabrera: Prisi\u00f3n preventiva para dos hermanos por homicidio simple. - RQ 99.9<\/title>\n<meta name=\"description\" content=\"Al disponer la prisi\u00f3n preventiva la jueza orden\u00f3 que ambos imputados prosigan detenidos en la Alcaid\u00eda General.\" \/>\n<meta name=\"robots\" content=\"index, follow, max-snippet:-1, max-image-preview:large, max-video-preview:-1\" \/>\n<link rel=\"canonical\" href=\"https:\/\/nahuelproducciones.com.ar\/radioquijano\/caso-majo-cabrera-prision-preventiva-para-dos-hermanos-por-homicidio-simple\/\" \/>\n<meta property=\"og:locale\" content=\"es_ES\" \/>\n<meta property=\"og:type\" content=\"article\" \/>\n<meta property=\"og:title\" content=\"Caso Majo Cabrera: Prisi\u00f3n preventiva para dos hermanos por homicidio simple. - RQ 99.9\" \/>\n<meta property=\"og:description\" content=\"Al disponer la prisi\u00f3n preventiva la jueza orden\u00f3 que ambos imputados prosigan detenidos en la Alcaid\u00eda General.\" \/>\n<meta property=\"og:url\" content=\"https:\/\/nahuelproducciones.com.ar\/radioquijano\/caso-majo-cabrera-prision-preventiva-para-dos-hermanos-por-homicidio-simple\/\" \/>\n<meta property=\"og:site_name\" content=\"RQ 99.9\" \/>\n<meta property=\"article:publisher\" content=\"https:\/\/www.facebook.com\/nahuelproducciones999\/\" \/>\n<meta property=\"article:published_time\" content=\"2024-01-10T14:42:53+00:00\" \/>\n<meta property=\"article:modified_time\" content=\"2024-01-11T00:02:57+00:00\" \/>\n<meta property=\"og:image\" content=\"https:\/\/nahuelproducciones.com.ar\/radioquijano\/wp-content\/uploads\/2023\/12\/408483952_2277557759102667_5916639974902557534_n-e1703039399608.jpg\" \/>\n\t<meta property=\"og:image:width\" content=\"700\" \/>\n\t<meta property=\"og:image:height\" content=\"720\" \/>\n\t<meta property=\"og:image:type\" content=\"image\/jpeg\" \/>\n<meta name=\"author\" content=\"Cecilia Pastrana\" \/>\n<meta name=\"twitter:card\" content=\"summary_large_image\" \/>\n<meta name=\"twitter:creator\" content=\"@nahuproduciones\" \/>\n<meta name=\"twitter:site\" content=\"@nahuproduciones\" \/>\n<meta name=\"twitter:label1\" content=\"Escrito por\" \/>\n\t<meta name=\"twitter:data1\" content=\"Cecilia Pastrana\" \/>\n\t<meta name=\"twitter:label2\" content=\"Tiempo de lectura\" \/>\n\t<meta name=\"twitter:data2\" content=\"1 minuto\" \/>\n<script type=\"application\/ld+json\" class=\"yoast-schema-graph\">{\"@context\":\"https:\/\/schema.org\",\"@graph\":[{\"@type\":\"WebPage\",\"@id\":\"https:\/\/nahuelproducciones.com.ar\/radioquijano\/caso-majo-cabrera-prision-preventiva-para-dos-hermanos-por-homicidio-simple\/\",\"url\":\"https:\/\/nahuelproducciones.com.ar\/radioquijano\/caso-majo-cabrera-prision-preventiva-para-dos-hermanos-por-homicidio-simple\/\",\"name\":\"Caso Majo Cabrera: Prisi\u00f3n preventiva para dos hermanos por homicidio simple. - RQ 99.9\",\"isPartOf\":{\"@id\":\"https:\/\/nahuelproducciones.com.ar\/radioquijano\/#website\"},\"datePublished\":\"2024-01-10T14:42:53+00:00\",\"dateModified\":\"2024-01-11T00:02:57+00:00\",\"author\":{\"@id\":\"https:\/\/nahuelproducciones.com.ar\/radioquijano\/#\/schema\/person\/e8a4f939e2cb487fe6d0c54042c9d32c\"},\"description\":\"Al disponer la prisi\u00f3n preventiva la jueza orden\u00f3 que ambos imputados prosigan detenidos en la Alcaid\u00eda General.\",\"breadcrumb\":{\"@id\":\"https:\/\/nahuelproducciones.com.ar\/radioquijano\/caso-majo-cabrera-prision-preventiva-para-dos-hermanos-por-homicidio-simple\/#breadcrumb\"},\"inLanguage\":\"es\",\"potentialAction\":[{\"@type\":\"ReadAction\",\"target\":[\"https:\/\/nahuelproducciones.com.ar\/radioquijano\/caso-majo-cabrera-prision-preventiva-para-dos-hermanos-por-homicidio-simple\/\"]}]},{\"@type\":\"BreadcrumbList\",\"@id\":\"https:\/\/nahuelproducciones.com.ar\/radioquijano\/caso-majo-cabrera-prision-preventiva-para-dos-hermanos-por-homicidio-simple\/#breadcrumb\",\"itemListElement\":[{\"@type\":\"ListItem\",\"position\":1,\"name\":\"Portada\",\"item\":\"https:\/\/nahuelproducciones.com.ar\/radioquijano\/\"},{\"@type\":\"ListItem\",\"position\":2,\"name\":\"Caso Majo Cabrera: Prisi\u00f3n preventiva para dos hermanos por homicidio simple.\"}]},{\"@type\":\"WebSite\",\"@id\":\"https:\/\/nahuelproducciones.com.ar\/radioquijano\/#website\",\"url\":\"https:\/\/nahuelproducciones.com.ar\/radioquijano\/\",\"name\":\"RQ 99.9\",\"description\":\"Radio Quijano 99.9 MHz\",\"potentialAction\":[{\"@type\":\"SearchAction\",\"target\":{\"@type\":\"EntryPoint\",\"urlTemplate\":\"https:\/\/nahuelproducciones.com.ar\/radioquijano\/?s={search_term_string}\"},\"query-input\":\"required name=search_term_string\"}],\"inLanguage\":\"es\"},{\"@type\":\"Person\",\"@id\":\"https:\/\/nahuelproducciones.com.ar\/radioquijano\/#\/schema\/person\/e8a4f939e2cb487fe6d0c54042c9d32c\",\"name\":\"Cecilia Pastrana\",\"image\":{\"@type\":\"ImageObject\",\"inLanguage\":\"es\",\"@id\":\"https:\/\/nahuelproducciones.com.ar\/radioquijano\/#\/schema\/person\/image\/\",\"url\":\"https:\/\/secure.gravatar.com\/avatar\/661a3ef63a8488d4f2794ed44af8cf71420f7e106f3072c40125114df5157749?s=96&d=mm&r=g\",\"contentUrl\":\"https:\/\/secure.gravatar.com\/avatar\/661a3ef63a8488d4f2794ed44af8cf71420f7e106f3072c40125114df5157749?s=96&d=mm&r=g\",\"caption\":\"Cecilia Pastrana\"},\"sameAs\":[\"cecy\"],\"url\":\"https:\/\/nahuelproducciones.com.ar\/radioquijano\/author\/cecy\/\"}]}<\/script>\n<!-- \/ Yoast SEO plugin. -->","yoast_head_json":{"title":"Caso Majo Cabrera: Prisi\u00f3n preventiva para dos hermanos por homicidio simple. - RQ 99.9","description":"Al disponer la prisi\u00f3n preventiva la jueza orden\u00f3 que ambos imputados prosigan detenidos en la Alcaid\u00eda General.","robots":{"index":"index","follow":"follow","max-snippet":"max-snippet:-1","max-image-preview":"max-image-preview:large","max-video-preview":"max-video-preview:-1"},"canonical":"https:\/\/nahuelproducciones.com.ar\/radioquijano\/caso-majo-cabrera-prision-preventiva-para-dos-hermanos-por-homicidio-simple\/","og_locale":"es_ES","og_type":"article","og_title":"Caso Majo Cabrera: Prisi\u00f3n preventiva para dos hermanos por homicidio simple. - RQ 99.9","og_description":"Al disponer la prisi\u00f3n preventiva la jueza orden\u00f3 que ambos imputados prosigan detenidos en la Alcaid\u00eda General.","og_url":"https:\/\/nahuelproducciones.com.ar\/radioquijano\/caso-majo-cabrera-prision-preventiva-para-dos-hermanos-por-homicidio-simple\/","og_site_name":"RQ 99.9","article_publisher":"https:\/\/www.facebook.com\/nahuelproducciones999\/","article_published_time":"2024-01-10T14:42:53+00:00","article_modified_time":"2024-01-11T00:02:57+00:00","og_image":[{"width":700,"height":720,"url":"https:\/\/nahuelproducciones.com.ar\/radioquijano\/wp-content\/uploads\/2023\/12\/408483952_2277557759102667_5916639974902557534_n-e1703039399608.jpg","type":"image\/jpeg"}],"author":"Cecilia Pastrana","twitter_card":"summary_large_image","twitter_creator":"@nahuproduciones","twitter_site":"@nahuproduciones","twitter_misc":{"Escrito por":"Cecilia Pastrana","Tiempo de lectura":"1 minuto"},"schema":{"@context":"https:\/\/schema.org","@graph":[{"@type":"WebPage","@id":"https:\/\/nahuelproducciones.com.ar\/radioquijano\/caso-majo-cabrera-prision-preventiva-para-dos-hermanos-por-homicidio-simple\/","url":"https:\/\/nahuelproducciones.com.ar\/radioquijano\/caso-majo-cabrera-prision-preventiva-para-dos-hermanos-por-homicidio-simple\/","name":"Caso Majo Cabrera: Prisi\u00f3n preventiva para dos hermanos por homicidio simple. - RQ 99.9","isPartOf":{"@id":"https:\/\/nahuelproducciones.com.ar\/radioquijano\/#website"},"datePublished":"2024-01-10T14:42:53+00:00","dateModified":"2024-01-11T00:02:57+00:00","author":{"@id":"https:\/\/nahuelproducciones.com.ar\/radioquijano\/#\/schema\/person\/e8a4f939e2cb487fe6d0c54042c9d32c"},"description":"Al disponer la prisi\u00f3n preventiva la jueza orden\u00f3 que ambos imputados prosigan detenidos en la Alcaid\u00eda General.","breadcrumb":{"@id":"https:\/\/nahuelproducciones.com.ar\/radioquijano\/caso-majo-cabrera-prision-preventiva-para-dos-hermanos-por-homicidio-simple\/#breadcrumb"},"inLanguage":"es","potentialAction":[{"@type":"ReadAction","target":["https:\/\/nahuelproducciones.com.ar\/radioquijano\/caso-majo-cabrera-prision-preventiva-para-dos-hermanos-por-homicidio-simple\/"]}]},{"@type":"BreadcrumbList","@id":"https:\/\/nahuelproducciones.com.ar\/radioquijano\/caso-majo-cabrera-prision-preventiva-para-dos-hermanos-por-homicidio-simple\/#breadcrumb","itemListElement":[{"@type":"ListItem","position":1,"name":"Portada","item":"https:\/\/nahuelproducciones.com.ar\/radioquijano\/"},{"@type":"ListItem","position":2,"name":"Caso Majo Cabrera: Prisi\u00f3n preventiva para dos hermanos por homicidio simple."}]},{"@type":"WebSite","@id":"https:\/\/nahuelproducciones.com.ar\/radioquijano\/#website","url":"https:\/\/nahuelproducciones.com.ar\/radioquijano\/","name":"RQ 99.9","description":"Radio Quijano 99.9 MHz","potentialAction":[{"@type":"SearchAction","target":{"@type":"EntryPoint","urlTemplate":"https:\/\/nahuelproducciones.com.ar\/radioquijano\/?s={search_term_string}"},"query-input":"required name=search_term_string"}],"inLanguage":"es"},{"@type":"Person","@id":"https:\/\/nahuelproducciones.com.ar\/radioquijano\/#\/schema\/person\/e8a4f939e2cb487fe6d0c54042c9d32c","name":"Cecilia Pastrana","image":{"@type":"ImageObject","inLanguage":"es","@id":"https:\/\/nahuelproducciones.com.ar\/radioquijano\/#\/schema\/person\/image\/","url":"https:\/\/secure.gravatar.com\/avatar\/661a3ef63a8488d4f2794ed44af8cf71420f7e106f3072c40125114df5157749?s=96&d=mm&r=g","contentUrl":"https:\/\/secure.gravatar.com\/avatar\/661a3ef63a8488d4f2794ed44af8cf71420f7e106f3072c40125114df5157749?s=96&d=mm&r=g","caption":"Cecilia Pastrana"},"sameAs":["cecy"],"url":"https:\/\/nahuelproducciones.com.ar\/radioquijano\/author\/cecy\/"}]}},"_links":{"self":[{"href":"https:\/\/nahuelproducciones.com.ar\/radioquijano\/wp-json\/wp\/v2\/posts\/6744","targetHints":{"allow":["GET"]}}],"collection":[{"href":"https:\/\/nahuelproducciones.com.ar\/radioquijano\/wp-json\/wp\/v2\/posts"}],"about":[{"href":"https:\/\/nahuelproducciones.com.ar\/radioquijano\/wp-json\/wp\/v2\/types\/post"}],"author":[{"embeddable":true,"href":"https:\/\/nahuelproducciones.com.ar\/radioquijano\/wp-json\/wp\/v2\/users\/8"}],"replies":[{"embeddable":true,"href":"https:\/\/nahuelproducciones.com.ar\/radioquijano\/wp-json\/wp\/v2\/comments?post=6744"}],"version-history":[{"count":2,"href":"https:\/\/nahuelproducciones.com.ar\/radioquijano\/wp-json\/wp\/v2\/posts\/6744\/revisions"}],"predecessor-version":[{"id":6746,"href":"https:\/\/nahuelproducciones.com.ar\/radioquijano\/wp-json\/wp\/v2\/posts\/6744\/revisions\/6746"}],"wp:featuredmedia":[{"embeddable":true,"href":"https:\/\/nahuelproducciones.com.ar\/radioquijano\/wp-json\/wp\/v2\/media\/6575"}],"wp:attachment":[{"href":"https:\/\/nahuelproducciones.com.ar\/radioquijano\/wp-json\/wp\/v2\/media?parent=6744"}],"wp:term":[{"taxonomy":"category","embeddable":true,"href":"https:\/\/nahuelproducciones.com.ar\/radioquijano\/wp-json\/wp\/v2\/categories?post=6744"},{"taxonomy":"post_tag","embeddable":true,"href":"https:\/\/nahuelproducciones.com.ar\/radioquijano\/wp-json\/wp\/v2\/tags?post=6744"}],"curies":[{"name":"wp","href":"https:\/\/api.w.org\/{rel}","templated":true}]}}