{"id":6782,"date":"2024-01-11T16:32:24","date_gmt":"2024-01-11T19:32:24","guid":{"rendered":"https:\/\/nahuelproducciones.com.ar\/radioquijano\/?p=6782"},"modified":"2024-01-11T16:33:14","modified_gmt":"2024-01-11T19:33:14","slug":"federico-guanuco-nos-representa-en-el-festival-nacional-del-malambo","status":"publish","type":"post","link":"https:\/\/nahuelproducciones.com.ar\/radioquijano\/federico-guanuco-nos-representa-en-el-festival-nacional-del-malambo\/","title":{"rendered":"Federico Guanuco nos representa en el Festival Nacional del Malambo\u00a0."},"content":{"rendered":"\n<p>El <strong>Festival Nacional del Malambo<\/strong>\u00a0desde hace 56 a\u00f1os se viene desarrollando en <strong>Laborde, Provincia de C\u00f3rdoba<\/strong>.<\/p>\n\n\n\n<p>El Profesor del Estudio de Danzas y Malambo El Facon de Campo Quijano, Jonathan Moyano\u00a0converso telef\u00f3nicamente con RQ99.9Mhz y desde Laborde, informo que Federico su alumno y representante Salte\u00f1o se encuentra en buen estado de Salud y tranquilo.<\/p>\n\n\n\n<p>Moyano cont\u00f3 que Guanuco oriundo de Campo Quijano, tendr\u00eda que haber participado en la madrugada del jueves a las 04:15 hs aproximadamente, pero no pudo salir al escenario. La Comisi\u00f3n Organizadora suspendi\u00f3 el evento despu\u00e9s del Malambo de Mayores. Una lluvia intensa se presento a esa hora y ya no pudieron continuar.<\/p>\n\n\n\n<p>El profesor menciono que hoy a las 00:00 hs Federico se estar\u00e1  presentando, al igual que quienes no pudieron hacerlo  anoche.<\/p>\n\n\n\n<p>Se organiz\u00f3 el ingreso al escenario en la Categoria Malambo juvenil especial de la siguiente manera:<\/p>\n\n\n\n<p>Rio Negro &#8211; Fernando Cuevas<\/p>\n\n\n\n<p>Mendoza &#8211; Leonel Bravo<\/p>\n\n\n\n<p>*Salta &#8211; Federico Guanuco*<\/p>\n\n\n\n<p>Buenos Aires &#8211; Nahuel Benitez<\/p>\n\n\n\n<p>Desde Campo Quijano le hacemos el aguante a Federico Guanuco dese\u00e1ndole muchos \u00e9xitos.<\/p>\n\n\n\n<p>ESCUCHA LA ENTREVISTA:<\/p>\n\n\n\n<figure class=\"wp-block-audio\"><audio controls src=\"blob:https:\/\/nahuelproducciones.com.ar\/3cffe071-f3c9-44cd-af13-3e9132d7afdb\"><\/audio><\/figure>\n\n\n<div class=\"wp-block-image\">\n<figure class=\"aligncenter size-large is-resized\"><img loading=\"lazy\" decoding=\"async\" src=\"https:\/\/nahuelproducciones.com.ar\/radioquijano\/wp-content\/uploads\/2024\/01\/WhatsApp-Image-2024-01-11-at-1.10.48-PM-1-563x1024.jpeg\" alt=\"\" class=\"wp-image-6784\" width=\"300\" height=\"546\" srcset=\"https:\/\/nahuelproducciones.com.ar\/radioquijano\/wp-content\/uploads\/2024\/01\/WhatsApp-Image-2024-01-11-at-1.10.48-PM-1-563x1024.jpeg 563w, https:\/\/nahuelproducciones.com.ar\/radioquijano\/wp-content\/uploads\/2024\/01\/WhatsApp-Image-2024-01-11-at-1.10.48-PM-1-165x300.jpeg 165w, https:\/\/nahuelproducciones.com.ar\/radioquijano\/wp-content\/uploads\/2024\/01\/WhatsApp-Image-2024-01-11-at-1.10.48-PM-1-150x273.jpeg 150w, https:\/\/nahuelproducciones.com.ar\/radioquijano\/wp-content\/uploads\/2024\/01\/WhatsApp-Image-2024-01-11-at-1.10.48-PM-1.jpeg 720w\" sizes=\"auto, (max-width: 300px) 100vw, 300px\" \/><\/figure><\/div>","protected":false},"excerpt":{"rendered":"<p>El Festival Nacional del Malambo\u00a0desde hace 56 a\u00f1os se viene desarrollando en Laborde, Provincia de C\u00f3rdoba. El Profesor del Estudio de Danzas y Malambo El Facon de Campo Quijano, Jonathan Moyano\u00a0converso telef\u00f3nicamente con RQ99.9Mhz y desde Laborde, informo que Federico su alumno y representante Salte\u00f1o se encuentra en buen estado de Salud y tranquilo. Moyano [&hellip;]<\/p>\n","protected":false},"author":8,"featured_media":6785,"comment_status":"open","ping_status":"open","sticky":false,"template":"","format":"standard","meta":{"_monsterinsights_skip_tracking":false,"_monsterinsights_sitenote_active":false,"_monsterinsights_sitenote_note":"","_monsterinsights_sitenote_category":0,"footnotes":""},"categories":[16],"tags":[758,1349,100],"class_list":["post-6782","post","type-post","status-publish","format-standard","has-post-thumbnail","hentry","category-noticias","tag-estudio-de-danza-y-malambo-el-facon","tag-festival-nacional-del-malambo-en-laborde","tag-municipio-de-campo-quijano"],"yoast_head":"<!-- This site is optimized with the Yoast SEO plugin v20.8 - https:\/\/yoast.com\/wordpress\/plugins\/seo\/ -->\n<title>Federico Guanuco nos representa en el Festival Nacional del Malambo\u00a0. - RQ 99.9<\/title>\n<meta name=\"description\" content=\"El profesor menciono que hoy a las 00:00 hs Federico se estar\u00e1 presentando, al igual que quienes no pudieron hacerlo anoche.\" \/>\n<meta name=\"robots\" content=\"index, follow, max-snippet:-1, max-image-preview:large, max-video-preview:-1\" \/>\n<link rel=\"canonical\" href=\"https:\/\/nahuelproducciones.com.ar\/radioquijano\/federico-guanuco-nos-representa-en-el-festival-nacional-del-malambo\/\" \/>\n<meta property=\"og:locale\" content=\"es_ES\" \/>\n<meta property=\"og:type\" content=\"article\" \/>\n<meta property=\"og:title\" content=\"Federico Guanuco nos representa en el Festival Nacional del Malambo\u00a0. - RQ 99.9\" \/>\n<meta property=\"og:description\" content=\"El profesor menciono que hoy a las 00:00 hs Federico se estar\u00e1 presentando, al igual que quienes no pudieron hacerlo anoche.\" \/>\n<meta property=\"og:url\" content=\"https:\/\/nahuelproducciones.com.ar\/radioquijano\/federico-guanuco-nos-representa-en-el-festival-nacional-del-malambo\/\" \/>\n<meta property=\"og:site_name\" content=\"RQ 99.9\" \/>\n<meta property=\"article:publisher\" content=\"https:\/\/www.facebook.com\/nahuelproducciones999\/\" \/>\n<meta property=\"article:published_time\" content=\"2024-01-11T19:32:24+00:00\" \/>\n<meta property=\"article:modified_time\" content=\"2024-01-11T19:33:14+00:00\" \/>\n<meta property=\"og:image\" content=\"https:\/\/nahuelproducciones.com.ar\/radioquijano\/wp-content\/uploads\/2024\/01\/418735034_10231302572616609_289788500089245674_n-e1705001521692.jpg\" \/>\n\t<meta property=\"og:image:width\" content=\"700\" \/>\n\t<meta property=\"og:image:height\" content=\"933\" \/>\n\t<meta property=\"og:image:type\" content=\"image\/jpeg\" \/>\n<meta name=\"author\" content=\"Cecilia Pastrana\" \/>\n<meta name=\"twitter:card\" content=\"summary_large_image\" \/>\n<meta name=\"twitter:creator\" content=\"@nahuproduciones\" \/>\n<meta name=\"twitter:site\" content=\"@nahuproduciones\" \/>\n<meta name=\"twitter:label1\" content=\"Escrito por\" \/>\n\t<meta name=\"twitter:data1\" content=\"Cecilia Pastrana\" \/>\n\t<meta name=\"twitter:label2\" content=\"Tiempo de lectura\" \/>\n\t<meta name=\"twitter:data2\" content=\"2 minutos\" \/>\n<script type=\"application\/ld+json\" class=\"yoast-schema-graph\">{\"@context\":\"https:\/\/schema.org\",\"@graph\":[{\"@type\":\"WebPage\",\"@id\":\"https:\/\/nahuelproducciones.com.ar\/radioquijano\/federico-guanuco-nos-representa-en-el-festival-nacional-del-malambo\/\",\"url\":\"https:\/\/nahuelproducciones.com.ar\/radioquijano\/federico-guanuco-nos-representa-en-el-festival-nacional-del-malambo\/\",\"name\":\"Federico Guanuco nos representa en el Festival Nacional del Malambo\u00a0. - RQ 99.9\",\"isPartOf\":{\"@id\":\"https:\/\/nahuelproducciones.com.ar\/radioquijano\/#website\"},\"datePublished\":\"2024-01-11T19:32:24+00:00\",\"dateModified\":\"2024-01-11T19:33:14+00:00\",\"author\":{\"@id\":\"https:\/\/nahuelproducciones.com.ar\/radioquijano\/#\/schema\/person\/e8a4f939e2cb487fe6d0c54042c9d32c\"},\"description\":\"El profesor menciono que hoy a las 00:00 hs Federico se estar\u00e1 presentando, al igual que quienes no pudieron hacerlo anoche.\",\"breadcrumb\":{\"@id\":\"https:\/\/nahuelproducciones.com.ar\/radioquijano\/federico-guanuco-nos-representa-en-el-festival-nacional-del-malambo\/#breadcrumb\"},\"inLanguage\":\"es\",\"potentialAction\":[{\"@type\":\"ReadAction\",\"target\":[\"https:\/\/nahuelproducciones.com.ar\/radioquijano\/federico-guanuco-nos-representa-en-el-festival-nacional-del-malambo\/\"]}]},{\"@type\":\"BreadcrumbList\",\"@id\":\"https:\/\/nahuelproducciones.com.ar\/radioquijano\/federico-guanuco-nos-representa-en-el-festival-nacional-del-malambo\/#breadcrumb\",\"itemListElement\":[{\"@type\":\"ListItem\",\"position\":1,\"name\":\"Portada\",\"item\":\"https:\/\/nahuelproducciones.com.ar\/radioquijano\/\"},{\"@type\":\"ListItem\",\"position\":2,\"name\":\"Federico Guanuco nos representa en el Festival Nacional del Malambo\u00a0.\"}]},{\"@type\":\"WebSite\",\"@id\":\"https:\/\/nahuelproducciones.com.ar\/radioquijano\/#website\",\"url\":\"https:\/\/nahuelproducciones.com.ar\/radioquijano\/\",\"name\":\"RQ 99.9\",\"description\":\"Radio Quijano 99.9 MHz\",\"potentialAction\":[{\"@type\":\"SearchAction\",\"target\":{\"@type\":\"EntryPoint\",\"urlTemplate\":\"https:\/\/nahuelproducciones.com.ar\/radioquijano\/?s={search_term_string}\"},\"query-input\":\"required name=search_term_string\"}],\"inLanguage\":\"es\"},{\"@type\":\"Person\",\"@id\":\"https:\/\/nahuelproducciones.com.ar\/radioquijano\/#\/schema\/person\/e8a4f939e2cb487fe6d0c54042c9d32c\",\"name\":\"Cecilia Pastrana\",\"image\":{\"@type\":\"ImageObject\",\"inLanguage\":\"es\",\"@id\":\"https:\/\/nahuelproducciones.com.ar\/radioquijano\/#\/schema\/person\/image\/\",\"url\":\"https:\/\/secure.gravatar.com\/avatar\/661a3ef63a8488d4f2794ed44af8cf71420f7e106f3072c40125114df5157749?s=96&d=mm&r=g\",\"contentUrl\":\"https:\/\/secure.gravatar.com\/avatar\/661a3ef63a8488d4f2794ed44af8cf71420f7e106f3072c40125114df5157749?s=96&d=mm&r=g\",\"caption\":\"Cecilia Pastrana\"},\"sameAs\":[\"cecy\"],\"url\":\"https:\/\/nahuelproducciones.com.ar\/radioquijano\/author\/cecy\/\"}]}<\/script>\n<!-- \/ Yoast SEO plugin. -->","yoast_head_json":{"title":"Federico Guanuco nos representa en el Festival Nacional del Malambo\u00a0. - RQ 99.9","description":"El profesor menciono que hoy a las 00:00 hs Federico se estar\u00e1 presentando, al igual que quienes no pudieron hacerlo anoche.","robots":{"index":"index","follow":"follow","max-snippet":"max-snippet:-1","max-image-preview":"max-image-preview:large","max-video-preview":"max-video-preview:-1"},"canonical":"https:\/\/nahuelproducciones.com.ar\/radioquijano\/federico-guanuco-nos-representa-en-el-festival-nacional-del-malambo\/","og_locale":"es_ES","og_type":"article","og_title":"Federico Guanuco nos representa en el Festival Nacional del Malambo\u00a0. - RQ 99.9","og_description":"El profesor menciono que hoy a las 00:00 hs Federico se estar\u00e1 presentando, al igual que quienes no pudieron hacerlo anoche.","og_url":"https:\/\/nahuelproducciones.com.ar\/radioquijano\/federico-guanuco-nos-representa-en-el-festival-nacional-del-malambo\/","og_site_name":"RQ 99.9","article_publisher":"https:\/\/www.facebook.com\/nahuelproducciones999\/","article_published_time":"2024-01-11T19:32:24+00:00","article_modified_time":"2024-01-11T19:33:14+00:00","og_image":[{"width":700,"height":933,"url":"https:\/\/nahuelproducciones.com.ar\/radioquijano\/wp-content\/uploads\/2024\/01\/418735034_10231302572616609_289788500089245674_n-e1705001521692.jpg","type":"image\/jpeg"}],"author":"Cecilia Pastrana","twitter_card":"summary_large_image","twitter_creator":"@nahuproduciones","twitter_site":"@nahuproduciones","twitter_misc":{"Escrito por":"Cecilia Pastrana","Tiempo de lectura":"2 minutos"},"schema":{"@context":"https:\/\/schema.org","@graph":[{"@type":"WebPage","@id":"https:\/\/nahuelproducciones.com.ar\/radioquijano\/federico-guanuco-nos-representa-en-el-festival-nacional-del-malambo\/","url":"https:\/\/nahuelproducciones.com.ar\/radioquijano\/federico-guanuco-nos-representa-en-el-festival-nacional-del-malambo\/","name":"Federico Guanuco nos representa en el Festival Nacional del Malambo\u00a0. - RQ 99.9","isPartOf":{"@id":"https:\/\/nahuelproducciones.com.ar\/radioquijano\/#website"},"datePublished":"2024-01-11T19:32:24+00:00","dateModified":"2024-01-11T19:33:14+00:00","author":{"@id":"https:\/\/nahuelproducciones.com.ar\/radioquijano\/#\/schema\/person\/e8a4f939e2cb487fe6d0c54042c9d32c"},"description":"El profesor menciono que hoy a las 00:00 hs Federico se estar\u00e1 presentando, al igual que quienes no pudieron hacerlo anoche.","breadcrumb":{"@id":"https:\/\/nahuelproducciones.com.ar\/radioquijano\/federico-guanuco-nos-representa-en-el-festival-nacional-del-malambo\/#breadcrumb"},"inLanguage":"es","potentialAction":[{"@type":"ReadAction","target":["https:\/\/nahuelproducciones.com.ar\/radioquijano\/federico-guanuco-nos-representa-en-el-festival-nacional-del-malambo\/"]}]},{"@type":"BreadcrumbList","@id":"https:\/\/nahuelproducciones.com.ar\/radioquijano\/federico-guanuco-nos-representa-en-el-festival-nacional-del-malambo\/#breadcrumb","itemListElement":[{"@type":"ListItem","position":1,"name":"Portada","item":"https:\/\/nahuelproducciones.com.ar\/radioquijano\/"},{"@type":"ListItem","position":2,"name":"Federico Guanuco nos representa en el Festival Nacional del Malambo\u00a0."}]},{"@type":"WebSite","@id":"https:\/\/nahuelproducciones.com.ar\/radioquijano\/#website","url":"https:\/\/nahuelproducciones.com.ar\/radioquijano\/","name":"RQ 99.9","description":"Radio Quijano 99.9 MHz","potentialAction":[{"@type":"SearchAction","target":{"@type":"EntryPoint","urlTemplate":"https:\/\/nahuelproducciones.com.ar\/radioquijano\/?s={search_term_string}"},"query-input":"required name=search_term_string"}],"inLanguage":"es"},{"@type":"Person","@id":"https:\/\/nahuelproducciones.com.ar\/radioquijano\/#\/schema\/person\/e8a4f939e2cb487fe6d0c54042c9d32c","name":"Cecilia Pastrana","image":{"@type":"ImageObject","inLanguage":"es","@id":"https:\/\/nahuelproducciones.com.ar\/radioquijano\/#\/schema\/person\/image\/","url":"https:\/\/secure.gravatar.com\/avatar\/661a3ef63a8488d4f2794ed44af8cf71420f7e106f3072c40125114df5157749?s=96&d=mm&r=g","contentUrl":"https:\/\/secure.gravatar.com\/avatar\/661a3ef63a8488d4f2794ed44af8cf71420f7e106f3072c40125114df5157749?s=96&d=mm&r=g","caption":"Cecilia Pastrana"},"sameAs":["cecy"],"url":"https:\/\/nahuelproducciones.com.ar\/radioquijano\/author\/cecy\/"}]}},"_links":{"self":[{"href":"https:\/\/nahuelproducciones.com.ar\/radioquijano\/wp-json\/wp\/v2\/posts\/6782","targetHints":{"allow":["GET"]}}],"collection":[{"href":"https:\/\/nahuelproducciones.com.ar\/radioquijano\/wp-json\/wp\/v2\/posts"}],"about":[{"href":"https:\/\/nahuelproducciones.com.ar\/radioquijano\/wp-json\/wp\/v2\/types\/post"}],"author":[{"embeddable":true,"href":"https:\/\/nahuelproducciones.com.ar\/radioquijano\/wp-json\/wp\/v2\/users\/8"}],"replies":[{"embeddable":true,"href":"https:\/\/nahuelproducciones.com.ar\/radioquijano\/wp-json\/wp\/v2\/comments?post=6782"}],"version-history":[{"count":2,"href":"https:\/\/nahuelproducciones.com.ar\/radioquijano\/wp-json\/wp\/v2\/posts\/6782\/revisions"}],"predecessor-version":[{"id":6788,"href":"https:\/\/nahuelproducciones.com.ar\/radioquijano\/wp-json\/wp\/v2\/posts\/6782\/revisions\/6788"}],"wp:featuredmedia":[{"embeddable":true,"href":"https:\/\/nahuelproducciones.com.ar\/radioquijano\/wp-json\/wp\/v2\/media\/6785"}],"wp:attachment":[{"href":"https:\/\/nahuelproducciones.com.ar\/radioquijano\/wp-json\/wp\/v2\/media?parent=6782"}],"wp:term":[{"taxonomy":"category","embeddable":true,"href":"https:\/\/nahuelproducciones.com.ar\/radioquijano\/wp-json\/wp\/v2\/categories?post=6782"},{"taxonomy":"post_tag","embeddable":true,"href":"https:\/\/nahuelproducciones.com.ar\/radioquijano\/wp-json\/wp\/v2\/tags?post=6782"}],"curies":[{"name":"wp","href":"https:\/\/api.w.org\/{rel}","templated":true}]}}