{"id":6812,"date":"2024-01-13T01:51:12","date_gmt":"2024-01-13T04:51:12","guid":{"rendered":"https:\/\/nahuelproducciones.com.ar\/radioquijano\/?p=6812"},"modified":"2024-01-13T01:51:13","modified_gmt":"2024-01-13T04:51:13","slug":"campos-quijano-recibira-al-primer-turista-de-la-temporada-2024","status":"publish","type":"post","link":"https:\/\/nahuelproducciones.com.ar\/radioquijano\/campos-quijano-recibira-al-primer-turista-de-la-temporada-2024\/","title":{"rendered":"Campos Quijano recibir\u00e1 al primer turista de la Temporada 2024."},"content":{"rendered":"\n<p>Campo Quijano, el domingo 14 de enero,  homenajeara y dar\u00e1 la bienvenida al primer turista, dando as\u00ed comienzo a la temporada tur\u00edstica  2024.<\/p>\n\n\n\n<p>En comunicaci\u00f3n telef\u00f3nica con RQ99.9Mhz la Directora de Turismo Valeria Guitian coment\u00f3 que se esta trabajando en conjunto con distintas \u00e1reas del municipio, ejemplo con la Direcci\u00f3n de Tr\u00e1nsito y el Padre Sergio Chauque , Sacerdote de la Parroquia Santiago Ap\u00f3stol, m\u00e1s la C\u00e1mara de Turismo y Comercio de Campo Quijano.<\/p>\n\n\n\n<p>La directora de turismo agradeci\u00f3 a las firmas comerciales, a aquellos que colaboraron y  participan del agasajo proporcionando regalos para entregar a los visitantes.\u00a0<\/p>\n\n\n\n<p><\/p>\n\n\n\n<p>\u00a0Record\u00f3 que la  recepci\u00f3n del primer turista se realizar\u00e1 de acuerdo al siguiente cronograma::<\/p>\n\n\n\n<p>12 hs Recepci\u00f3n en el P\u00f3rtico de acceso (acompa\u00f1amiento de la Direcci\u00f3n de Tr\u00e1nsito hasta el lugar del Acto)<\/p>\n\n\n\n<p>12:15 hs Visita Parroquia Santiago Ap\u00f3stol (parada t\u00e9cnica)<\/p>\n\n\n\n<p>12:30 hs Acto protocolar Paseo Huaytiquina<\/p>\n\n\n\n<p>Durante la entrevista mencion\u00f3 que en Casa de la Cultura el d\u00eda jueves 11 de enero se realiz\u00f3 una Conferencia de Prensa para anunciar que El Rancho \u201cEl Torito\u201d cumple 25 a\u00f1os, cumple las \u00abBODAS DE PLATA\u00bb , en donde Don Jes\u00fas Calisaya , su propietario, invito a todos a festejar el aniversario con un gran baile en las instalaciones del Rancho.<\/p>\n\n\n\n<p>Escucha la entrevista donde tambi\u00e9n se hablan de otros temas:<\/p>\n\n\n\n<figure class=\"wp-block-audio\"><audio controls src=\"https:\/\/nahuelproducciones.com.ar\/radioquijano\/wp-content\/uploads\/2024\/01\/12-01-2024-DIRECTORA-DE-TURISMO-VALERIA-GUITIAN-RECIBIRAN-AL-PRIMER-TURISTA-ESTE-DOMINGO.mp3\"><\/audio><\/figure>\n\n\n\n<figure class=\"wp-block-gallery has-nested-images columns-default is-cropped wp-block-gallery-1 is-layout-flex wp-block-gallery-is-layout-flex\">\n<figure class=\"wp-block-image size-large\"><img loading=\"lazy\" decoding=\"async\" width=\"512\" height=\"640\" data-id=\"6819\" src=\"https:\/\/nahuelproducciones.com.ar\/radioquijano\/wp-content\/uploads\/2024\/01\/418528072_774881291334950_132776328524399859_n-3.jpg\" alt=\"\" class=\"wp-image-6819\" srcset=\"https:\/\/nahuelproducciones.com.ar\/radioquijano\/wp-content\/uploads\/2024\/01\/418528072_774881291334950_132776328524399859_n-3.jpg 512w, https:\/\/nahuelproducciones.com.ar\/radioquijano\/wp-content\/uploads\/2024\/01\/418528072_774881291334950_132776328524399859_n-3-240x300.jpg 240w, https:\/\/nahuelproducciones.com.ar\/radioquijano\/wp-content\/uploads\/2024\/01\/418528072_774881291334950_132776328524399859_n-3-150x188.jpg 150w\" sizes=\"auto, (max-width: 512px) 100vw, 512px\" \/><\/figure>\n\n\n\n<figure class=\"wp-block-image size-large\"><img loading=\"lazy\" decoding=\"async\" width=\"409\" height=\"710\" data-id=\"6818\" src=\"https:\/\/nahuelproducciones.com.ar\/radioquijano\/wp-content\/uploads\/2024\/01\/WhatsApp-Image-2024-01-13-at-1.41.22-AM-1.jpeg\" alt=\"\" class=\"wp-image-6818\" srcset=\"https:\/\/nahuelproducciones.com.ar\/radioquijano\/wp-content\/uploads\/2024\/01\/WhatsApp-Image-2024-01-13-at-1.41.22-AM-1.jpeg 409w, https:\/\/nahuelproducciones.com.ar\/radioquijano\/wp-content\/uploads\/2024\/01\/WhatsApp-Image-2024-01-13-at-1.41.22-AM-1-173x300.jpeg 173w, https:\/\/nahuelproducciones.com.ar\/radioquijano\/wp-content\/uploads\/2024\/01\/WhatsApp-Image-2024-01-13-at-1.41.22-AM-1-150x260.jpeg 150w\" sizes=\"auto, (max-width: 409px) 100vw, 409px\" \/><\/figure>\n<\/figure>\n","protected":false},"excerpt":{"rendered":"<p>Campo Quijano, el domingo 14 de enero, homenajeara y dar\u00e1 la bienvenida al primer turista, dando as\u00ed comienzo a la temporada tur\u00edstica 2024. En comunicaci\u00f3n telef\u00f3nica con RQ99.9Mhz la Directora de Turismo Valeria Guitian coment\u00f3 que se esta trabajando en conjunto con distintas \u00e1reas del municipio, ejemplo con la Direcci\u00f3n de Tr\u00e1nsito y el Padre [&hellip;]<\/p>\n","protected":false},"author":8,"featured_media":6814,"comment_status":"open","ping_status":"open","sticky":false,"template":"","format":"standard","meta":{"_monsterinsights_skip_tracking":false,"_monsterinsights_sitenote_active":false,"_monsterinsights_sitenote_note":"","_monsterinsights_sitenote_category":0,"footnotes":""},"categories":[16],"tags":[1409,100,1408],"class_list":["post-6812","post","type-post","status-publish","format-standard","has-post-thumbnail","hentry","category-noticias","tag-1turista","tag-municipio-de-campo-quijano","tag-rancho-el-torito"],"yoast_head":"<!-- This site is optimized with the Yoast SEO plugin v20.8 - https:\/\/yoast.com\/wordpress\/plugins\/seo\/ -->\n<title>Campos Quijano recibir\u00e1 al primer turista de la Temporada 2024. - RQ 99.9<\/title>\n<meta name=\"description\" content=\"Ser\u00e1 el 14 de Enero a las 12.00 hs en el P\u00f3rtico de acceso al Municipio.\" \/>\n<meta name=\"robots\" content=\"index, follow, max-snippet:-1, max-image-preview:large, max-video-preview:-1\" \/>\n<link rel=\"canonical\" href=\"https:\/\/nahuelproducciones.com.ar\/radioquijano\/campos-quijano-recibira-al-primer-turista-de-la-temporada-2024\/\" \/>\n<meta property=\"og:locale\" content=\"es_ES\" \/>\n<meta property=\"og:type\" content=\"article\" \/>\n<meta property=\"og:title\" content=\"Campos Quijano recibir\u00e1 al primer turista de la Temporada 2024. - RQ 99.9\" \/>\n<meta property=\"og:description\" content=\"Ser\u00e1 el 14 de Enero a las 12.00 hs en el P\u00f3rtico de acceso al Municipio.\" \/>\n<meta property=\"og:url\" content=\"https:\/\/nahuelproducciones.com.ar\/radioquijano\/campos-quijano-recibira-al-primer-turista-de-la-temporada-2024\/\" \/>\n<meta property=\"og:site_name\" content=\"RQ 99.9\" \/>\n<meta property=\"article:publisher\" content=\"https:\/\/www.facebook.com\/nahuelproducciones999\/\" \/>\n<meta property=\"article:published_time\" content=\"2024-01-13T04:51:12+00:00\" \/>\n<meta property=\"article:modified_time\" content=\"2024-01-13T04:51:13+00:00\" \/>\n<meta property=\"og:image\" content=\"https:\/\/nahuelproducciones.com.ar\/radioquijano\/wp-content\/uploads\/2024\/01\/418528072_774881291334950_132776328524399859_n-e1705120913441.jpg\" \/>\n\t<meta property=\"og:image:width\" content=\"512\" \/>\n\t<meta property=\"og:image:height\" content=\"640\" \/>\n\t<meta property=\"og:image:type\" content=\"image\/jpeg\" \/>\n<meta name=\"author\" content=\"Cecilia Pastrana\" \/>\n<meta name=\"twitter:card\" content=\"summary_large_image\" \/>\n<meta name=\"twitter:creator\" content=\"@nahuproduciones\" \/>\n<meta name=\"twitter:site\" content=\"@nahuproduciones\" \/>\n<meta name=\"twitter:label1\" content=\"Escrito por\" \/>\n\t<meta name=\"twitter:data1\" content=\"Cecilia Pastrana\" \/>\n\t<meta name=\"twitter:label2\" content=\"Tiempo de lectura\" \/>\n\t<meta name=\"twitter:data2\" content=\"2 minutos\" \/>\n<script type=\"application\/ld+json\" class=\"yoast-schema-graph\">{\"@context\":\"https:\/\/schema.org\",\"@graph\":[{\"@type\":\"WebPage\",\"@id\":\"https:\/\/nahuelproducciones.com.ar\/radioquijano\/campos-quijano-recibira-al-primer-turista-de-la-temporada-2024\/\",\"url\":\"https:\/\/nahuelproducciones.com.ar\/radioquijano\/campos-quijano-recibira-al-primer-turista-de-la-temporada-2024\/\",\"name\":\"Campos Quijano recibir\u00e1 al primer turista de la Temporada 2024. - RQ 99.9\",\"isPartOf\":{\"@id\":\"https:\/\/nahuelproducciones.com.ar\/radioquijano\/#website\"},\"datePublished\":\"2024-01-13T04:51:12+00:00\",\"dateModified\":\"2024-01-13T04:51:13+00:00\",\"author\":{\"@id\":\"https:\/\/nahuelproducciones.com.ar\/radioquijano\/#\/schema\/person\/e8a4f939e2cb487fe6d0c54042c9d32c\"},\"description\":\"Ser\u00e1 el 14 de Enero a las 12.00 hs en el P\u00f3rtico de acceso al Municipio.\",\"breadcrumb\":{\"@id\":\"https:\/\/nahuelproducciones.com.ar\/radioquijano\/campos-quijano-recibira-al-primer-turista-de-la-temporada-2024\/#breadcrumb\"},\"inLanguage\":\"es\",\"potentialAction\":[{\"@type\":\"ReadAction\",\"target\":[\"https:\/\/nahuelproducciones.com.ar\/radioquijano\/campos-quijano-recibira-al-primer-turista-de-la-temporada-2024\/\"]}]},{\"@type\":\"BreadcrumbList\",\"@id\":\"https:\/\/nahuelproducciones.com.ar\/radioquijano\/campos-quijano-recibira-al-primer-turista-de-la-temporada-2024\/#breadcrumb\",\"itemListElement\":[{\"@type\":\"ListItem\",\"position\":1,\"name\":\"Portada\",\"item\":\"https:\/\/nahuelproducciones.com.ar\/radioquijano\/\"},{\"@type\":\"ListItem\",\"position\":2,\"name\":\"Campos Quijano recibir\u00e1 al primer turista de la Temporada 2024.\"}]},{\"@type\":\"WebSite\",\"@id\":\"https:\/\/nahuelproducciones.com.ar\/radioquijano\/#website\",\"url\":\"https:\/\/nahuelproducciones.com.ar\/radioquijano\/\",\"name\":\"RQ 99.9\",\"description\":\"Radio Quijano 99.9 MHz\",\"potentialAction\":[{\"@type\":\"SearchAction\",\"target\":{\"@type\":\"EntryPoint\",\"urlTemplate\":\"https:\/\/nahuelproducciones.com.ar\/radioquijano\/?s={search_term_string}\"},\"query-input\":\"required name=search_term_string\"}],\"inLanguage\":\"es\"},{\"@type\":\"Person\",\"@id\":\"https:\/\/nahuelproducciones.com.ar\/radioquijano\/#\/schema\/person\/e8a4f939e2cb487fe6d0c54042c9d32c\",\"name\":\"Cecilia Pastrana\",\"image\":{\"@type\":\"ImageObject\",\"inLanguage\":\"es\",\"@id\":\"https:\/\/nahuelproducciones.com.ar\/radioquijano\/#\/schema\/person\/image\/\",\"url\":\"https:\/\/secure.gravatar.com\/avatar\/661a3ef63a8488d4f2794ed44af8cf71420f7e106f3072c40125114df5157749?s=96&d=mm&r=g\",\"contentUrl\":\"https:\/\/secure.gravatar.com\/avatar\/661a3ef63a8488d4f2794ed44af8cf71420f7e106f3072c40125114df5157749?s=96&d=mm&r=g\",\"caption\":\"Cecilia Pastrana\"},\"sameAs\":[\"cecy\"],\"url\":\"https:\/\/nahuelproducciones.com.ar\/radioquijano\/author\/cecy\/\"}]}<\/script>\n<!-- \/ Yoast SEO plugin. -->","yoast_head_json":{"title":"Campos Quijano recibir\u00e1 al primer turista de la Temporada 2024. - RQ 99.9","description":"Ser\u00e1 el 14 de Enero a las 12.00 hs en el P\u00f3rtico de acceso al Municipio.","robots":{"index":"index","follow":"follow","max-snippet":"max-snippet:-1","max-image-preview":"max-image-preview:large","max-video-preview":"max-video-preview:-1"},"canonical":"https:\/\/nahuelproducciones.com.ar\/radioquijano\/campos-quijano-recibira-al-primer-turista-de-la-temporada-2024\/","og_locale":"es_ES","og_type":"article","og_title":"Campos Quijano recibir\u00e1 al primer turista de la Temporada 2024. - RQ 99.9","og_description":"Ser\u00e1 el 14 de Enero a las 12.00 hs en el P\u00f3rtico de acceso al Municipio.","og_url":"https:\/\/nahuelproducciones.com.ar\/radioquijano\/campos-quijano-recibira-al-primer-turista-de-la-temporada-2024\/","og_site_name":"RQ 99.9","article_publisher":"https:\/\/www.facebook.com\/nahuelproducciones999\/","article_published_time":"2024-01-13T04:51:12+00:00","article_modified_time":"2024-01-13T04:51:13+00:00","og_image":[{"width":512,"height":640,"url":"https:\/\/nahuelproducciones.com.ar\/radioquijano\/wp-content\/uploads\/2024\/01\/418528072_774881291334950_132776328524399859_n-e1705120913441.jpg","type":"image\/jpeg"}],"author":"Cecilia Pastrana","twitter_card":"summary_large_image","twitter_creator":"@nahuproduciones","twitter_site":"@nahuproduciones","twitter_misc":{"Escrito por":"Cecilia Pastrana","Tiempo de lectura":"2 minutos"},"schema":{"@context":"https:\/\/schema.org","@graph":[{"@type":"WebPage","@id":"https:\/\/nahuelproducciones.com.ar\/radioquijano\/campos-quijano-recibira-al-primer-turista-de-la-temporada-2024\/","url":"https:\/\/nahuelproducciones.com.ar\/radioquijano\/campos-quijano-recibira-al-primer-turista-de-la-temporada-2024\/","name":"Campos Quijano recibir\u00e1 al primer turista de la Temporada 2024. - RQ 99.9","isPartOf":{"@id":"https:\/\/nahuelproducciones.com.ar\/radioquijano\/#website"},"datePublished":"2024-01-13T04:51:12+00:00","dateModified":"2024-01-13T04:51:13+00:00","author":{"@id":"https:\/\/nahuelproducciones.com.ar\/radioquijano\/#\/schema\/person\/e8a4f939e2cb487fe6d0c54042c9d32c"},"description":"Ser\u00e1 el 14 de Enero a las 12.00 hs en el P\u00f3rtico de acceso al Municipio.","breadcrumb":{"@id":"https:\/\/nahuelproducciones.com.ar\/radioquijano\/campos-quijano-recibira-al-primer-turista-de-la-temporada-2024\/#breadcrumb"},"inLanguage":"es","potentialAction":[{"@type":"ReadAction","target":["https:\/\/nahuelproducciones.com.ar\/radioquijano\/campos-quijano-recibira-al-primer-turista-de-la-temporada-2024\/"]}]},{"@type":"BreadcrumbList","@id":"https:\/\/nahuelproducciones.com.ar\/radioquijano\/campos-quijano-recibira-al-primer-turista-de-la-temporada-2024\/#breadcrumb","itemListElement":[{"@type":"ListItem","position":1,"name":"Portada","item":"https:\/\/nahuelproducciones.com.ar\/radioquijano\/"},{"@type":"ListItem","position":2,"name":"Campos Quijano recibir\u00e1 al primer turista de la Temporada 2024."}]},{"@type":"WebSite","@id":"https:\/\/nahuelproducciones.com.ar\/radioquijano\/#website","url":"https:\/\/nahuelproducciones.com.ar\/radioquijano\/","name":"RQ 99.9","description":"Radio Quijano 99.9 MHz","potentialAction":[{"@type":"SearchAction","target":{"@type":"EntryPoint","urlTemplate":"https:\/\/nahuelproducciones.com.ar\/radioquijano\/?s={search_term_string}"},"query-input":"required name=search_term_string"}],"inLanguage":"es"},{"@type":"Person","@id":"https:\/\/nahuelproducciones.com.ar\/radioquijano\/#\/schema\/person\/e8a4f939e2cb487fe6d0c54042c9d32c","name":"Cecilia Pastrana","image":{"@type":"ImageObject","inLanguage":"es","@id":"https:\/\/nahuelproducciones.com.ar\/radioquijano\/#\/schema\/person\/image\/","url":"https:\/\/secure.gravatar.com\/avatar\/661a3ef63a8488d4f2794ed44af8cf71420f7e106f3072c40125114df5157749?s=96&d=mm&r=g","contentUrl":"https:\/\/secure.gravatar.com\/avatar\/661a3ef63a8488d4f2794ed44af8cf71420f7e106f3072c40125114df5157749?s=96&d=mm&r=g","caption":"Cecilia Pastrana"},"sameAs":["cecy"],"url":"https:\/\/nahuelproducciones.com.ar\/radioquijano\/author\/cecy\/"}]}},"_links":{"self":[{"href":"https:\/\/nahuelproducciones.com.ar\/radioquijano\/wp-json\/wp\/v2\/posts\/6812","targetHints":{"allow":["GET"]}}],"collection":[{"href":"https:\/\/nahuelproducciones.com.ar\/radioquijano\/wp-json\/wp\/v2\/posts"}],"about":[{"href":"https:\/\/nahuelproducciones.com.ar\/radioquijano\/wp-json\/wp\/v2\/types\/post"}],"author":[{"embeddable":true,"href":"https:\/\/nahuelproducciones.com.ar\/radioquijano\/wp-json\/wp\/v2\/users\/8"}],"replies":[{"embeddable":true,"href":"https:\/\/nahuelproducciones.com.ar\/radioquijano\/wp-json\/wp\/v2\/comments?post=6812"}],"version-history":[{"count":1,"href":"https:\/\/nahuelproducciones.com.ar\/radioquijano\/wp-json\/wp\/v2\/posts\/6812\/revisions"}],"predecessor-version":[{"id":6820,"href":"https:\/\/nahuelproducciones.com.ar\/radioquijano\/wp-json\/wp\/v2\/posts\/6812\/revisions\/6820"}],"wp:featuredmedia":[{"embeddable":true,"href":"https:\/\/nahuelproducciones.com.ar\/radioquijano\/wp-json\/wp\/v2\/media\/6814"}],"wp:attachment":[{"href":"https:\/\/nahuelproducciones.com.ar\/radioquijano\/wp-json\/wp\/v2\/media?parent=6812"}],"wp:term":[{"taxonomy":"category","embeddable":true,"href":"https:\/\/nahuelproducciones.com.ar\/radioquijano\/wp-json\/wp\/v2\/categories?post=6812"},{"taxonomy":"post_tag","embeddable":true,"href":"https:\/\/nahuelproducciones.com.ar\/radioquijano\/wp-json\/wp\/v2\/tags?post=6812"}],"curies":[{"name":"wp","href":"https:\/\/api.w.org\/{rel}","templated":true}]}}