{"id":6919,"date":"2024-01-15T20:52:14","date_gmt":"2024-01-15T23:52:14","guid":{"rendered":"https:\/\/nahuelproducciones.com.ar\/radioquijano\/?p=6919"},"modified":"2024-01-15T20:52:14","modified_gmt":"2024-01-15T23:52:14","slug":"pena-solidaria-con-amigos-por-zair-antes-de-su-operacion","status":"publish","type":"post","link":"https:\/\/nahuelproducciones.com.ar\/radioquijano\/pena-solidaria-con-amigos-por-zair-antes-de-su-operacion\/","title":{"rendered":"Pe\u00f1a Solidaria  con amigos por Zair antes de su operaci\u00f3n."},"content":{"rendered":"\n<p>Para poder recaudar dinero antes de una compleja operaci\u00f3n de Zair Olmos, los amigos har\u00e1n una \u00abJuntada Art\u00edstica  en su beneficio\u00bb.<\/p>\n\n\n\n<p>RQ99.9Mhz se comunico con su pap\u00e1 Nels\u00f3n Olmos y cont\u00f3 que su hijo Zair debe realizarse pr\u00f3ximamente otra cirug\u00eda y debeN recaudar fondos para los gastos .<\/p>\n\n\n\n<p>Olmos y sus hijos son los creadores e integrantes del Grupo Musical \u00abINTI SUMA\u00bb , ellos est\u00e1n presentes con sus presentaciones desde hace muchos a\u00f1os en diversos escenarios, en algunos casos contratados y en otros lo hacen en forma solidaria. Hoy est\u00e1n convocando a que lo acompa\u00f1en y colaboren ya que se realizara una pe\u00f1a en Casa de Juan en Campo Quijano el viernes 19 de enero.<\/p>\n\n\n\n<p>Olmos dijo que  pueden reserva su mesa a los tel\u00e9fonos 3875375009 y al 3875116609 por  un costo m\u00ednimo de $1.500 por persona como derecho de espect\u00e1culo.<\/p>\n\n\n\n<p>Mencion\u00f3 que ser\u00e1 un show espectacular con amigos de Zair que se sumaron. y que pueden seguir sum\u00e1ndose. <\/p>\n\n\n\n<blockquote class=\"wp-block-quote is-layout-flow wp-block-quote-is-layout-flow\">\n<p>Quienes ya confirmaron su presencia son:<\/p>\n\n\n\n<p>LOS DEL CERRO- ALMA CARPERA- JUAN FERN\u00c1NDEZ<\/p>\n\n\n\n<p>INTI SUMA &#8211; ECOS DE LA PUNA &#8211;<\/p>\n\n\n\n<p>ACADEMIA MART\u00cdN FIERRO &#8211; CAPORALES OR\u00cdGENES DE MI TIERRA<\/p>\n<\/blockquote>\n\n\n\n<p>Nelson  dijo : Te esperamos y dale una manito a Zair Benjamin nuestro batero de INTI SUMA.<\/p>\n\n\n\n<p>Escucha la entrevista:<\/p>\n\n\n\n<figure class=\"wp-block-audio\"><audio controls src=\"https:\/\/nahuelproducciones.com.ar\/radioquijano\/wp-content\/uploads\/2024\/01\/15-01-2024-NELSON-OLMOS-ENCUENTRO-ENTRE-AMIGOS-DE-ZAIRPARA-JUNTAR-DINERO-PARA-SU-OPERACION-19-DE-ENERO.mp3\"><\/audio><\/figure>\n","protected":false},"excerpt":{"rendered":"<p>Para poder recaudar dinero antes de una compleja operaci\u00f3n de Zair Olmos, los amigos har\u00e1n una \u00abJuntada Art\u00edstica en su beneficio\u00bb. RQ99.9Mhz se comunico con su pap\u00e1 Nels\u00f3n Olmos y cont\u00f3 que su hijo Zair debe realizarse pr\u00f3ximamente otra cirug\u00eda y debeN recaudar fondos para los gastos . Olmos y sus hijos son los creadores [&hellip;]<\/p>\n","protected":false},"author":8,"featured_media":6920,"comment_status":"open","ping_status":"open","sticky":false,"template":"","format":"standard","meta":{"_monsterinsights_skip_tracking":false,"_monsterinsights_sitenote_active":false,"_monsterinsights_sitenote_note":"","_monsterinsights_sitenote_category":0,"footnotes":""},"categories":[16],"tags":[1419,100,1418],"class_list":["post-6919","post","type-post","status-publish","format-standard","has-post-thumbnail","hentry","category-noticias","tag-inti-suma","tag-municipio-de-campo-quijano","tag-zair-olmos"],"yoast_head":"<!-- This site is optimized with the Yoast SEO plugin v20.8 - https:\/\/yoast.com\/wordpress\/plugins\/seo\/ -->\n<title>Pe\u00f1a Solidaria con amigos por Zair antes de su operaci\u00f3n. - RQ 99.9<\/title>\n<meta name=\"description\" content=\"Pueden reserva su mesa a los tel\u00e9fonos 3875375009 y al 3875116609 por un costo m\u00ednimo de $1.500 por persona como derecho de espect\u00e1culo.\" \/>\n<meta name=\"robots\" content=\"index, follow, max-snippet:-1, max-image-preview:large, max-video-preview:-1\" \/>\n<link rel=\"canonical\" href=\"https:\/\/nahuelproducciones.com.ar\/radioquijano\/pena-solidaria-con-amigos-por-zair-antes-de-su-operacion\/\" \/>\n<meta property=\"og:locale\" content=\"es_ES\" \/>\n<meta property=\"og:type\" content=\"article\" \/>\n<meta property=\"og:title\" content=\"Pe\u00f1a Solidaria con amigos por Zair antes de su operaci\u00f3n. - RQ 99.9\" \/>\n<meta property=\"og:description\" content=\"Pueden reserva su mesa a los tel\u00e9fonos 3875375009 y al 3875116609 por un costo m\u00ednimo de $1.500 por persona como derecho de espect\u00e1culo.\" \/>\n<meta property=\"og:url\" content=\"https:\/\/nahuelproducciones.com.ar\/radioquijano\/pena-solidaria-con-amigos-por-zair-antes-de-su-operacion\/\" \/>\n<meta property=\"og:site_name\" content=\"RQ 99.9\" \/>\n<meta property=\"article:publisher\" content=\"https:\/\/www.facebook.com\/nahuelproducciones999\/\" \/>\n<meta property=\"article:published_time\" content=\"2024-01-15T23:52:14+00:00\" \/>\n<meta property=\"og:image\" content=\"https:\/\/nahuelproducciones.com.ar\/radioquijano\/wp-content\/uploads\/2024\/01\/WhatsApp-Image-2024-01-15-at-11.34.38-AM-e1705362675243.jpeg\" \/>\n\t<meta property=\"og:image:width\" content=\"700\" \/>\n\t<meta property=\"og:image:height\" content=\"990\" \/>\n\t<meta property=\"og:image:type\" content=\"image\/jpeg\" \/>\n<meta name=\"author\" content=\"Cecilia Pastrana\" \/>\n<meta name=\"twitter:card\" content=\"summary_large_image\" \/>\n<meta name=\"twitter:creator\" content=\"@nahuproduciones\" \/>\n<meta name=\"twitter:site\" content=\"@nahuproduciones\" \/>\n<meta name=\"twitter:label1\" content=\"Escrito por\" \/>\n\t<meta name=\"twitter:data1\" content=\"Cecilia Pastrana\" \/>\n\t<meta name=\"twitter:label2\" content=\"Tiempo de lectura\" \/>\n\t<meta name=\"twitter:data2\" content=\"1 minuto\" \/>\n<script type=\"application\/ld+json\" class=\"yoast-schema-graph\">{\"@context\":\"https:\/\/schema.org\",\"@graph\":[{\"@type\":\"WebPage\",\"@id\":\"https:\/\/nahuelproducciones.com.ar\/radioquijano\/pena-solidaria-con-amigos-por-zair-antes-de-su-operacion\/\",\"url\":\"https:\/\/nahuelproducciones.com.ar\/radioquijano\/pena-solidaria-con-amigos-por-zair-antes-de-su-operacion\/\",\"name\":\"Pe\u00f1a Solidaria con amigos por Zair antes de su operaci\u00f3n. - RQ 99.9\",\"isPartOf\":{\"@id\":\"https:\/\/nahuelproducciones.com.ar\/radioquijano\/#website\"},\"datePublished\":\"2024-01-15T23:52:14+00:00\",\"dateModified\":\"2024-01-15T23:52:14+00:00\",\"author\":{\"@id\":\"https:\/\/nahuelproducciones.com.ar\/radioquijano\/#\/schema\/person\/e8a4f939e2cb487fe6d0c54042c9d32c\"},\"description\":\"Pueden reserva su mesa a los tel\u00e9fonos 3875375009 y al 3875116609 por un costo m\u00ednimo de $1.500 por persona como derecho de espect\u00e1culo.\",\"breadcrumb\":{\"@id\":\"https:\/\/nahuelproducciones.com.ar\/radioquijano\/pena-solidaria-con-amigos-por-zair-antes-de-su-operacion\/#breadcrumb\"},\"inLanguage\":\"es\",\"potentialAction\":[{\"@type\":\"ReadAction\",\"target\":[\"https:\/\/nahuelproducciones.com.ar\/radioquijano\/pena-solidaria-con-amigos-por-zair-antes-de-su-operacion\/\"]}]},{\"@type\":\"BreadcrumbList\",\"@id\":\"https:\/\/nahuelproducciones.com.ar\/radioquijano\/pena-solidaria-con-amigos-por-zair-antes-de-su-operacion\/#breadcrumb\",\"itemListElement\":[{\"@type\":\"ListItem\",\"position\":1,\"name\":\"Portada\",\"item\":\"https:\/\/nahuelproducciones.com.ar\/radioquijano\/\"},{\"@type\":\"ListItem\",\"position\":2,\"name\":\"Pe\u00f1a Solidaria con amigos por Zair antes de su operaci\u00f3n.\"}]},{\"@type\":\"WebSite\",\"@id\":\"https:\/\/nahuelproducciones.com.ar\/radioquijano\/#website\",\"url\":\"https:\/\/nahuelproducciones.com.ar\/radioquijano\/\",\"name\":\"RQ 99.9\",\"description\":\"Radio Quijano 99.9 MHz\",\"potentialAction\":[{\"@type\":\"SearchAction\",\"target\":{\"@type\":\"EntryPoint\",\"urlTemplate\":\"https:\/\/nahuelproducciones.com.ar\/radioquijano\/?s={search_term_string}\"},\"query-input\":\"required name=search_term_string\"}],\"inLanguage\":\"es\"},{\"@type\":\"Person\",\"@id\":\"https:\/\/nahuelproducciones.com.ar\/radioquijano\/#\/schema\/person\/e8a4f939e2cb487fe6d0c54042c9d32c\",\"name\":\"Cecilia Pastrana\",\"image\":{\"@type\":\"ImageObject\",\"inLanguage\":\"es\",\"@id\":\"https:\/\/nahuelproducciones.com.ar\/radioquijano\/#\/schema\/person\/image\/\",\"url\":\"https:\/\/secure.gravatar.com\/avatar\/661a3ef63a8488d4f2794ed44af8cf71420f7e106f3072c40125114df5157749?s=96&d=mm&r=g\",\"contentUrl\":\"https:\/\/secure.gravatar.com\/avatar\/661a3ef63a8488d4f2794ed44af8cf71420f7e106f3072c40125114df5157749?s=96&d=mm&r=g\",\"caption\":\"Cecilia Pastrana\"},\"sameAs\":[\"cecy\"],\"url\":\"https:\/\/nahuelproducciones.com.ar\/radioquijano\/author\/cecy\/\"}]}<\/script>\n<!-- \/ Yoast SEO plugin. -->","yoast_head_json":{"title":"Pe\u00f1a Solidaria con amigos por Zair antes de su operaci\u00f3n. - RQ 99.9","description":"Pueden reserva su mesa a los tel\u00e9fonos 3875375009 y al 3875116609 por un costo m\u00ednimo de $1.500 por persona como derecho de espect\u00e1culo.","robots":{"index":"index","follow":"follow","max-snippet":"max-snippet:-1","max-image-preview":"max-image-preview:large","max-video-preview":"max-video-preview:-1"},"canonical":"https:\/\/nahuelproducciones.com.ar\/radioquijano\/pena-solidaria-con-amigos-por-zair-antes-de-su-operacion\/","og_locale":"es_ES","og_type":"article","og_title":"Pe\u00f1a Solidaria con amigos por Zair antes de su operaci\u00f3n. - RQ 99.9","og_description":"Pueden reserva su mesa a los tel\u00e9fonos 3875375009 y al 3875116609 por un costo m\u00ednimo de $1.500 por persona como derecho de espect\u00e1culo.","og_url":"https:\/\/nahuelproducciones.com.ar\/radioquijano\/pena-solidaria-con-amigos-por-zair-antes-de-su-operacion\/","og_site_name":"RQ 99.9","article_publisher":"https:\/\/www.facebook.com\/nahuelproducciones999\/","article_published_time":"2024-01-15T23:52:14+00:00","og_image":[{"width":700,"height":990,"url":"https:\/\/nahuelproducciones.com.ar\/radioquijano\/wp-content\/uploads\/2024\/01\/WhatsApp-Image-2024-01-15-at-11.34.38-AM-e1705362675243.jpeg","type":"image\/jpeg"}],"author":"Cecilia Pastrana","twitter_card":"summary_large_image","twitter_creator":"@nahuproduciones","twitter_site":"@nahuproduciones","twitter_misc":{"Escrito por":"Cecilia Pastrana","Tiempo de lectura":"1 minuto"},"schema":{"@context":"https:\/\/schema.org","@graph":[{"@type":"WebPage","@id":"https:\/\/nahuelproducciones.com.ar\/radioquijano\/pena-solidaria-con-amigos-por-zair-antes-de-su-operacion\/","url":"https:\/\/nahuelproducciones.com.ar\/radioquijano\/pena-solidaria-con-amigos-por-zair-antes-de-su-operacion\/","name":"Pe\u00f1a Solidaria con amigos por Zair antes de su operaci\u00f3n. - RQ 99.9","isPartOf":{"@id":"https:\/\/nahuelproducciones.com.ar\/radioquijano\/#website"},"datePublished":"2024-01-15T23:52:14+00:00","dateModified":"2024-01-15T23:52:14+00:00","author":{"@id":"https:\/\/nahuelproducciones.com.ar\/radioquijano\/#\/schema\/person\/e8a4f939e2cb487fe6d0c54042c9d32c"},"description":"Pueden reserva su mesa a los tel\u00e9fonos 3875375009 y al 3875116609 por un costo m\u00ednimo de $1.500 por persona como derecho de espect\u00e1culo.","breadcrumb":{"@id":"https:\/\/nahuelproducciones.com.ar\/radioquijano\/pena-solidaria-con-amigos-por-zair-antes-de-su-operacion\/#breadcrumb"},"inLanguage":"es","potentialAction":[{"@type":"ReadAction","target":["https:\/\/nahuelproducciones.com.ar\/radioquijano\/pena-solidaria-con-amigos-por-zair-antes-de-su-operacion\/"]}]},{"@type":"BreadcrumbList","@id":"https:\/\/nahuelproducciones.com.ar\/radioquijano\/pena-solidaria-con-amigos-por-zair-antes-de-su-operacion\/#breadcrumb","itemListElement":[{"@type":"ListItem","position":1,"name":"Portada","item":"https:\/\/nahuelproducciones.com.ar\/radioquijano\/"},{"@type":"ListItem","position":2,"name":"Pe\u00f1a Solidaria con amigos por Zair antes de su operaci\u00f3n."}]},{"@type":"WebSite","@id":"https:\/\/nahuelproducciones.com.ar\/radioquijano\/#website","url":"https:\/\/nahuelproducciones.com.ar\/radioquijano\/","name":"RQ 99.9","description":"Radio Quijano 99.9 MHz","potentialAction":[{"@type":"SearchAction","target":{"@type":"EntryPoint","urlTemplate":"https:\/\/nahuelproducciones.com.ar\/radioquijano\/?s={search_term_string}"},"query-input":"required name=search_term_string"}],"inLanguage":"es"},{"@type":"Person","@id":"https:\/\/nahuelproducciones.com.ar\/radioquijano\/#\/schema\/person\/e8a4f939e2cb487fe6d0c54042c9d32c","name":"Cecilia Pastrana","image":{"@type":"ImageObject","inLanguage":"es","@id":"https:\/\/nahuelproducciones.com.ar\/radioquijano\/#\/schema\/person\/image\/","url":"https:\/\/secure.gravatar.com\/avatar\/661a3ef63a8488d4f2794ed44af8cf71420f7e106f3072c40125114df5157749?s=96&d=mm&r=g","contentUrl":"https:\/\/secure.gravatar.com\/avatar\/661a3ef63a8488d4f2794ed44af8cf71420f7e106f3072c40125114df5157749?s=96&d=mm&r=g","caption":"Cecilia Pastrana"},"sameAs":["cecy"],"url":"https:\/\/nahuelproducciones.com.ar\/radioquijano\/author\/cecy\/"}]}},"_links":{"self":[{"href":"https:\/\/nahuelproducciones.com.ar\/radioquijano\/wp-json\/wp\/v2\/posts\/6919","targetHints":{"allow":["GET"]}}],"collection":[{"href":"https:\/\/nahuelproducciones.com.ar\/radioquijano\/wp-json\/wp\/v2\/posts"}],"about":[{"href":"https:\/\/nahuelproducciones.com.ar\/radioquijano\/wp-json\/wp\/v2\/types\/post"}],"author":[{"embeddable":true,"href":"https:\/\/nahuelproducciones.com.ar\/radioquijano\/wp-json\/wp\/v2\/users\/8"}],"replies":[{"embeddable":true,"href":"https:\/\/nahuelproducciones.com.ar\/radioquijano\/wp-json\/wp\/v2\/comments?post=6919"}],"version-history":[{"count":1,"href":"https:\/\/nahuelproducciones.com.ar\/radioquijano\/wp-json\/wp\/v2\/posts\/6919\/revisions"}],"predecessor-version":[{"id":6922,"href":"https:\/\/nahuelproducciones.com.ar\/radioquijano\/wp-json\/wp\/v2\/posts\/6919\/revisions\/6922"}],"wp:featuredmedia":[{"embeddable":true,"href":"https:\/\/nahuelproducciones.com.ar\/radioquijano\/wp-json\/wp\/v2\/media\/6920"}],"wp:attachment":[{"href":"https:\/\/nahuelproducciones.com.ar\/radioquijano\/wp-json\/wp\/v2\/media?parent=6919"}],"wp:term":[{"taxonomy":"category","embeddable":true,"href":"https:\/\/nahuelproducciones.com.ar\/radioquijano\/wp-json\/wp\/v2\/categories?post=6919"},{"taxonomy":"post_tag","embeddable":true,"href":"https:\/\/nahuelproducciones.com.ar\/radioquijano\/wp-json\/wp\/v2\/tags?post=6919"}],"curies":[{"name":"wp","href":"https:\/\/api.w.org\/{rel}","templated":true}]}}