{"id":6950,"date":"2024-01-17T20:03:27","date_gmt":"2024-01-17T23:03:27","guid":{"rendered":"https:\/\/nahuelproducciones.com.ar\/radioquijano\/?p=6950"},"modified":"2024-01-17T20:03:27","modified_gmt":"2024-01-17T23:03:27","slug":"el-gobierno-asiste-a-municipios-del-valle-de-lerma-afectados-por-la-tormenta","status":"publish","type":"post","link":"https:\/\/nahuelproducciones.com.ar\/radioquijano\/el-gobierno-asiste-a-municipios-del-valle-de-lerma-afectados-por-la-tormenta\/","title":{"rendered":"El Gobierno asiste a municipios del Valle de Lerma afectados por la tormenta."},"content":{"rendered":"\n<p>Equipos del Ministerio de Desarrollo Social brindan asistencia, desde esta madrugada, a familias damnificadas por el intenso temporal ocurrido en diversos puntos del Valle de Lerma. En el transcurso de la ma\u00f1ana dren\u00f3 el agua y permiti\u00f3 llegar a los vecinos.<\/p>\n\n\n\n<p>Luego del evento clim\u00e1tico ocurrido entre la noche del martes y la madrugada de hoy mi\u00e9rcoles, que afect\u00f3 de manera diversa distintos puntos del Valle de Lerma, funcionarios y agentes del&nbsp;<strong>Ministerio de Desarrollo Social<\/strong>&nbsp;realizaron sendos operativos para ampliar la primera contenci\u00f3n brindada por las administraciones locales. Durante el transcurso de la ma\u00f1ana dren\u00f3 el agua y permiti\u00f3 llegar a los vecinos afectados.&nbsp;<\/p>\n\n\n\n<p>Mediante la entrega de elementos de primera necesidad, tambi\u00e9n se coordin\u00f3 la contenci\u00f3n a familias evacuadas y se realizaron relevamientos en los municipios de Cerrillos y Campo Quijano, adem\u00e1s de mantener contacto permanente con otras comunas afectadas.<\/p>\n\n\n\n<p>Tras los primeros informes, se programaron asistencia tambi\u00e9n para diversas \u00e1reas de Campo Quijano, en donde intervinieron de forma inmediata agentes de la Subsecretar\u00eda de Defensa Civil, del Ministerio de Seguridad y Justicia, con veh\u00edculos para coordinar la asistencia de evacuados.<\/p>\n\n\n\n<p>Los operativos iniciales, realizados durante la madrugada, estuvieron encabezados por la coordinadora de la Secretar\u00eda de Pol\u00edticas Sociales,&nbsp;<strong>Agustina Esteban<\/strong>; y la directora de Protocolo por Emergencia,&nbsp;<strong>Gabriela Locuratolo<\/strong>, e integrado por funcionarios del \u00e1rea. La asistencia en emergencia se realiza en l\u00ednea con las directivas del ministro de Desarrollo Social,&nbsp;<strong>Mario Mimessi<\/strong>, de brindar acompa\u00f1amiento a cada municipio en territorio y de manera efectiva ante situaciones clim\u00e1ticas.<\/p>\n\n\n\n<p><strong>Articulaci\u00f3n en Campo Quijano<\/strong><br>Un equipo territorial, encabezado por la Directora General de Asistencia Cr\u00edtica,&nbsp;<strong>Luz Ar\u00e9valo<\/strong>, coordin\u00f3 el trabajo en el municipio junto al intendente Lino Yonar y la secretaria de Acci\u00f3n Social local, Elena Bautista, para avanzar en los relevamientos de las familias afectadas por la emergencia. Los agentes de Desarrollo Social analizaron los registros del primer abordaje, realizado por Bomberos y Defensa Civil del municipio, para asistir a 10 familias con elementos de primera necesidad, adem\u00e1s de brindar ropa y colchones a personas que sufrieron p\u00e9rdidas mayores.<\/p>\n\n\n\n<p>En una segunda instancia se ampliaron los relevamientos a trav\u00e9s de acciones territoriales, en las que se recorrieron los siguientes lugares: Asentamiento Ana Jorge, Villa el Dique, Barrio Valle Encantado, Barrio El Sol, Loteo 208, Villa Lola y Progreso.<\/p>\n\n\n\n<p><strong>Trabajo en Cerrillos<\/strong><br>En tanto que en este municipio, luego del primer abordaje de los equipos de Emergencia, la Coordinadora General del Ministerio,&nbsp;<strong>Dolores Montarce,<\/strong>&nbsp;mantuvo una reuni\u00f3n con el intendente Enrique Borelli, para analizar las caracter\u00edsticas de la emergencia y la respuesta estatal para brindar la contenci\u00f3n a familias afectadas. Al respecto, el titular del Ejecutivo Municipal agradeci\u00f3 la predisposici\u00f3n de los agentes provinciales, el despliegue territorial y la r\u00e1pida respuesta que hubo ante el episodio de anoche y sostuvo que \u00abes fundamental saber que ante una situaci\u00f3n de crisis, la provincia brinda respuestas r\u00e1pidas y concretas\u00bb.<\/p>\n\n\n\n<p>Por su parte, la directora de Protocolo por Emergencia, Gabriela Locuratolo, realiz\u00f3 recorridas en las zonas afectadas, dialogando con las familias afectadas para recabar la informaci\u00f3n pertinente, que permita brindarles la debida asistencia. Adem\u00e1s indic\u00f3 que \u00abse vieron afectadas La Merced y Rosario de Lerma, La Silleta y Campo Quijano mismo, tambi\u00e9n se registraron familias afectadas en San Lorenzo, por lo que en todos los casos se realiz\u00f3 el acompa\u00f1amiento de manera permanente para realizar las asistencias\u00bb.<\/p>\n\n\n<div class=\"wp-block-image\">\n<figure class=\"aligncenter size-full is-resized\"><img loading=\"lazy\" decoding=\"async\" src=\"https:\/\/nahuelproducciones.com.ar\/radioquijano\/wp-content\/uploads\/2024\/01\/image-1.png\" alt=\"\" class=\"wp-image-6951\" width=\"466\" height=\"326\" srcset=\"https:\/\/nahuelproducciones.com.ar\/radioquijano\/wp-content\/uploads\/2024\/01\/image-1.png 560w, https:\/\/nahuelproducciones.com.ar\/radioquijano\/wp-content\/uploads\/2024\/01\/image-1-300x210.png 300w, https:\/\/nahuelproducciones.com.ar\/radioquijano\/wp-content\/uploads\/2024\/01\/image-1-150x105.png 150w\" sizes=\"auto, (max-width: 466px) 100vw, 466px\" \/><\/figure><\/div>\n\n<div class=\"wp-block-image\">\n<figure class=\"aligncenter size-full is-resized\"><img loading=\"lazy\" decoding=\"async\" src=\"https:\/\/nahuelproducciones.com.ar\/radioquijano\/wp-content\/uploads\/2024\/01\/image-3.png\" alt=\"\" class=\"wp-image-6953\" width=\"461\" height=\"322\" srcset=\"https:\/\/nahuelproducciones.com.ar\/radioquijano\/wp-content\/uploads\/2024\/01\/image-3.png 560w, https:\/\/nahuelproducciones.com.ar\/radioquijano\/wp-content\/uploads\/2024\/01\/image-3-300x210.png 300w, https:\/\/nahuelproducciones.com.ar\/radioquijano\/wp-content\/uploads\/2024\/01\/image-3-150x105.png 150w\" sizes=\"auto, (max-width: 461px) 100vw, 461px\" \/><\/figure><\/div>\n\n<div class=\"wp-block-image\">\n<figure class=\"aligncenter size-full is-resized\"><img loading=\"lazy\" decoding=\"async\" src=\"https:\/\/nahuelproducciones.com.ar\/radioquijano\/wp-content\/uploads\/2024\/01\/image-4.png\" alt=\"\" class=\"wp-image-6954\" width=\"463\" height=\"324\" srcset=\"https:\/\/nahuelproducciones.com.ar\/radioquijano\/wp-content\/uploads\/2024\/01\/image-4.png 857w, https:\/\/nahuelproducciones.com.ar\/radioquijano\/wp-content\/uploads\/2024\/01\/image-4-300x210.png 300w, https:\/\/nahuelproducciones.com.ar\/radioquijano\/wp-content\/uploads\/2024\/01\/image-4-768x538.png 768w, https:\/\/nahuelproducciones.com.ar\/radioquijano\/wp-content\/uploads\/2024\/01\/image-4-150x105.png 150w\" sizes=\"auto, (max-width: 463px) 100vw, 463px\" \/><\/figure><\/div>\n\n\n<p>Fuente: Gobierno de la Provincia de Salta.<\/p>\n","protected":false},"excerpt":{"rendered":"<p>Equipos del Ministerio de Desarrollo Social brindan asistencia, desde esta madrugada, a familias damnificadas por el intenso temporal ocurrido en diversos puntos del Valle de Lerma. En el transcurso de la ma\u00f1ana dren\u00f3 el agua y permiti\u00f3 llegar a los vecinos. Luego del evento clim\u00e1tico ocurrido entre la noche del martes y la madrugada de [&hellip;]<\/p>\n","protected":false},"author":8,"featured_media":6955,"comment_status":"open","ping_status":"open","sticky":false,"template":"","format":"standard","meta":{"_monsterinsights_skip_tracking":false,"_monsterinsights_sitenote_active":false,"_monsterinsights_sitenote_note":"","_monsterinsights_sitenote_category":0,"footnotes":""},"categories":[16],"tags":[1422,532,100],"class_list":["post-6950","post","type-post","status-publish","format-standard","has-post-thumbnail","hentry","category-noticias","tag-asistencia-social","tag-ministerio-de-desarrollo-social","tag-municipio-de-campo-quijano"],"yoast_head":"<!-- This site is optimized with the Yoast SEO plugin v20.8 - https:\/\/yoast.com\/wordpress\/plugins\/seo\/ -->\n<title>El Gobierno asiste a municipios del Valle de Lerma afectados por la tormenta. - RQ 99.9<\/title>\n<meta name=\"description\" content=\"Recorrieron , el Asentamiento Ana Jorge, Villa el Dique, Barrio Valle Encantado, Barrio El Sol, Loteo 208, Villa Lola y Progreso.\" \/>\n<meta name=\"robots\" content=\"index, follow, max-snippet:-1, max-image-preview:large, max-video-preview:-1\" \/>\n<link rel=\"canonical\" href=\"https:\/\/nahuelproducciones.com.ar\/radioquijano\/el-gobierno-asiste-a-municipios-del-valle-de-lerma-afectados-por-la-tormenta\/\" \/>\n<meta property=\"og:locale\" content=\"es_ES\" \/>\n<meta property=\"og:type\" content=\"article\" \/>\n<meta property=\"og:title\" content=\"El Gobierno asiste a municipios del Valle de Lerma afectados por la tormenta. - RQ 99.9\" \/>\n<meta property=\"og:description\" content=\"Recorrieron , el Asentamiento Ana Jorge, Villa el Dique, Barrio Valle Encantado, Barrio El Sol, Loteo 208, Villa Lola y Progreso.\" \/>\n<meta property=\"og:url\" content=\"https:\/\/nahuelproducciones.com.ar\/radioquijano\/el-gobierno-asiste-a-municipios-del-valle-de-lerma-afectados-por-la-tormenta\/\" \/>\n<meta property=\"og:site_name\" content=\"RQ 99.9\" \/>\n<meta property=\"article:publisher\" content=\"https:\/\/www.facebook.com\/nahuelproducciones999\/\" \/>\n<meta property=\"article:published_time\" content=\"2024-01-17T23:03:27+00:00\" \/>\n<meta property=\"og:image\" content=\"https:\/\/nahuelproducciones.com.ar\/radioquijano\/wp-content\/uploads\/2024\/01\/5889-el-gobierno-asiste-a-municipios-del-valle-de-lerma-afectados-por-la-tormenta-e1705532524940.jpg\" \/>\n\t<meta property=\"og:image:width\" content=\"700\" \/>\n\t<meta property=\"og:image:height\" content=\"490\" \/>\n\t<meta property=\"og:image:type\" content=\"image\/jpeg\" \/>\n<meta name=\"author\" content=\"Cecilia Pastrana\" \/>\n<meta name=\"twitter:card\" content=\"summary_large_image\" \/>\n<meta name=\"twitter:creator\" content=\"@nahuproduciones\" \/>\n<meta name=\"twitter:site\" content=\"@nahuproduciones\" \/>\n<meta name=\"twitter:label1\" content=\"Escrito por\" \/>\n\t<meta name=\"twitter:data1\" content=\"Cecilia Pastrana\" \/>\n\t<meta name=\"twitter:label2\" content=\"Tiempo de lectura\" \/>\n\t<meta name=\"twitter:data2\" content=\"4 minutos\" \/>\n<script type=\"application\/ld+json\" class=\"yoast-schema-graph\">{\"@context\":\"https:\/\/schema.org\",\"@graph\":[{\"@type\":\"WebPage\",\"@id\":\"https:\/\/nahuelproducciones.com.ar\/radioquijano\/el-gobierno-asiste-a-municipios-del-valle-de-lerma-afectados-por-la-tormenta\/\",\"url\":\"https:\/\/nahuelproducciones.com.ar\/radioquijano\/el-gobierno-asiste-a-municipios-del-valle-de-lerma-afectados-por-la-tormenta\/\",\"name\":\"El Gobierno asiste a municipios del Valle de Lerma afectados por la tormenta. - RQ 99.9\",\"isPartOf\":{\"@id\":\"https:\/\/nahuelproducciones.com.ar\/radioquijano\/#website\"},\"datePublished\":\"2024-01-17T23:03:27+00:00\",\"dateModified\":\"2024-01-17T23:03:27+00:00\",\"author\":{\"@id\":\"https:\/\/nahuelproducciones.com.ar\/radioquijano\/#\/schema\/person\/e8a4f939e2cb487fe6d0c54042c9d32c\"},\"description\":\"Recorrieron , el Asentamiento Ana Jorge, Villa el Dique, Barrio Valle Encantado, Barrio El Sol, Loteo 208, Villa Lola y Progreso.\",\"breadcrumb\":{\"@id\":\"https:\/\/nahuelproducciones.com.ar\/radioquijano\/el-gobierno-asiste-a-municipios-del-valle-de-lerma-afectados-por-la-tormenta\/#breadcrumb\"},\"inLanguage\":\"es\",\"potentialAction\":[{\"@type\":\"ReadAction\",\"target\":[\"https:\/\/nahuelproducciones.com.ar\/radioquijano\/el-gobierno-asiste-a-municipios-del-valle-de-lerma-afectados-por-la-tormenta\/\"]}]},{\"@type\":\"BreadcrumbList\",\"@id\":\"https:\/\/nahuelproducciones.com.ar\/radioquijano\/el-gobierno-asiste-a-municipios-del-valle-de-lerma-afectados-por-la-tormenta\/#breadcrumb\",\"itemListElement\":[{\"@type\":\"ListItem\",\"position\":1,\"name\":\"Portada\",\"item\":\"https:\/\/nahuelproducciones.com.ar\/radioquijano\/\"},{\"@type\":\"ListItem\",\"position\":2,\"name\":\"El Gobierno asiste a municipios del Valle de Lerma afectados por la tormenta.\"}]},{\"@type\":\"WebSite\",\"@id\":\"https:\/\/nahuelproducciones.com.ar\/radioquijano\/#website\",\"url\":\"https:\/\/nahuelproducciones.com.ar\/radioquijano\/\",\"name\":\"RQ 99.9\",\"description\":\"Radio Quijano 99.9 MHz\",\"potentialAction\":[{\"@type\":\"SearchAction\",\"target\":{\"@type\":\"EntryPoint\",\"urlTemplate\":\"https:\/\/nahuelproducciones.com.ar\/radioquijano\/?s={search_term_string}\"},\"query-input\":\"required name=search_term_string\"}],\"inLanguage\":\"es\"},{\"@type\":\"Person\",\"@id\":\"https:\/\/nahuelproducciones.com.ar\/radioquijano\/#\/schema\/person\/e8a4f939e2cb487fe6d0c54042c9d32c\",\"name\":\"Cecilia Pastrana\",\"image\":{\"@type\":\"ImageObject\",\"inLanguage\":\"es\",\"@id\":\"https:\/\/nahuelproducciones.com.ar\/radioquijano\/#\/schema\/person\/image\/\",\"url\":\"https:\/\/secure.gravatar.com\/avatar\/661a3ef63a8488d4f2794ed44af8cf71420f7e106f3072c40125114df5157749?s=96&d=mm&r=g\",\"contentUrl\":\"https:\/\/secure.gravatar.com\/avatar\/661a3ef63a8488d4f2794ed44af8cf71420f7e106f3072c40125114df5157749?s=96&d=mm&r=g\",\"caption\":\"Cecilia Pastrana\"},\"sameAs\":[\"cecy\"],\"url\":\"https:\/\/nahuelproducciones.com.ar\/radioquijano\/author\/cecy\/\"}]}<\/script>\n<!-- \/ Yoast SEO plugin. -->","yoast_head_json":{"title":"El Gobierno asiste a municipios del Valle de Lerma afectados por la tormenta. - RQ 99.9","description":"Recorrieron , el Asentamiento Ana Jorge, Villa el Dique, Barrio Valle Encantado, Barrio El Sol, Loteo 208, Villa Lola y Progreso.","robots":{"index":"index","follow":"follow","max-snippet":"max-snippet:-1","max-image-preview":"max-image-preview:large","max-video-preview":"max-video-preview:-1"},"canonical":"https:\/\/nahuelproducciones.com.ar\/radioquijano\/el-gobierno-asiste-a-municipios-del-valle-de-lerma-afectados-por-la-tormenta\/","og_locale":"es_ES","og_type":"article","og_title":"El Gobierno asiste a municipios del Valle de Lerma afectados por la tormenta. - RQ 99.9","og_description":"Recorrieron , el Asentamiento Ana Jorge, Villa el Dique, Barrio Valle Encantado, Barrio El Sol, Loteo 208, Villa Lola y Progreso.","og_url":"https:\/\/nahuelproducciones.com.ar\/radioquijano\/el-gobierno-asiste-a-municipios-del-valle-de-lerma-afectados-por-la-tormenta\/","og_site_name":"RQ 99.9","article_publisher":"https:\/\/www.facebook.com\/nahuelproducciones999\/","article_published_time":"2024-01-17T23:03:27+00:00","og_image":[{"width":700,"height":490,"url":"https:\/\/nahuelproducciones.com.ar\/radioquijano\/wp-content\/uploads\/2024\/01\/5889-el-gobierno-asiste-a-municipios-del-valle-de-lerma-afectados-por-la-tormenta-e1705532524940.jpg","type":"image\/jpeg"}],"author":"Cecilia Pastrana","twitter_card":"summary_large_image","twitter_creator":"@nahuproduciones","twitter_site":"@nahuproduciones","twitter_misc":{"Escrito por":"Cecilia Pastrana","Tiempo de lectura":"4 minutos"},"schema":{"@context":"https:\/\/schema.org","@graph":[{"@type":"WebPage","@id":"https:\/\/nahuelproducciones.com.ar\/radioquijano\/el-gobierno-asiste-a-municipios-del-valle-de-lerma-afectados-por-la-tormenta\/","url":"https:\/\/nahuelproducciones.com.ar\/radioquijano\/el-gobierno-asiste-a-municipios-del-valle-de-lerma-afectados-por-la-tormenta\/","name":"El Gobierno asiste a municipios del Valle de Lerma afectados por la tormenta. - RQ 99.9","isPartOf":{"@id":"https:\/\/nahuelproducciones.com.ar\/radioquijano\/#website"},"datePublished":"2024-01-17T23:03:27+00:00","dateModified":"2024-01-17T23:03:27+00:00","author":{"@id":"https:\/\/nahuelproducciones.com.ar\/radioquijano\/#\/schema\/person\/e8a4f939e2cb487fe6d0c54042c9d32c"},"description":"Recorrieron , el Asentamiento Ana Jorge, Villa el Dique, Barrio Valle Encantado, Barrio El Sol, Loteo 208, Villa Lola y Progreso.","breadcrumb":{"@id":"https:\/\/nahuelproducciones.com.ar\/radioquijano\/el-gobierno-asiste-a-municipios-del-valle-de-lerma-afectados-por-la-tormenta\/#breadcrumb"},"inLanguage":"es","potentialAction":[{"@type":"ReadAction","target":["https:\/\/nahuelproducciones.com.ar\/radioquijano\/el-gobierno-asiste-a-municipios-del-valle-de-lerma-afectados-por-la-tormenta\/"]}]},{"@type":"BreadcrumbList","@id":"https:\/\/nahuelproducciones.com.ar\/radioquijano\/el-gobierno-asiste-a-municipios-del-valle-de-lerma-afectados-por-la-tormenta\/#breadcrumb","itemListElement":[{"@type":"ListItem","position":1,"name":"Portada","item":"https:\/\/nahuelproducciones.com.ar\/radioquijano\/"},{"@type":"ListItem","position":2,"name":"El Gobierno asiste a municipios del Valle de Lerma afectados por la tormenta."}]},{"@type":"WebSite","@id":"https:\/\/nahuelproducciones.com.ar\/radioquijano\/#website","url":"https:\/\/nahuelproducciones.com.ar\/radioquijano\/","name":"RQ 99.9","description":"Radio Quijano 99.9 MHz","potentialAction":[{"@type":"SearchAction","target":{"@type":"EntryPoint","urlTemplate":"https:\/\/nahuelproducciones.com.ar\/radioquijano\/?s={search_term_string}"},"query-input":"required name=search_term_string"}],"inLanguage":"es"},{"@type":"Person","@id":"https:\/\/nahuelproducciones.com.ar\/radioquijano\/#\/schema\/person\/e8a4f939e2cb487fe6d0c54042c9d32c","name":"Cecilia Pastrana","image":{"@type":"ImageObject","inLanguage":"es","@id":"https:\/\/nahuelproducciones.com.ar\/radioquijano\/#\/schema\/person\/image\/","url":"https:\/\/secure.gravatar.com\/avatar\/661a3ef63a8488d4f2794ed44af8cf71420f7e106f3072c40125114df5157749?s=96&d=mm&r=g","contentUrl":"https:\/\/secure.gravatar.com\/avatar\/661a3ef63a8488d4f2794ed44af8cf71420f7e106f3072c40125114df5157749?s=96&d=mm&r=g","caption":"Cecilia Pastrana"},"sameAs":["cecy"],"url":"https:\/\/nahuelproducciones.com.ar\/radioquijano\/author\/cecy\/"}]}},"_links":{"self":[{"href":"https:\/\/nahuelproducciones.com.ar\/radioquijano\/wp-json\/wp\/v2\/posts\/6950","targetHints":{"allow":["GET"]}}],"collection":[{"href":"https:\/\/nahuelproducciones.com.ar\/radioquijano\/wp-json\/wp\/v2\/posts"}],"about":[{"href":"https:\/\/nahuelproducciones.com.ar\/radioquijano\/wp-json\/wp\/v2\/types\/post"}],"author":[{"embeddable":true,"href":"https:\/\/nahuelproducciones.com.ar\/radioquijano\/wp-json\/wp\/v2\/users\/8"}],"replies":[{"embeddable":true,"href":"https:\/\/nahuelproducciones.com.ar\/radioquijano\/wp-json\/wp\/v2\/comments?post=6950"}],"version-history":[{"count":1,"href":"https:\/\/nahuelproducciones.com.ar\/radioquijano\/wp-json\/wp\/v2\/posts\/6950\/revisions"}],"predecessor-version":[{"id":6956,"href":"https:\/\/nahuelproducciones.com.ar\/radioquijano\/wp-json\/wp\/v2\/posts\/6950\/revisions\/6956"}],"wp:featuredmedia":[{"embeddable":true,"href":"https:\/\/nahuelproducciones.com.ar\/radioquijano\/wp-json\/wp\/v2\/media\/6955"}],"wp:attachment":[{"href":"https:\/\/nahuelproducciones.com.ar\/radioquijano\/wp-json\/wp\/v2\/media?parent=6950"}],"wp:term":[{"taxonomy":"category","embeddable":true,"href":"https:\/\/nahuelproducciones.com.ar\/radioquijano\/wp-json\/wp\/v2\/categories?post=6950"},{"taxonomy":"post_tag","embeddable":true,"href":"https:\/\/nahuelproducciones.com.ar\/radioquijano\/wp-json\/wp\/v2\/tags?post=6950"}],"curies":[{"name":"wp","href":"https:\/\/api.w.org\/{rel}","templated":true}]}}