{"id":6961,"date":"2024-01-23T01:30:36","date_gmt":"2024-01-23T04:30:36","guid":{"rendered":"https:\/\/nahuelproducciones.com.ar\/radioquijano\/?p=6961"},"modified":"2024-01-23T01:30:37","modified_gmt":"2024-01-23T04:30:37","slug":"se-aprobo-la-tarifaria-2024-que-dispone-incrementos-en-las-tasas-municipales-del-250-en-promedio","status":"publish","type":"post","link":"https:\/\/nahuelproducciones.com.ar\/radioquijano\/se-aprobo-la-tarifaria-2024-que-dispone-incrementos-en-las-tasas-municipales-del-250-en-promedio\/","title":{"rendered":"Se aprob\u00f3 la Tarifar\u00eda 2024 que dispone incrementos en las tasas municipales del 250% en promedio."},"content":{"rendered":"\n<p>En el marco de la sesi\u00f3n extraordinaria que se llev\u00f3 a cabo el pasado jueves 29 de diciembre , se aprob\u00f3 por mayor\u00eda  y pese a las cr\u00edticas esbozadas por la oposici\u00f3n, extender <strong>el presupuesto<\/strong> 2023 para este a\u00f1o.<\/p>\n\n\n\n<p>Tambi\u00e9n se aprobaron la Tarifar\u00eda 2024 que hab\u00eda enviado el intendente Lino Yonar al Concejo Deliberante.<\/p>\n\n\n\n<p>\u00a0La tarifar\u00eda  rige  a partir del 2 de enero del 2024 . Las tasas municipales fueron uno de los puntos \u00e1lgidos de discusi\u00f3n dentro del recinto ya que se estipula una actualizaci\u00f3n del 250%  en promedio con posibilidad de actualizar a mediados del 2024 de acuerdo a los \u00edndices de inflaci\u00f3n.\u00a0<\/p>\n\n\n\n<p><\/p>\n\n\n\n<p>.<\/p>\n","protected":false},"excerpt":{"rendered":"<p>En el marco de la sesi\u00f3n extraordinaria que se llev\u00f3 a cabo el pasado jueves 29 de diciembre , se aprob\u00f3 por mayor\u00eda y pese a las cr\u00edticas esbozadas por la oposici\u00f3n, extender el presupuesto 2023 para este a\u00f1o. Tambi\u00e9n se aprobaron la Tarifar\u00eda 2024 que hab\u00eda enviado el intendente Lino Yonar al Concejo Deliberante. [&hellip;]<\/p>\n","protected":false},"author":8,"featured_media":6970,"comment_status":"open","ping_status":"open","sticky":false,"template":"","format":"standard","meta":{"_monsterinsights_skip_tracking":false,"_monsterinsights_sitenote_active":false,"_monsterinsights_sitenote_note":"","_monsterinsights_sitenote_category":0,"footnotes":""},"categories":[16],"tags":[100,1392],"class_list":["post-6961","post","type-post","status-publish","format-standard","has-post-thumbnail","hentry","category-noticias","tag-municipio-de-campo-quijano","tag-tarifaria-2024"],"yoast_head":"<!-- This site is optimized with the Yoast SEO plugin v20.8 - https:\/\/yoast.com\/wordpress\/plugins\/seo\/ -->\n<title>Se aprob\u00f3 la Tarifar\u00eda 2024 que dispone incrementos en las tasas municipales del 250% en promedio. - RQ 99.9<\/title>\n<meta name=\"description\" content=\"La tarifar\u00eda rige a partir del 2 de enero del 2024\" \/>\n<meta name=\"robots\" content=\"index, follow, max-snippet:-1, max-image-preview:large, max-video-preview:-1\" \/>\n<link rel=\"canonical\" href=\"https:\/\/nahuelproducciones.com.ar\/radioquijano\/se-aprobo-la-tarifaria-2024-que-dispone-incrementos-en-las-tasas-municipales-del-250-en-promedio\/\" \/>\n<meta property=\"og:locale\" content=\"es_ES\" \/>\n<meta property=\"og:type\" content=\"article\" \/>\n<meta property=\"og:title\" content=\"Se aprob\u00f3 la Tarifar\u00eda 2024 que dispone incrementos en las tasas municipales del 250% en promedio. - RQ 99.9\" \/>\n<meta property=\"og:description\" content=\"La tarifar\u00eda rige a partir del 2 de enero del 2024\" \/>\n<meta property=\"og:url\" content=\"https:\/\/nahuelproducciones.com.ar\/radioquijano\/se-aprobo-la-tarifaria-2024-que-dispone-incrementos-en-las-tasas-municipales-del-250-en-promedio\/\" \/>\n<meta property=\"og:site_name\" content=\"RQ 99.9\" \/>\n<meta property=\"article:publisher\" content=\"https:\/\/www.facebook.com\/nahuelproducciones999\/\" \/>\n<meta property=\"article:published_time\" content=\"2024-01-23T04:30:36+00:00\" \/>\n<meta property=\"article:modified_time\" content=\"2024-01-23T04:30:37+00:00\" \/>\n<meta property=\"og:image\" content=\"https:\/\/nahuelproducciones.com.ar\/radioquijano\/wp-content\/uploads\/2024\/01\/WhatsApp-Image-2024-01-02-at-2.50.04-PM-1.jpeg\" \/>\n\t<meta property=\"og:image:width\" content=\"512\" \/>\n\t<meta property=\"og:image:height\" content=\"377\" \/>\n\t<meta property=\"og:image:type\" content=\"image\/jpeg\" \/>\n<meta name=\"author\" content=\"Cecilia Pastrana\" \/>\n<meta name=\"twitter:card\" content=\"summary_large_image\" \/>\n<meta name=\"twitter:creator\" content=\"@nahuproduciones\" \/>\n<meta name=\"twitter:site\" content=\"@nahuproduciones\" \/>\n<meta name=\"twitter:label1\" content=\"Escrito por\" \/>\n\t<meta name=\"twitter:data1\" content=\"Cecilia Pastrana\" \/>\n\t<meta name=\"twitter:label2\" content=\"Tiempo de lectura\" \/>\n\t<meta name=\"twitter:data2\" content=\"1 minuto\" \/>\n<script type=\"application\/ld+json\" class=\"yoast-schema-graph\">{\"@context\":\"https:\/\/schema.org\",\"@graph\":[{\"@type\":\"WebPage\",\"@id\":\"https:\/\/nahuelproducciones.com.ar\/radioquijano\/se-aprobo-la-tarifaria-2024-que-dispone-incrementos-en-las-tasas-municipales-del-250-en-promedio\/\",\"url\":\"https:\/\/nahuelproducciones.com.ar\/radioquijano\/se-aprobo-la-tarifaria-2024-que-dispone-incrementos-en-las-tasas-municipales-del-250-en-promedio\/\",\"name\":\"Se aprob\u00f3 la Tarifar\u00eda 2024 que dispone incrementos en las tasas municipales del 250% en promedio. - RQ 99.9\",\"isPartOf\":{\"@id\":\"https:\/\/nahuelproducciones.com.ar\/radioquijano\/#website\"},\"datePublished\":\"2024-01-23T04:30:36+00:00\",\"dateModified\":\"2024-01-23T04:30:37+00:00\",\"author\":{\"@id\":\"https:\/\/nahuelproducciones.com.ar\/radioquijano\/#\/schema\/person\/e8a4f939e2cb487fe6d0c54042c9d32c\"},\"description\":\"La tarifar\u00eda rige a partir del 2 de enero del 2024\",\"breadcrumb\":{\"@id\":\"https:\/\/nahuelproducciones.com.ar\/radioquijano\/se-aprobo-la-tarifaria-2024-que-dispone-incrementos-en-las-tasas-municipales-del-250-en-promedio\/#breadcrumb\"},\"inLanguage\":\"es\",\"potentialAction\":[{\"@type\":\"ReadAction\",\"target\":[\"https:\/\/nahuelproducciones.com.ar\/radioquijano\/se-aprobo-la-tarifaria-2024-que-dispone-incrementos-en-las-tasas-municipales-del-250-en-promedio\/\"]}]},{\"@type\":\"BreadcrumbList\",\"@id\":\"https:\/\/nahuelproducciones.com.ar\/radioquijano\/se-aprobo-la-tarifaria-2024-que-dispone-incrementos-en-las-tasas-municipales-del-250-en-promedio\/#breadcrumb\",\"itemListElement\":[{\"@type\":\"ListItem\",\"position\":1,\"name\":\"Portada\",\"item\":\"https:\/\/nahuelproducciones.com.ar\/radioquijano\/\"},{\"@type\":\"ListItem\",\"position\":2,\"name\":\"Se aprob\u00f3 la Tarifar\u00eda 2024 que dispone incrementos en las tasas municipales del 250% en promedio.\"}]},{\"@type\":\"WebSite\",\"@id\":\"https:\/\/nahuelproducciones.com.ar\/radioquijano\/#website\",\"url\":\"https:\/\/nahuelproducciones.com.ar\/radioquijano\/\",\"name\":\"RQ 99.9\",\"description\":\"Radio Quijano 99.9 MHz\",\"potentialAction\":[{\"@type\":\"SearchAction\",\"target\":{\"@type\":\"EntryPoint\",\"urlTemplate\":\"https:\/\/nahuelproducciones.com.ar\/radioquijano\/?s={search_term_string}\"},\"query-input\":\"required name=search_term_string\"}],\"inLanguage\":\"es\"},{\"@type\":\"Person\",\"@id\":\"https:\/\/nahuelproducciones.com.ar\/radioquijano\/#\/schema\/person\/e8a4f939e2cb487fe6d0c54042c9d32c\",\"name\":\"Cecilia Pastrana\",\"image\":{\"@type\":\"ImageObject\",\"inLanguage\":\"es\",\"@id\":\"https:\/\/nahuelproducciones.com.ar\/radioquijano\/#\/schema\/person\/image\/\",\"url\":\"https:\/\/secure.gravatar.com\/avatar\/661a3ef63a8488d4f2794ed44af8cf71420f7e106f3072c40125114df5157749?s=96&d=mm&r=g\",\"contentUrl\":\"https:\/\/secure.gravatar.com\/avatar\/661a3ef63a8488d4f2794ed44af8cf71420f7e106f3072c40125114df5157749?s=96&d=mm&r=g\",\"caption\":\"Cecilia Pastrana\"},\"sameAs\":[\"cecy\"],\"url\":\"https:\/\/nahuelproducciones.com.ar\/radioquijano\/author\/cecy\/\"}]}<\/script>\n<!-- \/ Yoast SEO plugin. -->","yoast_head_json":{"title":"Se aprob\u00f3 la Tarifar\u00eda 2024 que dispone incrementos en las tasas municipales del 250% en promedio. - RQ 99.9","description":"La tarifar\u00eda rige a partir del 2 de enero del 2024","robots":{"index":"index","follow":"follow","max-snippet":"max-snippet:-1","max-image-preview":"max-image-preview:large","max-video-preview":"max-video-preview:-1"},"canonical":"https:\/\/nahuelproducciones.com.ar\/radioquijano\/se-aprobo-la-tarifaria-2024-que-dispone-incrementos-en-las-tasas-municipales-del-250-en-promedio\/","og_locale":"es_ES","og_type":"article","og_title":"Se aprob\u00f3 la Tarifar\u00eda 2024 que dispone incrementos en las tasas municipales del 250% en promedio. - RQ 99.9","og_description":"La tarifar\u00eda rige a partir del 2 de enero del 2024","og_url":"https:\/\/nahuelproducciones.com.ar\/radioquijano\/se-aprobo-la-tarifaria-2024-que-dispone-incrementos-en-las-tasas-municipales-del-250-en-promedio\/","og_site_name":"RQ 99.9","article_publisher":"https:\/\/www.facebook.com\/nahuelproducciones999\/","article_published_time":"2024-01-23T04:30:36+00:00","article_modified_time":"2024-01-23T04:30:37+00:00","og_image":[{"width":512,"height":377,"url":"https:\/\/nahuelproducciones.com.ar\/radioquijano\/wp-content\/uploads\/2024\/01\/WhatsApp-Image-2024-01-02-at-2.50.04-PM-1.jpeg","type":"image\/jpeg"}],"author":"Cecilia Pastrana","twitter_card":"summary_large_image","twitter_creator":"@nahuproduciones","twitter_site":"@nahuproduciones","twitter_misc":{"Escrito por":"Cecilia Pastrana","Tiempo de lectura":"1 minuto"},"schema":{"@context":"https:\/\/schema.org","@graph":[{"@type":"WebPage","@id":"https:\/\/nahuelproducciones.com.ar\/radioquijano\/se-aprobo-la-tarifaria-2024-que-dispone-incrementos-en-las-tasas-municipales-del-250-en-promedio\/","url":"https:\/\/nahuelproducciones.com.ar\/radioquijano\/se-aprobo-la-tarifaria-2024-que-dispone-incrementos-en-las-tasas-municipales-del-250-en-promedio\/","name":"Se aprob\u00f3 la Tarifar\u00eda 2024 que dispone incrementos en las tasas municipales del 250% en promedio. - RQ 99.9","isPartOf":{"@id":"https:\/\/nahuelproducciones.com.ar\/radioquijano\/#website"},"datePublished":"2024-01-23T04:30:36+00:00","dateModified":"2024-01-23T04:30:37+00:00","author":{"@id":"https:\/\/nahuelproducciones.com.ar\/radioquijano\/#\/schema\/person\/e8a4f939e2cb487fe6d0c54042c9d32c"},"description":"La tarifar\u00eda rige a partir del 2 de enero del 2024","breadcrumb":{"@id":"https:\/\/nahuelproducciones.com.ar\/radioquijano\/se-aprobo-la-tarifaria-2024-que-dispone-incrementos-en-las-tasas-municipales-del-250-en-promedio\/#breadcrumb"},"inLanguage":"es","potentialAction":[{"@type":"ReadAction","target":["https:\/\/nahuelproducciones.com.ar\/radioquijano\/se-aprobo-la-tarifaria-2024-que-dispone-incrementos-en-las-tasas-municipales-del-250-en-promedio\/"]}]},{"@type":"BreadcrumbList","@id":"https:\/\/nahuelproducciones.com.ar\/radioquijano\/se-aprobo-la-tarifaria-2024-que-dispone-incrementos-en-las-tasas-municipales-del-250-en-promedio\/#breadcrumb","itemListElement":[{"@type":"ListItem","position":1,"name":"Portada","item":"https:\/\/nahuelproducciones.com.ar\/radioquijano\/"},{"@type":"ListItem","position":2,"name":"Se aprob\u00f3 la Tarifar\u00eda 2024 que dispone incrementos en las tasas municipales del 250% en promedio."}]},{"@type":"WebSite","@id":"https:\/\/nahuelproducciones.com.ar\/radioquijano\/#website","url":"https:\/\/nahuelproducciones.com.ar\/radioquijano\/","name":"RQ 99.9","description":"Radio Quijano 99.9 MHz","potentialAction":[{"@type":"SearchAction","target":{"@type":"EntryPoint","urlTemplate":"https:\/\/nahuelproducciones.com.ar\/radioquijano\/?s={search_term_string}"},"query-input":"required name=search_term_string"}],"inLanguage":"es"},{"@type":"Person","@id":"https:\/\/nahuelproducciones.com.ar\/radioquijano\/#\/schema\/person\/e8a4f939e2cb487fe6d0c54042c9d32c","name":"Cecilia Pastrana","image":{"@type":"ImageObject","inLanguage":"es","@id":"https:\/\/nahuelproducciones.com.ar\/radioquijano\/#\/schema\/person\/image\/","url":"https:\/\/secure.gravatar.com\/avatar\/661a3ef63a8488d4f2794ed44af8cf71420f7e106f3072c40125114df5157749?s=96&d=mm&r=g","contentUrl":"https:\/\/secure.gravatar.com\/avatar\/661a3ef63a8488d4f2794ed44af8cf71420f7e106f3072c40125114df5157749?s=96&d=mm&r=g","caption":"Cecilia Pastrana"},"sameAs":["cecy"],"url":"https:\/\/nahuelproducciones.com.ar\/radioquijano\/author\/cecy\/"}]}},"_links":{"self":[{"href":"https:\/\/nahuelproducciones.com.ar\/radioquijano\/wp-json\/wp\/v2\/posts\/6961","targetHints":{"allow":["GET"]}}],"collection":[{"href":"https:\/\/nahuelproducciones.com.ar\/radioquijano\/wp-json\/wp\/v2\/posts"}],"about":[{"href":"https:\/\/nahuelproducciones.com.ar\/radioquijano\/wp-json\/wp\/v2\/types\/post"}],"author":[{"embeddable":true,"href":"https:\/\/nahuelproducciones.com.ar\/radioquijano\/wp-json\/wp\/v2\/users\/8"}],"replies":[{"embeddable":true,"href":"https:\/\/nahuelproducciones.com.ar\/radioquijano\/wp-json\/wp\/v2\/comments?post=6961"}],"version-history":[{"count":1,"href":"https:\/\/nahuelproducciones.com.ar\/radioquijano\/wp-json\/wp\/v2\/posts\/6961\/revisions"}],"predecessor-version":[{"id":6971,"href":"https:\/\/nahuelproducciones.com.ar\/radioquijano\/wp-json\/wp\/v2\/posts\/6961\/revisions\/6971"}],"wp:featuredmedia":[{"embeddable":true,"href":"https:\/\/nahuelproducciones.com.ar\/radioquijano\/wp-json\/wp\/v2\/media\/6970"}],"wp:attachment":[{"href":"https:\/\/nahuelproducciones.com.ar\/radioquijano\/wp-json\/wp\/v2\/media?parent=6961"}],"wp:term":[{"taxonomy":"category","embeddable":true,"href":"https:\/\/nahuelproducciones.com.ar\/radioquijano\/wp-json\/wp\/v2\/categories?post=6961"},{"taxonomy":"post_tag","embeddable":true,"href":"https:\/\/nahuelproducciones.com.ar\/radioquijano\/wp-json\/wp\/v2\/tags?post=6961"}],"curies":[{"name":"wp","href":"https:\/\/api.w.org\/{rel}","templated":true}]}}