{"id":6965,"date":"2024-01-21T14:04:57","date_gmt":"2024-01-21T17:04:57","guid":{"rendered":"https:\/\/nahuelproducciones.com.ar\/radioquijano\/?p=6965"},"modified":"2024-01-21T14:04:58","modified_gmt":"2024-01-21T17:04:58","slug":"desde-manana-habra-un-incremento-en-el-precio-de-la-garrafa-social","status":"publish","type":"post","link":"https:\/\/nahuelproducciones.com.ar\/radioquijano\/desde-manana-habra-un-incremento-en-el-precio-de-la-garrafa-social\/","title":{"rendered":"Desde ma\u00f1ana habr\u00e1 un incremento en el precio de la garrafa social ."},"content":{"rendered":"\n<p>Las empresas distribuidoras informaron los nuevos montos, tras la disposici\u00f3n de la Secretar\u00eda de Energ\u00eda de la Naci\u00f3n. El Gobierno provincial gestiona la continuidad de la distribuci\u00f3n en los puntos barriales y los precios diferenciados. Desde esta semana hay un nuevo punto de distribuci\u00f3n. <\/p>\n\n\n\n<p>Las empresas distribuidoras del gas licuado informaron a la Secretar\u00eda de Participaci\u00f3n Ciudadana y Relaciones con la Comunidad que desde ma\u00f1ana, habr\u00e1 un nuevo incremento en el costo de las garrafas de 10 kilos, en el marco del Programa Nacional de la Garrafa Social.<\/p>\n\n\n\n<p>Seg\u00fan la disposici\u00f3n de la Secretar\u00eda de Energ\u00eda de la Naci\u00f3n respecto de la actualizaci\u00f3n de precios, en base al incremento en el costo de los combustibles, la garrafa pasar\u00e1 a costar $8.500 en las puertas de las distribuidoras, y $10.000 en los puntos de distribuci\u00f3n barriales.<\/p>\n\n\n\n<p>Cabe destacar que el Gobierno de la Provincia contin\u00faa dialogando con las empresas para garantizar la continuidad del servicio de distribuci\u00f3n en los diferentes puntos barriales y del interior, ya que facilita el acceso de la garrafa social a los vecinos que no cuentan con red de gas natural, a un costo menor que el de venta al p\u00fablico en los comercios.<\/p>\n\n\n\n<p>\u00abEs pol\u00edtica del gobierno provincial que se generen los mecanismos para que siga este beneficio, ya que hay una gran diferencia entre el precio de la garrafa social y el precio de venta al p\u00fablico en cualquier comercio\u00bb, precis\u00f3 el director General de Programas, C\u00e9sar Segura. Agreg\u00f3 que se contin\u00faa evaluando sumar puntos barriales para que sean cada vez m\u00e1s salte\u00f1os los que accedan a este servicio.&nbsp;<\/p>\n\n\n\n<p>Finalmente, se informa que desde esta semana hay un nuevo punto de distribuci\u00f3n los d\u00edas mi\u00e9rcoles, de 8.00 a 8.30 horas, en el CIC de Constituci\u00f3n.<\/p>\n\n\n\n<p><strong>Cronograma de distribuci\u00f3n vigente<\/strong>:<\/p>\n\n\n\n<p>Ma\u00f1ana, de 9.00 a 9.30 en el CIC del B\u00b0 Santa Cecilia (Martin Fierro esq. J. Darienzo); de 11.00 a 11.30 en el B\u00b0 El C\u00edrculo I (Mza. 1 lote 30); de 10.30 a 11.00 en el B\u00b0 Juan Manuel de Rosas (Mza. LL Av. 17 de junio y Av. Per\u00f3n) y de 11.15 a 11.45 en el B\u00b0 15 de Septiembre (Cafrune y Eva Per\u00f3n).<\/p>\n\n\n\n<p>Los d\u00edas martes de 9.00 a 9:30 en el centro vecinal del barrio Patricia Heitman (Mza. C lote 13); de 9.45 a 10.15 en el CIC Uni\u00f3n Armada Argentina (esq. J.M. Mirau); de 10.00 a 10.30 en la Bajada de Villa Lavalle (Av. J.M de Rosas); de 10.30 a 11.00 en La Casona del barrio Casta\u00f1ares; de 11.30 a 12.00 en el centro vecinal del B\u00b0 Mosconi (Elio Alderte 2950); de 12.15 a 12.45 en el Centro de Jubilados del B\u00b0 Lamadrid (Dean Funes esq. Carlos Forest) y de 13.00 a 13.30 en el centro vecinal de Villa Luj\u00e1n (12 de Octubre 2211).<\/p>\n\n\n\n<p>El operativo contin\u00faa el d\u00eda mi\u00e9rcoles de 8.00 a 8.30 en el CIC de barrio Constituci\u00f3n; 9.00 a 9.30 en el B\u00b0 Santa Rita (garita de la Virgen); de 9.45 a 10.15 en el Play\u00f3n Deportivo del B\u00b0 Santa Lucia; de 10.30 a 11.00 en el CIC del B\u00b0 La Lonja; de 11.15 a 11.30 en la Iglesia del B\u00b0 San Rafael y de 12.00 a 12.30 en el centro vecinal de Asunci\u00f3n (Mza. 238 \u2013 lote 1).<\/p>\n\n\n\n<p>El jueves, las garrafas se distribuyen a partir de las 8.30 hasta las 9.00 en barrio 20 de Junio (Fernando Mart\u00edn Miranda 2.300); de 9.00 a 9.30 en la Plaza del B\u00b0 La Colina; de 9.15 a 9.45 en Villa Angelita (Vicario Zambrano 84); de 10.00 a 10.30 en el B\u00b0 Ampliaci\u00f3n Juanita (calle Costa Rica, manzana 9 &#8211; &nbsp;lote 11); de 9.45 a 10.15 en el B\u00b0 6 de Setiembre (Juana Fowlis 2.040); de 15.00 a 15.30 en la Plaza El Tri\u00e1ngulo B\u00b0 Floresta (Hermenegildo Diez esq. A. Fabregas); de 15.45 a 16.15 en el centro de salud del B\u00b0 Floresta; de 16.00 a 16.30 en el centro vecinal del B\u00b0 Scalabrini Ortiz (Arturo Jauretche esquina Mar de Bering) y de 16.00 a 16.30 en el B\u00b0 Aut\u00f3dromo (avenida Aut\u00f3dromo esquina Menditegui).<\/p>\n\n\n\n<p>El viernes los vecinos pueden comprar las garrafas de 8.30 a 9.00 en la plaza Outes de Villa Lavalle (Outes y San Miguel); de 8.30 a 9.00 en el centro vecinal de V\u00b0 Asunci\u00f3n (Mza. 293 \u2013 lote 1); de 9.15 a 9.45 en la Plaza del B\u00b0 Palermo (frente a la Pquia. San Ezequiel Moreno); de 10.00 a 10.30 en el centro de salud de San Luis; de 10.00 a 10.30 en el SUM del B\u00b0 Gustavo Leguizam\u00f3n (Mza. 424 E Lote 1); de 10.45 a 11.15 en la Plaza de Villa Esmeralda de San Luis; de 10.45 a 11.15 en el B\u00b0 Bicentenario (Mza. C \u2013 transformador); de 11.30 a 11.45 en V\u00b0 Solis Pizarro (calle los Papagayos) y de 12.00 a 12.30 en el centro vecinal de V\u00b0 Costanera.<\/p>\n\n\n\n<hr class=\"wp-block-separator has-alpha-channel-opacity\"\/>\n\n\n\n<h2 class=\"wp-block-heading\">Video Relacionado<\/h2>\n\n\n\n<hr class=\"wp-block-separator has-alpha-channel-opacity\"\/>\n\n\n\n<figure class=\"wp-block-embed is-type-rich is-provider-gestor-del-servicio wp-block-embed-gestor-del-servicio wp-embed-aspect-16-9 wp-has-aspect-ratio\"><div class=\"wp-block-embed__wrapper\">\n<iframe loading=\"lazy\" title=\"Desde el lunes habr\u00e1 un incremento en el precio de la garrafa social\" width=\"640\" height=\"360\" src=\"https:\/\/www.youtube.com\/embed\/VAHFR--PJnY?feature=oembed\" frameborder=\"0\" allow=\"accelerometer; autoplay; clipboard-write; encrypted-media; gyroscope; picture-in-picture; web-share\" referrerpolicy=\"strict-origin-when-cross-origin\" allowfullscreen><\/iframe>\n<\/div><\/figure>\n\n\n\n<hr class=\"wp-block-separator has-alpha-channel-opacity\"\/>\n\n\n\n<p>Fuente:&nbsp;<strong>Secretaria de Prensa y Comunicaci\u00f3n<\/strong><\/p>\n\n\n\n<h2 class=\"wp-block-heading\">Avisos de Inter\u00e9s<\/h2>\n","protected":false},"excerpt":{"rendered":"<p>Las empresas distribuidoras informaron los nuevos montos, tras la disposici\u00f3n de la Secretar\u00eda de Energ\u00eda de la Naci\u00f3n. El Gobierno provincial gestiona la continuidad de la distribuci\u00f3n en los puntos barriales y los precios diferenciados. Desde esta semana hay un nuevo punto de distribuci\u00f3n. Las empresas distribuidoras del gas licuado informaron a la Secretar\u00eda de [&hellip;]<\/p>\n","protected":false},"author":8,"featured_media":6967,"comment_status":"open","ping_status":"open","sticky":false,"template":"","format":"standard","meta":{"_monsterinsights_skip_tracking":false,"_monsterinsights_sitenote_active":false,"_monsterinsights_sitenote_note":"","_monsterinsights_sitenote_category":0,"footnotes":""},"categories":[16],"tags":[916,100],"class_list":["post-6965","post","type-post","status-publish","format-standard","has-post-thumbnail","hentry","category-noticias","tag-aumenta-la-garrafa-social","tag-municipio-de-campo-quijano"],"yoast_head":"<!-- This site is optimized with the Yoast SEO plugin v20.8 - https:\/\/yoast.com\/wordpress\/plugins\/seo\/ -->\n<title>Desde ma\u00f1ana habr\u00e1 un incremento en el precio de la garrafa social . - RQ 99.9<\/title>\n<meta name=\"description\" content=\"Desde el lunes 22 de enero el costo de las garrafas de 10 kilos ser\u00e1 de $10.000 en los puntos de distribuci\u00f3n .\" \/>\n<meta name=\"robots\" content=\"index, follow, max-snippet:-1, max-image-preview:large, max-video-preview:-1\" \/>\n<link rel=\"canonical\" href=\"https:\/\/nahuelproducciones.com.ar\/radioquijano\/desde-manana-habra-un-incremento-en-el-precio-de-la-garrafa-social\/\" \/>\n<meta property=\"og:locale\" content=\"es_ES\" \/>\n<meta property=\"og:type\" content=\"article\" \/>\n<meta property=\"og:title\" content=\"Desde ma\u00f1ana habr\u00e1 un incremento en el precio de la garrafa social . - RQ 99.9\" \/>\n<meta property=\"og:description\" content=\"Desde el lunes 22 de enero el costo de las garrafas de 10 kilos ser\u00e1 de $10.000 en los puntos de distribuci\u00f3n .\" \/>\n<meta property=\"og:url\" content=\"https:\/\/nahuelproducciones.com.ar\/radioquijano\/desde-manana-habra-un-incremento-en-el-precio-de-la-garrafa-social\/\" \/>\n<meta property=\"og:site_name\" content=\"RQ 99.9\" \/>\n<meta property=\"article:publisher\" content=\"https:\/\/www.facebook.com\/nahuelproducciones999\/\" \/>\n<meta property=\"article:published_time\" content=\"2024-01-21T17:04:57+00:00\" \/>\n<meta property=\"article:modified_time\" content=\"2024-01-21T17:04:58+00:00\" \/>\n<meta property=\"og:image\" content=\"https:\/\/nahuelproducciones.com.ar\/radioquijano\/wp-content\/uploads\/2024\/01\/93869-desde-el-lunes-habra-un-incremento-en-el-precio-de-la-garrafa-social-e1705856643396.jpg\" \/>\n\t<meta property=\"og:image:width\" content=\"700\" \/>\n\t<meta property=\"og:image:height\" content=\"394\" \/>\n\t<meta property=\"og:image:type\" content=\"image\/jpeg\" \/>\n<meta name=\"author\" content=\"Cecilia Pastrana\" \/>\n<meta name=\"twitter:card\" content=\"summary_large_image\" \/>\n<meta name=\"twitter:creator\" content=\"@nahuproduciones\" \/>\n<meta name=\"twitter:site\" content=\"@nahuproduciones\" \/>\n<meta name=\"twitter:label1\" content=\"Escrito por\" \/>\n\t<meta name=\"twitter:data1\" content=\"Cecilia Pastrana\" \/>\n\t<meta name=\"twitter:label2\" content=\"Tiempo de lectura\" \/>\n\t<meta name=\"twitter:data2\" content=\"4 minutos\" \/>\n<script type=\"application\/ld+json\" class=\"yoast-schema-graph\">{\"@context\":\"https:\/\/schema.org\",\"@graph\":[{\"@type\":\"WebPage\",\"@id\":\"https:\/\/nahuelproducciones.com.ar\/radioquijano\/desde-manana-habra-un-incremento-en-el-precio-de-la-garrafa-social\/\",\"url\":\"https:\/\/nahuelproducciones.com.ar\/radioquijano\/desde-manana-habra-un-incremento-en-el-precio-de-la-garrafa-social\/\",\"name\":\"Desde ma\u00f1ana habr\u00e1 un incremento en el precio de la garrafa social . - RQ 99.9\",\"isPartOf\":{\"@id\":\"https:\/\/nahuelproducciones.com.ar\/radioquijano\/#website\"},\"datePublished\":\"2024-01-21T17:04:57+00:00\",\"dateModified\":\"2024-01-21T17:04:58+00:00\",\"author\":{\"@id\":\"https:\/\/nahuelproducciones.com.ar\/radioquijano\/#\/schema\/person\/e8a4f939e2cb487fe6d0c54042c9d32c\"},\"description\":\"Desde el lunes 22 de enero el costo de las garrafas de 10 kilos ser\u00e1 de $10.000 en los puntos de distribuci\u00f3n .\",\"breadcrumb\":{\"@id\":\"https:\/\/nahuelproducciones.com.ar\/radioquijano\/desde-manana-habra-un-incremento-en-el-precio-de-la-garrafa-social\/#breadcrumb\"},\"inLanguage\":\"es\",\"potentialAction\":[{\"@type\":\"ReadAction\",\"target\":[\"https:\/\/nahuelproducciones.com.ar\/radioquijano\/desde-manana-habra-un-incremento-en-el-precio-de-la-garrafa-social\/\"]}]},{\"@type\":\"BreadcrumbList\",\"@id\":\"https:\/\/nahuelproducciones.com.ar\/radioquijano\/desde-manana-habra-un-incremento-en-el-precio-de-la-garrafa-social\/#breadcrumb\",\"itemListElement\":[{\"@type\":\"ListItem\",\"position\":1,\"name\":\"Portada\",\"item\":\"https:\/\/nahuelproducciones.com.ar\/radioquijano\/\"},{\"@type\":\"ListItem\",\"position\":2,\"name\":\"Desde ma\u00f1ana habr\u00e1 un incremento en el precio de la garrafa social .\"}]},{\"@type\":\"WebSite\",\"@id\":\"https:\/\/nahuelproducciones.com.ar\/radioquijano\/#website\",\"url\":\"https:\/\/nahuelproducciones.com.ar\/radioquijano\/\",\"name\":\"RQ 99.9\",\"description\":\"Radio Quijano 99.9 MHz\",\"potentialAction\":[{\"@type\":\"SearchAction\",\"target\":{\"@type\":\"EntryPoint\",\"urlTemplate\":\"https:\/\/nahuelproducciones.com.ar\/radioquijano\/?s={search_term_string}\"},\"query-input\":\"required name=search_term_string\"}],\"inLanguage\":\"es\"},{\"@type\":\"Person\",\"@id\":\"https:\/\/nahuelproducciones.com.ar\/radioquijano\/#\/schema\/person\/e8a4f939e2cb487fe6d0c54042c9d32c\",\"name\":\"Cecilia Pastrana\",\"image\":{\"@type\":\"ImageObject\",\"inLanguage\":\"es\",\"@id\":\"https:\/\/nahuelproducciones.com.ar\/radioquijano\/#\/schema\/person\/image\/\",\"url\":\"https:\/\/secure.gravatar.com\/avatar\/661a3ef63a8488d4f2794ed44af8cf71420f7e106f3072c40125114df5157749?s=96&d=mm&r=g\",\"contentUrl\":\"https:\/\/secure.gravatar.com\/avatar\/661a3ef63a8488d4f2794ed44af8cf71420f7e106f3072c40125114df5157749?s=96&d=mm&r=g\",\"caption\":\"Cecilia Pastrana\"},\"sameAs\":[\"cecy\"],\"url\":\"https:\/\/nahuelproducciones.com.ar\/radioquijano\/author\/cecy\/\"}]}<\/script>\n<!-- \/ Yoast SEO plugin. -->","yoast_head_json":{"title":"Desde ma\u00f1ana habr\u00e1 un incremento en el precio de la garrafa social . - RQ 99.9","description":"Desde el lunes 22 de enero el costo de las garrafas de 10 kilos ser\u00e1 de $10.000 en los puntos de distribuci\u00f3n .","robots":{"index":"index","follow":"follow","max-snippet":"max-snippet:-1","max-image-preview":"max-image-preview:large","max-video-preview":"max-video-preview:-1"},"canonical":"https:\/\/nahuelproducciones.com.ar\/radioquijano\/desde-manana-habra-un-incremento-en-el-precio-de-la-garrafa-social\/","og_locale":"es_ES","og_type":"article","og_title":"Desde ma\u00f1ana habr\u00e1 un incremento en el precio de la garrafa social . - RQ 99.9","og_description":"Desde el lunes 22 de enero el costo de las garrafas de 10 kilos ser\u00e1 de $10.000 en los puntos de distribuci\u00f3n .","og_url":"https:\/\/nahuelproducciones.com.ar\/radioquijano\/desde-manana-habra-un-incremento-en-el-precio-de-la-garrafa-social\/","og_site_name":"RQ 99.9","article_publisher":"https:\/\/www.facebook.com\/nahuelproducciones999\/","article_published_time":"2024-01-21T17:04:57+00:00","article_modified_time":"2024-01-21T17:04:58+00:00","og_image":[{"width":700,"height":394,"url":"https:\/\/nahuelproducciones.com.ar\/radioquijano\/wp-content\/uploads\/2024\/01\/93869-desde-el-lunes-habra-un-incremento-en-el-precio-de-la-garrafa-social-e1705856643396.jpg","type":"image\/jpeg"}],"author":"Cecilia Pastrana","twitter_card":"summary_large_image","twitter_creator":"@nahuproduciones","twitter_site":"@nahuproduciones","twitter_misc":{"Escrito por":"Cecilia Pastrana","Tiempo de lectura":"4 minutos"},"schema":{"@context":"https:\/\/schema.org","@graph":[{"@type":"WebPage","@id":"https:\/\/nahuelproducciones.com.ar\/radioquijano\/desde-manana-habra-un-incremento-en-el-precio-de-la-garrafa-social\/","url":"https:\/\/nahuelproducciones.com.ar\/radioquijano\/desde-manana-habra-un-incremento-en-el-precio-de-la-garrafa-social\/","name":"Desde ma\u00f1ana habr\u00e1 un incremento en el precio de la garrafa social . - RQ 99.9","isPartOf":{"@id":"https:\/\/nahuelproducciones.com.ar\/radioquijano\/#website"},"datePublished":"2024-01-21T17:04:57+00:00","dateModified":"2024-01-21T17:04:58+00:00","author":{"@id":"https:\/\/nahuelproducciones.com.ar\/radioquijano\/#\/schema\/person\/e8a4f939e2cb487fe6d0c54042c9d32c"},"description":"Desde el lunes 22 de enero el costo de las garrafas de 10 kilos ser\u00e1 de $10.000 en los puntos de distribuci\u00f3n .","breadcrumb":{"@id":"https:\/\/nahuelproducciones.com.ar\/radioquijano\/desde-manana-habra-un-incremento-en-el-precio-de-la-garrafa-social\/#breadcrumb"},"inLanguage":"es","potentialAction":[{"@type":"ReadAction","target":["https:\/\/nahuelproducciones.com.ar\/radioquijano\/desde-manana-habra-un-incremento-en-el-precio-de-la-garrafa-social\/"]}]},{"@type":"BreadcrumbList","@id":"https:\/\/nahuelproducciones.com.ar\/radioquijano\/desde-manana-habra-un-incremento-en-el-precio-de-la-garrafa-social\/#breadcrumb","itemListElement":[{"@type":"ListItem","position":1,"name":"Portada","item":"https:\/\/nahuelproducciones.com.ar\/radioquijano\/"},{"@type":"ListItem","position":2,"name":"Desde ma\u00f1ana habr\u00e1 un incremento en el precio de la garrafa social ."}]},{"@type":"WebSite","@id":"https:\/\/nahuelproducciones.com.ar\/radioquijano\/#website","url":"https:\/\/nahuelproducciones.com.ar\/radioquijano\/","name":"RQ 99.9","description":"Radio Quijano 99.9 MHz","potentialAction":[{"@type":"SearchAction","target":{"@type":"EntryPoint","urlTemplate":"https:\/\/nahuelproducciones.com.ar\/radioquijano\/?s={search_term_string}"},"query-input":"required name=search_term_string"}],"inLanguage":"es"},{"@type":"Person","@id":"https:\/\/nahuelproducciones.com.ar\/radioquijano\/#\/schema\/person\/e8a4f939e2cb487fe6d0c54042c9d32c","name":"Cecilia Pastrana","image":{"@type":"ImageObject","inLanguage":"es","@id":"https:\/\/nahuelproducciones.com.ar\/radioquijano\/#\/schema\/person\/image\/","url":"https:\/\/secure.gravatar.com\/avatar\/661a3ef63a8488d4f2794ed44af8cf71420f7e106f3072c40125114df5157749?s=96&d=mm&r=g","contentUrl":"https:\/\/secure.gravatar.com\/avatar\/661a3ef63a8488d4f2794ed44af8cf71420f7e106f3072c40125114df5157749?s=96&d=mm&r=g","caption":"Cecilia Pastrana"},"sameAs":["cecy"],"url":"https:\/\/nahuelproducciones.com.ar\/radioquijano\/author\/cecy\/"}]}},"_links":{"self":[{"href":"https:\/\/nahuelproducciones.com.ar\/radioquijano\/wp-json\/wp\/v2\/posts\/6965","targetHints":{"allow":["GET"]}}],"collection":[{"href":"https:\/\/nahuelproducciones.com.ar\/radioquijano\/wp-json\/wp\/v2\/posts"}],"about":[{"href":"https:\/\/nahuelproducciones.com.ar\/radioquijano\/wp-json\/wp\/v2\/types\/post"}],"author":[{"embeddable":true,"href":"https:\/\/nahuelproducciones.com.ar\/radioquijano\/wp-json\/wp\/v2\/users\/8"}],"replies":[{"embeddable":true,"href":"https:\/\/nahuelproducciones.com.ar\/radioquijano\/wp-json\/wp\/v2\/comments?post=6965"}],"version-history":[{"count":1,"href":"https:\/\/nahuelproducciones.com.ar\/radioquijano\/wp-json\/wp\/v2\/posts\/6965\/revisions"}],"predecessor-version":[{"id":6968,"href":"https:\/\/nahuelproducciones.com.ar\/radioquijano\/wp-json\/wp\/v2\/posts\/6965\/revisions\/6968"}],"wp:featuredmedia":[{"embeddable":true,"href":"https:\/\/nahuelproducciones.com.ar\/radioquijano\/wp-json\/wp\/v2\/media\/6967"}],"wp:attachment":[{"href":"https:\/\/nahuelproducciones.com.ar\/radioquijano\/wp-json\/wp\/v2\/media?parent=6965"}],"wp:term":[{"taxonomy":"category","embeddable":true,"href":"https:\/\/nahuelproducciones.com.ar\/radioquijano\/wp-json\/wp\/v2\/categories?post=6965"},{"taxonomy":"post_tag","embeddable":true,"href":"https:\/\/nahuelproducciones.com.ar\/radioquijano\/wp-json\/wp\/v2\/tags?post=6965"}],"curies":[{"name":"wp","href":"https:\/\/api.w.org\/{rel}","templated":true}]}}