{"id":6972,"date":"2024-01-23T01:47:33","date_gmt":"2024-01-23T04:47:33","guid":{"rendered":"https:\/\/nahuelproducciones.com.ar\/radioquijano\/?p=6972"},"modified":"2024-01-23T01:48:34","modified_gmt":"2024-01-23T04:48:34","slug":"abren-la-preinscripcion-para-el-cpi-rincon-de-suenos","status":"publish","type":"post","link":"https:\/\/nahuelproducciones.com.ar\/radioquijano\/abren-la-preinscripcion-para-el-cpi-rincon-de-suenos\/","title":{"rendered":"Abren la preinscripci\u00f3n para el CPI \u00abRINC\u00d3N DE SUE\u00d1OS\u00bb"},"content":{"rendered":"\n<p>La Directora de la Ni\u00f1ez, Sof\u00eda Petillo en di\u00e1logo con RQ99.9Mhz anuncio que el 23 de enero del 2024  de 9:00 hs a 12:00 hs, se llevar\u00e1n a cabo las preinscripciones para el ciclo lectivo 2024\u00a0.<\/p>\n\n\n\n<p>La convocatoria est\u00e1 destinada a ni\u00f1os y ni\u00f1as de seis meses a 4 a\u00f1os de edad.<\/p>\n\n\n\n<p>La preinscripci\u00f3n podr\u00e1 realizarse en  calle Huaytquina 421 en Barrio Municipal.<\/p>\n\n\n\n<p>La documentaci\u00f3n original y copia que deben presentar las familias interesadas, es la siguiente: DNI del ni\u00f1o y del grupo familiar conviviente; carnet de vacunas del ni\u00f1o al ingresar; carnet de peso y talla.<\/p>\n\n\n\n<p>El CPI es El Programa\u00a0<em>Centros de Primera Infancia<\/em>, un espacios que brinda contenci\u00f3n, educaci\u00f3n, tiene como misi\u00f3n principal garantizar el crecimiento y desarrollo saludable de los ni\u00f1os y ni\u00f1as que concurren a los Centros.<\/p>\n\n\n\n<p>Escucha la entrevista:<\/p>\n\n\n\n<figure class=\"wp-block-audio\"><audio controls src=\"https:\/\/nahuelproducciones.com.ar\/radioquijano\/wp-content\/uploads\/2024\/01\/22-01-2024-SOFIA-POTILLO-DIRECION-DE-LA-NINEZ-CPI-INSCRIPCION.mp3\"><\/audio><\/figure>\n","protected":false},"excerpt":{"rendered":"<p>La Directora de la Ni\u00f1ez, Sof\u00eda Petillo en di\u00e1logo con RQ99.9Mhz anuncio que el 23 de enero del 2024 de 9:00 hs a 12:00 hs, se llevar\u00e1n a cabo las preinscripciones para el ciclo lectivo 2024\u00a0. La convocatoria est\u00e1 destinada a ni\u00f1os y ni\u00f1as de seis meses a 4 a\u00f1os de edad. La preinscripci\u00f3n podr\u00e1 [&hellip;]<\/p>\n","protected":false},"author":8,"featured_media":6974,"comment_status":"open","ping_status":"open","sticky":false,"template":"","format":"standard","meta":{"_monsterinsights_skip_tracking":false,"_monsterinsights_sitenote_active":false,"_monsterinsights_sitenote_note":"","_monsterinsights_sitenote_category":0,"footnotes":""},"categories":[16],"tags":[1424,100],"class_list":["post-6972","post","type-post","status-publish","format-standard","has-post-thumbnail","hentry","category-noticias","tag-cpi","tag-municipio-de-campo-quijano"],"yoast_head":"<!-- This site is optimized with the Yoast SEO plugin v20.8 - https:\/\/yoast.com\/wordpress\/plugins\/seo\/ -->\n<title>Abren la preinscripci\u00f3n para el CPI &quot;RINC\u00d3N DE SUE\u00d1OS&quot; - RQ 99.9<\/title>\n<meta name=\"description\" content=\"El 23 de enero del 2024 de 9:00hs a 12:00 hs, se llevar\u00e1n a cabo las preinscripciones para el ciclo lectivo 2024\u00a0.\" \/>\n<meta name=\"robots\" content=\"index, follow, max-snippet:-1, max-image-preview:large, max-video-preview:-1\" \/>\n<link rel=\"canonical\" href=\"https:\/\/nahuelproducciones.com.ar\/radioquijano\/abren-la-preinscripcion-para-el-cpi-rincon-de-suenos\/\" \/>\n<meta property=\"og:locale\" content=\"es_ES\" \/>\n<meta property=\"og:type\" content=\"article\" \/>\n<meta property=\"og:title\" content=\"Abren la preinscripci\u00f3n para el CPI &quot;RINC\u00d3N DE SUE\u00d1OS&quot; - RQ 99.9\" \/>\n<meta property=\"og:description\" content=\"El 23 de enero del 2024 de 9:00hs a 12:00 hs, se llevar\u00e1n a cabo las preinscripciones para el ciclo lectivo 2024\u00a0.\" \/>\n<meta property=\"og:url\" content=\"https:\/\/nahuelproducciones.com.ar\/radioquijano\/abren-la-preinscripcion-para-el-cpi-rincon-de-suenos\/\" \/>\n<meta property=\"og:site_name\" content=\"RQ 99.9\" \/>\n<meta property=\"article:publisher\" content=\"https:\/\/www.facebook.com\/nahuelproducciones999\/\" \/>\n<meta property=\"article:published_time\" content=\"2024-01-23T04:47:33+00:00\" \/>\n<meta property=\"article:modified_time\" content=\"2024-01-23T04:48:34+00:00\" \/>\n<meta property=\"og:image\" content=\"https:\/\/nahuelproducciones.com.ar\/radioquijano\/wp-content\/uploads\/2024\/01\/420813789_778856517604094_241352902014462131_n-e1705985191105.jpg\" \/>\n\t<meta property=\"og:image:width\" content=\"700\" \/>\n\t<meta property=\"og:image:height\" content=\"875\" \/>\n\t<meta property=\"og:image:type\" content=\"image\/jpeg\" \/>\n<meta name=\"author\" content=\"Cecilia Pastrana\" \/>\n<meta name=\"twitter:card\" content=\"summary_large_image\" \/>\n<meta name=\"twitter:creator\" content=\"@nahuproduciones\" \/>\n<meta name=\"twitter:site\" content=\"@nahuproduciones\" \/>\n<meta name=\"twitter:label1\" content=\"Escrito por\" \/>\n\t<meta name=\"twitter:data1\" content=\"Cecilia Pastrana\" \/>\n\t<meta name=\"twitter:label2\" content=\"Tiempo de lectura\" \/>\n\t<meta name=\"twitter:data2\" content=\"1 minuto\" \/>\n<script type=\"application\/ld+json\" class=\"yoast-schema-graph\">{\"@context\":\"https:\/\/schema.org\",\"@graph\":[{\"@type\":\"WebPage\",\"@id\":\"https:\/\/nahuelproducciones.com.ar\/radioquijano\/abren-la-preinscripcion-para-el-cpi-rincon-de-suenos\/\",\"url\":\"https:\/\/nahuelproducciones.com.ar\/radioquijano\/abren-la-preinscripcion-para-el-cpi-rincon-de-suenos\/\",\"name\":\"Abren la preinscripci\u00f3n para el CPI \\\"RINC\u00d3N DE SUE\u00d1OS\\\" - RQ 99.9\",\"isPartOf\":{\"@id\":\"https:\/\/nahuelproducciones.com.ar\/radioquijano\/#website\"},\"datePublished\":\"2024-01-23T04:47:33+00:00\",\"dateModified\":\"2024-01-23T04:48:34+00:00\",\"author\":{\"@id\":\"https:\/\/nahuelproducciones.com.ar\/radioquijano\/#\/schema\/person\/e8a4f939e2cb487fe6d0c54042c9d32c\"},\"description\":\"El 23 de enero del 2024 de 9:00hs a 12:00 hs, se llevar\u00e1n a cabo las preinscripciones para el ciclo lectivo 2024\u00a0.\",\"breadcrumb\":{\"@id\":\"https:\/\/nahuelproducciones.com.ar\/radioquijano\/abren-la-preinscripcion-para-el-cpi-rincon-de-suenos\/#breadcrumb\"},\"inLanguage\":\"es\",\"potentialAction\":[{\"@type\":\"ReadAction\",\"target\":[\"https:\/\/nahuelproducciones.com.ar\/radioquijano\/abren-la-preinscripcion-para-el-cpi-rincon-de-suenos\/\"]}]},{\"@type\":\"BreadcrumbList\",\"@id\":\"https:\/\/nahuelproducciones.com.ar\/radioquijano\/abren-la-preinscripcion-para-el-cpi-rincon-de-suenos\/#breadcrumb\",\"itemListElement\":[{\"@type\":\"ListItem\",\"position\":1,\"name\":\"Portada\",\"item\":\"https:\/\/nahuelproducciones.com.ar\/radioquijano\/\"},{\"@type\":\"ListItem\",\"position\":2,\"name\":\"Abren la preinscripci\u00f3n para el CPI &#8220;RINC\u00d3N DE SUE\u00d1OS&#8221;\"}]},{\"@type\":\"WebSite\",\"@id\":\"https:\/\/nahuelproducciones.com.ar\/radioquijano\/#website\",\"url\":\"https:\/\/nahuelproducciones.com.ar\/radioquijano\/\",\"name\":\"RQ 99.9\",\"description\":\"Radio Quijano 99.9 MHz\",\"potentialAction\":[{\"@type\":\"SearchAction\",\"target\":{\"@type\":\"EntryPoint\",\"urlTemplate\":\"https:\/\/nahuelproducciones.com.ar\/radioquijano\/?s={search_term_string}\"},\"query-input\":\"required name=search_term_string\"}],\"inLanguage\":\"es\"},{\"@type\":\"Person\",\"@id\":\"https:\/\/nahuelproducciones.com.ar\/radioquijano\/#\/schema\/person\/e8a4f939e2cb487fe6d0c54042c9d32c\",\"name\":\"Cecilia Pastrana\",\"image\":{\"@type\":\"ImageObject\",\"inLanguage\":\"es\",\"@id\":\"https:\/\/nahuelproducciones.com.ar\/radioquijano\/#\/schema\/person\/image\/\",\"url\":\"https:\/\/secure.gravatar.com\/avatar\/661a3ef63a8488d4f2794ed44af8cf71420f7e106f3072c40125114df5157749?s=96&d=mm&r=g\",\"contentUrl\":\"https:\/\/secure.gravatar.com\/avatar\/661a3ef63a8488d4f2794ed44af8cf71420f7e106f3072c40125114df5157749?s=96&d=mm&r=g\",\"caption\":\"Cecilia Pastrana\"},\"sameAs\":[\"cecy\"],\"url\":\"https:\/\/nahuelproducciones.com.ar\/radioquijano\/author\/cecy\/\"}]}<\/script>\n<!-- \/ Yoast SEO plugin. -->","yoast_head_json":{"title":"Abren la preinscripci\u00f3n para el CPI \"RINC\u00d3N DE SUE\u00d1OS\" - RQ 99.9","description":"El 23 de enero del 2024 de 9:00hs a 12:00 hs, se llevar\u00e1n a cabo las preinscripciones para el ciclo lectivo 2024\u00a0.","robots":{"index":"index","follow":"follow","max-snippet":"max-snippet:-1","max-image-preview":"max-image-preview:large","max-video-preview":"max-video-preview:-1"},"canonical":"https:\/\/nahuelproducciones.com.ar\/radioquijano\/abren-la-preinscripcion-para-el-cpi-rincon-de-suenos\/","og_locale":"es_ES","og_type":"article","og_title":"Abren la preinscripci\u00f3n para el CPI \"RINC\u00d3N DE SUE\u00d1OS\" - RQ 99.9","og_description":"El 23 de enero del 2024 de 9:00hs a 12:00 hs, se llevar\u00e1n a cabo las preinscripciones para el ciclo lectivo 2024\u00a0.","og_url":"https:\/\/nahuelproducciones.com.ar\/radioquijano\/abren-la-preinscripcion-para-el-cpi-rincon-de-suenos\/","og_site_name":"RQ 99.9","article_publisher":"https:\/\/www.facebook.com\/nahuelproducciones999\/","article_published_time":"2024-01-23T04:47:33+00:00","article_modified_time":"2024-01-23T04:48:34+00:00","og_image":[{"width":700,"height":875,"url":"https:\/\/nahuelproducciones.com.ar\/radioquijano\/wp-content\/uploads\/2024\/01\/420813789_778856517604094_241352902014462131_n-e1705985191105.jpg","type":"image\/jpeg"}],"author":"Cecilia Pastrana","twitter_card":"summary_large_image","twitter_creator":"@nahuproduciones","twitter_site":"@nahuproduciones","twitter_misc":{"Escrito por":"Cecilia Pastrana","Tiempo de lectura":"1 minuto"},"schema":{"@context":"https:\/\/schema.org","@graph":[{"@type":"WebPage","@id":"https:\/\/nahuelproducciones.com.ar\/radioquijano\/abren-la-preinscripcion-para-el-cpi-rincon-de-suenos\/","url":"https:\/\/nahuelproducciones.com.ar\/radioquijano\/abren-la-preinscripcion-para-el-cpi-rincon-de-suenos\/","name":"Abren la preinscripci\u00f3n para el CPI \"RINC\u00d3N DE SUE\u00d1OS\" - RQ 99.9","isPartOf":{"@id":"https:\/\/nahuelproducciones.com.ar\/radioquijano\/#website"},"datePublished":"2024-01-23T04:47:33+00:00","dateModified":"2024-01-23T04:48:34+00:00","author":{"@id":"https:\/\/nahuelproducciones.com.ar\/radioquijano\/#\/schema\/person\/e8a4f939e2cb487fe6d0c54042c9d32c"},"description":"El 23 de enero del 2024 de 9:00hs a 12:00 hs, se llevar\u00e1n a cabo las preinscripciones para el ciclo lectivo 2024\u00a0.","breadcrumb":{"@id":"https:\/\/nahuelproducciones.com.ar\/radioquijano\/abren-la-preinscripcion-para-el-cpi-rincon-de-suenos\/#breadcrumb"},"inLanguage":"es","potentialAction":[{"@type":"ReadAction","target":["https:\/\/nahuelproducciones.com.ar\/radioquijano\/abren-la-preinscripcion-para-el-cpi-rincon-de-suenos\/"]}]},{"@type":"BreadcrumbList","@id":"https:\/\/nahuelproducciones.com.ar\/radioquijano\/abren-la-preinscripcion-para-el-cpi-rincon-de-suenos\/#breadcrumb","itemListElement":[{"@type":"ListItem","position":1,"name":"Portada","item":"https:\/\/nahuelproducciones.com.ar\/radioquijano\/"},{"@type":"ListItem","position":2,"name":"Abren la preinscripci\u00f3n para el CPI &#8220;RINC\u00d3N DE SUE\u00d1OS&#8221;"}]},{"@type":"WebSite","@id":"https:\/\/nahuelproducciones.com.ar\/radioquijano\/#website","url":"https:\/\/nahuelproducciones.com.ar\/radioquijano\/","name":"RQ 99.9","description":"Radio Quijano 99.9 MHz","potentialAction":[{"@type":"SearchAction","target":{"@type":"EntryPoint","urlTemplate":"https:\/\/nahuelproducciones.com.ar\/radioquijano\/?s={search_term_string}"},"query-input":"required name=search_term_string"}],"inLanguage":"es"},{"@type":"Person","@id":"https:\/\/nahuelproducciones.com.ar\/radioquijano\/#\/schema\/person\/e8a4f939e2cb487fe6d0c54042c9d32c","name":"Cecilia Pastrana","image":{"@type":"ImageObject","inLanguage":"es","@id":"https:\/\/nahuelproducciones.com.ar\/radioquijano\/#\/schema\/person\/image\/","url":"https:\/\/secure.gravatar.com\/avatar\/661a3ef63a8488d4f2794ed44af8cf71420f7e106f3072c40125114df5157749?s=96&d=mm&r=g","contentUrl":"https:\/\/secure.gravatar.com\/avatar\/661a3ef63a8488d4f2794ed44af8cf71420f7e106f3072c40125114df5157749?s=96&d=mm&r=g","caption":"Cecilia Pastrana"},"sameAs":["cecy"],"url":"https:\/\/nahuelproducciones.com.ar\/radioquijano\/author\/cecy\/"}]}},"_links":{"self":[{"href":"https:\/\/nahuelproducciones.com.ar\/radioquijano\/wp-json\/wp\/v2\/posts\/6972","targetHints":{"allow":["GET"]}}],"collection":[{"href":"https:\/\/nahuelproducciones.com.ar\/radioquijano\/wp-json\/wp\/v2\/posts"}],"about":[{"href":"https:\/\/nahuelproducciones.com.ar\/radioquijano\/wp-json\/wp\/v2\/types\/post"}],"author":[{"embeddable":true,"href":"https:\/\/nahuelproducciones.com.ar\/radioquijano\/wp-json\/wp\/v2\/users\/8"}],"replies":[{"embeddable":true,"href":"https:\/\/nahuelproducciones.com.ar\/radioquijano\/wp-json\/wp\/v2\/comments?post=6972"}],"version-history":[{"count":2,"href":"https:\/\/nahuelproducciones.com.ar\/radioquijano\/wp-json\/wp\/v2\/posts\/6972\/revisions"}],"predecessor-version":[{"id":6977,"href":"https:\/\/nahuelproducciones.com.ar\/radioquijano\/wp-json\/wp\/v2\/posts\/6972\/revisions\/6977"}],"wp:featuredmedia":[{"embeddable":true,"href":"https:\/\/nahuelproducciones.com.ar\/radioquijano\/wp-json\/wp\/v2\/media\/6974"}],"wp:attachment":[{"href":"https:\/\/nahuelproducciones.com.ar\/radioquijano\/wp-json\/wp\/v2\/media?parent=6972"}],"wp:term":[{"taxonomy":"category","embeddable":true,"href":"https:\/\/nahuelproducciones.com.ar\/radioquijano\/wp-json\/wp\/v2\/categories?post=6972"},{"taxonomy":"post_tag","embeddable":true,"href":"https:\/\/nahuelproducciones.com.ar\/radioquijano\/wp-json\/wp\/v2\/tags?post=6972"}],"curies":[{"name":"wp","href":"https:\/\/api.w.org\/{rel}","templated":true}]}}