{"id":6978,"date":"2024-01-23T02:08:58","date_gmt":"2024-01-23T05:08:58","guid":{"rendered":"https:\/\/nahuelproducciones.com.ar\/radioquijano\/?p=6978"},"modified":"2024-01-23T02:08:59","modified_gmt":"2024-01-23T05:08:59","slug":"campo-quijano-estuvo-presente-en-el-primer-encuentro-provincial-de-referentes-de-la-juventud","status":"publish","type":"post","link":"https:\/\/nahuelproducciones.com.ar\/radioquijano\/campo-quijano-estuvo-presente-en-el-primer-encuentro-provincial-de-referentes-de-la-juventud\/","title":{"rendered":"Campo Quijano estuvo presente en el \u00bb Primer Encuentro Provincial de Referentes de la Juventud \u00ab."},"content":{"rendered":"\n<p>Natalia Aramayo Directora Del \u00c1rea Juventud en conversaci\u00f3n telef\u00f3nica con RQ99.9Mhz cont\u00f3 que el viernes 20 de enero, fue al primer encuentro y\u00a0pudo vincularse con 45 titulares de las \u00e1reas de diferentes localidades.<\/p>\n\n\n\n<p>Aramayo explic\u00f3 que el encuentro se bas\u00f3 en la b\u00fasqueda  de pol\u00edticas p\u00fablicas en el fortalecimiento institucional, la participaci\u00f3n ciudadana activa,  bienestar juvenil y represent\u00f3 un espacio de intercambio en donde  los participantes de las diferentes localidades coincidieron en la importancia de compartir experiencias y planificar el trabajo en conjunto para el 2024.<\/p>\n\n\n\n<p>La Directora de la Juventud, Natalia Aramayo resalt\u00f3 la importancia de conocer a los referentes de la Provincia, y poder trabajar con una agenda com\u00fan que beneficie a toda la comunidad.<\/p>\n\n\n\n<p>Escucha la entrevista:<\/p>\n\n\n\n<figure class=\"wp-block-audio\"><audio controls src=\"https:\/\/nahuelproducciones.com.ar\/radioquijano\/wp-content\/uploads\/2024\/01\/23-01-2024-Natalia-Aramayo-Campo-Quijano-estuvo-presente-en-el-Primer-Encuentro-Provincial-de-Referentes-de-la-Juventud.mp3\"><\/audio><\/figure>\n","protected":false},"excerpt":{"rendered":"<p>Natalia Aramayo Directora Del \u00c1rea Juventud en conversaci\u00f3n telef\u00f3nica con RQ99.9Mhz cont\u00f3 que el viernes 20 de enero, fue al primer encuentro y\u00a0pudo vincularse con 45 titulares de las \u00e1reas de diferentes localidades. Aramayo explic\u00f3 que el encuentro se bas\u00f3 en la b\u00fasqueda de pol\u00edticas p\u00fablicas en el fortalecimiento institucional, la participaci\u00f3n ciudadana activa, bienestar [&hellip;]<\/p>\n","protected":false},"author":8,"featured_media":6980,"comment_status":"open","ping_status":"open","sticky":false,"template":"","format":"standard","meta":{"_monsterinsights_skip_tracking":false,"_monsterinsights_sitenote_active":false,"_monsterinsights_sitenote_note":"","_monsterinsights_sitenote_category":0,"footnotes":""},"categories":[16],"tags":[1425,100,1426],"class_list":["post-6978","post","type-post","status-publish","format-standard","has-post-thumbnail","hentry","category-noticias","tag-la-directora-de-la-juventud","tag-municipio-de-campo-quijano","tag-natalia-aramayo"],"yoast_head":"<!-- This site is optimized with the Yoast SEO plugin v20.8 - https:\/\/yoast.com\/wordpress\/plugins\/seo\/ -->\n<title>Campo Quijano estuvo presente en el &quot; Primer Encuentro Provincial de Referentes de la Juventud &quot;. - RQ 99.9<\/title>\n<meta name=\"description\" content=\"La Directora de la Juventud, Natalia Aramayo resalt\u00f3 la importancia de conocer a los referentes de la Provincia, y poder trabajar con una agenda com\u00fan que beneficie a toda la comunidad.\" \/>\n<meta name=\"robots\" content=\"index, follow, max-snippet:-1, max-image-preview:large, max-video-preview:-1\" \/>\n<link rel=\"canonical\" href=\"https:\/\/nahuelproducciones.com.ar\/radioquijano\/campo-quijano-estuvo-presente-en-el-primer-encuentro-provincial-de-referentes-de-la-juventud\/\" \/>\n<meta property=\"og:locale\" content=\"es_ES\" \/>\n<meta property=\"og:type\" content=\"article\" \/>\n<meta property=\"og:title\" content=\"Campo Quijano estuvo presente en el &quot; Primer Encuentro Provincial de Referentes de la Juventud &quot;. - RQ 99.9\" \/>\n<meta property=\"og:description\" content=\"La Directora de la Juventud, Natalia Aramayo resalt\u00f3 la importancia de conocer a los referentes de la Provincia, y poder trabajar con una agenda com\u00fan que beneficie a toda la comunidad.\" \/>\n<meta property=\"og:url\" content=\"https:\/\/nahuelproducciones.com.ar\/radioquijano\/campo-quijano-estuvo-presente-en-el-primer-encuentro-provincial-de-referentes-de-la-juventud\/\" \/>\n<meta property=\"og:site_name\" content=\"RQ 99.9\" \/>\n<meta property=\"article:publisher\" content=\"https:\/\/www.facebook.com\/nahuelproducciones999\/\" \/>\n<meta property=\"article:published_time\" content=\"2024-01-23T05:08:58+00:00\" \/>\n<meta property=\"article:modified_time\" content=\"2024-01-23T05:08:59+00:00\" \/>\n<meta property=\"og:image\" content=\"https:\/\/nahuelproducciones.com.ar\/radioquijano\/wp-content\/uploads\/2024\/01\/93887-guemes-fue-sede-del-primer-encuentro-provincial-de-referentes-de-la-juventud-20240121153536-e1705986531250.jpg\" \/>\n\t<meta property=\"og:image:width\" content=\"700\" \/>\n\t<meta property=\"og:image:height\" content=\"355\" \/>\n\t<meta property=\"og:image:type\" content=\"image\/jpeg\" \/>\n<meta name=\"author\" content=\"Cecilia Pastrana\" \/>\n<meta name=\"twitter:card\" content=\"summary_large_image\" \/>\n<meta name=\"twitter:creator\" content=\"@nahuproduciones\" \/>\n<meta name=\"twitter:site\" content=\"@nahuproduciones\" \/>\n<meta name=\"twitter:label1\" content=\"Escrito por\" \/>\n\t<meta name=\"twitter:data1\" content=\"Cecilia Pastrana\" \/>\n\t<meta name=\"twitter:label2\" content=\"Tiempo de lectura\" \/>\n\t<meta name=\"twitter:data2\" content=\"1 minuto\" \/>\n<script type=\"application\/ld+json\" class=\"yoast-schema-graph\">{\"@context\":\"https:\/\/schema.org\",\"@graph\":[{\"@type\":\"WebPage\",\"@id\":\"https:\/\/nahuelproducciones.com.ar\/radioquijano\/campo-quijano-estuvo-presente-en-el-primer-encuentro-provincial-de-referentes-de-la-juventud\/\",\"url\":\"https:\/\/nahuelproducciones.com.ar\/radioquijano\/campo-quijano-estuvo-presente-en-el-primer-encuentro-provincial-de-referentes-de-la-juventud\/\",\"name\":\"Campo Quijano estuvo presente en el \\\" Primer Encuentro Provincial de Referentes de la Juventud \\\". - RQ 99.9\",\"isPartOf\":{\"@id\":\"https:\/\/nahuelproducciones.com.ar\/radioquijano\/#website\"},\"datePublished\":\"2024-01-23T05:08:58+00:00\",\"dateModified\":\"2024-01-23T05:08:59+00:00\",\"author\":{\"@id\":\"https:\/\/nahuelproducciones.com.ar\/radioquijano\/#\/schema\/person\/e8a4f939e2cb487fe6d0c54042c9d32c\"},\"description\":\"La Directora de la Juventud, Natalia Aramayo resalt\u00f3 la importancia de conocer a los referentes de la Provincia, y poder trabajar con una agenda com\u00fan que beneficie a toda la comunidad.\",\"breadcrumb\":{\"@id\":\"https:\/\/nahuelproducciones.com.ar\/radioquijano\/campo-quijano-estuvo-presente-en-el-primer-encuentro-provincial-de-referentes-de-la-juventud\/#breadcrumb\"},\"inLanguage\":\"es\",\"potentialAction\":[{\"@type\":\"ReadAction\",\"target\":[\"https:\/\/nahuelproducciones.com.ar\/radioquijano\/campo-quijano-estuvo-presente-en-el-primer-encuentro-provincial-de-referentes-de-la-juventud\/\"]}]},{\"@type\":\"BreadcrumbList\",\"@id\":\"https:\/\/nahuelproducciones.com.ar\/radioquijano\/campo-quijano-estuvo-presente-en-el-primer-encuentro-provincial-de-referentes-de-la-juventud\/#breadcrumb\",\"itemListElement\":[{\"@type\":\"ListItem\",\"position\":1,\"name\":\"Portada\",\"item\":\"https:\/\/nahuelproducciones.com.ar\/radioquijano\/\"},{\"@type\":\"ListItem\",\"position\":2,\"name\":\"Campo Quijano estuvo presente en el &#8221; Primer Encuentro Provincial de Referentes de la Juventud &#8220;.\"}]},{\"@type\":\"WebSite\",\"@id\":\"https:\/\/nahuelproducciones.com.ar\/radioquijano\/#website\",\"url\":\"https:\/\/nahuelproducciones.com.ar\/radioquijano\/\",\"name\":\"RQ 99.9\",\"description\":\"Radio Quijano 99.9 MHz\",\"potentialAction\":[{\"@type\":\"SearchAction\",\"target\":{\"@type\":\"EntryPoint\",\"urlTemplate\":\"https:\/\/nahuelproducciones.com.ar\/radioquijano\/?s={search_term_string}\"},\"query-input\":\"required name=search_term_string\"}],\"inLanguage\":\"es\"},{\"@type\":\"Person\",\"@id\":\"https:\/\/nahuelproducciones.com.ar\/radioquijano\/#\/schema\/person\/e8a4f939e2cb487fe6d0c54042c9d32c\",\"name\":\"Cecilia Pastrana\",\"image\":{\"@type\":\"ImageObject\",\"inLanguage\":\"es\",\"@id\":\"https:\/\/nahuelproducciones.com.ar\/radioquijano\/#\/schema\/person\/image\/\",\"url\":\"https:\/\/secure.gravatar.com\/avatar\/661a3ef63a8488d4f2794ed44af8cf71420f7e106f3072c40125114df5157749?s=96&d=mm&r=g\",\"contentUrl\":\"https:\/\/secure.gravatar.com\/avatar\/661a3ef63a8488d4f2794ed44af8cf71420f7e106f3072c40125114df5157749?s=96&d=mm&r=g\",\"caption\":\"Cecilia Pastrana\"},\"sameAs\":[\"cecy\"],\"url\":\"https:\/\/nahuelproducciones.com.ar\/radioquijano\/author\/cecy\/\"}]}<\/script>\n<!-- \/ Yoast SEO plugin. -->","yoast_head_json":{"title":"Campo Quijano estuvo presente en el \" Primer Encuentro Provincial de Referentes de la Juventud \". - RQ 99.9","description":"La Directora de la Juventud, Natalia Aramayo resalt\u00f3 la importancia de conocer a los referentes de la Provincia, y poder trabajar con una agenda com\u00fan que beneficie a toda la comunidad.","robots":{"index":"index","follow":"follow","max-snippet":"max-snippet:-1","max-image-preview":"max-image-preview:large","max-video-preview":"max-video-preview:-1"},"canonical":"https:\/\/nahuelproducciones.com.ar\/radioquijano\/campo-quijano-estuvo-presente-en-el-primer-encuentro-provincial-de-referentes-de-la-juventud\/","og_locale":"es_ES","og_type":"article","og_title":"Campo Quijano estuvo presente en el \" Primer Encuentro Provincial de Referentes de la Juventud \". - RQ 99.9","og_description":"La Directora de la Juventud, Natalia Aramayo resalt\u00f3 la importancia de conocer a los referentes de la Provincia, y poder trabajar con una agenda com\u00fan que beneficie a toda la comunidad.","og_url":"https:\/\/nahuelproducciones.com.ar\/radioquijano\/campo-quijano-estuvo-presente-en-el-primer-encuentro-provincial-de-referentes-de-la-juventud\/","og_site_name":"RQ 99.9","article_publisher":"https:\/\/www.facebook.com\/nahuelproducciones999\/","article_published_time":"2024-01-23T05:08:58+00:00","article_modified_time":"2024-01-23T05:08:59+00:00","og_image":[{"width":700,"height":355,"url":"https:\/\/nahuelproducciones.com.ar\/radioquijano\/wp-content\/uploads\/2024\/01\/93887-guemes-fue-sede-del-primer-encuentro-provincial-de-referentes-de-la-juventud-20240121153536-e1705986531250.jpg","type":"image\/jpeg"}],"author":"Cecilia Pastrana","twitter_card":"summary_large_image","twitter_creator":"@nahuproduciones","twitter_site":"@nahuproduciones","twitter_misc":{"Escrito por":"Cecilia Pastrana","Tiempo de lectura":"1 minuto"},"schema":{"@context":"https:\/\/schema.org","@graph":[{"@type":"WebPage","@id":"https:\/\/nahuelproducciones.com.ar\/radioquijano\/campo-quijano-estuvo-presente-en-el-primer-encuentro-provincial-de-referentes-de-la-juventud\/","url":"https:\/\/nahuelproducciones.com.ar\/radioquijano\/campo-quijano-estuvo-presente-en-el-primer-encuentro-provincial-de-referentes-de-la-juventud\/","name":"Campo Quijano estuvo presente en el \" Primer Encuentro Provincial de Referentes de la Juventud \". - RQ 99.9","isPartOf":{"@id":"https:\/\/nahuelproducciones.com.ar\/radioquijano\/#website"},"datePublished":"2024-01-23T05:08:58+00:00","dateModified":"2024-01-23T05:08:59+00:00","author":{"@id":"https:\/\/nahuelproducciones.com.ar\/radioquijano\/#\/schema\/person\/e8a4f939e2cb487fe6d0c54042c9d32c"},"description":"La Directora de la Juventud, Natalia Aramayo resalt\u00f3 la importancia de conocer a los referentes de la Provincia, y poder trabajar con una agenda com\u00fan que beneficie a toda la comunidad.","breadcrumb":{"@id":"https:\/\/nahuelproducciones.com.ar\/radioquijano\/campo-quijano-estuvo-presente-en-el-primer-encuentro-provincial-de-referentes-de-la-juventud\/#breadcrumb"},"inLanguage":"es","potentialAction":[{"@type":"ReadAction","target":["https:\/\/nahuelproducciones.com.ar\/radioquijano\/campo-quijano-estuvo-presente-en-el-primer-encuentro-provincial-de-referentes-de-la-juventud\/"]}]},{"@type":"BreadcrumbList","@id":"https:\/\/nahuelproducciones.com.ar\/radioquijano\/campo-quijano-estuvo-presente-en-el-primer-encuentro-provincial-de-referentes-de-la-juventud\/#breadcrumb","itemListElement":[{"@type":"ListItem","position":1,"name":"Portada","item":"https:\/\/nahuelproducciones.com.ar\/radioquijano\/"},{"@type":"ListItem","position":2,"name":"Campo Quijano estuvo presente en el &#8221; Primer Encuentro Provincial de Referentes de la Juventud &#8220;."}]},{"@type":"WebSite","@id":"https:\/\/nahuelproducciones.com.ar\/radioquijano\/#website","url":"https:\/\/nahuelproducciones.com.ar\/radioquijano\/","name":"RQ 99.9","description":"Radio Quijano 99.9 MHz","potentialAction":[{"@type":"SearchAction","target":{"@type":"EntryPoint","urlTemplate":"https:\/\/nahuelproducciones.com.ar\/radioquijano\/?s={search_term_string}"},"query-input":"required name=search_term_string"}],"inLanguage":"es"},{"@type":"Person","@id":"https:\/\/nahuelproducciones.com.ar\/radioquijano\/#\/schema\/person\/e8a4f939e2cb487fe6d0c54042c9d32c","name":"Cecilia Pastrana","image":{"@type":"ImageObject","inLanguage":"es","@id":"https:\/\/nahuelproducciones.com.ar\/radioquijano\/#\/schema\/person\/image\/","url":"https:\/\/secure.gravatar.com\/avatar\/661a3ef63a8488d4f2794ed44af8cf71420f7e106f3072c40125114df5157749?s=96&d=mm&r=g","contentUrl":"https:\/\/secure.gravatar.com\/avatar\/661a3ef63a8488d4f2794ed44af8cf71420f7e106f3072c40125114df5157749?s=96&d=mm&r=g","caption":"Cecilia Pastrana"},"sameAs":["cecy"],"url":"https:\/\/nahuelproducciones.com.ar\/radioquijano\/author\/cecy\/"}]}},"_links":{"self":[{"href":"https:\/\/nahuelproducciones.com.ar\/radioquijano\/wp-json\/wp\/v2\/posts\/6978","targetHints":{"allow":["GET"]}}],"collection":[{"href":"https:\/\/nahuelproducciones.com.ar\/radioquijano\/wp-json\/wp\/v2\/posts"}],"about":[{"href":"https:\/\/nahuelproducciones.com.ar\/radioquijano\/wp-json\/wp\/v2\/types\/post"}],"author":[{"embeddable":true,"href":"https:\/\/nahuelproducciones.com.ar\/radioquijano\/wp-json\/wp\/v2\/users\/8"}],"replies":[{"embeddable":true,"href":"https:\/\/nahuelproducciones.com.ar\/radioquijano\/wp-json\/wp\/v2\/comments?post=6978"}],"version-history":[{"count":1,"href":"https:\/\/nahuelproducciones.com.ar\/radioquijano\/wp-json\/wp\/v2\/posts\/6978\/revisions"}],"predecessor-version":[{"id":6981,"href":"https:\/\/nahuelproducciones.com.ar\/radioquijano\/wp-json\/wp\/v2\/posts\/6978\/revisions\/6981"}],"wp:featuredmedia":[{"embeddable":true,"href":"https:\/\/nahuelproducciones.com.ar\/radioquijano\/wp-json\/wp\/v2\/media\/6980"}],"wp:attachment":[{"href":"https:\/\/nahuelproducciones.com.ar\/radioquijano\/wp-json\/wp\/v2\/media?parent=6978"}],"wp:term":[{"taxonomy":"category","embeddable":true,"href":"https:\/\/nahuelproducciones.com.ar\/radioquijano\/wp-json\/wp\/v2\/categories?post=6978"},{"taxonomy":"post_tag","embeddable":true,"href":"https:\/\/nahuelproducciones.com.ar\/radioquijano\/wp-json\/wp\/v2\/tags?post=6978"}],"curies":[{"name":"wp","href":"https:\/\/api.w.org\/{rel}","templated":true}]}}