{"id":6993,"date":"2024-01-24T01:13:02","date_gmt":"2024-01-24T04:13:02","guid":{"rendered":"https:\/\/nahuelproducciones.com.ar\/radioquijano\/?p=6993"},"modified":"2024-01-24T01:13:03","modified_gmt":"2024-01-24T04:13:03","slug":"el-gobierno-y-gremios-cerraron-la-paritaria-2023-con-un-incremento-del-212","status":"publish","type":"post","link":"https:\/\/nahuelproducciones.com.ar\/radioquijano\/el-gobierno-y-gremios-cerraron-la-paritaria-2023-con-un-incremento-del-212\/","title":{"rendered":"El Gobierno y gremios cerraron la paritaria 2023 con un incremento del 212%"},"content":{"rendered":"\n<p>Para cerrar el 2023 con salarios por arriba de la inflaci\u00f3n, el Gobierno de Salta y los gremios acordaron &nbsp;el pago del 82% que quedaba pendiente de negociaci\u00f3n llegando al 212% de aumento durante el a\u00f1o pasado y superando as\u00ed el \u00edndice inflacionario.&nbsp;<\/p>\n\n\n\n<p>En un acta qued\u00f3 establecido el compromiso de pago de un incremento del 30% con el sueldo de enero, de un 30% con febrero y de otro 22% con los haberes marzo, mes en el que adem\u00e1s se abonar\u00e1 la diferencia del segundo SAC.&nbsp;<\/p>\n\n\n\n<p>En el documento tambi\u00e9n qued\u00f3 establecido un aumento en las Asignaciones Familiares del 82%. En tanto, el 15 de febrero iniciar\u00e1 la discusi\u00f3n salarial 2024, respetando el compromiso asumido por el gobernador&nbsp;<strong>Gustavo S\u00e1enz<\/strong>.&nbsp;<\/p>\n\n\n\n<figure class=\"wp-block-image\"><a href=\"https:\/\/www.salta.gob.ar\/public\/images\/noticias\/contenidos\/10705-el-gobierno-y-gremios-cerraron-la-paritaria-2023-con-un-incremento-del-212.jpeg\"><img decoding=\"async\" src=\"https:\/\/www.salta.gob.ar\/public\/images\/noticias\/contenidos\/10705-el-gobierno-y-gremios-cerraron-la-paritaria-2023-con-un-incremento-del-212.jpeg\" alt=\"El Gobierno y gremios cerraron la paritaria 2023 con un incremento del 212%.\"\/><\/a><\/figure>\n\n\n\n<p>La reuni\u00f3n se realiz\u00f3 en Casa de Gobierno, d\u00f3nde se firm\u00f3 el acta acuerdo. El ministro de Infraestructura, a cargo de la Coordinaci\u00f3n de Enlace y Relaciones Pol\u00edticas,&nbsp;<strong>Sergio Camacho<\/strong>, y su par de Econom\u00eda y Servicios P\u00fablicos,&nbsp;<strong>Roberto Dib Ashur<\/strong>, hicieron hincapi\u00e9 en el esfuerzo de la Provincia para que los salarios de los trabajadores p\u00fablicos salte\u00f1os no pierdan contra la inflaci\u00f3n.<\/p>\n\n\n\n<p>Los funcionarios resaltaron la preocupaci\u00f3n que plantea el escenario econ\u00f3mico actual. Recordaron que Salta es la segunda provincia m\u00e1s afectada por los recortes de transferencias nacionales: en la comparaci\u00f3n interanual, la ca\u00edda acumulada en las primeras semanas de enero es del 8,7%. Tambi\u00e9n se vieron afectados env\u00edos de Transferencias No Autom\u00e1ticas para el transporte, el pago del incentivo docente y programas vinculados con la salud, educaci\u00f3n, discapacidad, entre otros.<\/p>\n\n\n\n<p>Dib Ashur marc\u00f3 que se suma el impacto que la Ley \u00d3mnibus tendr\u00e1 en las cuentas provinciales por la disminuci\u00f3n de la recaudaci\u00f3n de retenciones impositivas a los cobros electr\u00f3nicos, disminuci\u00f3n de la masa coparticipable por el impuesto a los bienes personales y la regularizaci\u00f3n de activos, entre otros.<\/p>\n\n\n\n<p>A pesar de la incertidumbre no se dej\u00f3 de mencionar la decisi\u00f3n de proteger el ingreso de los trabajadores, procurar el buen funcionamiento del Estado y sostener la previsibilidad.&nbsp;<br>&nbsp;&nbsp;<br>Participaron el presidente del Foro de Intendentes de Salta,&nbsp;<strong>Daniel Moreno<\/strong>, y los representantes de ADP, APSADES, ATE, AMET, UDA, UPES, de empleados del IPV, SADOP, SITEPSA, de trabajadores viales, ATSA, UPCN.&nbsp;<\/p>\n\n\n\n<p>Por el Gobierno, estuvieron tambi\u00e9n &nbsp;el coordinador administrativo,&nbsp;<strong>Nicol\u00e1s Demitr\u00f3pulos<\/strong>; la secretaria General de la Gobernaci\u00f3n,&nbsp;<strong>Matilde L\u00f3pez Morillo<\/strong>; el ministro de Salud P\u00fablica,&nbsp;<strong>Federico Mangione<\/strong>; el secretario Institucional y de Administraci\u00f3n del Ministerio de Educaci\u00f3n,&nbsp;<strong>Eduardo Costello<\/strong>; el secretario de Gesti\u00f3n de Recursos Humanos,&nbsp;<strong>Eilif Riise<\/strong>; entre otros funcionarios.<\/p>\n\n\n\n<figure class=\"wp-block-embed is-type-rich is-provider-gestor-del-servicio wp-block-embed-gestor-del-servicio wp-embed-aspect-16-9 wp-has-aspect-ratio\"><div class=\"wp-block-embed__wrapper\">\n<iframe loading=\"lazy\" title=\"El Gobierno y gremios cerraron la paritaria 2023 con un incremento del 212%\" width=\"640\" height=\"360\" src=\"https:\/\/www.youtube.com\/embed\/RhEKINSnQ3M?feature=oembed\" frameborder=\"0\" allow=\"accelerometer; autoplay; clipboard-write; encrypted-media; gyroscope; picture-in-picture; web-share\" referrerpolicy=\"strict-origin-when-cross-origin\" allowfullscreen><\/iframe>\n<\/div><\/figure>\n\n\n\n<hr class=\"wp-block-separator has-alpha-channel-opacity\"\/>\n\n\n\n<h2 class=\"wp-block-heading\">Video Relacionado<\/h2>\n\n\n\n<hr class=\"wp-block-separator has-alpha-channel-opacity\"\/>\n\n\n\n<figure class=\"wp-block-embed is-type-rich is-provider-gestor-del-servicio wp-block-embed-gestor-del-servicio wp-embed-aspect-16-9 wp-has-aspect-ratio\"><div class=\"wp-block-embed__wrapper\">\n<iframe loading=\"lazy\" title=\"El Gobierno y gremios cerraron la paritaria 2023 con un incremento del 212%\" width=\"640\" height=\"360\" src=\"https:\/\/www.youtube.com\/embed\/jiCS4qOzYbE?feature=oembed\" frameborder=\"0\" allow=\"accelerometer; autoplay; clipboard-write; encrypted-media; gyroscope; picture-in-picture; web-share\" referrerpolicy=\"strict-origin-when-cross-origin\" allowfullscreen><\/iframe>\n<\/div><\/figure>\n\n\n\n<hr class=\"wp-block-separator has-alpha-channel-opacity\"\/>\n\n\n\n<p>Fuente:&nbsp;<strong>Secretar\u00eda de Prensa y Comunicaci\u00f3n<\/strong><\/p>\n","protected":false},"excerpt":{"rendered":"<p>Para cerrar el 2023 con salarios por arriba de la inflaci\u00f3n, el Gobierno de Salta y los gremios acordaron &nbsp;el pago del 82% que quedaba pendiente de negociaci\u00f3n llegando al 212% de aumento durante el a\u00f1o pasado y superando as\u00ed el \u00edndice inflacionario.&nbsp; En un acta qued\u00f3 establecido el compromiso de pago de un incremento [&hellip;]<\/p>\n","protected":false},"author":8,"featured_media":6996,"comment_status":"open","ping_status":"open","sticky":false,"template":"","format":"standard","meta":{"_monsterinsights_skip_tracking":false,"_monsterinsights_sitenote_active":false,"_monsterinsights_sitenote_note":"","_monsterinsights_sitenote_category":0,"footnotes":""},"categories":[16],"tags":[1429,100],"class_list":["post-6993","post","type-post","status-publish","format-standard","has-post-thumbnail","hentry","category-noticias","tag-cierre-paritarias-2023","tag-municipio-de-campo-quijano"],"yoast_head":"<!-- This site is optimized with the Yoast SEO plugin v20.8 - https:\/\/yoast.com\/wordpress\/plugins\/seo\/ -->\n<title>El Gobierno y gremios cerraron la paritaria 2023 con un incremento del 212% - RQ 99.9<\/title>\n<meta name=\"description\" content=\"Los empleados p\u00fablicos salte\u00f1os cobrar\u00e1n aumentos con los sueldos de enero, febrero y marzo, correspondiente al 82% que quedaba pendiente. La negociaci\u00f3n 2024 iniciar\u00e1 el mes pr\u00f3ximo.\" \/>\n<meta name=\"robots\" content=\"index, follow, max-snippet:-1, max-image-preview:large, max-video-preview:-1\" \/>\n<link rel=\"canonical\" href=\"https:\/\/nahuelproducciones.com.ar\/radioquijano\/el-gobierno-y-gremios-cerraron-la-paritaria-2023-con-un-incremento-del-212\/\" \/>\n<meta property=\"og:locale\" content=\"es_ES\" \/>\n<meta property=\"og:type\" content=\"article\" \/>\n<meta property=\"og:title\" content=\"El Gobierno y gremios cerraron la paritaria 2023 con un incremento del 212% - RQ 99.9\" \/>\n<meta property=\"og:description\" content=\"Los empleados p\u00fablicos salte\u00f1os cobrar\u00e1n aumentos con los sueldos de enero, febrero y marzo, correspondiente al 82% que quedaba pendiente. La negociaci\u00f3n 2024 iniciar\u00e1 el mes pr\u00f3ximo.\" \/>\n<meta property=\"og:url\" content=\"https:\/\/nahuelproducciones.com.ar\/radioquijano\/el-gobierno-y-gremios-cerraron-la-paritaria-2023-con-un-incremento-del-212\/\" \/>\n<meta property=\"og:site_name\" content=\"RQ 99.9\" \/>\n<meta property=\"article:publisher\" content=\"https:\/\/www.facebook.com\/nahuelproducciones999\/\" \/>\n<meta property=\"article:published_time\" content=\"2024-01-24T04:13:02+00:00\" \/>\n<meta property=\"article:modified_time\" content=\"2024-01-24T04:13:03+00:00\" \/>\n<meta property=\"og:image\" content=\"https:\/\/nahuelproducciones.com.ar\/radioquijano\/wp-content\/uploads\/2024\/01\/10705-el-gobierno-y-gremios-cerraron-la-paritaria-2023-con-un-incremento-del-212-e1706069576452.jpeg\" \/>\n\t<meta property=\"og:image:width\" content=\"700\" \/>\n\t<meta property=\"og:image:height\" content=\"394\" \/>\n\t<meta property=\"og:image:type\" content=\"image\/jpeg\" \/>\n<meta name=\"author\" content=\"Cecilia Pastrana\" \/>\n<meta name=\"twitter:card\" content=\"summary_large_image\" \/>\n<meta name=\"twitter:creator\" content=\"@nahuproduciones\" \/>\n<meta name=\"twitter:site\" content=\"@nahuproduciones\" \/>\n<meta name=\"twitter:label1\" content=\"Escrito por\" \/>\n\t<meta name=\"twitter:data1\" content=\"Cecilia Pastrana\" \/>\n\t<meta name=\"twitter:label2\" content=\"Tiempo de lectura\" \/>\n\t<meta name=\"twitter:data2\" content=\"3 minutos\" \/>\n<script type=\"application\/ld+json\" class=\"yoast-schema-graph\">{\"@context\":\"https:\/\/schema.org\",\"@graph\":[{\"@type\":\"WebPage\",\"@id\":\"https:\/\/nahuelproducciones.com.ar\/radioquijano\/el-gobierno-y-gremios-cerraron-la-paritaria-2023-con-un-incremento-del-212\/\",\"url\":\"https:\/\/nahuelproducciones.com.ar\/radioquijano\/el-gobierno-y-gremios-cerraron-la-paritaria-2023-con-un-incremento-del-212\/\",\"name\":\"El Gobierno y gremios cerraron la paritaria 2023 con un incremento del 212% - RQ 99.9\",\"isPartOf\":{\"@id\":\"https:\/\/nahuelproducciones.com.ar\/radioquijano\/#website\"},\"datePublished\":\"2024-01-24T04:13:02+00:00\",\"dateModified\":\"2024-01-24T04:13:03+00:00\",\"author\":{\"@id\":\"https:\/\/nahuelproducciones.com.ar\/radioquijano\/#\/schema\/person\/e8a4f939e2cb487fe6d0c54042c9d32c\"},\"description\":\"Los empleados p\u00fablicos salte\u00f1os cobrar\u00e1n aumentos con los sueldos de enero, febrero y marzo, correspondiente al 82% que quedaba pendiente. La negociaci\u00f3n 2024 iniciar\u00e1 el mes pr\u00f3ximo.\",\"breadcrumb\":{\"@id\":\"https:\/\/nahuelproducciones.com.ar\/radioquijano\/el-gobierno-y-gremios-cerraron-la-paritaria-2023-con-un-incremento-del-212\/#breadcrumb\"},\"inLanguage\":\"es\",\"potentialAction\":[{\"@type\":\"ReadAction\",\"target\":[\"https:\/\/nahuelproducciones.com.ar\/radioquijano\/el-gobierno-y-gremios-cerraron-la-paritaria-2023-con-un-incremento-del-212\/\"]}]},{\"@type\":\"BreadcrumbList\",\"@id\":\"https:\/\/nahuelproducciones.com.ar\/radioquijano\/el-gobierno-y-gremios-cerraron-la-paritaria-2023-con-un-incremento-del-212\/#breadcrumb\",\"itemListElement\":[{\"@type\":\"ListItem\",\"position\":1,\"name\":\"Portada\",\"item\":\"https:\/\/nahuelproducciones.com.ar\/radioquijano\/\"},{\"@type\":\"ListItem\",\"position\":2,\"name\":\"El Gobierno y gremios cerraron la paritaria 2023 con un incremento del 212%\"}]},{\"@type\":\"WebSite\",\"@id\":\"https:\/\/nahuelproducciones.com.ar\/radioquijano\/#website\",\"url\":\"https:\/\/nahuelproducciones.com.ar\/radioquijano\/\",\"name\":\"RQ 99.9\",\"description\":\"Radio Quijano 99.9 MHz\",\"potentialAction\":[{\"@type\":\"SearchAction\",\"target\":{\"@type\":\"EntryPoint\",\"urlTemplate\":\"https:\/\/nahuelproducciones.com.ar\/radioquijano\/?s={search_term_string}\"},\"query-input\":\"required name=search_term_string\"}],\"inLanguage\":\"es\"},{\"@type\":\"Person\",\"@id\":\"https:\/\/nahuelproducciones.com.ar\/radioquijano\/#\/schema\/person\/e8a4f939e2cb487fe6d0c54042c9d32c\",\"name\":\"Cecilia Pastrana\",\"image\":{\"@type\":\"ImageObject\",\"inLanguage\":\"es\",\"@id\":\"https:\/\/nahuelproducciones.com.ar\/radioquijano\/#\/schema\/person\/image\/\",\"url\":\"https:\/\/secure.gravatar.com\/avatar\/661a3ef63a8488d4f2794ed44af8cf71420f7e106f3072c40125114df5157749?s=96&d=mm&r=g\",\"contentUrl\":\"https:\/\/secure.gravatar.com\/avatar\/661a3ef63a8488d4f2794ed44af8cf71420f7e106f3072c40125114df5157749?s=96&d=mm&r=g\",\"caption\":\"Cecilia Pastrana\"},\"sameAs\":[\"cecy\"],\"url\":\"https:\/\/nahuelproducciones.com.ar\/radioquijano\/author\/cecy\/\"}]}<\/script>\n<!-- \/ Yoast SEO plugin. -->","yoast_head_json":{"title":"El Gobierno y gremios cerraron la paritaria 2023 con un incremento del 212% - RQ 99.9","description":"Los empleados p\u00fablicos salte\u00f1os cobrar\u00e1n aumentos con los sueldos de enero, febrero y marzo, correspondiente al 82% que quedaba pendiente. La negociaci\u00f3n 2024 iniciar\u00e1 el mes pr\u00f3ximo.","robots":{"index":"index","follow":"follow","max-snippet":"max-snippet:-1","max-image-preview":"max-image-preview:large","max-video-preview":"max-video-preview:-1"},"canonical":"https:\/\/nahuelproducciones.com.ar\/radioquijano\/el-gobierno-y-gremios-cerraron-la-paritaria-2023-con-un-incremento-del-212\/","og_locale":"es_ES","og_type":"article","og_title":"El Gobierno y gremios cerraron la paritaria 2023 con un incremento del 212% - RQ 99.9","og_description":"Los empleados p\u00fablicos salte\u00f1os cobrar\u00e1n aumentos con los sueldos de enero, febrero y marzo, correspondiente al 82% que quedaba pendiente. La negociaci\u00f3n 2024 iniciar\u00e1 el mes pr\u00f3ximo.","og_url":"https:\/\/nahuelproducciones.com.ar\/radioquijano\/el-gobierno-y-gremios-cerraron-la-paritaria-2023-con-un-incremento-del-212\/","og_site_name":"RQ 99.9","article_publisher":"https:\/\/www.facebook.com\/nahuelproducciones999\/","article_published_time":"2024-01-24T04:13:02+00:00","article_modified_time":"2024-01-24T04:13:03+00:00","og_image":[{"width":700,"height":394,"url":"https:\/\/nahuelproducciones.com.ar\/radioquijano\/wp-content\/uploads\/2024\/01\/10705-el-gobierno-y-gremios-cerraron-la-paritaria-2023-con-un-incremento-del-212-e1706069576452.jpeg","type":"image\/jpeg"}],"author":"Cecilia Pastrana","twitter_card":"summary_large_image","twitter_creator":"@nahuproduciones","twitter_site":"@nahuproduciones","twitter_misc":{"Escrito por":"Cecilia Pastrana","Tiempo de lectura":"3 minutos"},"schema":{"@context":"https:\/\/schema.org","@graph":[{"@type":"WebPage","@id":"https:\/\/nahuelproducciones.com.ar\/radioquijano\/el-gobierno-y-gremios-cerraron-la-paritaria-2023-con-un-incremento-del-212\/","url":"https:\/\/nahuelproducciones.com.ar\/radioquijano\/el-gobierno-y-gremios-cerraron-la-paritaria-2023-con-un-incremento-del-212\/","name":"El Gobierno y gremios cerraron la paritaria 2023 con un incremento del 212% - RQ 99.9","isPartOf":{"@id":"https:\/\/nahuelproducciones.com.ar\/radioquijano\/#website"},"datePublished":"2024-01-24T04:13:02+00:00","dateModified":"2024-01-24T04:13:03+00:00","author":{"@id":"https:\/\/nahuelproducciones.com.ar\/radioquijano\/#\/schema\/person\/e8a4f939e2cb487fe6d0c54042c9d32c"},"description":"Los empleados p\u00fablicos salte\u00f1os cobrar\u00e1n aumentos con los sueldos de enero, febrero y marzo, correspondiente al 82% que quedaba pendiente. La negociaci\u00f3n 2024 iniciar\u00e1 el mes pr\u00f3ximo.","breadcrumb":{"@id":"https:\/\/nahuelproducciones.com.ar\/radioquijano\/el-gobierno-y-gremios-cerraron-la-paritaria-2023-con-un-incremento-del-212\/#breadcrumb"},"inLanguage":"es","potentialAction":[{"@type":"ReadAction","target":["https:\/\/nahuelproducciones.com.ar\/radioquijano\/el-gobierno-y-gremios-cerraron-la-paritaria-2023-con-un-incremento-del-212\/"]}]},{"@type":"BreadcrumbList","@id":"https:\/\/nahuelproducciones.com.ar\/radioquijano\/el-gobierno-y-gremios-cerraron-la-paritaria-2023-con-un-incremento-del-212\/#breadcrumb","itemListElement":[{"@type":"ListItem","position":1,"name":"Portada","item":"https:\/\/nahuelproducciones.com.ar\/radioquijano\/"},{"@type":"ListItem","position":2,"name":"El Gobierno y gremios cerraron la paritaria 2023 con un incremento del 212%"}]},{"@type":"WebSite","@id":"https:\/\/nahuelproducciones.com.ar\/radioquijano\/#website","url":"https:\/\/nahuelproducciones.com.ar\/radioquijano\/","name":"RQ 99.9","description":"Radio Quijano 99.9 MHz","potentialAction":[{"@type":"SearchAction","target":{"@type":"EntryPoint","urlTemplate":"https:\/\/nahuelproducciones.com.ar\/radioquijano\/?s={search_term_string}"},"query-input":"required name=search_term_string"}],"inLanguage":"es"},{"@type":"Person","@id":"https:\/\/nahuelproducciones.com.ar\/radioquijano\/#\/schema\/person\/e8a4f939e2cb487fe6d0c54042c9d32c","name":"Cecilia Pastrana","image":{"@type":"ImageObject","inLanguage":"es","@id":"https:\/\/nahuelproducciones.com.ar\/radioquijano\/#\/schema\/person\/image\/","url":"https:\/\/secure.gravatar.com\/avatar\/661a3ef63a8488d4f2794ed44af8cf71420f7e106f3072c40125114df5157749?s=96&d=mm&r=g","contentUrl":"https:\/\/secure.gravatar.com\/avatar\/661a3ef63a8488d4f2794ed44af8cf71420f7e106f3072c40125114df5157749?s=96&d=mm&r=g","caption":"Cecilia Pastrana"},"sameAs":["cecy"],"url":"https:\/\/nahuelproducciones.com.ar\/radioquijano\/author\/cecy\/"}]}},"_links":{"self":[{"href":"https:\/\/nahuelproducciones.com.ar\/radioquijano\/wp-json\/wp\/v2\/posts\/6993","targetHints":{"allow":["GET"]}}],"collection":[{"href":"https:\/\/nahuelproducciones.com.ar\/radioquijano\/wp-json\/wp\/v2\/posts"}],"about":[{"href":"https:\/\/nahuelproducciones.com.ar\/radioquijano\/wp-json\/wp\/v2\/types\/post"}],"author":[{"embeddable":true,"href":"https:\/\/nahuelproducciones.com.ar\/radioquijano\/wp-json\/wp\/v2\/users\/8"}],"replies":[{"embeddable":true,"href":"https:\/\/nahuelproducciones.com.ar\/radioquijano\/wp-json\/wp\/v2\/comments?post=6993"}],"version-history":[{"count":1,"href":"https:\/\/nahuelproducciones.com.ar\/radioquijano\/wp-json\/wp\/v2\/posts\/6993\/revisions"}],"predecessor-version":[{"id":6997,"href":"https:\/\/nahuelproducciones.com.ar\/radioquijano\/wp-json\/wp\/v2\/posts\/6993\/revisions\/6997"}],"wp:featuredmedia":[{"embeddable":true,"href":"https:\/\/nahuelproducciones.com.ar\/radioquijano\/wp-json\/wp\/v2\/media\/6996"}],"wp:attachment":[{"href":"https:\/\/nahuelproducciones.com.ar\/radioquijano\/wp-json\/wp\/v2\/media?parent=6993"}],"wp:term":[{"taxonomy":"category","embeddable":true,"href":"https:\/\/nahuelproducciones.com.ar\/radioquijano\/wp-json\/wp\/v2\/categories?post=6993"},{"taxonomy":"post_tag","embeddable":true,"href":"https:\/\/nahuelproducciones.com.ar\/radioquijano\/wp-json\/wp\/v2\/tags?post=6993"}],"curies":[{"name":"wp","href":"https:\/\/api.w.org\/{rel}","templated":true}]}}