{"id":6998,"date":"2024-01-24T01:18:48","date_gmt":"2024-01-24T04:18:48","guid":{"rendered":"https:\/\/nahuelproducciones.com.ar\/radioquijano\/?p=6998"},"modified":"2024-01-24T01:21:46","modified_gmt":"2024-01-24T04:21:46","slug":"el-registro-civil-recuerda-sobre-la-actualizacion-en-los-aranceles-de-sus-servicios","status":"publish","type":"post","link":"https:\/\/nahuelproducciones.com.ar\/radioquijano\/el-registro-civil-recuerda-sobre-la-actualizacion-en-los-aranceles-de-sus-servicios\/","title":{"rendered":"El Registro Civil recuerda sobre la actualizaci\u00f3n en los aranceles de sus servicios."},"content":{"rendered":"\n<p>Los nuevos valores se deben a la readecuaci\u00f3n de la unidad tributaria de la Direcci\u00f3n General de Rentas.<\/p>\n\n\n\n<p>El Registro Civil informa recuerda la actualizaci\u00f3n de aranceles de los servicios que ofrece: matrimonio, uni\u00f3n convivencial, expedici\u00f3n de partidas de hechos vitales (nacimiento, defunciones, matrimonio) y estampillas fiscales. &nbsp;<\/p>\n\n\n\n<p>Los valores entraron en vigencia debido a la aplicaci\u00f3n de la Resoluci\u00f3n General N\u00b0 18\/2023 de la Direcci\u00f3n General de Rentas de la Provincia de Salta, para su aplicaci\u00f3n a todos los tr\u00e1mites que se tomen en el Registro Civil.&nbsp;<\/p>\n\n\n\n<p><strong>Los nuevos precios son<\/strong>:&nbsp;<\/p>\n\n\n\n<ul class=\"wp-block-list\">\n<li>Matrimonios: En horario laboral no tiene costo, en d\u00eda h\u00e1bil en horario no laboral $13.200, en d\u00edas inh\u00e1biles $30.360, fuera del organismo $46.200<\/li>\n\n\n\n<li>Uni\u00f3n convivencial: $7.920<\/li>\n\n\n\n<li>Expedici\u00f3n de actas de hechos vitales (nacimiento, defunciones, matrimonio): $1.650<\/li>\n\n\n\n<li>Estampillas: $990<\/li>\n<\/ul>\n\n\n\n<hr class=\"wp-block-separator has-alpha-channel-opacity\"\/>\n\n\n\n<p>Fuente:&nbsp;<strong>Secretaria de Prensa y Comunicaci\u00f3n<\/strong><\/p>\n\n\n\n<p>Imagen de Perfil de Facebook  de la Municipalidad de Campo Quijano<\/p>\n","protected":false},"excerpt":{"rendered":"<p>Los nuevos valores se deben a la readecuaci\u00f3n de la unidad tributaria de la Direcci\u00f3n General de Rentas. El Registro Civil informa recuerda la actualizaci\u00f3n de aranceles de los servicios que ofrece: matrimonio, uni\u00f3n convivencial, expedici\u00f3n de partidas de hechos vitales (nacimiento, defunciones, matrimonio) y estampillas fiscales. &nbsp; Los valores entraron en vigencia debido a [&hellip;]<\/p>\n","protected":false},"author":8,"featured_media":7001,"comment_status":"open","ping_status":"open","sticky":false,"template":"","format":"standard","meta":{"_monsterinsights_skip_tracking":false,"_monsterinsights_sitenote_active":false,"_monsterinsights_sitenote_note":"","_monsterinsights_sitenote_category":0,"footnotes":""},"categories":[16],"tags":[1430,100,787],"class_list":["post-6998","post","type-post","status-publish","format-standard","has-post-thumbnail","hentry","category-noticias","tag-actualizaron-en-los-aranceles-de-sus-servicios","tag-municipio-de-campo-quijano","tag-registro-civil"],"yoast_head":"<!-- This site is optimized with the Yoast SEO plugin v20.8 - https:\/\/yoast.com\/wordpress\/plugins\/seo\/ -->\n<title>El Registro Civil recuerda sobre la actualizaci\u00f3n en los aranceles de sus servicios. - RQ 99.9<\/title>\n<meta name=\"description\" content=\"Los nuevos valores se deben a la readecuaci\u00f3n de la unidad tributaria de la Direcci\u00f3n General de Rentas.\" \/>\n<meta name=\"robots\" content=\"index, follow, max-snippet:-1, max-image-preview:large, max-video-preview:-1\" \/>\n<link rel=\"canonical\" href=\"https:\/\/nahuelproducciones.com.ar\/radioquijano\/el-registro-civil-recuerda-sobre-la-actualizacion-en-los-aranceles-de-sus-servicios\/\" \/>\n<meta property=\"og:locale\" content=\"es_ES\" \/>\n<meta property=\"og:type\" content=\"article\" \/>\n<meta property=\"og:title\" content=\"El Registro Civil recuerda sobre la actualizaci\u00f3n en los aranceles de sus servicios. - RQ 99.9\" \/>\n<meta property=\"og:description\" content=\"Los nuevos valores se deben a la readecuaci\u00f3n de la unidad tributaria de la Direcci\u00f3n General de Rentas.\" \/>\n<meta property=\"og:url\" content=\"https:\/\/nahuelproducciones.com.ar\/radioquijano\/el-registro-civil-recuerda-sobre-la-actualizacion-en-los-aranceles-de-sus-servicios\/\" \/>\n<meta property=\"og:site_name\" content=\"RQ 99.9\" \/>\n<meta property=\"article:publisher\" content=\"https:\/\/www.facebook.com\/nahuelproducciones999\/\" \/>\n<meta property=\"article:published_time\" content=\"2024-01-24T04:18:48+00:00\" \/>\n<meta property=\"article:modified_time\" content=\"2024-01-24T04:21:46+00:00\" \/>\n<meta property=\"og:image\" content=\"https:\/\/nahuelproducciones.com.ar\/radioquijano\/wp-content\/uploads\/2024\/01\/192197611_331138658388820_8670604859621896824_n.jpg\" \/>\n\t<meta property=\"og:image:width\" content=\"1280\" \/>\n\t<meta property=\"og:image:height\" content=\"960\" \/>\n\t<meta property=\"og:image:type\" content=\"image\/jpeg\" \/>\n<meta name=\"author\" content=\"Cecilia Pastrana\" \/>\n<meta name=\"twitter:card\" content=\"summary_large_image\" \/>\n<meta name=\"twitter:creator\" content=\"@nahuproduciones\" \/>\n<meta name=\"twitter:site\" content=\"@nahuproduciones\" \/>\n<meta name=\"twitter:label1\" content=\"Escrito por\" \/>\n\t<meta name=\"twitter:data1\" content=\"Cecilia Pastrana\" \/>\n\t<meta name=\"twitter:label2\" content=\"Tiempo de lectura\" \/>\n\t<meta name=\"twitter:data2\" content=\"1 minuto\" \/>\n<script type=\"application\/ld+json\" class=\"yoast-schema-graph\">{\"@context\":\"https:\/\/schema.org\",\"@graph\":[{\"@type\":\"WebPage\",\"@id\":\"https:\/\/nahuelproducciones.com.ar\/radioquijano\/el-registro-civil-recuerda-sobre-la-actualizacion-en-los-aranceles-de-sus-servicios\/\",\"url\":\"https:\/\/nahuelproducciones.com.ar\/radioquijano\/el-registro-civil-recuerda-sobre-la-actualizacion-en-los-aranceles-de-sus-servicios\/\",\"name\":\"El Registro Civil recuerda sobre la actualizaci\u00f3n en los aranceles de sus servicios. - RQ 99.9\",\"isPartOf\":{\"@id\":\"https:\/\/nahuelproducciones.com.ar\/radioquijano\/#website\"},\"datePublished\":\"2024-01-24T04:18:48+00:00\",\"dateModified\":\"2024-01-24T04:21:46+00:00\",\"author\":{\"@id\":\"https:\/\/nahuelproducciones.com.ar\/radioquijano\/#\/schema\/person\/e8a4f939e2cb487fe6d0c54042c9d32c\"},\"description\":\"Los nuevos valores se deben a la readecuaci\u00f3n de la unidad tributaria de la Direcci\u00f3n General de Rentas.\",\"breadcrumb\":{\"@id\":\"https:\/\/nahuelproducciones.com.ar\/radioquijano\/el-registro-civil-recuerda-sobre-la-actualizacion-en-los-aranceles-de-sus-servicios\/#breadcrumb\"},\"inLanguage\":\"es\",\"potentialAction\":[{\"@type\":\"ReadAction\",\"target\":[\"https:\/\/nahuelproducciones.com.ar\/radioquijano\/el-registro-civil-recuerda-sobre-la-actualizacion-en-los-aranceles-de-sus-servicios\/\"]}]},{\"@type\":\"BreadcrumbList\",\"@id\":\"https:\/\/nahuelproducciones.com.ar\/radioquijano\/el-registro-civil-recuerda-sobre-la-actualizacion-en-los-aranceles-de-sus-servicios\/#breadcrumb\",\"itemListElement\":[{\"@type\":\"ListItem\",\"position\":1,\"name\":\"Portada\",\"item\":\"https:\/\/nahuelproducciones.com.ar\/radioquijano\/\"},{\"@type\":\"ListItem\",\"position\":2,\"name\":\"El Registro Civil recuerda sobre la actualizaci\u00f3n en los aranceles de sus servicios.\"}]},{\"@type\":\"WebSite\",\"@id\":\"https:\/\/nahuelproducciones.com.ar\/radioquijano\/#website\",\"url\":\"https:\/\/nahuelproducciones.com.ar\/radioquijano\/\",\"name\":\"RQ 99.9\",\"description\":\"Radio Quijano 99.9 MHz\",\"potentialAction\":[{\"@type\":\"SearchAction\",\"target\":{\"@type\":\"EntryPoint\",\"urlTemplate\":\"https:\/\/nahuelproducciones.com.ar\/radioquijano\/?s={search_term_string}\"},\"query-input\":\"required name=search_term_string\"}],\"inLanguage\":\"es\"},{\"@type\":\"Person\",\"@id\":\"https:\/\/nahuelproducciones.com.ar\/radioquijano\/#\/schema\/person\/e8a4f939e2cb487fe6d0c54042c9d32c\",\"name\":\"Cecilia Pastrana\",\"image\":{\"@type\":\"ImageObject\",\"inLanguage\":\"es\",\"@id\":\"https:\/\/nahuelproducciones.com.ar\/radioquijano\/#\/schema\/person\/image\/\",\"url\":\"https:\/\/secure.gravatar.com\/avatar\/661a3ef63a8488d4f2794ed44af8cf71420f7e106f3072c40125114df5157749?s=96&d=mm&r=g\",\"contentUrl\":\"https:\/\/secure.gravatar.com\/avatar\/661a3ef63a8488d4f2794ed44af8cf71420f7e106f3072c40125114df5157749?s=96&d=mm&r=g\",\"caption\":\"Cecilia Pastrana\"},\"sameAs\":[\"cecy\"],\"url\":\"https:\/\/nahuelproducciones.com.ar\/radioquijano\/author\/cecy\/\"}]}<\/script>\n<!-- \/ Yoast SEO plugin. -->","yoast_head_json":{"title":"El Registro Civil recuerda sobre la actualizaci\u00f3n en los aranceles de sus servicios. - RQ 99.9","description":"Los nuevos valores se deben a la readecuaci\u00f3n de la unidad tributaria de la Direcci\u00f3n General de Rentas.","robots":{"index":"index","follow":"follow","max-snippet":"max-snippet:-1","max-image-preview":"max-image-preview:large","max-video-preview":"max-video-preview:-1"},"canonical":"https:\/\/nahuelproducciones.com.ar\/radioquijano\/el-registro-civil-recuerda-sobre-la-actualizacion-en-los-aranceles-de-sus-servicios\/","og_locale":"es_ES","og_type":"article","og_title":"El Registro Civil recuerda sobre la actualizaci\u00f3n en los aranceles de sus servicios. - RQ 99.9","og_description":"Los nuevos valores se deben a la readecuaci\u00f3n de la unidad tributaria de la Direcci\u00f3n General de Rentas.","og_url":"https:\/\/nahuelproducciones.com.ar\/radioquijano\/el-registro-civil-recuerda-sobre-la-actualizacion-en-los-aranceles-de-sus-servicios\/","og_site_name":"RQ 99.9","article_publisher":"https:\/\/www.facebook.com\/nahuelproducciones999\/","article_published_time":"2024-01-24T04:18:48+00:00","article_modified_time":"2024-01-24T04:21:46+00:00","og_image":[{"width":1280,"height":960,"url":"https:\/\/nahuelproducciones.com.ar\/radioquijano\/wp-content\/uploads\/2024\/01\/192197611_331138658388820_8670604859621896824_n.jpg","type":"image\/jpeg"}],"author":"Cecilia Pastrana","twitter_card":"summary_large_image","twitter_creator":"@nahuproduciones","twitter_site":"@nahuproduciones","twitter_misc":{"Escrito por":"Cecilia Pastrana","Tiempo de lectura":"1 minuto"},"schema":{"@context":"https:\/\/schema.org","@graph":[{"@type":"WebPage","@id":"https:\/\/nahuelproducciones.com.ar\/radioquijano\/el-registro-civil-recuerda-sobre-la-actualizacion-en-los-aranceles-de-sus-servicios\/","url":"https:\/\/nahuelproducciones.com.ar\/radioquijano\/el-registro-civil-recuerda-sobre-la-actualizacion-en-los-aranceles-de-sus-servicios\/","name":"El Registro Civil recuerda sobre la actualizaci\u00f3n en los aranceles de sus servicios. - RQ 99.9","isPartOf":{"@id":"https:\/\/nahuelproducciones.com.ar\/radioquijano\/#website"},"datePublished":"2024-01-24T04:18:48+00:00","dateModified":"2024-01-24T04:21:46+00:00","author":{"@id":"https:\/\/nahuelproducciones.com.ar\/radioquijano\/#\/schema\/person\/e8a4f939e2cb487fe6d0c54042c9d32c"},"description":"Los nuevos valores se deben a la readecuaci\u00f3n de la unidad tributaria de la Direcci\u00f3n General de Rentas.","breadcrumb":{"@id":"https:\/\/nahuelproducciones.com.ar\/radioquijano\/el-registro-civil-recuerda-sobre-la-actualizacion-en-los-aranceles-de-sus-servicios\/#breadcrumb"},"inLanguage":"es","potentialAction":[{"@type":"ReadAction","target":["https:\/\/nahuelproducciones.com.ar\/radioquijano\/el-registro-civil-recuerda-sobre-la-actualizacion-en-los-aranceles-de-sus-servicios\/"]}]},{"@type":"BreadcrumbList","@id":"https:\/\/nahuelproducciones.com.ar\/radioquijano\/el-registro-civil-recuerda-sobre-la-actualizacion-en-los-aranceles-de-sus-servicios\/#breadcrumb","itemListElement":[{"@type":"ListItem","position":1,"name":"Portada","item":"https:\/\/nahuelproducciones.com.ar\/radioquijano\/"},{"@type":"ListItem","position":2,"name":"El Registro Civil recuerda sobre la actualizaci\u00f3n en los aranceles de sus servicios."}]},{"@type":"WebSite","@id":"https:\/\/nahuelproducciones.com.ar\/radioquijano\/#website","url":"https:\/\/nahuelproducciones.com.ar\/radioquijano\/","name":"RQ 99.9","description":"Radio Quijano 99.9 MHz","potentialAction":[{"@type":"SearchAction","target":{"@type":"EntryPoint","urlTemplate":"https:\/\/nahuelproducciones.com.ar\/radioquijano\/?s={search_term_string}"},"query-input":"required name=search_term_string"}],"inLanguage":"es"},{"@type":"Person","@id":"https:\/\/nahuelproducciones.com.ar\/radioquijano\/#\/schema\/person\/e8a4f939e2cb487fe6d0c54042c9d32c","name":"Cecilia Pastrana","image":{"@type":"ImageObject","inLanguage":"es","@id":"https:\/\/nahuelproducciones.com.ar\/radioquijano\/#\/schema\/person\/image\/","url":"https:\/\/secure.gravatar.com\/avatar\/661a3ef63a8488d4f2794ed44af8cf71420f7e106f3072c40125114df5157749?s=96&d=mm&r=g","contentUrl":"https:\/\/secure.gravatar.com\/avatar\/661a3ef63a8488d4f2794ed44af8cf71420f7e106f3072c40125114df5157749?s=96&d=mm&r=g","caption":"Cecilia Pastrana"},"sameAs":["cecy"],"url":"https:\/\/nahuelproducciones.com.ar\/radioquijano\/author\/cecy\/"}]}},"_links":{"self":[{"href":"https:\/\/nahuelproducciones.com.ar\/radioquijano\/wp-json\/wp\/v2\/posts\/6998","targetHints":{"allow":["GET"]}}],"collection":[{"href":"https:\/\/nahuelproducciones.com.ar\/radioquijano\/wp-json\/wp\/v2\/posts"}],"about":[{"href":"https:\/\/nahuelproducciones.com.ar\/radioquijano\/wp-json\/wp\/v2\/types\/post"}],"author":[{"embeddable":true,"href":"https:\/\/nahuelproducciones.com.ar\/radioquijano\/wp-json\/wp\/v2\/users\/8"}],"replies":[{"embeddable":true,"href":"https:\/\/nahuelproducciones.com.ar\/radioquijano\/wp-json\/wp\/v2\/comments?post=6998"}],"version-history":[{"count":2,"href":"https:\/\/nahuelproducciones.com.ar\/radioquijano\/wp-json\/wp\/v2\/posts\/6998\/revisions"}],"predecessor-version":[{"id":7003,"href":"https:\/\/nahuelproducciones.com.ar\/radioquijano\/wp-json\/wp\/v2\/posts\/6998\/revisions\/7003"}],"wp:featuredmedia":[{"embeddable":true,"href":"https:\/\/nahuelproducciones.com.ar\/radioquijano\/wp-json\/wp\/v2\/media\/7001"}],"wp:attachment":[{"href":"https:\/\/nahuelproducciones.com.ar\/radioquijano\/wp-json\/wp\/v2\/media?parent=6998"}],"wp:term":[{"taxonomy":"category","embeddable":true,"href":"https:\/\/nahuelproducciones.com.ar\/radioquijano\/wp-json\/wp\/v2\/categories?post=6998"},{"taxonomy":"post_tag","embeddable":true,"href":"https:\/\/nahuelproducciones.com.ar\/radioquijano\/wp-json\/wp\/v2\/tags?post=6998"}],"curies":[{"name":"wp","href":"https:\/\/api.w.org\/{rel}","templated":true}]}}