{"id":7005,"date":"2024-01-24T01:33:30","date_gmt":"2024-01-24T04:33:30","guid":{"rendered":"https:\/\/nahuelproducciones.com.ar\/radioquijano\/?p=7005"},"modified":"2024-01-24T01:33:30","modified_gmt":"2024-01-24T04:33:30","slug":"24-de-enero-el-boleto-del-colectivo-costara-290","status":"publish","type":"post","link":"https:\/\/nahuelproducciones.com.ar\/radioquijano\/24-de-enero-el-boleto-del-colectivo-costara-290\/","title":{"rendered":"24 de enero: el boleto del colectivo costar\u00e1 $290"},"content":{"rendered":"\n<p>Luego de realizarse la audiencia p\u00fablica por la readecuaci\u00f3n en la tarifa de Saeta, y tras varias semanas de intensas reuniones con representantes de diferentes \u00e1reas del Gobierno, intendentes del \u00e1rea metropolitana, la Autoridad Metropolitana de Transporte de Salta determin\u00f3 los siguientes lineamientos.<\/p>\n\n\n\n<p><strong>Tarifa del Boleto de Saeta<\/strong><\/p>\n\n\n\n<p>En primer lugar, se establece que el boleto de colectivo del \u00e1rea metropolitana (SAETA) registrar\u00e1 un aumento escalonado:<\/p>\n\n\n\n<ul class=\"wp-block-list\">\n<li>El primer aumento ser\u00e1 a partir del mi\u00e9rcoles 24 de enero quedando el precio del boleto en 290 pesos.<\/li>\n\n\n\n<li>El segundo aumento, ser\u00e1 el lunes 4 de marzo. El precio del boleto ser\u00e1 de 490 pesos.&nbsp;<\/li>\n<\/ul>\n\n\n\n<p><strong>Congelamiento de la tarifa que supere los valores del aumento del boleto<\/strong><\/p>\n\n\n\n<p>Cabe aclarar que seg\u00fan los aumentos que se aplicar\u00e1n, el boleto de los distintos municipios del \u00e1rea metropolitana que supere el precio de 290 pesos, quedar\u00e1 congelado en el monto actual que est\u00e9 vigente. En el mismo caso, el boleto que supere en el segundo aumento de 490 pesos, tambi\u00e9n quedar\u00e1 congelado y mantendr\u00e1 el mismo precio vigente.<\/p>\n\n\n\n<p><strong>Aplicaci\u00f3n del \u00cdndice de precios al consumidor<\/strong><\/p>\n\n\n\n<p>El organismo transporte inform\u00f3 tambi\u00e9n que la realidad de transporte y la emergencia en la cual se encuentra inmersa hizo que se determine para este periodo 2024, tomar un \u00edndice de actualizaci\u00f3n que permita que el sistema sea sustentable peri\u00f3dicamente.&nbsp;<\/p>\n\n\n\n<p>Por ello la AMT, aprob\u00f3 un incremento a trav\u00e9s del \u00cdndice de Precios al Consumidor (IPC), con lo cual el sistema de transporte bimestralmente va a sufrir la modificaci\u00f3n que el IPC determine, siempre y cuando la AMT lo considere conveniente.&nbsp;<\/p>\n\n\n\n<p><strong>Se garantiza las gratuidades en toda la provincia<\/strong><\/p>\n\n\n\n<p>Por otra parte, el organismo de transporte aclara que se garantiza la continuidad del sistema de gratuidad del boleto para los sectores comprendidos por estudiantes y&nbsp;jubilados.&nbsp;<\/p>\n\n\n\n<p><strong>Reglamentaci\u00f3n para el acceso al r\u00e9gimen del boleto gratuito<\/strong><\/p>\n\n\n\n<p>El organismo de transporte aprob\u00f3 modificaciones en la reglamentaci\u00f3n para el acceso al r\u00e9gimen de Boleto Gratuito, para la Regi\u00f3n Metropolitana de Salta.<\/p>\n\n\n\n<p>Desde la AMT y Saeta, se viene trabajando conjuntamente para lograr optimizar el sistema de gratuidades es por ello que se van a introducir modificaciones en la mencionada reglamentaci\u00f3n para evitar el mal uso del beneficio. Por ello se van a restringir la cantidad de viajes en el uso inadecuado, como por ejemplo los d\u00edas s\u00e1bados.<\/p>\n\n\n\n<p><strong>Subsidios del Gobierno Nacional<\/strong><\/p>\n\n\n\n<p>En cuanto a lo vinculado al sistema de subsidios que otorga el Gobierno Nacional, desde el organismo de transporte se informa que, por el momento, desde la Secretar\u00eda de Transporte de la Naci\u00f3n se tom\u00f3 la decisi\u00f3n de continuar enviando fondos a las provincias del interior del pa\u00eds, pero no se actualizar\u00e1n los montos, es decir, Salta continuar\u00e1 recibiendo el mismo dinero que durante el a\u00f1o 2023, aun habi\u00e9ndose registrado una inflaci\u00f3n en los \u00faltimos 12 meses de casi el 200%.<\/p>\n\n\n\n<p>Esta situaci\u00f3n, sumada a la constante inflaci\u00f3n, va mes a mes pulverizando el subsidio nacional lo que hace necesario tener que aplicar un \u00edndice de actualizaci\u00f3n para que el sistema pueda ser sustentable.<\/p>\n","protected":false},"excerpt":{"rendered":"<p>Luego de realizarse la audiencia p\u00fablica por la readecuaci\u00f3n en la tarifa de Saeta, y tras varias semanas de intensas reuniones con representantes de diferentes \u00e1reas del Gobierno, intendentes del \u00e1rea metropolitana, la Autoridad Metropolitana de Transporte de Salta determin\u00f3 los siguientes lineamientos. Tarifa del Boleto de Saeta En primer lugar, se establece que el [&hellip;]<\/p>\n","protected":false},"author":8,"featured_media":7006,"comment_status":"open","ping_status":"open","sticky":false,"template":"","format":"standard","meta":{"_monsterinsights_skip_tracking":false,"_monsterinsights_sitenote_active":false,"_monsterinsights_sitenote_note":"","_monsterinsights_sitenote_category":0,"footnotes":""},"categories":[16],"tags":[100,404],"class_list":["post-7005","post","type-post","status-publish","format-standard","has-post-thumbnail","hentry","category-noticias","tag-municipio-de-campo-quijano","tag-saeta"],"yoast_head":"<!-- This site is optimized with the Yoast SEO plugin v20.8 - https:\/\/yoast.com\/wordpress\/plugins\/seo\/ -->\n<title>24 de enero: el boleto del colectivo costar\u00e1 $290 - RQ 99.9<\/title>\n<meta name=\"description\" content=\"Esta tarifa rige para la ciudad de Salta y los municipios de Cerrillos, Rosario de Lerma, San Lorenzo, La Merced, El Carril, Chicoana, Vaqueros, La Caldera y Campo Quijano.\" \/>\n<meta name=\"robots\" content=\"index, follow, max-snippet:-1, max-image-preview:large, max-video-preview:-1\" \/>\n<link rel=\"canonical\" href=\"https:\/\/nahuelproducciones.com.ar\/radioquijano\/24-de-enero-el-boleto-del-colectivo-costara-290\/\" \/>\n<meta property=\"og:locale\" content=\"es_ES\" \/>\n<meta property=\"og:type\" content=\"article\" \/>\n<meta property=\"og:title\" content=\"24 de enero: el boleto del colectivo costar\u00e1 $290 - RQ 99.9\" \/>\n<meta property=\"og:description\" content=\"Esta tarifa rige para la ciudad de Salta y los municipios de Cerrillos, Rosario de Lerma, San Lorenzo, La Merced, El Carril, Chicoana, Vaqueros, La Caldera y Campo Quijano.\" \/>\n<meta property=\"og:url\" content=\"https:\/\/nahuelproducciones.com.ar\/radioquijano\/24-de-enero-el-boleto-del-colectivo-costara-290\/\" \/>\n<meta property=\"og:site_name\" content=\"RQ 99.9\" \/>\n<meta property=\"article:publisher\" content=\"https:\/\/www.facebook.com\/nahuelproducciones999\/\" \/>\n<meta property=\"article:published_time\" content=\"2024-01-24T04:33:30+00:00\" \/>\n<meta property=\"og:image\" content=\"https:\/\/nahuelproducciones.com.ar\/radioquijano\/wp-content\/uploads\/2024\/01\/422186677_18222592105269942_307931372186579979_n.jpg\" \/>\n\t<meta property=\"og:image:width\" content=\"526\" \/>\n\t<meta property=\"og:image:height\" content=\"526\" \/>\n\t<meta property=\"og:image:type\" content=\"image\/jpeg\" \/>\n<meta name=\"author\" content=\"Cecilia Pastrana\" \/>\n<meta name=\"twitter:card\" content=\"summary_large_image\" \/>\n<meta name=\"twitter:creator\" content=\"@nahuproduciones\" \/>\n<meta name=\"twitter:site\" content=\"@nahuproduciones\" \/>\n<meta name=\"twitter:label1\" content=\"Escrito por\" \/>\n\t<meta name=\"twitter:data1\" content=\"Cecilia Pastrana\" \/>\n\t<meta name=\"twitter:label2\" content=\"Tiempo de lectura\" \/>\n\t<meta name=\"twitter:data2\" content=\"3 minutos\" \/>\n<script type=\"application\/ld+json\" class=\"yoast-schema-graph\">{\"@context\":\"https:\/\/schema.org\",\"@graph\":[{\"@type\":\"WebPage\",\"@id\":\"https:\/\/nahuelproducciones.com.ar\/radioquijano\/24-de-enero-el-boleto-del-colectivo-costara-290\/\",\"url\":\"https:\/\/nahuelproducciones.com.ar\/radioquijano\/24-de-enero-el-boleto-del-colectivo-costara-290\/\",\"name\":\"24 de enero: el boleto del colectivo costar\u00e1 $290 - RQ 99.9\",\"isPartOf\":{\"@id\":\"https:\/\/nahuelproducciones.com.ar\/radioquijano\/#website\"},\"datePublished\":\"2024-01-24T04:33:30+00:00\",\"dateModified\":\"2024-01-24T04:33:30+00:00\",\"author\":{\"@id\":\"https:\/\/nahuelproducciones.com.ar\/radioquijano\/#\/schema\/person\/e8a4f939e2cb487fe6d0c54042c9d32c\"},\"description\":\"Esta tarifa rige para la ciudad de Salta y los municipios de Cerrillos, Rosario de Lerma, San Lorenzo, La Merced, El Carril, Chicoana, Vaqueros, La Caldera y Campo Quijano.\",\"breadcrumb\":{\"@id\":\"https:\/\/nahuelproducciones.com.ar\/radioquijano\/24-de-enero-el-boleto-del-colectivo-costara-290\/#breadcrumb\"},\"inLanguage\":\"es\",\"potentialAction\":[{\"@type\":\"ReadAction\",\"target\":[\"https:\/\/nahuelproducciones.com.ar\/radioquijano\/24-de-enero-el-boleto-del-colectivo-costara-290\/\"]}]},{\"@type\":\"BreadcrumbList\",\"@id\":\"https:\/\/nahuelproducciones.com.ar\/radioquijano\/24-de-enero-el-boleto-del-colectivo-costara-290\/#breadcrumb\",\"itemListElement\":[{\"@type\":\"ListItem\",\"position\":1,\"name\":\"Portada\",\"item\":\"https:\/\/nahuelproducciones.com.ar\/radioquijano\/\"},{\"@type\":\"ListItem\",\"position\":2,\"name\":\"24 de enero: el boleto del colectivo costar\u00e1 $290\"}]},{\"@type\":\"WebSite\",\"@id\":\"https:\/\/nahuelproducciones.com.ar\/radioquijano\/#website\",\"url\":\"https:\/\/nahuelproducciones.com.ar\/radioquijano\/\",\"name\":\"RQ 99.9\",\"description\":\"Radio Quijano 99.9 MHz\",\"potentialAction\":[{\"@type\":\"SearchAction\",\"target\":{\"@type\":\"EntryPoint\",\"urlTemplate\":\"https:\/\/nahuelproducciones.com.ar\/radioquijano\/?s={search_term_string}\"},\"query-input\":\"required name=search_term_string\"}],\"inLanguage\":\"es\"},{\"@type\":\"Person\",\"@id\":\"https:\/\/nahuelproducciones.com.ar\/radioquijano\/#\/schema\/person\/e8a4f939e2cb487fe6d0c54042c9d32c\",\"name\":\"Cecilia Pastrana\",\"image\":{\"@type\":\"ImageObject\",\"inLanguage\":\"es\",\"@id\":\"https:\/\/nahuelproducciones.com.ar\/radioquijano\/#\/schema\/person\/image\/\",\"url\":\"https:\/\/secure.gravatar.com\/avatar\/661a3ef63a8488d4f2794ed44af8cf71420f7e106f3072c40125114df5157749?s=96&d=mm&r=g\",\"contentUrl\":\"https:\/\/secure.gravatar.com\/avatar\/661a3ef63a8488d4f2794ed44af8cf71420f7e106f3072c40125114df5157749?s=96&d=mm&r=g\",\"caption\":\"Cecilia Pastrana\"},\"sameAs\":[\"cecy\"],\"url\":\"https:\/\/nahuelproducciones.com.ar\/radioquijano\/author\/cecy\/\"}]}<\/script>\n<!-- \/ Yoast SEO plugin. -->","yoast_head_json":{"title":"24 de enero: el boleto del colectivo costar\u00e1 $290 - RQ 99.9","description":"Esta tarifa rige para la ciudad de Salta y los municipios de Cerrillos, Rosario de Lerma, San Lorenzo, La Merced, El Carril, Chicoana, Vaqueros, La Caldera y Campo Quijano.","robots":{"index":"index","follow":"follow","max-snippet":"max-snippet:-1","max-image-preview":"max-image-preview:large","max-video-preview":"max-video-preview:-1"},"canonical":"https:\/\/nahuelproducciones.com.ar\/radioquijano\/24-de-enero-el-boleto-del-colectivo-costara-290\/","og_locale":"es_ES","og_type":"article","og_title":"24 de enero: el boleto del colectivo costar\u00e1 $290 - RQ 99.9","og_description":"Esta tarifa rige para la ciudad de Salta y los municipios de Cerrillos, Rosario de Lerma, San Lorenzo, La Merced, El Carril, Chicoana, Vaqueros, La Caldera y Campo Quijano.","og_url":"https:\/\/nahuelproducciones.com.ar\/radioquijano\/24-de-enero-el-boleto-del-colectivo-costara-290\/","og_site_name":"RQ 99.9","article_publisher":"https:\/\/www.facebook.com\/nahuelproducciones999\/","article_published_time":"2024-01-24T04:33:30+00:00","og_image":[{"width":526,"height":526,"url":"https:\/\/nahuelproducciones.com.ar\/radioquijano\/wp-content\/uploads\/2024\/01\/422186677_18222592105269942_307931372186579979_n.jpg","type":"image\/jpeg"}],"author":"Cecilia Pastrana","twitter_card":"summary_large_image","twitter_creator":"@nahuproduciones","twitter_site":"@nahuproduciones","twitter_misc":{"Escrito por":"Cecilia Pastrana","Tiempo de lectura":"3 minutos"},"schema":{"@context":"https:\/\/schema.org","@graph":[{"@type":"WebPage","@id":"https:\/\/nahuelproducciones.com.ar\/radioquijano\/24-de-enero-el-boleto-del-colectivo-costara-290\/","url":"https:\/\/nahuelproducciones.com.ar\/radioquijano\/24-de-enero-el-boleto-del-colectivo-costara-290\/","name":"24 de enero: el boleto del colectivo costar\u00e1 $290 - RQ 99.9","isPartOf":{"@id":"https:\/\/nahuelproducciones.com.ar\/radioquijano\/#website"},"datePublished":"2024-01-24T04:33:30+00:00","dateModified":"2024-01-24T04:33:30+00:00","author":{"@id":"https:\/\/nahuelproducciones.com.ar\/radioquijano\/#\/schema\/person\/e8a4f939e2cb487fe6d0c54042c9d32c"},"description":"Esta tarifa rige para la ciudad de Salta y los municipios de Cerrillos, Rosario de Lerma, San Lorenzo, La Merced, El Carril, Chicoana, Vaqueros, La Caldera y Campo Quijano.","breadcrumb":{"@id":"https:\/\/nahuelproducciones.com.ar\/radioquijano\/24-de-enero-el-boleto-del-colectivo-costara-290\/#breadcrumb"},"inLanguage":"es","potentialAction":[{"@type":"ReadAction","target":["https:\/\/nahuelproducciones.com.ar\/radioquijano\/24-de-enero-el-boleto-del-colectivo-costara-290\/"]}]},{"@type":"BreadcrumbList","@id":"https:\/\/nahuelproducciones.com.ar\/radioquijano\/24-de-enero-el-boleto-del-colectivo-costara-290\/#breadcrumb","itemListElement":[{"@type":"ListItem","position":1,"name":"Portada","item":"https:\/\/nahuelproducciones.com.ar\/radioquijano\/"},{"@type":"ListItem","position":2,"name":"24 de enero: el boleto del colectivo costar\u00e1 $290"}]},{"@type":"WebSite","@id":"https:\/\/nahuelproducciones.com.ar\/radioquijano\/#website","url":"https:\/\/nahuelproducciones.com.ar\/radioquijano\/","name":"RQ 99.9","description":"Radio Quijano 99.9 MHz","potentialAction":[{"@type":"SearchAction","target":{"@type":"EntryPoint","urlTemplate":"https:\/\/nahuelproducciones.com.ar\/radioquijano\/?s={search_term_string}"},"query-input":"required name=search_term_string"}],"inLanguage":"es"},{"@type":"Person","@id":"https:\/\/nahuelproducciones.com.ar\/radioquijano\/#\/schema\/person\/e8a4f939e2cb487fe6d0c54042c9d32c","name":"Cecilia Pastrana","image":{"@type":"ImageObject","inLanguage":"es","@id":"https:\/\/nahuelproducciones.com.ar\/radioquijano\/#\/schema\/person\/image\/","url":"https:\/\/secure.gravatar.com\/avatar\/661a3ef63a8488d4f2794ed44af8cf71420f7e106f3072c40125114df5157749?s=96&d=mm&r=g","contentUrl":"https:\/\/secure.gravatar.com\/avatar\/661a3ef63a8488d4f2794ed44af8cf71420f7e106f3072c40125114df5157749?s=96&d=mm&r=g","caption":"Cecilia Pastrana"},"sameAs":["cecy"],"url":"https:\/\/nahuelproducciones.com.ar\/radioquijano\/author\/cecy\/"}]}},"_links":{"self":[{"href":"https:\/\/nahuelproducciones.com.ar\/radioquijano\/wp-json\/wp\/v2\/posts\/7005","targetHints":{"allow":["GET"]}}],"collection":[{"href":"https:\/\/nahuelproducciones.com.ar\/radioquijano\/wp-json\/wp\/v2\/posts"}],"about":[{"href":"https:\/\/nahuelproducciones.com.ar\/radioquijano\/wp-json\/wp\/v2\/types\/post"}],"author":[{"embeddable":true,"href":"https:\/\/nahuelproducciones.com.ar\/radioquijano\/wp-json\/wp\/v2\/users\/8"}],"replies":[{"embeddable":true,"href":"https:\/\/nahuelproducciones.com.ar\/radioquijano\/wp-json\/wp\/v2\/comments?post=7005"}],"version-history":[{"count":1,"href":"https:\/\/nahuelproducciones.com.ar\/radioquijano\/wp-json\/wp\/v2\/posts\/7005\/revisions"}],"predecessor-version":[{"id":7007,"href":"https:\/\/nahuelproducciones.com.ar\/radioquijano\/wp-json\/wp\/v2\/posts\/7005\/revisions\/7007"}],"wp:featuredmedia":[{"embeddable":true,"href":"https:\/\/nahuelproducciones.com.ar\/radioquijano\/wp-json\/wp\/v2\/media\/7006"}],"wp:attachment":[{"href":"https:\/\/nahuelproducciones.com.ar\/radioquijano\/wp-json\/wp\/v2\/media?parent=7005"}],"wp:term":[{"taxonomy":"category","embeddable":true,"href":"https:\/\/nahuelproducciones.com.ar\/radioquijano\/wp-json\/wp\/v2\/categories?post=7005"},{"taxonomy":"post_tag","embeddable":true,"href":"https:\/\/nahuelproducciones.com.ar\/radioquijano\/wp-json\/wp\/v2\/tags?post=7005"}],"curies":[{"name":"wp","href":"https:\/\/api.w.org\/{rel}","templated":true}]}}