{"id":7008,"date":"2024-01-24T01:47:49","date_gmt":"2024-01-24T04:47:49","guid":{"rendered":"https:\/\/nahuelproducciones.com.ar\/radioquijano\/?p=7008"},"modified":"2024-01-24T01:47:50","modified_gmt":"2024-01-24T04:47:50","slug":"en-el-municipio-ate-se-adhiere-al-paro-y-movilizacion-nacional-del-24-de-enero","status":"publish","type":"post","link":"https:\/\/nahuelproducciones.com.ar\/radioquijano\/en-el-municipio-ate-se-adhiere-al-paro-y-movilizacion-nacional-del-24-de-enero\/","title":{"rendered":"En el municipio ATE se adhiere al Paro y movilizaci\u00f3n nacional del 24 de enero."},"content":{"rendered":"\n<p>Ante la medida del PARO NACIONAL convocado por ATE, la Municipalidad informa que la atenci\u00f3n al p\u00fablico ser\u00e1 reducida.<\/p>\n\n\n\n<p>Si bien las puertas de las oficinas del municipio permanecer\u00e1n abiertas, la atenci\u00f3n a los vecinos se ver\u00e1 afectada por el PARO.<\/p>\n\n\n\n<p>El Municipio comunica que la recolecci\u00f3n de residuos se garantiza en forma normal. La emisi\u00f3n de licencias de conducir estar\u00e1 suspendida por el d\u00eda 24.<\/p>\n","protected":false},"excerpt":{"rendered":"<p>Ante la medida del PARO NACIONAL convocado por ATE, la Municipalidad informa que la atenci\u00f3n al p\u00fablico ser\u00e1 reducida. Si bien las puertas de las oficinas del municipio permanecer\u00e1n abiertas, la atenci\u00f3n a los vecinos se ver\u00e1 afectada por el PARO. El Municipio comunica que la recolecci\u00f3n de residuos se garantiza en forma normal. La [&hellip;]<\/p>\n","protected":false},"author":8,"featured_media":7009,"comment_status":"open","ping_status":"open","sticky":false,"template":"","format":"standard","meta":{"_monsterinsights_skip_tracking":false,"_monsterinsights_sitenote_active":false,"_monsterinsights_sitenote_note":"","_monsterinsights_sitenote_category":0,"footnotes":""},"categories":[16],"tags":[100,1431],"class_list":["post-7008","post","type-post","status-publish","format-standard","has-post-thumbnail","hentry","category-noticias","tag-municipio-de-campo-quijano","tag-paro-y-movilizacion"],"yoast_head":"<!-- This site is optimized with the Yoast SEO plugin v20.8 - https:\/\/yoast.com\/wordpress\/plugins\/seo\/ -->\n<title>En el municipio ATE se adhiere al Paro y movilizaci\u00f3n nacional del 24 de enero. - RQ 99.9<\/title>\n<meta name=\"description\" content=\"El Municipio comunica que la recolecci\u00f3n de residuos se garantiza en forma normal.\" \/>\n<meta name=\"robots\" content=\"index, follow, max-snippet:-1, max-image-preview:large, max-video-preview:-1\" \/>\n<link rel=\"canonical\" href=\"https:\/\/nahuelproducciones.com.ar\/radioquijano\/en-el-municipio-ate-se-adhiere-al-paro-y-movilizacion-nacional-del-24-de-enero\/\" \/>\n<meta property=\"og:locale\" content=\"es_ES\" \/>\n<meta property=\"og:type\" content=\"article\" \/>\n<meta property=\"og:title\" content=\"En el municipio ATE se adhiere al Paro y movilizaci\u00f3n nacional del 24 de enero. - RQ 99.9\" \/>\n<meta property=\"og:description\" content=\"El Municipio comunica que la recolecci\u00f3n de residuos se garantiza en forma normal.\" \/>\n<meta property=\"og:url\" content=\"https:\/\/nahuelproducciones.com.ar\/radioquijano\/en-el-municipio-ate-se-adhiere-al-paro-y-movilizacion-nacional-del-24-de-enero\/\" \/>\n<meta property=\"og:site_name\" content=\"RQ 99.9\" \/>\n<meta property=\"article:publisher\" content=\"https:\/\/www.facebook.com\/nahuelproducciones999\/\" \/>\n<meta property=\"article:published_time\" content=\"2024-01-24T04:47:49+00:00\" \/>\n<meta property=\"article:modified_time\" content=\"2024-01-24T04:47:50+00:00\" \/>\n<meta property=\"og:image\" content=\"https:\/\/nahuelproducciones.com.ar\/radioquijano\/wp-content\/uploads\/2024\/01\/422203779_781605257329220_4944082885659629708_n.jpg\" \/>\n\t<meta property=\"og:image:width\" content=\"960\" \/>\n\t<meta property=\"og:image:height\" content=\"960\" \/>\n\t<meta property=\"og:image:type\" content=\"image\/jpeg\" \/>\n<meta name=\"author\" content=\"Cecilia Pastrana\" \/>\n<meta name=\"twitter:card\" content=\"summary_large_image\" \/>\n<meta name=\"twitter:creator\" content=\"@nahuproduciones\" \/>\n<meta name=\"twitter:site\" content=\"@nahuproduciones\" \/>\n<meta name=\"twitter:label1\" content=\"Escrito por\" \/>\n\t<meta name=\"twitter:data1\" content=\"Cecilia Pastrana\" \/>\n\t<meta name=\"twitter:label2\" content=\"Tiempo de lectura\" \/>\n\t<meta name=\"twitter:data2\" content=\"1 minuto\" \/>\n<script type=\"application\/ld+json\" class=\"yoast-schema-graph\">{\"@context\":\"https:\/\/schema.org\",\"@graph\":[{\"@type\":\"WebPage\",\"@id\":\"https:\/\/nahuelproducciones.com.ar\/radioquijano\/en-el-municipio-ate-se-adhiere-al-paro-y-movilizacion-nacional-del-24-de-enero\/\",\"url\":\"https:\/\/nahuelproducciones.com.ar\/radioquijano\/en-el-municipio-ate-se-adhiere-al-paro-y-movilizacion-nacional-del-24-de-enero\/\",\"name\":\"En el municipio ATE se adhiere al Paro y movilizaci\u00f3n nacional del 24 de enero. - RQ 99.9\",\"isPartOf\":{\"@id\":\"https:\/\/nahuelproducciones.com.ar\/radioquijano\/#website\"},\"datePublished\":\"2024-01-24T04:47:49+00:00\",\"dateModified\":\"2024-01-24T04:47:50+00:00\",\"author\":{\"@id\":\"https:\/\/nahuelproducciones.com.ar\/radioquijano\/#\/schema\/person\/e8a4f939e2cb487fe6d0c54042c9d32c\"},\"description\":\"El Municipio comunica que la recolecci\u00f3n de residuos se garantiza en forma normal.\",\"breadcrumb\":{\"@id\":\"https:\/\/nahuelproducciones.com.ar\/radioquijano\/en-el-municipio-ate-se-adhiere-al-paro-y-movilizacion-nacional-del-24-de-enero\/#breadcrumb\"},\"inLanguage\":\"es\",\"potentialAction\":[{\"@type\":\"ReadAction\",\"target\":[\"https:\/\/nahuelproducciones.com.ar\/radioquijano\/en-el-municipio-ate-se-adhiere-al-paro-y-movilizacion-nacional-del-24-de-enero\/\"]}]},{\"@type\":\"BreadcrumbList\",\"@id\":\"https:\/\/nahuelproducciones.com.ar\/radioquijano\/en-el-municipio-ate-se-adhiere-al-paro-y-movilizacion-nacional-del-24-de-enero\/#breadcrumb\",\"itemListElement\":[{\"@type\":\"ListItem\",\"position\":1,\"name\":\"Portada\",\"item\":\"https:\/\/nahuelproducciones.com.ar\/radioquijano\/\"},{\"@type\":\"ListItem\",\"position\":2,\"name\":\"En el municipio ATE se adhiere al Paro y movilizaci\u00f3n nacional del 24 de enero.\"}]},{\"@type\":\"WebSite\",\"@id\":\"https:\/\/nahuelproducciones.com.ar\/radioquijano\/#website\",\"url\":\"https:\/\/nahuelproducciones.com.ar\/radioquijano\/\",\"name\":\"RQ 99.9\",\"description\":\"Radio Quijano 99.9 MHz\",\"potentialAction\":[{\"@type\":\"SearchAction\",\"target\":{\"@type\":\"EntryPoint\",\"urlTemplate\":\"https:\/\/nahuelproducciones.com.ar\/radioquijano\/?s={search_term_string}\"},\"query-input\":\"required name=search_term_string\"}],\"inLanguage\":\"es\"},{\"@type\":\"Person\",\"@id\":\"https:\/\/nahuelproducciones.com.ar\/radioquijano\/#\/schema\/person\/e8a4f939e2cb487fe6d0c54042c9d32c\",\"name\":\"Cecilia Pastrana\",\"image\":{\"@type\":\"ImageObject\",\"inLanguage\":\"es\",\"@id\":\"https:\/\/nahuelproducciones.com.ar\/radioquijano\/#\/schema\/person\/image\/\",\"url\":\"https:\/\/secure.gravatar.com\/avatar\/661a3ef63a8488d4f2794ed44af8cf71420f7e106f3072c40125114df5157749?s=96&d=mm&r=g\",\"contentUrl\":\"https:\/\/secure.gravatar.com\/avatar\/661a3ef63a8488d4f2794ed44af8cf71420f7e106f3072c40125114df5157749?s=96&d=mm&r=g\",\"caption\":\"Cecilia Pastrana\"},\"sameAs\":[\"cecy\"],\"url\":\"https:\/\/nahuelproducciones.com.ar\/radioquijano\/author\/cecy\/\"}]}<\/script>\n<!-- \/ Yoast SEO plugin. -->","yoast_head_json":{"title":"En el municipio ATE se adhiere al Paro y movilizaci\u00f3n nacional del 24 de enero. - RQ 99.9","description":"El Municipio comunica que la recolecci\u00f3n de residuos se garantiza en forma normal.","robots":{"index":"index","follow":"follow","max-snippet":"max-snippet:-1","max-image-preview":"max-image-preview:large","max-video-preview":"max-video-preview:-1"},"canonical":"https:\/\/nahuelproducciones.com.ar\/radioquijano\/en-el-municipio-ate-se-adhiere-al-paro-y-movilizacion-nacional-del-24-de-enero\/","og_locale":"es_ES","og_type":"article","og_title":"En el municipio ATE se adhiere al Paro y movilizaci\u00f3n nacional del 24 de enero. - RQ 99.9","og_description":"El Municipio comunica que la recolecci\u00f3n de residuos se garantiza en forma normal.","og_url":"https:\/\/nahuelproducciones.com.ar\/radioquijano\/en-el-municipio-ate-se-adhiere-al-paro-y-movilizacion-nacional-del-24-de-enero\/","og_site_name":"RQ 99.9","article_publisher":"https:\/\/www.facebook.com\/nahuelproducciones999\/","article_published_time":"2024-01-24T04:47:49+00:00","article_modified_time":"2024-01-24T04:47:50+00:00","og_image":[{"width":960,"height":960,"url":"https:\/\/nahuelproducciones.com.ar\/radioquijano\/wp-content\/uploads\/2024\/01\/422203779_781605257329220_4944082885659629708_n.jpg","type":"image\/jpeg"}],"author":"Cecilia Pastrana","twitter_card":"summary_large_image","twitter_creator":"@nahuproduciones","twitter_site":"@nahuproduciones","twitter_misc":{"Escrito por":"Cecilia Pastrana","Tiempo de lectura":"1 minuto"},"schema":{"@context":"https:\/\/schema.org","@graph":[{"@type":"WebPage","@id":"https:\/\/nahuelproducciones.com.ar\/radioquijano\/en-el-municipio-ate-se-adhiere-al-paro-y-movilizacion-nacional-del-24-de-enero\/","url":"https:\/\/nahuelproducciones.com.ar\/radioquijano\/en-el-municipio-ate-se-adhiere-al-paro-y-movilizacion-nacional-del-24-de-enero\/","name":"En el municipio ATE se adhiere al Paro y movilizaci\u00f3n nacional del 24 de enero. - RQ 99.9","isPartOf":{"@id":"https:\/\/nahuelproducciones.com.ar\/radioquijano\/#website"},"datePublished":"2024-01-24T04:47:49+00:00","dateModified":"2024-01-24T04:47:50+00:00","author":{"@id":"https:\/\/nahuelproducciones.com.ar\/radioquijano\/#\/schema\/person\/e8a4f939e2cb487fe6d0c54042c9d32c"},"description":"El Municipio comunica que la recolecci\u00f3n de residuos se garantiza en forma normal.","breadcrumb":{"@id":"https:\/\/nahuelproducciones.com.ar\/radioquijano\/en-el-municipio-ate-se-adhiere-al-paro-y-movilizacion-nacional-del-24-de-enero\/#breadcrumb"},"inLanguage":"es","potentialAction":[{"@type":"ReadAction","target":["https:\/\/nahuelproducciones.com.ar\/radioquijano\/en-el-municipio-ate-se-adhiere-al-paro-y-movilizacion-nacional-del-24-de-enero\/"]}]},{"@type":"BreadcrumbList","@id":"https:\/\/nahuelproducciones.com.ar\/radioquijano\/en-el-municipio-ate-se-adhiere-al-paro-y-movilizacion-nacional-del-24-de-enero\/#breadcrumb","itemListElement":[{"@type":"ListItem","position":1,"name":"Portada","item":"https:\/\/nahuelproducciones.com.ar\/radioquijano\/"},{"@type":"ListItem","position":2,"name":"En el municipio ATE se adhiere al Paro y movilizaci\u00f3n nacional del 24 de enero."}]},{"@type":"WebSite","@id":"https:\/\/nahuelproducciones.com.ar\/radioquijano\/#website","url":"https:\/\/nahuelproducciones.com.ar\/radioquijano\/","name":"RQ 99.9","description":"Radio Quijano 99.9 MHz","potentialAction":[{"@type":"SearchAction","target":{"@type":"EntryPoint","urlTemplate":"https:\/\/nahuelproducciones.com.ar\/radioquijano\/?s={search_term_string}"},"query-input":"required name=search_term_string"}],"inLanguage":"es"},{"@type":"Person","@id":"https:\/\/nahuelproducciones.com.ar\/radioquijano\/#\/schema\/person\/e8a4f939e2cb487fe6d0c54042c9d32c","name":"Cecilia Pastrana","image":{"@type":"ImageObject","inLanguage":"es","@id":"https:\/\/nahuelproducciones.com.ar\/radioquijano\/#\/schema\/person\/image\/","url":"https:\/\/secure.gravatar.com\/avatar\/661a3ef63a8488d4f2794ed44af8cf71420f7e106f3072c40125114df5157749?s=96&d=mm&r=g","contentUrl":"https:\/\/secure.gravatar.com\/avatar\/661a3ef63a8488d4f2794ed44af8cf71420f7e106f3072c40125114df5157749?s=96&d=mm&r=g","caption":"Cecilia Pastrana"},"sameAs":["cecy"],"url":"https:\/\/nahuelproducciones.com.ar\/radioquijano\/author\/cecy\/"}]}},"_links":{"self":[{"href":"https:\/\/nahuelproducciones.com.ar\/radioquijano\/wp-json\/wp\/v2\/posts\/7008","targetHints":{"allow":["GET"]}}],"collection":[{"href":"https:\/\/nahuelproducciones.com.ar\/radioquijano\/wp-json\/wp\/v2\/posts"}],"about":[{"href":"https:\/\/nahuelproducciones.com.ar\/radioquijano\/wp-json\/wp\/v2\/types\/post"}],"author":[{"embeddable":true,"href":"https:\/\/nahuelproducciones.com.ar\/radioquijano\/wp-json\/wp\/v2\/users\/8"}],"replies":[{"embeddable":true,"href":"https:\/\/nahuelproducciones.com.ar\/radioquijano\/wp-json\/wp\/v2\/comments?post=7008"}],"version-history":[{"count":1,"href":"https:\/\/nahuelproducciones.com.ar\/radioquijano\/wp-json\/wp\/v2\/posts\/7008\/revisions"}],"predecessor-version":[{"id":7010,"href":"https:\/\/nahuelproducciones.com.ar\/radioquijano\/wp-json\/wp\/v2\/posts\/7008\/revisions\/7010"}],"wp:featuredmedia":[{"embeddable":true,"href":"https:\/\/nahuelproducciones.com.ar\/radioquijano\/wp-json\/wp\/v2\/media\/7009"}],"wp:attachment":[{"href":"https:\/\/nahuelproducciones.com.ar\/radioquijano\/wp-json\/wp\/v2\/media?parent=7008"}],"wp:term":[{"taxonomy":"category","embeddable":true,"href":"https:\/\/nahuelproducciones.com.ar\/radioquijano\/wp-json\/wp\/v2\/categories?post=7008"},{"taxonomy":"post_tag","embeddable":true,"href":"https:\/\/nahuelproducciones.com.ar\/radioquijano\/wp-json\/wp\/v2\/tags?post=7008"}],"curies":[{"name":"wp","href":"https:\/\/api.w.org\/{rel}","templated":true}]}}