{"id":7042,"date":"2024-01-31T09:58:32","date_gmt":"2024-01-31T12:58:32","guid":{"rendered":"https:\/\/nahuelproducciones.com.ar\/radioquijano\/?p=7042"},"modified":"2024-01-31T09:58:33","modified_gmt":"2024-01-31T12:58:33","slug":"braian-orellana-y-su-ultima-batalla-contra-el-cancer","status":"publish","type":"post","link":"https:\/\/nahuelproducciones.com.ar\/radioquijano\/braian-orellana-y-su-ultima-batalla-contra-el-cancer\/","title":{"rendered":"Braian Orellana y su \u00faltima batalla contra el c\u00e1ncer."},"content":{"rendered":"\n<p>Desde hace varios meses Braian, de 13 a\u00f1os, de Campo Quijano, viene\u00a0librando una dura y larga batalla contra el c\u00e1ncer.<\/p>\n\n\n\n<p>RQ99.9Mhz dialogo con su mam\u00e1 Fanny Morales y agradeci\u00f3  estar rodeada de afecto.<\/p>\n\n\n\n<p>Fanny agradeci\u00f3 a Dios y a todas aquellas personas que estuvieron apoy\u00e1ndolos, acompa\u00f1ando en esta lucha. Gracias infinitas a todas las personas que fueron donantes de sangre, dijo.<\/p>\n\n\n\n<p>Braian tuvo su \u00faltima quimioterapia venosa, sigue con medicaci\u00f3n de mantenimiento con pastillas.Ingreso al Hospital Materno Infantil, esta internado  por un virus respiratorio pero esta mejor.<\/p>\n\n\n\n<p>Felicitamos a Braian , a su mam\u00e1  por este gran logro. <\/p>\n\n\n\n<p>Escucha la entrevista:<\/p>\n\n\n\n<figure class=\"wp-block-audio\"><audio controls src=\"https:\/\/nahuelproducciones.com.ar\/radioquijano\/wp-content\/uploads\/2024\/01\/24-01-2024-Fanny-mama-de-Braian-Orellana-ESTA-VENCIENDO-AL-CANCER.mp3\"><\/audio><\/figure>\n\n\n\n<figure class=\"wp-block-gallery has-nested-images columns-default is-cropped wp-block-gallery-1 is-layout-flex wp-block-gallery-is-layout-flex\">\n<figure class=\"wp-block-image size-large\"><img loading=\"lazy\" decoding=\"async\" width=\"768\" height=\"1024\" data-id=\"7046\" src=\"https:\/\/nahuelproducciones.com.ar\/radioquijano\/wp-content\/uploads\/2024\/01\/420637225_2122321204775814_7011526590377312146_n-768x1024.jpg\" alt=\"\" class=\"wp-image-7046\" srcset=\"https:\/\/nahuelproducciones.com.ar\/radioquijano\/wp-content\/uploads\/2024\/01\/420637225_2122321204775814_7011526590377312146_n-768x1024.jpg 768w, https:\/\/nahuelproducciones.com.ar\/radioquijano\/wp-content\/uploads\/2024\/01\/420637225_2122321204775814_7011526590377312146_n-225x300.jpg 225w, https:\/\/nahuelproducciones.com.ar\/radioquijano\/wp-content\/uploads\/2024\/01\/420637225_2122321204775814_7011526590377312146_n-640x853.jpg 640w, https:\/\/nahuelproducciones.com.ar\/radioquijano\/wp-content\/uploads\/2024\/01\/420637225_2122321204775814_7011526590377312146_n-150x200.jpg 150w, https:\/\/nahuelproducciones.com.ar\/radioquijano\/wp-content\/uploads\/2024\/01\/420637225_2122321204775814_7011526590377312146_n.jpg 960w\" sizes=\"auto, (max-width: 768px) 100vw, 768px\" \/><\/figure>\n\n\n\n<figure class=\"wp-block-image size-large\"><img loading=\"lazy\" decoding=\"async\" width=\"1024\" height=\"462\" data-id=\"7045\" src=\"https:\/\/nahuelproducciones.com.ar\/radioquijano\/wp-content\/uploads\/2024\/01\/420671255_2289536251237451_3807873654172229917_n-1-1024x462.jpg\" alt=\"\" class=\"wp-image-7045\" srcset=\"https:\/\/nahuelproducciones.com.ar\/radioquijano\/wp-content\/uploads\/2024\/01\/420671255_2289536251237451_3807873654172229917_n-1-1024x462.jpg 1024w, https:\/\/nahuelproducciones.com.ar\/radioquijano\/wp-content\/uploads\/2024\/01\/420671255_2289536251237451_3807873654172229917_n-1-300x135.jpg 300w, https:\/\/nahuelproducciones.com.ar\/radioquijano\/wp-content\/uploads\/2024\/01\/420671255_2289536251237451_3807873654172229917_n-1-768x346.jpg 768w, https:\/\/nahuelproducciones.com.ar\/radioquijano\/wp-content\/uploads\/2024\/01\/420671255_2289536251237451_3807873654172229917_n-1-150x68.jpg 150w, https:\/\/nahuelproducciones.com.ar\/radioquijano\/wp-content\/uploads\/2024\/01\/420671255_2289536251237451_3807873654172229917_n-1.jpg 1156w\" sizes=\"auto, (max-width: 1024px) 100vw, 1024px\" \/><\/figure>\n<\/figure>\n","protected":false},"excerpt":{"rendered":"<p>Desde hace varios meses Braian, de 13 a\u00f1os, de Campo Quijano, viene\u00a0librando una dura y larga batalla contra el c\u00e1ncer. RQ99.9Mhz dialogo con su mam\u00e1 Fanny Morales y agradeci\u00f3 estar rodeada de afecto. Fanny agradeci\u00f3 a Dios y a todas aquellas personas que estuvieron apoy\u00e1ndolos, acompa\u00f1ando en esta lucha. Gracias infinitas a todas las personas [&hellip;]<\/p>\n","protected":false},"author":8,"featured_media":7044,"comment_status":"open","ping_status":"open","sticky":false,"template":"","format":"standard","meta":{"_monsterinsights_skip_tracking":false,"_monsterinsights_sitenote_active":false,"_monsterinsights_sitenote_note":"","_monsterinsights_sitenote_category":0,"footnotes":""},"categories":[16],"tags":[997,100,1440],"class_list":["post-7042","post","type-post","status-publish","format-standard","has-post-thumbnail","hentry","category-noticias","tag-braian-orellana","tag-municipio-de-campo-quijano","tag-vencio-al-cancer"],"yoast_head":"<!-- This site is optimized with the Yoast SEO plugin v20.8 - https:\/\/yoast.com\/wordpress\/plugins\/seo\/ -->\n<title>Braian Orellana y su \u00faltima batalla contra el c\u00e1ncer. - RQ 99.9<\/title>\n<meta name=\"description\" content=\"Felicitamos a Braian , a su mam\u00e1 por este gran logro.\" \/>\n<meta name=\"robots\" content=\"index, follow, max-snippet:-1, max-image-preview:large, max-video-preview:-1\" \/>\n<link rel=\"canonical\" href=\"https:\/\/nahuelproducciones.com.ar\/radioquijano\/braian-orellana-y-su-ultima-batalla-contra-el-cancer\/\" \/>\n<meta property=\"og:locale\" content=\"es_ES\" \/>\n<meta property=\"og:type\" content=\"article\" \/>\n<meta property=\"og:title\" content=\"Braian Orellana y su \u00faltima batalla contra el c\u00e1ncer. - RQ 99.9\" \/>\n<meta property=\"og:description\" content=\"Felicitamos a Braian , a su mam\u00e1 por este gran logro.\" \/>\n<meta property=\"og:url\" content=\"https:\/\/nahuelproducciones.com.ar\/radioquijano\/braian-orellana-y-su-ultima-batalla-contra-el-cancer\/\" \/>\n<meta property=\"og:site_name\" content=\"RQ 99.9\" \/>\n<meta property=\"article:publisher\" content=\"https:\/\/www.facebook.com\/nahuelproducciones999\/\" \/>\n<meta property=\"article:published_time\" content=\"2024-01-31T12:58:32+00:00\" \/>\n<meta property=\"article:modified_time\" content=\"2024-01-31T12:58:33+00:00\" \/>\n<meta property=\"og:image\" content=\"https:\/\/nahuelproducciones.com.ar\/radioquijano\/wp-content\/uploads\/2024\/01\/420671255_2289536251237451_3807873654172229917_n-e1706705851227.jpg\" \/>\n\t<meta property=\"og:image:width\" content=\"700\" \/>\n\t<meta property=\"og:image:height\" content=\"315\" \/>\n\t<meta property=\"og:image:type\" content=\"image\/jpeg\" \/>\n<meta name=\"author\" content=\"Cecilia Pastrana\" \/>\n<meta name=\"twitter:card\" content=\"summary_large_image\" \/>\n<meta name=\"twitter:creator\" content=\"@nahuproduciones\" \/>\n<meta name=\"twitter:site\" content=\"@nahuproduciones\" \/>\n<meta name=\"twitter:label1\" content=\"Escrito por\" \/>\n\t<meta name=\"twitter:data1\" content=\"Cecilia Pastrana\" \/>\n\t<meta name=\"twitter:label2\" content=\"Tiempo de lectura\" \/>\n\t<meta name=\"twitter:data2\" content=\"1 minuto\" \/>\n<script type=\"application\/ld+json\" class=\"yoast-schema-graph\">{\"@context\":\"https:\/\/schema.org\",\"@graph\":[{\"@type\":\"WebPage\",\"@id\":\"https:\/\/nahuelproducciones.com.ar\/radioquijano\/braian-orellana-y-su-ultima-batalla-contra-el-cancer\/\",\"url\":\"https:\/\/nahuelproducciones.com.ar\/radioquijano\/braian-orellana-y-su-ultima-batalla-contra-el-cancer\/\",\"name\":\"Braian Orellana y su \u00faltima batalla contra el c\u00e1ncer. - RQ 99.9\",\"isPartOf\":{\"@id\":\"https:\/\/nahuelproducciones.com.ar\/radioquijano\/#website\"},\"datePublished\":\"2024-01-31T12:58:32+00:00\",\"dateModified\":\"2024-01-31T12:58:33+00:00\",\"author\":{\"@id\":\"https:\/\/nahuelproducciones.com.ar\/radioquijano\/#\/schema\/person\/e8a4f939e2cb487fe6d0c54042c9d32c\"},\"description\":\"Felicitamos a Braian , a su mam\u00e1 por este gran logro.\",\"breadcrumb\":{\"@id\":\"https:\/\/nahuelproducciones.com.ar\/radioquijano\/braian-orellana-y-su-ultima-batalla-contra-el-cancer\/#breadcrumb\"},\"inLanguage\":\"es\",\"potentialAction\":[{\"@type\":\"ReadAction\",\"target\":[\"https:\/\/nahuelproducciones.com.ar\/radioquijano\/braian-orellana-y-su-ultima-batalla-contra-el-cancer\/\"]}]},{\"@type\":\"BreadcrumbList\",\"@id\":\"https:\/\/nahuelproducciones.com.ar\/radioquijano\/braian-orellana-y-su-ultima-batalla-contra-el-cancer\/#breadcrumb\",\"itemListElement\":[{\"@type\":\"ListItem\",\"position\":1,\"name\":\"Portada\",\"item\":\"https:\/\/nahuelproducciones.com.ar\/radioquijano\/\"},{\"@type\":\"ListItem\",\"position\":2,\"name\":\"Braian Orellana y su \u00faltima batalla contra el c\u00e1ncer.\"}]},{\"@type\":\"WebSite\",\"@id\":\"https:\/\/nahuelproducciones.com.ar\/radioquijano\/#website\",\"url\":\"https:\/\/nahuelproducciones.com.ar\/radioquijano\/\",\"name\":\"RQ 99.9\",\"description\":\"Radio Quijano 99.9 MHz\",\"potentialAction\":[{\"@type\":\"SearchAction\",\"target\":{\"@type\":\"EntryPoint\",\"urlTemplate\":\"https:\/\/nahuelproducciones.com.ar\/radioquijano\/?s={search_term_string}\"},\"query-input\":\"required name=search_term_string\"}],\"inLanguage\":\"es\"},{\"@type\":\"Person\",\"@id\":\"https:\/\/nahuelproducciones.com.ar\/radioquijano\/#\/schema\/person\/e8a4f939e2cb487fe6d0c54042c9d32c\",\"name\":\"Cecilia Pastrana\",\"image\":{\"@type\":\"ImageObject\",\"inLanguage\":\"es\",\"@id\":\"https:\/\/nahuelproducciones.com.ar\/radioquijano\/#\/schema\/person\/image\/\",\"url\":\"https:\/\/secure.gravatar.com\/avatar\/661a3ef63a8488d4f2794ed44af8cf71420f7e106f3072c40125114df5157749?s=96&d=mm&r=g\",\"contentUrl\":\"https:\/\/secure.gravatar.com\/avatar\/661a3ef63a8488d4f2794ed44af8cf71420f7e106f3072c40125114df5157749?s=96&d=mm&r=g\",\"caption\":\"Cecilia Pastrana\"},\"sameAs\":[\"cecy\"],\"url\":\"https:\/\/nahuelproducciones.com.ar\/radioquijano\/author\/cecy\/\"}]}<\/script>\n<!-- \/ Yoast SEO plugin. -->","yoast_head_json":{"title":"Braian Orellana y su \u00faltima batalla contra el c\u00e1ncer. - RQ 99.9","description":"Felicitamos a Braian , a su mam\u00e1 por este gran logro.","robots":{"index":"index","follow":"follow","max-snippet":"max-snippet:-1","max-image-preview":"max-image-preview:large","max-video-preview":"max-video-preview:-1"},"canonical":"https:\/\/nahuelproducciones.com.ar\/radioquijano\/braian-orellana-y-su-ultima-batalla-contra-el-cancer\/","og_locale":"es_ES","og_type":"article","og_title":"Braian Orellana y su \u00faltima batalla contra el c\u00e1ncer. - RQ 99.9","og_description":"Felicitamos a Braian , a su mam\u00e1 por este gran logro.","og_url":"https:\/\/nahuelproducciones.com.ar\/radioquijano\/braian-orellana-y-su-ultima-batalla-contra-el-cancer\/","og_site_name":"RQ 99.9","article_publisher":"https:\/\/www.facebook.com\/nahuelproducciones999\/","article_published_time":"2024-01-31T12:58:32+00:00","article_modified_time":"2024-01-31T12:58:33+00:00","og_image":[{"width":700,"height":315,"url":"https:\/\/nahuelproducciones.com.ar\/radioquijano\/wp-content\/uploads\/2024\/01\/420671255_2289536251237451_3807873654172229917_n-e1706705851227.jpg","type":"image\/jpeg"}],"author":"Cecilia Pastrana","twitter_card":"summary_large_image","twitter_creator":"@nahuproduciones","twitter_site":"@nahuproduciones","twitter_misc":{"Escrito por":"Cecilia Pastrana","Tiempo de lectura":"1 minuto"},"schema":{"@context":"https:\/\/schema.org","@graph":[{"@type":"WebPage","@id":"https:\/\/nahuelproducciones.com.ar\/radioquijano\/braian-orellana-y-su-ultima-batalla-contra-el-cancer\/","url":"https:\/\/nahuelproducciones.com.ar\/radioquijano\/braian-orellana-y-su-ultima-batalla-contra-el-cancer\/","name":"Braian Orellana y su \u00faltima batalla contra el c\u00e1ncer. - RQ 99.9","isPartOf":{"@id":"https:\/\/nahuelproducciones.com.ar\/radioquijano\/#website"},"datePublished":"2024-01-31T12:58:32+00:00","dateModified":"2024-01-31T12:58:33+00:00","author":{"@id":"https:\/\/nahuelproducciones.com.ar\/radioquijano\/#\/schema\/person\/e8a4f939e2cb487fe6d0c54042c9d32c"},"description":"Felicitamos a Braian , a su mam\u00e1 por este gran logro.","breadcrumb":{"@id":"https:\/\/nahuelproducciones.com.ar\/radioquijano\/braian-orellana-y-su-ultima-batalla-contra-el-cancer\/#breadcrumb"},"inLanguage":"es","potentialAction":[{"@type":"ReadAction","target":["https:\/\/nahuelproducciones.com.ar\/radioquijano\/braian-orellana-y-su-ultima-batalla-contra-el-cancer\/"]}]},{"@type":"BreadcrumbList","@id":"https:\/\/nahuelproducciones.com.ar\/radioquijano\/braian-orellana-y-su-ultima-batalla-contra-el-cancer\/#breadcrumb","itemListElement":[{"@type":"ListItem","position":1,"name":"Portada","item":"https:\/\/nahuelproducciones.com.ar\/radioquijano\/"},{"@type":"ListItem","position":2,"name":"Braian Orellana y su \u00faltima batalla contra el c\u00e1ncer."}]},{"@type":"WebSite","@id":"https:\/\/nahuelproducciones.com.ar\/radioquijano\/#website","url":"https:\/\/nahuelproducciones.com.ar\/radioquijano\/","name":"RQ 99.9","description":"Radio Quijano 99.9 MHz","potentialAction":[{"@type":"SearchAction","target":{"@type":"EntryPoint","urlTemplate":"https:\/\/nahuelproducciones.com.ar\/radioquijano\/?s={search_term_string}"},"query-input":"required name=search_term_string"}],"inLanguage":"es"},{"@type":"Person","@id":"https:\/\/nahuelproducciones.com.ar\/radioquijano\/#\/schema\/person\/e8a4f939e2cb487fe6d0c54042c9d32c","name":"Cecilia Pastrana","image":{"@type":"ImageObject","inLanguage":"es","@id":"https:\/\/nahuelproducciones.com.ar\/radioquijano\/#\/schema\/person\/image\/","url":"https:\/\/secure.gravatar.com\/avatar\/661a3ef63a8488d4f2794ed44af8cf71420f7e106f3072c40125114df5157749?s=96&d=mm&r=g","contentUrl":"https:\/\/secure.gravatar.com\/avatar\/661a3ef63a8488d4f2794ed44af8cf71420f7e106f3072c40125114df5157749?s=96&d=mm&r=g","caption":"Cecilia Pastrana"},"sameAs":["cecy"],"url":"https:\/\/nahuelproducciones.com.ar\/radioquijano\/author\/cecy\/"}]}},"_links":{"self":[{"href":"https:\/\/nahuelproducciones.com.ar\/radioquijano\/wp-json\/wp\/v2\/posts\/7042","targetHints":{"allow":["GET"]}}],"collection":[{"href":"https:\/\/nahuelproducciones.com.ar\/radioquijano\/wp-json\/wp\/v2\/posts"}],"about":[{"href":"https:\/\/nahuelproducciones.com.ar\/radioquijano\/wp-json\/wp\/v2\/types\/post"}],"author":[{"embeddable":true,"href":"https:\/\/nahuelproducciones.com.ar\/radioquijano\/wp-json\/wp\/v2\/users\/8"}],"replies":[{"embeddable":true,"href":"https:\/\/nahuelproducciones.com.ar\/radioquijano\/wp-json\/wp\/v2\/comments?post=7042"}],"version-history":[{"count":1,"href":"https:\/\/nahuelproducciones.com.ar\/radioquijano\/wp-json\/wp\/v2\/posts\/7042\/revisions"}],"predecessor-version":[{"id":7047,"href":"https:\/\/nahuelproducciones.com.ar\/radioquijano\/wp-json\/wp\/v2\/posts\/7042\/revisions\/7047"}],"wp:featuredmedia":[{"embeddable":true,"href":"https:\/\/nahuelproducciones.com.ar\/radioquijano\/wp-json\/wp\/v2\/media\/7044"}],"wp:attachment":[{"href":"https:\/\/nahuelproducciones.com.ar\/radioquijano\/wp-json\/wp\/v2\/media?parent=7042"}],"wp:term":[{"taxonomy":"category","embeddable":true,"href":"https:\/\/nahuelproducciones.com.ar\/radioquijano\/wp-json\/wp\/v2\/categories?post=7042"},{"taxonomy":"post_tag","embeddable":true,"href":"https:\/\/nahuelproducciones.com.ar\/radioquijano\/wp-json\/wp\/v2\/tags?post=7042"}],"curies":[{"name":"wp","href":"https:\/\/api.w.org\/{rel}","templated":true}]}}