{"id":7049,"date":"2024-02-01T01:07:36","date_gmt":"2024-02-01T04:07:36","guid":{"rendered":"https:\/\/nahuelproducciones.com.ar\/radioquijano\/?p=7049"},"modified":"2024-02-01T01:07:37","modified_gmt":"2024-02-01T04:07:37","slug":"en-febrero-inauguraran-el-centro-de-extension-universitaria-en-campo-quijano","status":"publish","type":"post","link":"https:\/\/nahuelproducciones.com.ar\/radioquijano\/en-febrero-inauguraran-el-centro-de-extension-universitaria-en-campo-quijano\/","title":{"rendered":"En febrero inaugurar\u00e1n el Centro de Extensi\u00f3n Universitaria en\u00a0Campo Quijano."},"content":{"rendered":"\n<p>\u00a0Se avanz\u00f3 en la coordinaci\u00f3n del trabajo conjunto para los distintos talleres, capacitaciones y propuestas de formaci\u00f3n que ir\u00e1n destinadas a los j\u00f3venes quijane\u00f1os, entre el Municipio y la UNSA.<\/p>\n\n\n\n<p>RQ99.9Mhz en comunicaci\u00f3n con el Coordinador de los CEUNSA del Interior, Javier Torres Alvarez, cont\u00f3 que por gesti\u00f3n del intendente Lino Yonar se concreto la firma para la  inauguraci\u00f3n del CEUNSA  lo que representa un paso adelante en la creaci\u00f3n de oportunidades para el crecimiento personal y profesional en Campo Quijano.<\/p>\n\n\n\n<p>Record\u00f3 que el objetivo del convenio es generar talleres y propuestas de formaci\u00f3n de calidad acad\u00e9mica para los vecinos del municipio y  la fecha de inauguraci\u00f3n esta  programada para el 16 de febrero.<\/p>\n\n\n\n<p>Escucha la entrevista:<\/p>\n\n\n\n<figure class=\"wp-block-audio\"><audio controls src=\"https:\/\/nahuelproducciones.com.ar\/radioquijano\/wp-content\/uploads\/2024\/02\/25-01-2024-JAVIE-TORREZ-COORDINADOR-DE-CEUNSA.mp3\"><\/audio><\/figure>\n\n\n\n<figure class=\"wp-block-gallery has-nested-images columns-default is-cropped wp-block-gallery-1 is-layout-flex wp-block-gallery-is-layout-flex\">\n<figure class=\"wp-block-image size-large\"><img loading=\"lazy\" decoding=\"async\" width=\"1024\" height=\"768\" data-id=\"7052\" src=\"https:\/\/nahuelproducciones.com.ar\/radioquijano\/wp-content\/uploads\/2024\/02\/420862200_781468684009544_1244530224243373450_n-1024x768.jpg\" alt=\"\" class=\"wp-image-7052\" srcset=\"https:\/\/nahuelproducciones.com.ar\/radioquijano\/wp-content\/uploads\/2024\/02\/420862200_781468684009544_1244530224243373450_n-1024x768.jpg 1024w, https:\/\/nahuelproducciones.com.ar\/radioquijano\/wp-content\/uploads\/2024\/02\/420862200_781468684009544_1244530224243373450_n-300x225.jpg 300w, https:\/\/nahuelproducciones.com.ar\/radioquijano\/wp-content\/uploads\/2024\/02\/420862200_781468684009544_1244530224243373450_n-768x576.jpg 768w, https:\/\/nahuelproducciones.com.ar\/radioquijano\/wp-content\/uploads\/2024\/02\/420862200_781468684009544_1244530224243373450_n-1536x1152.jpg 1536w, https:\/\/nahuelproducciones.com.ar\/radioquijano\/wp-content\/uploads\/2024\/02\/420862200_781468684009544_1244530224243373450_n-150x113.jpg 150w, https:\/\/nahuelproducciones.com.ar\/radioquijano\/wp-content\/uploads\/2024\/02\/420862200_781468684009544_1244530224243373450_n.jpg 2048w\" sizes=\"auto, (max-width: 1024px) 100vw, 1024px\" \/><\/figure>\n\n\n\n<figure class=\"wp-block-image size-large\"><img loading=\"lazy\" decoding=\"async\" width=\"1024\" height=\"768\" data-id=\"7051\" src=\"https:\/\/nahuelproducciones.com.ar\/radioquijano\/wp-content\/uploads\/2024\/02\/420887308_781468970676182_4988005687835758248_n-1024x768.jpg\" alt=\"\" class=\"wp-image-7051\" srcset=\"https:\/\/nahuelproducciones.com.ar\/radioquijano\/wp-content\/uploads\/2024\/02\/420887308_781468970676182_4988005687835758248_n-1024x768.jpg 1024w, https:\/\/nahuelproducciones.com.ar\/radioquijano\/wp-content\/uploads\/2024\/02\/420887308_781468970676182_4988005687835758248_n-300x225.jpg 300w, https:\/\/nahuelproducciones.com.ar\/radioquijano\/wp-content\/uploads\/2024\/02\/420887308_781468970676182_4988005687835758248_n-768x576.jpg 768w, https:\/\/nahuelproducciones.com.ar\/radioquijano\/wp-content\/uploads\/2024\/02\/420887308_781468970676182_4988005687835758248_n-1536x1152.jpg 1536w, https:\/\/nahuelproducciones.com.ar\/radioquijano\/wp-content\/uploads\/2024\/02\/420887308_781468970676182_4988005687835758248_n-150x113.jpg 150w, https:\/\/nahuelproducciones.com.ar\/radioquijano\/wp-content\/uploads\/2024\/02\/420887308_781468970676182_4988005687835758248_n.jpg 2048w\" sizes=\"auto, (max-width: 1024px) 100vw, 1024px\" \/><\/figure>\n<\/figure>\n","protected":false},"excerpt":{"rendered":"<p>\u00a0Se avanz\u00f3 en la coordinaci\u00f3n del trabajo conjunto para los distintos talleres, capacitaciones y propuestas de formaci\u00f3n que ir\u00e1n destinadas a los j\u00f3venes quijane\u00f1os, entre el Municipio y la UNSA. RQ99.9Mhz en comunicaci\u00f3n con el Coordinador de los CEUNSA del Interior, Javier Torres Alvarez, cont\u00f3 que por gesti\u00f3n del intendente Lino Yonar se concreto la [&hellip;]<\/p>\n","protected":false},"author":8,"featured_media":7052,"comment_status":"open","ping_status":"open","sticky":false,"template":"","format":"standard","meta":{"_monsterinsights_skip_tracking":false,"_monsterinsights_sitenote_active":false,"_monsterinsights_sitenote_note":"","_monsterinsights_sitenote_category":0,"footnotes":""},"categories":[16],"tags":[1441,100],"class_list":["post-7049","post","type-post","status-publish","format-standard","has-post-thumbnail","hentry","category-noticias","tag-centro-de-extension-universitaria","tag-municipio-de-campo-quijano"],"yoast_head":"<!-- This site is optimized with the Yoast SEO plugin v20.8 - https:\/\/yoast.com\/wordpress\/plugins\/seo\/ -->\n<title>En febrero inaugurar\u00e1n el Centro de Extensi\u00f3n Universitaria en\u00a0Campo Quijano. - RQ 99.9<\/title>\n<meta name=\"description\" content=\"La fecha de inauguraci\u00f3n esta programada para el 16 de febrero.\" \/>\n<meta name=\"robots\" content=\"index, follow, max-snippet:-1, max-image-preview:large, max-video-preview:-1\" \/>\n<link rel=\"canonical\" href=\"https:\/\/nahuelproducciones.com.ar\/radioquijano\/en-febrero-inauguraran-el-centro-de-extension-universitaria-en-campo-quijano\/\" \/>\n<meta property=\"og:locale\" content=\"es_ES\" \/>\n<meta property=\"og:type\" content=\"article\" \/>\n<meta property=\"og:title\" content=\"En febrero inaugurar\u00e1n el Centro de Extensi\u00f3n Universitaria en\u00a0Campo Quijano. - RQ 99.9\" \/>\n<meta property=\"og:description\" content=\"La fecha de inauguraci\u00f3n esta programada para el 16 de febrero.\" \/>\n<meta property=\"og:url\" content=\"https:\/\/nahuelproducciones.com.ar\/radioquijano\/en-febrero-inauguraran-el-centro-de-extension-universitaria-en-campo-quijano\/\" \/>\n<meta property=\"og:site_name\" content=\"RQ 99.9\" \/>\n<meta property=\"article:publisher\" content=\"https:\/\/www.facebook.com\/nahuelproducciones999\/\" \/>\n<meta property=\"article:published_time\" content=\"2024-02-01T04:07:36+00:00\" \/>\n<meta property=\"article:modified_time\" content=\"2024-02-01T04:07:37+00:00\" \/>\n<meta property=\"og:image\" content=\"https:\/\/nahuelproducciones.com.ar\/radioquijano\/wp-content\/uploads\/2024\/02\/420862200_781468684009544_1244530224243373450_n.jpg\" \/>\n\t<meta property=\"og:image:width\" content=\"2048\" \/>\n\t<meta property=\"og:image:height\" content=\"1536\" \/>\n\t<meta property=\"og:image:type\" content=\"image\/jpeg\" \/>\n<meta name=\"author\" content=\"Cecilia Pastrana\" \/>\n<meta name=\"twitter:card\" content=\"summary_large_image\" \/>\n<meta name=\"twitter:creator\" content=\"@nahuproduciones\" \/>\n<meta name=\"twitter:site\" content=\"@nahuproduciones\" \/>\n<meta name=\"twitter:label1\" content=\"Escrito por\" \/>\n\t<meta name=\"twitter:data1\" content=\"Cecilia Pastrana\" \/>\n\t<meta name=\"twitter:label2\" content=\"Tiempo de lectura\" \/>\n\t<meta name=\"twitter:data2\" content=\"1 minuto\" \/>\n<script type=\"application\/ld+json\" class=\"yoast-schema-graph\">{\"@context\":\"https:\/\/schema.org\",\"@graph\":[{\"@type\":\"WebPage\",\"@id\":\"https:\/\/nahuelproducciones.com.ar\/radioquijano\/en-febrero-inauguraran-el-centro-de-extension-universitaria-en-campo-quijano\/\",\"url\":\"https:\/\/nahuelproducciones.com.ar\/radioquijano\/en-febrero-inauguraran-el-centro-de-extension-universitaria-en-campo-quijano\/\",\"name\":\"En febrero inaugurar\u00e1n el Centro de Extensi\u00f3n Universitaria en\u00a0Campo Quijano. - RQ 99.9\",\"isPartOf\":{\"@id\":\"https:\/\/nahuelproducciones.com.ar\/radioquijano\/#website\"},\"datePublished\":\"2024-02-01T04:07:36+00:00\",\"dateModified\":\"2024-02-01T04:07:37+00:00\",\"author\":{\"@id\":\"https:\/\/nahuelproducciones.com.ar\/radioquijano\/#\/schema\/person\/e8a4f939e2cb487fe6d0c54042c9d32c\"},\"description\":\"La fecha de inauguraci\u00f3n esta programada para el 16 de febrero.\",\"breadcrumb\":{\"@id\":\"https:\/\/nahuelproducciones.com.ar\/radioquijano\/en-febrero-inauguraran-el-centro-de-extension-universitaria-en-campo-quijano\/#breadcrumb\"},\"inLanguage\":\"es\",\"potentialAction\":[{\"@type\":\"ReadAction\",\"target\":[\"https:\/\/nahuelproducciones.com.ar\/radioquijano\/en-febrero-inauguraran-el-centro-de-extension-universitaria-en-campo-quijano\/\"]}]},{\"@type\":\"BreadcrumbList\",\"@id\":\"https:\/\/nahuelproducciones.com.ar\/radioquijano\/en-febrero-inauguraran-el-centro-de-extension-universitaria-en-campo-quijano\/#breadcrumb\",\"itemListElement\":[{\"@type\":\"ListItem\",\"position\":1,\"name\":\"Portada\",\"item\":\"https:\/\/nahuelproducciones.com.ar\/radioquijano\/\"},{\"@type\":\"ListItem\",\"position\":2,\"name\":\"En febrero inaugurar\u00e1n el Centro de Extensi\u00f3n Universitaria en\u00a0Campo Quijano.\"}]},{\"@type\":\"WebSite\",\"@id\":\"https:\/\/nahuelproducciones.com.ar\/radioquijano\/#website\",\"url\":\"https:\/\/nahuelproducciones.com.ar\/radioquijano\/\",\"name\":\"RQ 99.9\",\"description\":\"Radio Quijano 99.9 MHz\",\"potentialAction\":[{\"@type\":\"SearchAction\",\"target\":{\"@type\":\"EntryPoint\",\"urlTemplate\":\"https:\/\/nahuelproducciones.com.ar\/radioquijano\/?s={search_term_string}\"},\"query-input\":\"required name=search_term_string\"}],\"inLanguage\":\"es\"},{\"@type\":\"Person\",\"@id\":\"https:\/\/nahuelproducciones.com.ar\/radioquijano\/#\/schema\/person\/e8a4f939e2cb487fe6d0c54042c9d32c\",\"name\":\"Cecilia Pastrana\",\"image\":{\"@type\":\"ImageObject\",\"inLanguage\":\"es\",\"@id\":\"https:\/\/nahuelproducciones.com.ar\/radioquijano\/#\/schema\/person\/image\/\",\"url\":\"https:\/\/secure.gravatar.com\/avatar\/661a3ef63a8488d4f2794ed44af8cf71420f7e106f3072c40125114df5157749?s=96&d=mm&r=g\",\"contentUrl\":\"https:\/\/secure.gravatar.com\/avatar\/661a3ef63a8488d4f2794ed44af8cf71420f7e106f3072c40125114df5157749?s=96&d=mm&r=g\",\"caption\":\"Cecilia Pastrana\"},\"sameAs\":[\"cecy\"],\"url\":\"https:\/\/nahuelproducciones.com.ar\/radioquijano\/author\/cecy\/\"}]}<\/script>\n<!-- \/ Yoast SEO plugin. -->","yoast_head_json":{"title":"En febrero inaugurar\u00e1n el Centro de Extensi\u00f3n Universitaria en\u00a0Campo Quijano. - RQ 99.9","description":"La fecha de inauguraci\u00f3n esta programada para el 16 de febrero.","robots":{"index":"index","follow":"follow","max-snippet":"max-snippet:-1","max-image-preview":"max-image-preview:large","max-video-preview":"max-video-preview:-1"},"canonical":"https:\/\/nahuelproducciones.com.ar\/radioquijano\/en-febrero-inauguraran-el-centro-de-extension-universitaria-en-campo-quijano\/","og_locale":"es_ES","og_type":"article","og_title":"En febrero inaugurar\u00e1n el Centro de Extensi\u00f3n Universitaria en\u00a0Campo Quijano. - RQ 99.9","og_description":"La fecha de inauguraci\u00f3n esta programada para el 16 de febrero.","og_url":"https:\/\/nahuelproducciones.com.ar\/radioquijano\/en-febrero-inauguraran-el-centro-de-extension-universitaria-en-campo-quijano\/","og_site_name":"RQ 99.9","article_publisher":"https:\/\/www.facebook.com\/nahuelproducciones999\/","article_published_time":"2024-02-01T04:07:36+00:00","article_modified_time":"2024-02-01T04:07:37+00:00","og_image":[{"width":2048,"height":1536,"url":"https:\/\/nahuelproducciones.com.ar\/radioquijano\/wp-content\/uploads\/2024\/02\/420862200_781468684009544_1244530224243373450_n.jpg","type":"image\/jpeg"}],"author":"Cecilia Pastrana","twitter_card":"summary_large_image","twitter_creator":"@nahuproduciones","twitter_site":"@nahuproduciones","twitter_misc":{"Escrito por":"Cecilia Pastrana","Tiempo de lectura":"1 minuto"},"schema":{"@context":"https:\/\/schema.org","@graph":[{"@type":"WebPage","@id":"https:\/\/nahuelproducciones.com.ar\/radioquijano\/en-febrero-inauguraran-el-centro-de-extension-universitaria-en-campo-quijano\/","url":"https:\/\/nahuelproducciones.com.ar\/radioquijano\/en-febrero-inauguraran-el-centro-de-extension-universitaria-en-campo-quijano\/","name":"En febrero inaugurar\u00e1n el Centro de Extensi\u00f3n Universitaria en\u00a0Campo Quijano. - RQ 99.9","isPartOf":{"@id":"https:\/\/nahuelproducciones.com.ar\/radioquijano\/#website"},"datePublished":"2024-02-01T04:07:36+00:00","dateModified":"2024-02-01T04:07:37+00:00","author":{"@id":"https:\/\/nahuelproducciones.com.ar\/radioquijano\/#\/schema\/person\/e8a4f939e2cb487fe6d0c54042c9d32c"},"description":"La fecha de inauguraci\u00f3n esta programada para el 16 de febrero.","breadcrumb":{"@id":"https:\/\/nahuelproducciones.com.ar\/radioquijano\/en-febrero-inauguraran-el-centro-de-extension-universitaria-en-campo-quijano\/#breadcrumb"},"inLanguage":"es","potentialAction":[{"@type":"ReadAction","target":["https:\/\/nahuelproducciones.com.ar\/radioquijano\/en-febrero-inauguraran-el-centro-de-extension-universitaria-en-campo-quijano\/"]}]},{"@type":"BreadcrumbList","@id":"https:\/\/nahuelproducciones.com.ar\/radioquijano\/en-febrero-inauguraran-el-centro-de-extension-universitaria-en-campo-quijano\/#breadcrumb","itemListElement":[{"@type":"ListItem","position":1,"name":"Portada","item":"https:\/\/nahuelproducciones.com.ar\/radioquijano\/"},{"@type":"ListItem","position":2,"name":"En febrero inaugurar\u00e1n el Centro de Extensi\u00f3n Universitaria en\u00a0Campo Quijano."}]},{"@type":"WebSite","@id":"https:\/\/nahuelproducciones.com.ar\/radioquijano\/#website","url":"https:\/\/nahuelproducciones.com.ar\/radioquijano\/","name":"RQ 99.9","description":"Radio Quijano 99.9 MHz","potentialAction":[{"@type":"SearchAction","target":{"@type":"EntryPoint","urlTemplate":"https:\/\/nahuelproducciones.com.ar\/radioquijano\/?s={search_term_string}"},"query-input":"required name=search_term_string"}],"inLanguage":"es"},{"@type":"Person","@id":"https:\/\/nahuelproducciones.com.ar\/radioquijano\/#\/schema\/person\/e8a4f939e2cb487fe6d0c54042c9d32c","name":"Cecilia Pastrana","image":{"@type":"ImageObject","inLanguage":"es","@id":"https:\/\/nahuelproducciones.com.ar\/radioquijano\/#\/schema\/person\/image\/","url":"https:\/\/secure.gravatar.com\/avatar\/661a3ef63a8488d4f2794ed44af8cf71420f7e106f3072c40125114df5157749?s=96&d=mm&r=g","contentUrl":"https:\/\/secure.gravatar.com\/avatar\/661a3ef63a8488d4f2794ed44af8cf71420f7e106f3072c40125114df5157749?s=96&d=mm&r=g","caption":"Cecilia Pastrana"},"sameAs":["cecy"],"url":"https:\/\/nahuelproducciones.com.ar\/radioquijano\/author\/cecy\/"}]}},"_links":{"self":[{"href":"https:\/\/nahuelproducciones.com.ar\/radioquijano\/wp-json\/wp\/v2\/posts\/7049","targetHints":{"allow":["GET"]}}],"collection":[{"href":"https:\/\/nahuelproducciones.com.ar\/radioquijano\/wp-json\/wp\/v2\/posts"}],"about":[{"href":"https:\/\/nahuelproducciones.com.ar\/radioquijano\/wp-json\/wp\/v2\/types\/post"}],"author":[{"embeddable":true,"href":"https:\/\/nahuelproducciones.com.ar\/radioquijano\/wp-json\/wp\/v2\/users\/8"}],"replies":[{"embeddable":true,"href":"https:\/\/nahuelproducciones.com.ar\/radioquijano\/wp-json\/wp\/v2\/comments?post=7049"}],"version-history":[{"count":1,"href":"https:\/\/nahuelproducciones.com.ar\/radioquijano\/wp-json\/wp\/v2\/posts\/7049\/revisions"}],"predecessor-version":[{"id":7053,"href":"https:\/\/nahuelproducciones.com.ar\/radioquijano\/wp-json\/wp\/v2\/posts\/7049\/revisions\/7053"}],"wp:featuredmedia":[{"embeddable":true,"href":"https:\/\/nahuelproducciones.com.ar\/radioquijano\/wp-json\/wp\/v2\/media\/7052"}],"wp:attachment":[{"href":"https:\/\/nahuelproducciones.com.ar\/radioquijano\/wp-json\/wp\/v2\/media?parent=7049"}],"wp:term":[{"taxonomy":"category","embeddable":true,"href":"https:\/\/nahuelproducciones.com.ar\/radioquijano\/wp-json\/wp\/v2\/categories?post=7049"},{"taxonomy":"post_tag","embeddable":true,"href":"https:\/\/nahuelproducciones.com.ar\/radioquijano\/wp-json\/wp\/v2\/tags?post=7049"}],"curies":[{"name":"wp","href":"https:\/\/api.w.org\/{rel}","templated":true}]}}