{"id":7054,"date":"2024-02-01T01:24:27","date_gmt":"2024-02-01T04:24:27","guid":{"rendered":"https:\/\/nahuelproducciones.com.ar\/radioquijano\/?p=7054"},"modified":"2024-02-01T01:24:28","modified_gmt":"2024-02-01T04:24:28","slug":"tras-las-huellas-de-la-chicha-en-el-qhapaq-nan","status":"publish","type":"post","link":"https:\/\/nahuelproducciones.com.ar\/radioquijano\/tras-las-huellas-de-la-chicha-en-el-qhapaq-nan\/","title":{"rendered":"TRAS LAS HUELLAS DE LA CHICHA EN EL QHAPAQ \u00d1AN"},"content":{"rendered":"\n<p>El Director de Cultura de Campo Quijano, Javier Gonzalez, en comunicaci\u00f3n telef\u00f3nica con RQ99.9Mhz invita a todos a vivir la experiencia de las actividades que se realizar\u00e1n en la Casa de la Cultura desde el 31 de Enero al 04 de Febrero.<\/p>\n\n\n\n<p>Cont\u00f3 que se realizar\u00e1n jornadas de revalorizaci\u00f3n de la chicha, transmitiendo el legado tan ancestral de su proceso.<\/p>\n\n\n\n<p>Las actividades son organizadas por la Direcci\u00f3n de Cultura, junto a la Secretaria de Cultura de la Provincia, al MAAM, Qhapaq \u00d1an Argentina y el Consejo de Tastil, para adultos y ni\u00f1os.<\/p>\n\n\n\n<p>Desde el 31 de enero las actividades se realizar\u00e1n en la Casa de la Cultura de la Municipalidad de Campo Quijano , en Plaza Mart\u00edn Fierro y en el Predio de los Artesanos.<\/p>\n\n\n\n<p>La invitaci\u00f3n para todos en general , son actividades libres y gratuitas .<\/p>\n\n\n\n<p>Escucha la entrevista:<\/p>\n\n\n\n<figure class=\"wp-block-audio\"><audio controls src=\"https:\/\/nahuelproducciones.com.ar\/radioquijano\/wp-content\/uploads\/2024\/02\/30-01-2024-DIRECTOR-DE-CULTURA-JAVIE-GOZALESZ-TEMA-TRAS-LAS-HUELLAS-DE-LA-CHICHA-EN-EL-QHAPAQ-NAN-.mp3\"><\/audio><\/figure>\n\n\n\n<figure class=\"wp-block-gallery has-nested-images columns-default is-cropped wp-block-gallery-1 is-layout-flex wp-block-gallery-is-layout-flex\">\n<figure class=\"wp-block-image size-large\"><img loading=\"lazy\" decoding=\"async\" width=\"480\" height=\"600\" data-id=\"7057\" src=\"https:\/\/nahuelproducciones.com.ar\/radioquijano\/wp-content\/uploads\/2024\/02\/422924333_785905973565815_6120461253194803862_n.jpg\" alt=\"\" class=\"wp-image-7057\" srcset=\"https:\/\/nahuelproducciones.com.ar\/radioquijano\/wp-content\/uploads\/2024\/02\/422924333_785905973565815_6120461253194803862_n.jpg 480w, https:\/\/nahuelproducciones.com.ar\/radioquijano\/wp-content\/uploads\/2024\/02\/422924333_785905973565815_6120461253194803862_n-240x300.jpg 240w, https:\/\/nahuelproducciones.com.ar\/radioquijano\/wp-content\/uploads\/2024\/02\/422924333_785905973565815_6120461253194803862_n-150x188.jpg 150w\" sizes=\"auto, (max-width: 480px) 100vw, 480px\" \/><\/figure>\n\n\n\n<figure class=\"wp-block-image size-large\"><img loading=\"lazy\" decoding=\"async\" width=\"480\" height=\"600\" data-id=\"7058\" src=\"https:\/\/nahuelproducciones.com.ar\/radioquijano\/wp-content\/uploads\/2024\/02\/422895518_785906023565810_5773905878129743006_n.jpg\" alt=\"\" class=\"wp-image-7058\" srcset=\"https:\/\/nahuelproducciones.com.ar\/radioquijano\/wp-content\/uploads\/2024\/02\/422895518_785906023565810_5773905878129743006_n.jpg 480w, https:\/\/nahuelproducciones.com.ar\/radioquijano\/wp-content\/uploads\/2024\/02\/422895518_785906023565810_5773905878129743006_n-240x300.jpg 240w, https:\/\/nahuelproducciones.com.ar\/radioquijano\/wp-content\/uploads\/2024\/02\/422895518_785906023565810_5773905878129743006_n-150x188.jpg 150w\" sizes=\"auto, (max-width: 480px) 100vw, 480px\" \/><\/figure>\n\n\n\n<figure class=\"wp-block-image size-large\"><img loading=\"lazy\" decoding=\"async\" width=\"819\" height=\"1024\" data-id=\"7059\" src=\"https:\/\/nahuelproducciones.com.ar\/radioquijano\/wp-content\/uploads\/2024\/02\/422924040_785906046899141_2314061562264801608_n-819x1024.jpg\" alt=\"\" class=\"wp-image-7059\" srcset=\"https:\/\/nahuelproducciones.com.ar\/radioquijano\/wp-content\/uploads\/2024\/02\/422924040_785906046899141_2314061562264801608_n-819x1024.jpg 819w, https:\/\/nahuelproducciones.com.ar\/radioquijano\/wp-content\/uploads\/2024\/02\/422924040_785906046899141_2314061562264801608_n-240x300.jpg 240w, https:\/\/nahuelproducciones.com.ar\/radioquijano\/wp-content\/uploads\/2024\/02\/422924040_785906046899141_2314061562264801608_n-768x960.jpg 768w, https:\/\/nahuelproducciones.com.ar\/radioquijano\/wp-content\/uploads\/2024\/02\/422924040_785906046899141_2314061562264801608_n-150x188.jpg 150w, https:\/\/nahuelproducciones.com.ar\/radioquijano\/wp-content\/uploads\/2024\/02\/422924040_785906046899141_2314061562264801608_n.jpg 1080w\" sizes=\"auto, (max-width: 819px) 100vw, 819px\" \/><\/figure>\n<\/figure>\n","protected":false},"excerpt":{"rendered":"<p>El Director de Cultura de Campo Quijano, Javier Gonzalez, en comunicaci\u00f3n telef\u00f3nica con RQ99.9Mhz invita a todos a vivir la experiencia de las actividades que se realizar\u00e1n en la Casa de la Cultura desde el 31 de Enero al 04 de Febrero. Cont\u00f3 que se realizar\u00e1n jornadas de revalorizaci\u00f3n de la chicha, transmitiendo el legado [&hellip;]<\/p>\n","protected":false},"author":8,"featured_media":7060,"comment_status":"open","ping_status":"open","sticky":false,"template":"","format":"standard","meta":{"_monsterinsights_skip_tracking":false,"_monsterinsights_sitenote_active":false,"_monsterinsights_sitenote_note":"","_monsterinsights_sitenote_category":0,"footnotes":""},"categories":[16],"tags":[100,1442],"class_list":["post-7054","post","type-post","status-publish","format-standard","has-post-thumbnail","hentry","category-noticias","tag-municipio-de-campo-quijano","tag-tras-las-huellas-de-la-chicha-en-el-qhapaq-nan"],"yoast_head":"<!-- This site is optimized with the Yoast SEO plugin v20.8 - https:\/\/yoast.com\/wordpress\/plugins\/seo\/ -->\n<title>TRAS LAS HUELLAS DE LA CHICHA EN EL QHAPAQ \u00d1AN - RQ 99.9<\/title>\n<meta name=\"description\" content=\"Las actividades se realizar\u00e1n en la Casa de la Cultura desde el 31 de Enero al 04 de Febrero.\" \/>\n<meta name=\"robots\" content=\"index, follow, max-snippet:-1, max-image-preview:large, max-video-preview:-1\" \/>\n<link rel=\"canonical\" href=\"https:\/\/nahuelproducciones.com.ar\/radioquijano\/tras-las-huellas-de-la-chicha-en-el-qhapaq-nan\/\" \/>\n<meta property=\"og:locale\" content=\"es_ES\" \/>\n<meta property=\"og:type\" content=\"article\" \/>\n<meta property=\"og:title\" content=\"TRAS LAS HUELLAS DE LA CHICHA EN EL QHAPAQ \u00d1AN - RQ 99.9\" \/>\n<meta property=\"og:description\" content=\"Las actividades se realizar\u00e1n en la Casa de la Cultura desde el 31 de Enero al 04 de Febrero.\" \/>\n<meta property=\"og:url\" content=\"https:\/\/nahuelproducciones.com.ar\/radioquijano\/tras-las-huellas-de-la-chicha-en-el-qhapaq-nan\/\" \/>\n<meta property=\"og:site_name\" content=\"RQ 99.9\" \/>\n<meta property=\"article:publisher\" content=\"https:\/\/www.facebook.com\/nahuelproducciones999\/\" \/>\n<meta property=\"article:published_time\" content=\"2024-02-01T04:24:27+00:00\" \/>\n<meta property=\"article:modified_time\" content=\"2024-02-01T04:24:28+00:00\" \/>\n<meta property=\"og:image\" content=\"https:\/\/nahuelproducciones.com.ar\/radioquijano\/wp-content\/uploads\/2024\/02\/422924333_785905973565815_6120461253194803862_n-1.jpg\" \/>\n\t<meta property=\"og:image:width\" content=\"480\" \/>\n\t<meta property=\"og:image:height\" content=\"377\" \/>\n\t<meta property=\"og:image:type\" content=\"image\/jpeg\" \/>\n<meta name=\"author\" content=\"Cecilia Pastrana\" \/>\n<meta name=\"twitter:card\" content=\"summary_large_image\" \/>\n<meta name=\"twitter:creator\" content=\"@nahuproduciones\" \/>\n<meta name=\"twitter:site\" content=\"@nahuproduciones\" \/>\n<meta name=\"twitter:label1\" content=\"Escrito por\" \/>\n\t<meta name=\"twitter:data1\" content=\"Cecilia Pastrana\" \/>\n\t<meta name=\"twitter:label2\" content=\"Tiempo de lectura\" \/>\n\t<meta name=\"twitter:data2\" content=\"2 minutos\" \/>\n<script type=\"application\/ld+json\" class=\"yoast-schema-graph\">{\"@context\":\"https:\/\/schema.org\",\"@graph\":[{\"@type\":\"WebPage\",\"@id\":\"https:\/\/nahuelproducciones.com.ar\/radioquijano\/tras-las-huellas-de-la-chicha-en-el-qhapaq-nan\/\",\"url\":\"https:\/\/nahuelproducciones.com.ar\/radioquijano\/tras-las-huellas-de-la-chicha-en-el-qhapaq-nan\/\",\"name\":\"TRAS LAS HUELLAS DE LA CHICHA EN EL QHAPAQ \u00d1AN - RQ 99.9\",\"isPartOf\":{\"@id\":\"https:\/\/nahuelproducciones.com.ar\/radioquijano\/#website\"},\"datePublished\":\"2024-02-01T04:24:27+00:00\",\"dateModified\":\"2024-02-01T04:24:28+00:00\",\"author\":{\"@id\":\"https:\/\/nahuelproducciones.com.ar\/radioquijano\/#\/schema\/person\/e8a4f939e2cb487fe6d0c54042c9d32c\"},\"description\":\"Las actividades se realizar\u00e1n en la Casa de la Cultura desde el 31 de Enero al 04 de Febrero.\",\"breadcrumb\":{\"@id\":\"https:\/\/nahuelproducciones.com.ar\/radioquijano\/tras-las-huellas-de-la-chicha-en-el-qhapaq-nan\/#breadcrumb\"},\"inLanguage\":\"es\",\"potentialAction\":[{\"@type\":\"ReadAction\",\"target\":[\"https:\/\/nahuelproducciones.com.ar\/radioquijano\/tras-las-huellas-de-la-chicha-en-el-qhapaq-nan\/\"]}]},{\"@type\":\"BreadcrumbList\",\"@id\":\"https:\/\/nahuelproducciones.com.ar\/radioquijano\/tras-las-huellas-de-la-chicha-en-el-qhapaq-nan\/#breadcrumb\",\"itemListElement\":[{\"@type\":\"ListItem\",\"position\":1,\"name\":\"Portada\",\"item\":\"https:\/\/nahuelproducciones.com.ar\/radioquijano\/\"},{\"@type\":\"ListItem\",\"position\":2,\"name\":\"TRAS LAS HUELLAS DE LA CHICHA EN EL QHAPAQ \u00d1AN\"}]},{\"@type\":\"WebSite\",\"@id\":\"https:\/\/nahuelproducciones.com.ar\/radioquijano\/#website\",\"url\":\"https:\/\/nahuelproducciones.com.ar\/radioquijano\/\",\"name\":\"RQ 99.9\",\"description\":\"Radio Quijano 99.9 MHz\",\"potentialAction\":[{\"@type\":\"SearchAction\",\"target\":{\"@type\":\"EntryPoint\",\"urlTemplate\":\"https:\/\/nahuelproducciones.com.ar\/radioquijano\/?s={search_term_string}\"},\"query-input\":\"required name=search_term_string\"}],\"inLanguage\":\"es\"},{\"@type\":\"Person\",\"@id\":\"https:\/\/nahuelproducciones.com.ar\/radioquijano\/#\/schema\/person\/e8a4f939e2cb487fe6d0c54042c9d32c\",\"name\":\"Cecilia Pastrana\",\"image\":{\"@type\":\"ImageObject\",\"inLanguage\":\"es\",\"@id\":\"https:\/\/nahuelproducciones.com.ar\/radioquijano\/#\/schema\/person\/image\/\",\"url\":\"https:\/\/secure.gravatar.com\/avatar\/661a3ef63a8488d4f2794ed44af8cf71420f7e106f3072c40125114df5157749?s=96&d=mm&r=g\",\"contentUrl\":\"https:\/\/secure.gravatar.com\/avatar\/661a3ef63a8488d4f2794ed44af8cf71420f7e106f3072c40125114df5157749?s=96&d=mm&r=g\",\"caption\":\"Cecilia Pastrana\"},\"sameAs\":[\"cecy\"],\"url\":\"https:\/\/nahuelproducciones.com.ar\/radioquijano\/author\/cecy\/\"}]}<\/script>\n<!-- \/ Yoast SEO plugin. -->","yoast_head_json":{"title":"TRAS LAS HUELLAS DE LA CHICHA EN EL QHAPAQ \u00d1AN - RQ 99.9","description":"Las actividades se realizar\u00e1n en la Casa de la Cultura desde el 31 de Enero al 04 de Febrero.","robots":{"index":"index","follow":"follow","max-snippet":"max-snippet:-1","max-image-preview":"max-image-preview:large","max-video-preview":"max-video-preview:-1"},"canonical":"https:\/\/nahuelproducciones.com.ar\/radioquijano\/tras-las-huellas-de-la-chicha-en-el-qhapaq-nan\/","og_locale":"es_ES","og_type":"article","og_title":"TRAS LAS HUELLAS DE LA CHICHA EN EL QHAPAQ \u00d1AN - RQ 99.9","og_description":"Las actividades se realizar\u00e1n en la Casa de la Cultura desde el 31 de Enero al 04 de Febrero.","og_url":"https:\/\/nahuelproducciones.com.ar\/radioquijano\/tras-las-huellas-de-la-chicha-en-el-qhapaq-nan\/","og_site_name":"RQ 99.9","article_publisher":"https:\/\/www.facebook.com\/nahuelproducciones999\/","article_published_time":"2024-02-01T04:24:27+00:00","article_modified_time":"2024-02-01T04:24:28+00:00","og_image":[{"width":480,"height":377,"url":"https:\/\/nahuelproducciones.com.ar\/radioquijano\/wp-content\/uploads\/2024\/02\/422924333_785905973565815_6120461253194803862_n-1.jpg","type":"image\/jpeg"}],"author":"Cecilia Pastrana","twitter_card":"summary_large_image","twitter_creator":"@nahuproduciones","twitter_site":"@nahuproduciones","twitter_misc":{"Escrito por":"Cecilia Pastrana","Tiempo de lectura":"2 minutos"},"schema":{"@context":"https:\/\/schema.org","@graph":[{"@type":"WebPage","@id":"https:\/\/nahuelproducciones.com.ar\/radioquijano\/tras-las-huellas-de-la-chicha-en-el-qhapaq-nan\/","url":"https:\/\/nahuelproducciones.com.ar\/radioquijano\/tras-las-huellas-de-la-chicha-en-el-qhapaq-nan\/","name":"TRAS LAS HUELLAS DE LA CHICHA EN EL QHAPAQ \u00d1AN - RQ 99.9","isPartOf":{"@id":"https:\/\/nahuelproducciones.com.ar\/radioquijano\/#website"},"datePublished":"2024-02-01T04:24:27+00:00","dateModified":"2024-02-01T04:24:28+00:00","author":{"@id":"https:\/\/nahuelproducciones.com.ar\/radioquijano\/#\/schema\/person\/e8a4f939e2cb487fe6d0c54042c9d32c"},"description":"Las actividades se realizar\u00e1n en la Casa de la Cultura desde el 31 de Enero al 04 de Febrero.","breadcrumb":{"@id":"https:\/\/nahuelproducciones.com.ar\/radioquijano\/tras-las-huellas-de-la-chicha-en-el-qhapaq-nan\/#breadcrumb"},"inLanguage":"es","potentialAction":[{"@type":"ReadAction","target":["https:\/\/nahuelproducciones.com.ar\/radioquijano\/tras-las-huellas-de-la-chicha-en-el-qhapaq-nan\/"]}]},{"@type":"BreadcrumbList","@id":"https:\/\/nahuelproducciones.com.ar\/radioquijano\/tras-las-huellas-de-la-chicha-en-el-qhapaq-nan\/#breadcrumb","itemListElement":[{"@type":"ListItem","position":1,"name":"Portada","item":"https:\/\/nahuelproducciones.com.ar\/radioquijano\/"},{"@type":"ListItem","position":2,"name":"TRAS LAS HUELLAS DE LA CHICHA EN EL QHAPAQ \u00d1AN"}]},{"@type":"WebSite","@id":"https:\/\/nahuelproducciones.com.ar\/radioquijano\/#website","url":"https:\/\/nahuelproducciones.com.ar\/radioquijano\/","name":"RQ 99.9","description":"Radio Quijano 99.9 MHz","potentialAction":[{"@type":"SearchAction","target":{"@type":"EntryPoint","urlTemplate":"https:\/\/nahuelproducciones.com.ar\/radioquijano\/?s={search_term_string}"},"query-input":"required name=search_term_string"}],"inLanguage":"es"},{"@type":"Person","@id":"https:\/\/nahuelproducciones.com.ar\/radioquijano\/#\/schema\/person\/e8a4f939e2cb487fe6d0c54042c9d32c","name":"Cecilia Pastrana","image":{"@type":"ImageObject","inLanguage":"es","@id":"https:\/\/nahuelproducciones.com.ar\/radioquijano\/#\/schema\/person\/image\/","url":"https:\/\/secure.gravatar.com\/avatar\/661a3ef63a8488d4f2794ed44af8cf71420f7e106f3072c40125114df5157749?s=96&d=mm&r=g","contentUrl":"https:\/\/secure.gravatar.com\/avatar\/661a3ef63a8488d4f2794ed44af8cf71420f7e106f3072c40125114df5157749?s=96&d=mm&r=g","caption":"Cecilia Pastrana"},"sameAs":["cecy"],"url":"https:\/\/nahuelproducciones.com.ar\/radioquijano\/author\/cecy\/"}]}},"_links":{"self":[{"href":"https:\/\/nahuelproducciones.com.ar\/radioquijano\/wp-json\/wp\/v2\/posts\/7054","targetHints":{"allow":["GET"]}}],"collection":[{"href":"https:\/\/nahuelproducciones.com.ar\/radioquijano\/wp-json\/wp\/v2\/posts"}],"about":[{"href":"https:\/\/nahuelproducciones.com.ar\/radioquijano\/wp-json\/wp\/v2\/types\/post"}],"author":[{"embeddable":true,"href":"https:\/\/nahuelproducciones.com.ar\/radioquijano\/wp-json\/wp\/v2\/users\/8"}],"replies":[{"embeddable":true,"href":"https:\/\/nahuelproducciones.com.ar\/radioquijano\/wp-json\/wp\/v2\/comments?post=7054"}],"version-history":[{"count":1,"href":"https:\/\/nahuelproducciones.com.ar\/radioquijano\/wp-json\/wp\/v2\/posts\/7054\/revisions"}],"predecessor-version":[{"id":7061,"href":"https:\/\/nahuelproducciones.com.ar\/radioquijano\/wp-json\/wp\/v2\/posts\/7054\/revisions\/7061"}],"wp:featuredmedia":[{"embeddable":true,"href":"https:\/\/nahuelproducciones.com.ar\/radioquijano\/wp-json\/wp\/v2\/media\/7060"}],"wp:attachment":[{"href":"https:\/\/nahuelproducciones.com.ar\/radioquijano\/wp-json\/wp\/v2\/media?parent=7054"}],"wp:term":[{"taxonomy":"category","embeddable":true,"href":"https:\/\/nahuelproducciones.com.ar\/radioquijano\/wp-json\/wp\/v2\/categories?post=7054"},{"taxonomy":"post_tag","embeddable":true,"href":"https:\/\/nahuelproducciones.com.ar\/radioquijano\/wp-json\/wp\/v2\/tags?post=7054"}],"curies":[{"name":"wp","href":"https:\/\/api.w.org\/{rel}","templated":true}]}}