{"id":7069,"date":"2024-02-01T10:08:11","date_gmt":"2024-02-01T13:08:11","guid":{"rendered":"https:\/\/nahuelproducciones.com.ar\/radioquijano\/?p=7069"},"modified":"2024-02-01T10:08:12","modified_gmt":"2024-02-01T13:08:12","slug":"la-provincia-y-aguas-del-norte-construyen-una-fabrica-envasadora-de-agua-para-atender-las-demandas-de-la-comunidad","status":"publish","type":"post","link":"https:\/\/nahuelproducciones.com.ar\/radioquijano\/la-provincia-y-aguas-del-norte-construyen-una-fabrica-envasadora-de-agua-para-atender-las-demandas-de-la-comunidad\/","title":{"rendered":"La Provincia y Aguas del Norte construyen una f\u00e1brica envasadora de agua para atender las demandas de la comunidad"},"content":{"rendered":"\n<p>Estar\u00e1 ubicada en el municipio de Cerrillos en barrio Ant\u00e1rtida y se prev\u00e9 la inauguraci\u00f3n en marzo. Brindar\u00e1 soluciones de provisi\u00f3n de agua en el barrio, el municipio y en la provincia donde se atienden distintas demandas con el servicio de agua envasada.<\/p>\n\n\n\n<p>El ministro de Econom\u00eda y Servicios P\u00fablicos,&nbsp;<strong>Roberto Dib Ashur<\/strong>, junto al presidente de Aguas del Norte,&nbsp;<strong>Ignacio Jars\u00fan<\/strong>, el intendente de Cerrillos,&nbsp;<strong>Enrique Borelli<\/strong>, el senador por Cerrillos,&nbsp;<strong>Gonzalo Caro D\u00e1valos<\/strong>,&nbsp;legisladores y concejales del departamento, recorrieron la obra en construcci\u00f3n de lo que ser\u00e1 la f\u00e1brica envasadora de agua en el barrio Ant\u00e1rtida del municipio de Cerrillos.<\/p>\n\n\n\n<p>Se trata de la primera f\u00e1brica en Salta de este tipo que beneficiar\u00e1, tanto a poblaciones de distintos puntos de la provincia con la provisi\u00f3n de agua, al municipio de Cerrillos y al barrio donde se ubica. Tambi\u00e9n posibilitar\u00e1 el ahorro econ\u00f3mico por parte de la empresa que atiende las urgencias a trav\u00e9s de otras empresas privadas envasadoras.<\/p>\n\n\n<div class=\"wp-block-image\">\n<figure class=\"aligncenter is-resized\"><a href=\"https:\/\/www.salta.gob.ar\/public\/images\/noticias\/contenidos\/10770-se-construye-una-nueva-fabrica-embotelladora.jpg\"><img loading=\"lazy\" decoding=\"async\" src=\"https:\/\/www.salta.gob.ar\/public\/images\/noticias\/contenidos\/10770-se-construye-una-nueva-fabrica-embotelladora.jpg\" alt=\"Se construye una nueva f\u00e1brica embotelladora.\" width=\"463\" height=\"347\"\/><\/a><\/figure><\/div>\n\n\n<p>\u201cLa funci\u00f3n de esta f\u00e1brica, ser\u00e1 atender a la sociedad en distintas \u00e9pocas del a\u00f1o. Se trata de una industria m\u00e1s que generar\u00e1 puestos de trabajo. Adem\u00e1s, se aprovechar\u00e1 para optimizar el sistema de agua en la zona de Cerrillos\u201d, indic\u00f3 Dib Ashur.<\/p>\n\n\n\n<p>Adem\u00e1s afirm\u00f3 que \u201cde esta primera experiencia y seg\u00fan los resultados se ver\u00e1 la posibilidad de montar otra f\u00e1brica en el norte de la provincia\u201d.<\/p>\n\n\n\n<p><strong>Ignacio Jars\u00fan<\/strong>&nbsp;destac\u00f3: \u201cla f\u00e1brica dar\u00e1 la posibilidad de ser m\u00e1s eficientes para no estar comprando agua para asistir por ejemplo a las zonas aisladas, donde no llega el servicio en &nbsp;situaciones extremas, o cuando hay alguna sequ\u00eda extraordinaria\u201d. &nbsp;Agreg\u00f3 que se prev\u00e9 la inauguraci\u00f3n a principios de marzo de este a\u00f1o.<\/p>\n\n\n\n<p>Finalmente, el intendente de Cerrillos sostuvo \u201cesta nueva industria en barrio de Ant\u00e1rtida, nos da la tranquilidad de que entre las obras planificadas habr\u00e1 una optimizaci\u00f3n del sistema de provisi\u00f3n de agua en el barrio, donde se van a hacer obras de mantenimiento y recuperaci\u00f3n del sistema a nivel de los tanques, de las cisternas, de la red de distribuci\u00f3n, lo cual va a generar un beneficio para el barrio. Paralelamente es un beneficio para toda la provincia, porque Aguas del Norte consume agua embotellada para prestar el servicio a donde no llega o cuando hay alguna emergencia que suplir\u201d.&nbsp;<\/p>\n\n\n<div class=\"wp-block-image\">\n<figure class=\"aligncenter is-resized\"><a href=\"https:\/\/www.salta.gob.ar\/public\/images\/noticias\/contenidos\/10771-se-construye-una-embotelladora-de-agua.jpg\"><img loading=\"lazy\" decoding=\"async\" src=\"https:\/\/www.salta.gob.ar\/public\/images\/noticias\/contenidos\/10771-se-construye-una-embotelladora-de-agua.jpg\" alt=\"Se construye una embotelladora de agua.\" width=\"407\" height=\"305\"\/><\/a><\/figure><\/div>\n\n\n<hr class=\"wp-block-separator has-alpha-channel-opacity\"\/>\n\n\n\n<h2 class=\"wp-block-heading\">Video Relacionado<\/h2>\n\n\n\n<hr class=\"wp-block-separator has-alpha-channel-opacity\"\/>\n\n\n\n<figure class=\"wp-block-embed is-type-rich is-provider-gestor-del-servicio wp-block-embed-gestor-del-servicio wp-embed-aspect-16-9 wp-has-aspect-ratio\"><div class=\"wp-block-embed__wrapper\">\n<iframe loading=\"lazy\" title=\"La Provincia y Aguas del Norte construyen una f\u00e1brica envasadora de agua para atender demandas\" width=\"640\" height=\"360\" src=\"https:\/\/www.youtube.com\/embed\/0zMEfcSQiVc?feature=oembed\" frameborder=\"0\" allow=\"accelerometer; autoplay; clipboard-write; encrypted-media; gyroscope; picture-in-picture; web-share\" referrerpolicy=\"strict-origin-when-cross-origin\" allowfullscreen><\/iframe>\n<\/div><\/figure>\n\n\n\n<hr class=\"wp-block-separator has-alpha-channel-opacity\"\/>\n\n\n\n<p>Fuente:&nbsp;<strong>Secretar\u00eda de Prensa y Comunicaci\u00f3n<\/strong><\/p>\n","protected":false},"excerpt":{"rendered":"<p>Estar\u00e1 ubicada en el municipio de Cerrillos en barrio Ant\u00e1rtida y se prev\u00e9 la inauguraci\u00f3n en marzo. Brindar\u00e1 soluciones de provisi\u00f3n de agua en el barrio, el municipio y en la provincia donde se atienden distintas demandas con el servicio de agua envasada. El ministro de Econom\u00eda y Servicios P\u00fablicos,&nbsp;Roberto Dib Ashur, junto al presidente [&hellip;]<\/p>\n","protected":false},"author":8,"featured_media":7071,"comment_status":"open","ping_status":"open","sticky":false,"template":"","format":"standard","meta":{"_monsterinsights_skip_tracking":false,"_monsterinsights_sitenote_active":false,"_monsterinsights_sitenote_note":"","_monsterinsights_sitenote_category":0,"footnotes":""},"categories":[16],"tags":[789,862,100,1444],"class_list":["post-7069","post","type-post","status-publish","format-standard","has-post-thumbnail","hentry","category-noticias","tag-aguas-del-norte","tag-ministerio-de-economia-y-servicios-publicos","tag-municipio-de-campo-quijano","tag-municipio-de-cerrillos"],"yoast_head":"<!-- This site is optimized with the Yoast SEO plugin v20.8 - https:\/\/yoast.com\/wordpress\/plugins\/seo\/ -->\n<title>La Provincia y Aguas del Norte construyen una f\u00e1brica envasadora de agua para atender las demandas de la comunidad - RQ 99.9<\/title>\n<meta name=\"description\" content=\"La f\u00e1brica dar\u00e1 la posibilidad de ser m\u00e1s eficientes para no estar comprando agua para asistir por ejemplo a las zonas aisladas, donde no llega el servicio en \u00a0situaciones extremas.\" \/>\n<meta name=\"robots\" content=\"index, follow, max-snippet:-1, max-image-preview:large, max-video-preview:-1\" \/>\n<link rel=\"canonical\" href=\"https:\/\/nahuelproducciones.com.ar\/radioquijano\/la-provincia-y-aguas-del-norte-construyen-una-fabrica-envasadora-de-agua-para-atender-las-demandas-de-la-comunidad\/\" \/>\n<meta property=\"og:locale\" content=\"es_ES\" \/>\n<meta property=\"og:type\" content=\"article\" \/>\n<meta property=\"og:title\" content=\"La Provincia y Aguas del Norte construyen una f\u00e1brica envasadora de agua para atender las demandas de la comunidad - RQ 99.9\" \/>\n<meta property=\"og:description\" content=\"La f\u00e1brica dar\u00e1 la posibilidad de ser m\u00e1s eficientes para no estar comprando agua para asistir por ejemplo a las zonas aisladas, donde no llega el servicio en \u00a0situaciones extremas.\" \/>\n<meta property=\"og:url\" content=\"https:\/\/nahuelproducciones.com.ar\/radioquijano\/la-provincia-y-aguas-del-norte-construyen-una-fabrica-envasadora-de-agua-para-atender-las-demandas-de-la-comunidad\/\" \/>\n<meta property=\"og:site_name\" content=\"RQ 99.9\" \/>\n<meta property=\"article:publisher\" content=\"https:\/\/www.facebook.com\/nahuelproducciones999\/\" \/>\n<meta property=\"article:published_time\" content=\"2024-02-01T13:08:11+00:00\" \/>\n<meta property=\"article:modified_time\" content=\"2024-02-01T13:08:12+00:00\" \/>\n<meta property=\"og:image\" content=\"https:\/\/nahuelproducciones.com.ar\/radioquijano\/wp-content\/uploads\/2024\/02\/94009-la-provincia-y-aguas-del-norte-construyen-una-fabrica-envasadora-de-agua-para-atender-las-demandas-de-la-comunidad.jpg\" \/>\n\t<meta property=\"og:image:width\" content=\"560\" \/>\n\t<meta property=\"og:image:height\" content=\"420\" \/>\n\t<meta property=\"og:image:type\" content=\"image\/jpeg\" \/>\n<meta name=\"author\" content=\"Cecilia Pastrana\" \/>\n<meta name=\"twitter:card\" content=\"summary_large_image\" \/>\n<meta name=\"twitter:creator\" content=\"@nahuproduciones\" \/>\n<meta name=\"twitter:site\" content=\"@nahuproduciones\" \/>\n<meta name=\"twitter:label1\" content=\"Escrito por\" \/>\n\t<meta name=\"twitter:data1\" content=\"Cecilia Pastrana\" \/>\n\t<meta name=\"twitter:label2\" content=\"Tiempo de lectura\" \/>\n\t<meta name=\"twitter:data2\" content=\"3 minutos\" \/>\n<script type=\"application\/ld+json\" class=\"yoast-schema-graph\">{\"@context\":\"https:\/\/schema.org\",\"@graph\":[{\"@type\":\"WebPage\",\"@id\":\"https:\/\/nahuelproducciones.com.ar\/radioquijano\/la-provincia-y-aguas-del-norte-construyen-una-fabrica-envasadora-de-agua-para-atender-las-demandas-de-la-comunidad\/\",\"url\":\"https:\/\/nahuelproducciones.com.ar\/radioquijano\/la-provincia-y-aguas-del-norte-construyen-una-fabrica-envasadora-de-agua-para-atender-las-demandas-de-la-comunidad\/\",\"name\":\"La Provincia y Aguas del Norte construyen una f\u00e1brica envasadora de agua para atender las demandas de la comunidad - RQ 99.9\",\"isPartOf\":{\"@id\":\"https:\/\/nahuelproducciones.com.ar\/radioquijano\/#website\"},\"datePublished\":\"2024-02-01T13:08:11+00:00\",\"dateModified\":\"2024-02-01T13:08:12+00:00\",\"author\":{\"@id\":\"https:\/\/nahuelproducciones.com.ar\/radioquijano\/#\/schema\/person\/e8a4f939e2cb487fe6d0c54042c9d32c\"},\"description\":\"La f\u00e1brica dar\u00e1 la posibilidad de ser m\u00e1s eficientes para no estar comprando agua para asistir por ejemplo a las zonas aisladas, donde no llega el servicio en \u00a0situaciones extremas.\",\"breadcrumb\":{\"@id\":\"https:\/\/nahuelproducciones.com.ar\/radioquijano\/la-provincia-y-aguas-del-norte-construyen-una-fabrica-envasadora-de-agua-para-atender-las-demandas-de-la-comunidad\/#breadcrumb\"},\"inLanguage\":\"es\",\"potentialAction\":[{\"@type\":\"ReadAction\",\"target\":[\"https:\/\/nahuelproducciones.com.ar\/radioquijano\/la-provincia-y-aguas-del-norte-construyen-una-fabrica-envasadora-de-agua-para-atender-las-demandas-de-la-comunidad\/\"]}]},{\"@type\":\"BreadcrumbList\",\"@id\":\"https:\/\/nahuelproducciones.com.ar\/radioquijano\/la-provincia-y-aguas-del-norte-construyen-una-fabrica-envasadora-de-agua-para-atender-las-demandas-de-la-comunidad\/#breadcrumb\",\"itemListElement\":[{\"@type\":\"ListItem\",\"position\":1,\"name\":\"Portada\",\"item\":\"https:\/\/nahuelproducciones.com.ar\/radioquijano\/\"},{\"@type\":\"ListItem\",\"position\":2,\"name\":\"La Provincia y Aguas del Norte construyen una f\u00e1brica envasadora de agua para atender las demandas de la comunidad\"}]},{\"@type\":\"WebSite\",\"@id\":\"https:\/\/nahuelproducciones.com.ar\/radioquijano\/#website\",\"url\":\"https:\/\/nahuelproducciones.com.ar\/radioquijano\/\",\"name\":\"RQ 99.9\",\"description\":\"Radio Quijano 99.9 MHz\",\"potentialAction\":[{\"@type\":\"SearchAction\",\"target\":{\"@type\":\"EntryPoint\",\"urlTemplate\":\"https:\/\/nahuelproducciones.com.ar\/radioquijano\/?s={search_term_string}\"},\"query-input\":\"required name=search_term_string\"}],\"inLanguage\":\"es\"},{\"@type\":\"Person\",\"@id\":\"https:\/\/nahuelproducciones.com.ar\/radioquijano\/#\/schema\/person\/e8a4f939e2cb487fe6d0c54042c9d32c\",\"name\":\"Cecilia Pastrana\",\"image\":{\"@type\":\"ImageObject\",\"inLanguage\":\"es\",\"@id\":\"https:\/\/nahuelproducciones.com.ar\/radioquijano\/#\/schema\/person\/image\/\",\"url\":\"https:\/\/secure.gravatar.com\/avatar\/661a3ef63a8488d4f2794ed44af8cf71420f7e106f3072c40125114df5157749?s=96&d=mm&r=g\",\"contentUrl\":\"https:\/\/secure.gravatar.com\/avatar\/661a3ef63a8488d4f2794ed44af8cf71420f7e106f3072c40125114df5157749?s=96&d=mm&r=g\",\"caption\":\"Cecilia Pastrana\"},\"sameAs\":[\"cecy\"],\"url\":\"https:\/\/nahuelproducciones.com.ar\/radioquijano\/author\/cecy\/\"}]}<\/script>\n<!-- \/ Yoast SEO plugin. -->","yoast_head_json":{"title":"La Provincia y Aguas del Norte construyen una f\u00e1brica envasadora de agua para atender las demandas de la comunidad - RQ 99.9","description":"La f\u00e1brica dar\u00e1 la posibilidad de ser m\u00e1s eficientes para no estar comprando agua para asistir por ejemplo a las zonas aisladas, donde no llega el servicio en \u00a0situaciones extremas.","robots":{"index":"index","follow":"follow","max-snippet":"max-snippet:-1","max-image-preview":"max-image-preview:large","max-video-preview":"max-video-preview:-1"},"canonical":"https:\/\/nahuelproducciones.com.ar\/radioquijano\/la-provincia-y-aguas-del-norte-construyen-una-fabrica-envasadora-de-agua-para-atender-las-demandas-de-la-comunidad\/","og_locale":"es_ES","og_type":"article","og_title":"La Provincia y Aguas del Norte construyen una f\u00e1brica envasadora de agua para atender las demandas de la comunidad - RQ 99.9","og_description":"La f\u00e1brica dar\u00e1 la posibilidad de ser m\u00e1s eficientes para no estar comprando agua para asistir por ejemplo a las zonas aisladas, donde no llega el servicio en \u00a0situaciones extremas.","og_url":"https:\/\/nahuelproducciones.com.ar\/radioquijano\/la-provincia-y-aguas-del-norte-construyen-una-fabrica-envasadora-de-agua-para-atender-las-demandas-de-la-comunidad\/","og_site_name":"RQ 99.9","article_publisher":"https:\/\/www.facebook.com\/nahuelproducciones999\/","article_published_time":"2024-02-01T13:08:11+00:00","article_modified_time":"2024-02-01T13:08:12+00:00","og_image":[{"width":560,"height":420,"url":"https:\/\/nahuelproducciones.com.ar\/radioquijano\/wp-content\/uploads\/2024\/02\/94009-la-provincia-y-aguas-del-norte-construyen-una-fabrica-envasadora-de-agua-para-atender-las-demandas-de-la-comunidad.jpg","type":"image\/jpeg"}],"author":"Cecilia Pastrana","twitter_card":"summary_large_image","twitter_creator":"@nahuproduciones","twitter_site":"@nahuproduciones","twitter_misc":{"Escrito por":"Cecilia Pastrana","Tiempo de lectura":"3 minutos"},"schema":{"@context":"https:\/\/schema.org","@graph":[{"@type":"WebPage","@id":"https:\/\/nahuelproducciones.com.ar\/radioquijano\/la-provincia-y-aguas-del-norte-construyen-una-fabrica-envasadora-de-agua-para-atender-las-demandas-de-la-comunidad\/","url":"https:\/\/nahuelproducciones.com.ar\/radioquijano\/la-provincia-y-aguas-del-norte-construyen-una-fabrica-envasadora-de-agua-para-atender-las-demandas-de-la-comunidad\/","name":"La Provincia y Aguas del Norte construyen una f\u00e1brica envasadora de agua para atender las demandas de la comunidad - RQ 99.9","isPartOf":{"@id":"https:\/\/nahuelproducciones.com.ar\/radioquijano\/#website"},"datePublished":"2024-02-01T13:08:11+00:00","dateModified":"2024-02-01T13:08:12+00:00","author":{"@id":"https:\/\/nahuelproducciones.com.ar\/radioquijano\/#\/schema\/person\/e8a4f939e2cb487fe6d0c54042c9d32c"},"description":"La f\u00e1brica dar\u00e1 la posibilidad de ser m\u00e1s eficientes para no estar comprando agua para asistir por ejemplo a las zonas aisladas, donde no llega el servicio en \u00a0situaciones extremas.","breadcrumb":{"@id":"https:\/\/nahuelproducciones.com.ar\/radioquijano\/la-provincia-y-aguas-del-norte-construyen-una-fabrica-envasadora-de-agua-para-atender-las-demandas-de-la-comunidad\/#breadcrumb"},"inLanguage":"es","potentialAction":[{"@type":"ReadAction","target":["https:\/\/nahuelproducciones.com.ar\/radioquijano\/la-provincia-y-aguas-del-norte-construyen-una-fabrica-envasadora-de-agua-para-atender-las-demandas-de-la-comunidad\/"]}]},{"@type":"BreadcrumbList","@id":"https:\/\/nahuelproducciones.com.ar\/radioquijano\/la-provincia-y-aguas-del-norte-construyen-una-fabrica-envasadora-de-agua-para-atender-las-demandas-de-la-comunidad\/#breadcrumb","itemListElement":[{"@type":"ListItem","position":1,"name":"Portada","item":"https:\/\/nahuelproducciones.com.ar\/radioquijano\/"},{"@type":"ListItem","position":2,"name":"La Provincia y Aguas del Norte construyen una f\u00e1brica envasadora de agua para atender las demandas de la comunidad"}]},{"@type":"WebSite","@id":"https:\/\/nahuelproducciones.com.ar\/radioquijano\/#website","url":"https:\/\/nahuelproducciones.com.ar\/radioquijano\/","name":"RQ 99.9","description":"Radio Quijano 99.9 MHz","potentialAction":[{"@type":"SearchAction","target":{"@type":"EntryPoint","urlTemplate":"https:\/\/nahuelproducciones.com.ar\/radioquijano\/?s={search_term_string}"},"query-input":"required name=search_term_string"}],"inLanguage":"es"},{"@type":"Person","@id":"https:\/\/nahuelproducciones.com.ar\/radioquijano\/#\/schema\/person\/e8a4f939e2cb487fe6d0c54042c9d32c","name":"Cecilia Pastrana","image":{"@type":"ImageObject","inLanguage":"es","@id":"https:\/\/nahuelproducciones.com.ar\/radioquijano\/#\/schema\/person\/image\/","url":"https:\/\/secure.gravatar.com\/avatar\/661a3ef63a8488d4f2794ed44af8cf71420f7e106f3072c40125114df5157749?s=96&d=mm&r=g","contentUrl":"https:\/\/secure.gravatar.com\/avatar\/661a3ef63a8488d4f2794ed44af8cf71420f7e106f3072c40125114df5157749?s=96&d=mm&r=g","caption":"Cecilia Pastrana"},"sameAs":["cecy"],"url":"https:\/\/nahuelproducciones.com.ar\/radioquijano\/author\/cecy\/"}]}},"_links":{"self":[{"href":"https:\/\/nahuelproducciones.com.ar\/radioquijano\/wp-json\/wp\/v2\/posts\/7069","targetHints":{"allow":["GET"]}}],"collection":[{"href":"https:\/\/nahuelproducciones.com.ar\/radioquijano\/wp-json\/wp\/v2\/posts"}],"about":[{"href":"https:\/\/nahuelproducciones.com.ar\/radioquijano\/wp-json\/wp\/v2\/types\/post"}],"author":[{"embeddable":true,"href":"https:\/\/nahuelproducciones.com.ar\/radioquijano\/wp-json\/wp\/v2\/users\/8"}],"replies":[{"embeddable":true,"href":"https:\/\/nahuelproducciones.com.ar\/radioquijano\/wp-json\/wp\/v2\/comments?post=7069"}],"version-history":[{"count":1,"href":"https:\/\/nahuelproducciones.com.ar\/radioquijano\/wp-json\/wp\/v2\/posts\/7069\/revisions"}],"predecessor-version":[{"id":7072,"href":"https:\/\/nahuelproducciones.com.ar\/radioquijano\/wp-json\/wp\/v2\/posts\/7069\/revisions\/7072"}],"wp:featuredmedia":[{"embeddable":true,"href":"https:\/\/nahuelproducciones.com.ar\/radioquijano\/wp-json\/wp\/v2\/media\/7071"}],"wp:attachment":[{"href":"https:\/\/nahuelproducciones.com.ar\/radioquijano\/wp-json\/wp\/v2\/media?parent=7069"}],"wp:term":[{"taxonomy":"category","embeddable":true,"href":"https:\/\/nahuelproducciones.com.ar\/radioquijano\/wp-json\/wp\/v2\/categories?post=7069"},{"taxonomy":"post_tag","embeddable":true,"href":"https:\/\/nahuelproducciones.com.ar\/radioquijano\/wp-json\/wp\/v2\/tags?post=7069"}],"curies":[{"name":"wp","href":"https:\/\/api.w.org\/{rel}","templated":true}]}}