{"id":718,"date":"2020-10-28T09:45:08","date_gmt":"2020-10-28T12:45:08","guid":{"rendered":"https:\/\/nahuelproducciones.com.ar\/radioquijano\/?p=718"},"modified":"2020-10-28T09:45:12","modified_gmt":"2020-10-28T12:45:12","slug":"becas-estudiantiles-otorgadas-por-el-gobierno-de-la-provincia-de-salta","status":"publish","type":"post","link":"https:\/\/nahuelproducciones.com.ar\/radioquijano\/becas-estudiantiles-otorgadas-por-el-gobierno-de-la-provincia-de-salta\/","title":{"rendered":"Becas estudiantiles otorgadas por el gobierno de la provincia de Salta."},"content":{"rendered":"\n<p><a href=\"https:\/\/www.facebook.com\/GestionCarlosFolloni\"> La Direcci\u00f3n de la Juventud <\/a>a cargo de Erica Guanuco recuerda a los siguientes estudiantes, acercarse para se notificados de la adjudicaci\u00f3n de las <a href=\"https:\/\/www.facebook.com\/groups\/1984845225169116\">becas estudiantile<\/a>s otorgadas por el gobierno de la provincia de Salta.<\/p>\n\n\n\n<p><br>Deben presentarse de lunes a viernes en el horario de 07:30 a 12:30 en el edificio comunal sito en calle 25 de Mayo Esq. Alberdi.<\/p>\n\n\n\n<p><br>1 Almendras Daiana de los \u00c1ngeles.<br>2 Barboza Mart\u00ednez Lucia<br>3 Barboza Naomi Ayl\u00e9n.<br>4 Castro Claudia Ver\u00f3nica.<br>5 Chocobar Saracho Gerardo Oscar.<br>6 Cruz Nicol\u00e1s Gabriel.<br>7 Gim\u00e9nez Etelvina del Carmen.<br>8 G\u00f3mez Alan Federico.<br>9 Gonz\u00e1lez Von Leipzig Mat\u00edas Nicol\u00e1s.<br>10 Guanuco Maira Emilia Lujan.<br>11 Mamani Iv\u00e1n Leonardo.<br>12 Oropeza Gonzales Santiago Tomas.<br>13 Olmos Evangelina Manuela.<br>14 R\u00edos Gisel Irina.<br>15 Ruano Nicol\u00e1s Marcelo<br>16 Tolaba Yamila Anah\u00ed.<br>17 Vega Alexis Micaela.<br>18 Vidaurrre Diego Javier.<br>19 Villa Tolaba Carolina Anabel.<\/p>\n\n\n\n<p><\/p>\n\n\n\n<p><a href=\"https:\/\/nahuelproducciones.com.ar\/radioquijano\">RQ99.9Mhz<\/a><\/p>\n","protected":false},"excerpt":{"rendered":"<p>La Direcci\u00f3n de la Juventud a cargo de Erica Guanuco recuerda a los siguientes estudiantes, acercarse para se notificados de la adjudicaci\u00f3n de las becas estudiantiles otorgadas por el gobierno de la provincia de Salta. Deben presentarse de lunes a viernes en el horario de 07:30 a 12:30 en el edificio comunal sito en calle [&hellip;]<\/p>\n","protected":false},"author":8,"featured_media":720,"comment_status":"open","ping_status":"open","sticky":false,"template":"","format":"standard","meta":{"_monsterinsights_skip_tracking":false,"_monsterinsights_sitenote_active":false,"_monsterinsights_sitenote_note":"","_monsterinsights_sitenote_category":0,"footnotes":""},"categories":[16],"tags":[],"class_list":["post-718","post","type-post","status-publish","format-standard","has-post-thumbnail","hentry","category-noticias"],"yoast_head":"<!-- This site is optimized with the Yoast SEO plugin v20.8 - https:\/\/yoast.com\/wordpress\/plugins\/seo\/ -->\n<title>Becas estudiantiles otorgadas por el gobierno de la provincia de Salta. - RQ 99.9<\/title>\n<meta name=\"robots\" content=\"index, follow, max-snippet:-1, max-image-preview:large, max-video-preview:-1\" \/>\n<link rel=\"canonical\" href=\"https:\/\/nahuelproducciones.com.ar\/radioquijano\/becas-estudiantiles-otorgadas-por-el-gobierno-de-la-provincia-de-salta\/\" \/>\n<meta property=\"og:locale\" content=\"es_ES\" \/>\n<meta property=\"og:type\" content=\"article\" \/>\n<meta property=\"og:title\" content=\"Becas estudiantiles otorgadas por el gobierno de la provincia de Salta. - RQ 99.9\" \/>\n<meta property=\"og:description\" content=\"La Direcci\u00f3n de la Juventud a cargo de Erica Guanuco recuerda a los siguientes estudiantes, acercarse para se notificados de la adjudicaci\u00f3n de las becas estudiantiles otorgadas por el gobierno de la provincia de Salta. Deben presentarse de lunes a viernes en el horario de 07:30 a 12:30 en el edificio comunal sito en calle [&hellip;]\" \/>\n<meta property=\"og:url\" content=\"https:\/\/nahuelproducciones.com.ar\/radioquijano\/becas-estudiantiles-otorgadas-por-el-gobierno-de-la-provincia-de-salta\/\" \/>\n<meta property=\"og:site_name\" content=\"RQ 99.9\" \/>\n<meta property=\"article:publisher\" content=\"https:\/\/www.facebook.com\/nahuelproducciones999\/\" \/>\n<meta property=\"article:published_time\" content=\"2020-10-28T12:45:08+00:00\" \/>\n<meta property=\"article:modified_time\" content=\"2020-10-28T12:45:12+00:00\" \/>\n<meta property=\"og:image\" content=\"https:\/\/nahuelproducciones.com.ar\/radioquijano\/wp-content\/uploads\/2020\/10\/Becas_123.jpg\" \/>\n\t<meta property=\"og:image:width\" content=\"902\" \/>\n\t<meta property=\"og:image:height\" content=\"601\" \/>\n\t<meta property=\"og:image:type\" content=\"image\/jpeg\" \/>\n<meta name=\"author\" content=\"Cecilia Pastrana\" \/>\n<meta name=\"twitter:card\" content=\"summary_large_image\" \/>\n<meta name=\"twitter:creator\" content=\"@nahuproduciones\" \/>\n<meta name=\"twitter:site\" content=\"@nahuproduciones\" \/>\n<meta name=\"twitter:label1\" content=\"Escrito por\" \/>\n\t<meta name=\"twitter:data1\" content=\"Cecilia Pastrana\" \/>\n\t<meta name=\"twitter:label2\" content=\"Tiempo de lectura\" \/>\n\t<meta name=\"twitter:data2\" content=\"1 minuto\" \/>\n<script type=\"application\/ld+json\" class=\"yoast-schema-graph\">{\"@context\":\"https:\/\/schema.org\",\"@graph\":[{\"@type\":\"WebPage\",\"@id\":\"https:\/\/nahuelproducciones.com.ar\/radioquijano\/becas-estudiantiles-otorgadas-por-el-gobierno-de-la-provincia-de-salta\/\",\"url\":\"https:\/\/nahuelproducciones.com.ar\/radioquijano\/becas-estudiantiles-otorgadas-por-el-gobierno-de-la-provincia-de-salta\/\",\"name\":\"Becas estudiantiles otorgadas por el gobierno de la provincia de Salta. - RQ 99.9\",\"isPartOf\":{\"@id\":\"https:\/\/nahuelproducciones.com.ar\/radioquijano\/#website\"},\"datePublished\":\"2020-10-28T12:45:08+00:00\",\"dateModified\":\"2020-10-28T12:45:12+00:00\",\"author\":{\"@id\":\"https:\/\/nahuelproducciones.com.ar\/radioquijano\/#\/schema\/person\/e8a4f939e2cb487fe6d0c54042c9d32c\"},\"breadcrumb\":{\"@id\":\"https:\/\/nahuelproducciones.com.ar\/radioquijano\/becas-estudiantiles-otorgadas-por-el-gobierno-de-la-provincia-de-salta\/#breadcrumb\"},\"inLanguage\":\"es\",\"potentialAction\":[{\"@type\":\"ReadAction\",\"target\":[\"https:\/\/nahuelproducciones.com.ar\/radioquijano\/becas-estudiantiles-otorgadas-por-el-gobierno-de-la-provincia-de-salta\/\"]}]},{\"@type\":\"BreadcrumbList\",\"@id\":\"https:\/\/nahuelproducciones.com.ar\/radioquijano\/becas-estudiantiles-otorgadas-por-el-gobierno-de-la-provincia-de-salta\/#breadcrumb\",\"itemListElement\":[{\"@type\":\"ListItem\",\"position\":1,\"name\":\"Portada\",\"item\":\"https:\/\/nahuelproducciones.com.ar\/radioquijano\/\"},{\"@type\":\"ListItem\",\"position\":2,\"name\":\"Becas estudiantiles otorgadas por el gobierno de la provincia de Salta.\"}]},{\"@type\":\"WebSite\",\"@id\":\"https:\/\/nahuelproducciones.com.ar\/radioquijano\/#website\",\"url\":\"https:\/\/nahuelproducciones.com.ar\/radioquijano\/\",\"name\":\"RQ 99.9\",\"description\":\"Radio Quijano 99.9 MHz\",\"potentialAction\":[{\"@type\":\"SearchAction\",\"target\":{\"@type\":\"EntryPoint\",\"urlTemplate\":\"https:\/\/nahuelproducciones.com.ar\/radioquijano\/?s={search_term_string}\"},\"query-input\":\"required name=search_term_string\"}],\"inLanguage\":\"es\"},{\"@type\":\"Person\",\"@id\":\"https:\/\/nahuelproducciones.com.ar\/radioquijano\/#\/schema\/person\/e8a4f939e2cb487fe6d0c54042c9d32c\",\"name\":\"Cecilia Pastrana\",\"image\":{\"@type\":\"ImageObject\",\"inLanguage\":\"es\",\"@id\":\"https:\/\/nahuelproducciones.com.ar\/radioquijano\/#\/schema\/person\/image\/\",\"url\":\"https:\/\/secure.gravatar.com\/avatar\/661a3ef63a8488d4f2794ed44af8cf71420f7e106f3072c40125114df5157749?s=96&d=mm&r=g\",\"contentUrl\":\"https:\/\/secure.gravatar.com\/avatar\/661a3ef63a8488d4f2794ed44af8cf71420f7e106f3072c40125114df5157749?s=96&d=mm&r=g\",\"caption\":\"Cecilia Pastrana\"},\"sameAs\":[\"cecy\"],\"url\":\"https:\/\/nahuelproducciones.com.ar\/radioquijano\/author\/cecy\/\"}]}<\/script>\n<!-- \/ Yoast SEO plugin. -->","yoast_head_json":{"title":"Becas estudiantiles otorgadas por el gobierno de la provincia de Salta. - RQ 99.9","robots":{"index":"index","follow":"follow","max-snippet":"max-snippet:-1","max-image-preview":"max-image-preview:large","max-video-preview":"max-video-preview:-1"},"canonical":"https:\/\/nahuelproducciones.com.ar\/radioquijano\/becas-estudiantiles-otorgadas-por-el-gobierno-de-la-provincia-de-salta\/","og_locale":"es_ES","og_type":"article","og_title":"Becas estudiantiles otorgadas por el gobierno de la provincia de Salta. - RQ 99.9","og_description":"La Direcci\u00f3n de la Juventud a cargo de Erica Guanuco recuerda a los siguientes estudiantes, acercarse para se notificados de la adjudicaci\u00f3n de las becas estudiantiles otorgadas por el gobierno de la provincia de Salta. Deben presentarse de lunes a viernes en el horario de 07:30 a 12:30 en el edificio comunal sito en calle [&hellip;]","og_url":"https:\/\/nahuelproducciones.com.ar\/radioquijano\/becas-estudiantiles-otorgadas-por-el-gobierno-de-la-provincia-de-salta\/","og_site_name":"RQ 99.9","article_publisher":"https:\/\/www.facebook.com\/nahuelproducciones999\/","article_published_time":"2020-10-28T12:45:08+00:00","article_modified_time":"2020-10-28T12:45:12+00:00","og_image":[{"width":902,"height":601,"url":"https:\/\/nahuelproducciones.com.ar\/radioquijano\/wp-content\/uploads\/2020\/10\/Becas_123.jpg","type":"image\/jpeg"}],"author":"Cecilia Pastrana","twitter_card":"summary_large_image","twitter_creator":"@nahuproduciones","twitter_site":"@nahuproduciones","twitter_misc":{"Escrito por":"Cecilia Pastrana","Tiempo de lectura":"1 minuto"},"schema":{"@context":"https:\/\/schema.org","@graph":[{"@type":"WebPage","@id":"https:\/\/nahuelproducciones.com.ar\/radioquijano\/becas-estudiantiles-otorgadas-por-el-gobierno-de-la-provincia-de-salta\/","url":"https:\/\/nahuelproducciones.com.ar\/radioquijano\/becas-estudiantiles-otorgadas-por-el-gobierno-de-la-provincia-de-salta\/","name":"Becas estudiantiles otorgadas por el gobierno de la provincia de Salta. - RQ 99.9","isPartOf":{"@id":"https:\/\/nahuelproducciones.com.ar\/radioquijano\/#website"},"datePublished":"2020-10-28T12:45:08+00:00","dateModified":"2020-10-28T12:45:12+00:00","author":{"@id":"https:\/\/nahuelproducciones.com.ar\/radioquijano\/#\/schema\/person\/e8a4f939e2cb487fe6d0c54042c9d32c"},"breadcrumb":{"@id":"https:\/\/nahuelproducciones.com.ar\/radioquijano\/becas-estudiantiles-otorgadas-por-el-gobierno-de-la-provincia-de-salta\/#breadcrumb"},"inLanguage":"es","potentialAction":[{"@type":"ReadAction","target":["https:\/\/nahuelproducciones.com.ar\/radioquijano\/becas-estudiantiles-otorgadas-por-el-gobierno-de-la-provincia-de-salta\/"]}]},{"@type":"BreadcrumbList","@id":"https:\/\/nahuelproducciones.com.ar\/radioquijano\/becas-estudiantiles-otorgadas-por-el-gobierno-de-la-provincia-de-salta\/#breadcrumb","itemListElement":[{"@type":"ListItem","position":1,"name":"Portada","item":"https:\/\/nahuelproducciones.com.ar\/radioquijano\/"},{"@type":"ListItem","position":2,"name":"Becas estudiantiles otorgadas por el gobierno de la provincia de Salta."}]},{"@type":"WebSite","@id":"https:\/\/nahuelproducciones.com.ar\/radioquijano\/#website","url":"https:\/\/nahuelproducciones.com.ar\/radioquijano\/","name":"RQ 99.9","description":"Radio Quijano 99.9 MHz","potentialAction":[{"@type":"SearchAction","target":{"@type":"EntryPoint","urlTemplate":"https:\/\/nahuelproducciones.com.ar\/radioquijano\/?s={search_term_string}"},"query-input":"required name=search_term_string"}],"inLanguage":"es"},{"@type":"Person","@id":"https:\/\/nahuelproducciones.com.ar\/radioquijano\/#\/schema\/person\/e8a4f939e2cb487fe6d0c54042c9d32c","name":"Cecilia Pastrana","image":{"@type":"ImageObject","inLanguage":"es","@id":"https:\/\/nahuelproducciones.com.ar\/radioquijano\/#\/schema\/person\/image\/","url":"https:\/\/secure.gravatar.com\/avatar\/661a3ef63a8488d4f2794ed44af8cf71420f7e106f3072c40125114df5157749?s=96&d=mm&r=g","contentUrl":"https:\/\/secure.gravatar.com\/avatar\/661a3ef63a8488d4f2794ed44af8cf71420f7e106f3072c40125114df5157749?s=96&d=mm&r=g","caption":"Cecilia Pastrana"},"sameAs":["cecy"],"url":"https:\/\/nahuelproducciones.com.ar\/radioquijano\/author\/cecy\/"}]}},"_links":{"self":[{"href":"https:\/\/nahuelproducciones.com.ar\/radioquijano\/wp-json\/wp\/v2\/posts\/718","targetHints":{"allow":["GET"]}}],"collection":[{"href":"https:\/\/nahuelproducciones.com.ar\/radioquijano\/wp-json\/wp\/v2\/posts"}],"about":[{"href":"https:\/\/nahuelproducciones.com.ar\/radioquijano\/wp-json\/wp\/v2\/types\/post"}],"author":[{"embeddable":true,"href":"https:\/\/nahuelproducciones.com.ar\/radioquijano\/wp-json\/wp\/v2\/users\/8"}],"replies":[{"embeddable":true,"href":"https:\/\/nahuelproducciones.com.ar\/radioquijano\/wp-json\/wp\/v2\/comments?post=718"}],"version-history":[{"count":1,"href":"https:\/\/nahuelproducciones.com.ar\/radioquijano\/wp-json\/wp\/v2\/posts\/718\/revisions"}],"predecessor-version":[{"id":722,"href":"https:\/\/nahuelproducciones.com.ar\/radioquijano\/wp-json\/wp\/v2\/posts\/718\/revisions\/722"}],"wp:featuredmedia":[{"embeddable":true,"href":"https:\/\/nahuelproducciones.com.ar\/radioquijano\/wp-json\/wp\/v2\/media\/720"}],"wp:attachment":[{"href":"https:\/\/nahuelproducciones.com.ar\/radioquijano\/wp-json\/wp\/v2\/media?parent=718"}],"wp:term":[{"taxonomy":"category","embeddable":true,"href":"https:\/\/nahuelproducciones.com.ar\/radioquijano\/wp-json\/wp\/v2\/categories?post=718"},{"taxonomy":"post_tag","embeddable":true,"href":"https:\/\/nahuelproducciones.com.ar\/radioquijano\/wp-json\/wp\/v2\/tags?post=718"}],"curies":[{"name":"wp","href":"https:\/\/api.w.org\/{rel}","templated":true}]}}