{"id":7303,"date":"2024-02-23T10:44:16","date_gmt":"2024-02-23T13:44:16","guid":{"rendered":"https:\/\/nahuelproducciones.com.ar\/radioquijano\/?p=7303"},"modified":"2024-02-23T10:44:17","modified_gmt":"2024-02-23T13:44:17","slug":"25-de-febrero-river-y-boca-en-el-estadio-monumental","status":"publish","type":"post","link":"https:\/\/nahuelproducciones.com.ar\/radioquijano\/25-de-febrero-river-y-boca-en-el-estadio-monumental\/","title":{"rendered":"\u00a025 de febrero: River y Boca en el estadio Monumental."},"content":{"rendered":"\n<p>En la\u00a0s\u00e9ptima fecha de la Copa de la Liga 2024, el duelo ser\u00e1 entre River y Boca en el estadio Monumental.<\/p>\n\n\n\n<p>\u00a0El \u00e1rbitro ser\u00e1<strong>\u00a0Yael Falc\u00f3n P\u00e9rez,\u00a0<\/strong>quien dirigir\u00e1 su primer Supercl\u00e1sico \u00a0el domingo 25 de febrero a las 17:00hs.<\/p>\n\n\n\n<h2 class=\"wp-block-heading\">As\u00ed llegan al cl\u00e1sico<\/h2>\n\n\n\n<p><strong>El Millonario est\u00e1 invicto y se ubica segundo en el grupo A con 12 puntos<\/strong>\u00a0gracias a tres victorias y tres igualdades (el l\u00edder es Independiente con 13). Acumula dos empates seguidos, el \u00faltimo frente a Banfield 1 a 1 en el estadio Monumental, y\u00a0<strong>Mart\u00edn Demichelis<\/strong>\u00a0es mirado de reojo por el funcionamiento de un plantel que no termina de exponer todo su potencial. A\u00fan as\u00ed, es el conjunto que m\u00e1s goles anot\u00f3 en el campeonato con 12 y tiene al m\u00e1ximo artillero &#8211;<strong>Miguel Borja<\/strong>\u00a0con seis- y asistente &#8211;<strong>Esequiel Barco<\/strong>\u00a0con cinco-.<\/p>\n\n\n\n<p><strong>El xeneize, por su parte, marcha s\u00e9ptimo con nueve puntos producto de dos triunfos, tres igualdades y una ca\u00edda,<\/strong>\u00a0en su \u00faltima presentaci\u00f3n contra Lan\u00fas 2 a 1 en La Fortaleza. De momento est\u00e1 afuera de la clasificaci\u00f3n a cuartos de final y lo negativo es que el entrenador\u00a0<strong>Diego Mart\u00ednez<\/strong>\u00a0todav\u00eda no pudo darle un buen funcionamiento a un equipo que lo necesita cuanto antes. Convirti\u00f3 seis goles y le marcaron tres. La mitad de ellos los festej\u00f3 el uruguayo\u00a0<strong>Miguel Merentiel<\/strong>.<\/p>\n\n\n\n<p><strong>Los resultados de River en la Copa de la Liga<\/strong><\/p>\n\n\n\n<ul class=\"wp-block-list\">\n<li>1-1 vs. Argentinos Juniors (L).<\/li>\n\n\n\n<li>2-0 vs. Barracas Central (V).<\/li>\n\n\n\n<li>5-0 vs. V\u00e9lez (L).<\/li>\n\n\n\n<li>3-0 vs. Deportivo Riestra (V).<\/li>\n\n\n\n<li>0-0 vs. Atl\u00e9tico Tucum\u00e1n (V).<\/li>\n\n\n\n<li>1-1 vs. Banfield (L).<\/li>\n<\/ul>\n\n\n\n<p><strong>Los resultados de Boca en la Copa de la Liga<\/strong><\/p>\n\n\n\n<ul class=\"wp-block-list\">\n<li>0-0 vs. Platense (V).<\/li>\n\n\n\n<li>1-1 vs. Sarmiento (L en el Nuevo Gas\u00f3metro).<\/li>\n\n\n\n<li>2-0 vs. Tigre (V).<\/li>\n\n\n\n<li>0-0 vs. Defensa y Justicia (L).<\/li>\n\n\n\n<li>2-0 vs. Central C\u00f3rdoba (L).<\/li>\n\n\n\n<li>1-2 vs. Lan\u00fas (V).<\/li>\n<\/ul>\n\n\n\n<h2 class=\"wp-block-heading\">Los posibles debutantes<\/h2>\n\n\n\n<h3 class=\"wp-block-heading\">River<\/h3>\n\n\n\n<ul class=\"wp-block-list\">\n<li><strong>Nicol\u00e1s Fonseca:<\/strong>&nbsp;el mediocampista central tiene su lugar asegurado en la alineaci\u00f3n titular del Millonario para enfrentarse a Boca. Fue uno de los refuerzos en este mercado de pases, en el que arrib\u00f3 a N\u00fa\u00f1ez por una cifra cercana a los \u20ac2.500.000, proveniente de Montevideo Wanderers de Uruguay.<\/li>\n\n\n\n<li><strong>Franco Mastantuono:<\/strong>&nbsp;el juvenil podr\u00eda ser la gran apuesta de Demichelis. Tiene apenas siete partidos en Primera, pero ya mostr\u00f3 sus pergaminos. Con 16 a\u00f1os, 5 meses y 24 d\u00edas, se convirti\u00f3 en el futbolista m\u00e1s joven en anotar un gol con la camiseta del Millonario, superando nada menos que a Javier Saviola, quien ostentaba la marca con 16 a\u00f1os, 10 meses y 7 d\u00edas.<\/li>\n\n\n\n<li><strong>Agust\u00edn Sant\u2019Anna:<\/strong>&nbsp;de no mediar modificaciones inesperadas, el lateral derecho uruguayo partir\u00eda como suplente para que el puesto sea ocupado por Andr\u00e9s Herrera. Lleg\u00f3 a River en esta ventana de transferencias, desde Defensa y Justicia, por \u20ac2.780.000.<\/li>\n\n\n\n<li><strong>Sebasti\u00e1n Boselli:<\/strong>&nbsp;es el otro uruguayo que forma parte del plantel del Millonario e integrar\u00eda el banco de suplentes de cara al Supercl\u00e1sico. En el \u00faltimo enfrentamiento entre ambos, form\u00f3 parte de la n\u00f3mina que se qued\u00f3 con el triunfo por 2 a 0 en la Bombonera, pero no sum\u00f3 minutos.<\/li>\n\n\n\n<li><strong>Rodrigo Villagra:<\/strong>&nbsp;confeso hincha de River, el mediocampista central sue\u00f1a con verse las caras ante Boca con la camiseta del club de sus amores, pero deber\u00e1 aguardar por una oportunidad en el complemento ya que ser\u00e1 una posible variante de Fonseca o Rodrigo Aliendro en caso de que el DT as\u00ed lo requiera. Desde su llegada al club hace apenas dos semanas, solo jug\u00f3 47 minutos.<\/li>\n\n\n\n<li><strong>Claudio Echeverri:<\/strong>&nbsp;el \u2018Diablito\u2019 tendr\u00e1 la chance de disputar el que quiz\u00e1 sea su \u00fanico Supercl\u00e1sico (tambi\u00e9n podr\u00eda jugar el de la Liga Profesional), por lo menos por unos cuantos a\u00f1os, ya que se sumar\u00e1 a Manchester City a principios de 2025 tras confirmarse su transferencia por un monto cercano a los \u20ac14.500.000, que podr\u00edan ascender a \u20ac23.500.000 si se cumplen ciertos objetivos.<\/li>\n\n\n\n<li><strong>Agust\u00edn Ruberto:<\/strong>&nbsp;el 9 suplente del Millonario cuenta con serias chances de ingresar este domingo. La lesi\u00f3n de Miguel Borja obliga a Demichelis a improvisar con un delantero de caracter\u00edsticas diferentes, como podr\u00eda ser Facundo Colidio, pero el tr\u00e1mite del encuentro tranquilamente podr\u00eda demandar el ingreso del juvenil de 18 a\u00f1os, goleador del \u00faltimo Mundial Sub 17 y autor de dos goles con la camiseta de River en 140 minutos disputados.<\/li>\n\n\n\n<li><strong>Ezequiel Centuri\u00f3n:<\/strong>&nbsp;el caso del arquero es diferente. Es suplente de Franco Armani, por lo que su participaci\u00f3n en el Supercl\u00e1sico depender\u00e1 pura y exclusivamente de la integridad f\u00edsica del campe\u00f3n del mundo.<\/li>\n\n\n\n<li><strong>Ian Subiabre:<\/strong>&nbsp;de los juveniles pertenecientes a la nueva gran camada de River, el nacido en Comodoro Rivadavia, Provincia de Chubut, hace 17 a\u00f1os, es valorado por el cuerpo t\u00e9cnico pero, como se vio reflejado en los \u00faltimos partidos, se lo llevar\u00e1 m\u00e1s despacio que a Echeverri, Mastantuono y Ruberto, por lo que dif\u00edcilmente juegue.<\/li>\n<\/ul>\n\n\n\n<h3 class=\"wp-block-heading\">Boca<\/h3>\n\n\n\n<ul class=\"wp-block-list\">\n<li><strong>Lucas Blondel:<\/strong>&nbsp;el lateral derecho xeneize tiene posibilidades de ser titular. En caso de concretarlo, Luis Adv\u00edncula pasar\u00e1 al mediocampo, como ya ocurri\u00f3 en este certamen ante Tigre y Defensa y Justicia. En el \u00faltimo Supercl\u00e1sico ya integraba el plantel de Boca, pero no fue parte de la convocatoria por lesi\u00f3n.<\/li>\n\n\n\n<li><strong>Cristian Lema:<\/strong>&nbsp;de los debutantes, es el \u00fanico que tiene asegurada su presencia en el once inicial. Es uno de los centrales titulares desde que comenz\u00f3 la Copa de la Liga. Lleg\u00f3 al club en este mercado de pases, proveniente de Lan\u00fas, por \u20ac455.000. Ya sabe lo que es convertirle goles a River: le hizo uno con la camiseta de Newell\u2019s y otro con la de Belgrano.<\/li>\n\n\n\n<li><strong>Lautaro Blanco:<\/strong>&nbsp;ante el mal desempe\u00f1o de Frank Fabra en los \u00faltimos meses, el ex Rosario Central pelea mano a mano con Marcelo Saracchi por un lugar en el equipo titular. Al igual que Lema, arrib\u00f3 al xeneize en la \u00faltima ventana de transferencias tras un breve paso por Elche de Espa\u00f1a, en condici\u00f3n de libre.<\/li>\n\n\n\n<li><strong>Kevin Zen\u00f3n:<\/strong>&nbsp;el futbolista de 22 a\u00f1os es la gran figura de Boca en esta Copa de la Liga. Lleg\u00f3 desde Uni\u00f3n de Santa Fe hace un mes por \u20ac3.200.000 y se gan\u00f3 el reconocimiento del DT, de sus compa\u00f1eros y de los hinchas a base de grandes rendimientos. Su lugar en el equipo inicial de cara al Supercl\u00e1sico no corre riesgos, por lo menos desde lo estrictamente futbol\u00edstico.<\/li>\n\n\n\n<li><strong>Mauricio Ben\u00edtez:<\/strong>&nbsp;el cuerpo t\u00e9cnico sabe de sus condiciones y ya lo puso de arranque ante Tigre y Defensa y Justicia. Es una alternativa para una mitad de la cancha que a\u00fan no tiene titulares indiscutidos. Fue la gran sensaci\u00f3n de la Reserva de Mariano Herr\u00f3n durante el 2023 y, especialmente, del equipo Sub 20 que condujo Silvio Rudman en la Copa Libertadores de la categor\u00eda, en la que Boca fue campe\u00f3n.<\/li>\n\n\n\n<li><strong>Jabes Saralegui:<\/strong>&nbsp;su inclusi\u00f3n en el once inicial ser\u00eda una sorpresa, pero podr\u00eda ingresar en el complemento. Mart\u00ednez lo elogi\u00f3 en su presentaci\u00f3n como DT del combinado de la Ribera: \u201cMe sorprendi\u00f3 Saralegui, a quien no hab\u00eda dirigido cuando estuve en el club. Lo veo entrenar y me parece que tiene una proyecci\u00f3n importante. Me gusta c\u00f3mo compite y sobre todo c\u00f3mo escucha a los m\u00e1s grandes\u201d, afirm\u00f3. Ya sum\u00f3 minutos en cuatro de los seis partidos de esta Copa de la Liga.<\/li>\n\n\n\n<li><strong>Aaron Anselmino:<\/strong>&nbsp;pareciera una utop\u00eda que el central de 18 a\u00f1os juegue su primer Supercl\u00e1sico este domingo, principalmente porque Lema y Nicol\u00e1s Figal son inamovibles y, a su vez, porque Nicol\u00e1s Valentini es el primer recambio en el puesto. Adem\u00e1s, si Marcos Rojo llega al 100% desde lo f\u00edsico, Anselmino ni siquiera integrar\u00e1 el banco de suplentes.<\/li>\n<\/ul>\n\n\n\n<p>FUENTE: canchallena LA NACI\u00d3N<\/p>\n\n\n\n<p><\/p>\n","protected":false},"excerpt":{"rendered":"<p>En la\u00a0s\u00e9ptima fecha de la Copa de la Liga 2024, el duelo ser\u00e1 entre River y Boca en el estadio Monumental. \u00a0El \u00e1rbitro ser\u00e1\u00a0Yael Falc\u00f3n P\u00e9rez,\u00a0quien dirigir\u00e1 su primer Supercl\u00e1sico \u00a0el domingo 25 de febrero a las 17:00hs. As\u00ed llegan al cl\u00e1sico El Millonario est\u00e1 invicto y se ubica segundo en el grupo A con [&hellip;]<\/p>\n","protected":false},"author":8,"featured_media":7304,"comment_status":"open","ping_status":"open","sticky":false,"template":"","format":"standard","meta":{"_monsterinsights_skip_tracking":false,"_monsterinsights_sitenote_active":false,"_monsterinsights_sitenote_note":"","_monsterinsights_sitenote_category":0,"footnotes":""},"categories":[16],"tags":[100,1479,1478],"class_list":["post-7303","post","type-post","status-publish","format-standard","has-post-thumbnail","hentry","category-noticias","tag-municipio-de-campo-quijano","tag-river-boca","tag-super-clasico"],"yoast_head":"<!-- This site is optimized with the Yoast SEO plugin v20.8 - https:\/\/yoast.com\/wordpress\/plugins\/seo\/ -->\n<title>\u00a025 de febrero: River y Boca en el estadio Monumental. - RQ 99.9<\/title>\n<meta name=\"description\" content=\"El encuentro corresponder\u00e1 a la s\u00e9ptima fecha de la Copa de la Liga 2024 y cada equipo sumar\u00e1 puntos para su respectivo grupo.\" \/>\n<meta name=\"robots\" content=\"index, follow, max-snippet:-1, max-image-preview:large, max-video-preview:-1\" \/>\n<link rel=\"canonical\" href=\"https:\/\/nahuelproducciones.com.ar\/radioquijano\/25-de-febrero-river-y-boca-en-el-estadio-monumental\/\" \/>\n<meta property=\"og:locale\" content=\"es_ES\" \/>\n<meta property=\"og:type\" content=\"article\" \/>\n<meta property=\"og:title\" content=\"\u00a025 de febrero: River y Boca en el estadio Monumental. - RQ 99.9\" \/>\n<meta property=\"og:description\" content=\"El encuentro corresponder\u00e1 a la s\u00e9ptima fecha de la Copa de la Liga 2024 y cada equipo sumar\u00e1 puntos para su respectivo grupo.\" \/>\n<meta property=\"og:url\" content=\"https:\/\/nahuelproducciones.com.ar\/radioquijano\/25-de-febrero-river-y-boca-en-el-estadio-monumental\/\" \/>\n<meta property=\"og:site_name\" content=\"RQ 99.9\" \/>\n<meta property=\"article:publisher\" content=\"https:\/\/www.facebook.com\/nahuelproducciones999\/\" \/>\n<meta property=\"article:published_time\" content=\"2024-02-23T13:44:16+00:00\" \/>\n<meta property=\"article:modified_time\" content=\"2024-02-23T13:44:17+00:00\" \/>\n<meta property=\"og:image\" content=\"https:\/\/nahuelproducciones.com.ar\/radioquijano\/wp-content\/uploads\/2024\/02\/lAyCzBeLi_400x400__1.jpg\" \/>\n\t<meta property=\"og:image:width\" content=\"400\" \/>\n\t<meta property=\"og:image:height\" content=\"400\" \/>\n\t<meta property=\"og:image:type\" content=\"image\/jpeg\" \/>\n<meta name=\"author\" content=\"Cecilia Pastrana\" \/>\n<meta name=\"twitter:card\" content=\"summary_large_image\" \/>\n<meta name=\"twitter:creator\" content=\"@nahuproduciones\" \/>\n<meta name=\"twitter:site\" content=\"@nahuproduciones\" \/>\n<meta name=\"twitter:label1\" content=\"Escrito por\" \/>\n\t<meta name=\"twitter:data1\" content=\"Cecilia Pastrana\" \/>\n\t<meta name=\"twitter:label2\" content=\"Tiempo de lectura\" \/>\n\t<meta name=\"twitter:data2\" content=\"6 minutos\" \/>\n<script type=\"application\/ld+json\" class=\"yoast-schema-graph\">{\"@context\":\"https:\/\/schema.org\",\"@graph\":[{\"@type\":\"WebPage\",\"@id\":\"https:\/\/nahuelproducciones.com.ar\/radioquijano\/25-de-febrero-river-y-boca-en-el-estadio-monumental\/\",\"url\":\"https:\/\/nahuelproducciones.com.ar\/radioquijano\/25-de-febrero-river-y-boca-en-el-estadio-monumental\/\",\"name\":\"\u00a025 de febrero: River y Boca en el estadio Monumental. - RQ 99.9\",\"isPartOf\":{\"@id\":\"https:\/\/nahuelproducciones.com.ar\/radioquijano\/#website\"},\"datePublished\":\"2024-02-23T13:44:16+00:00\",\"dateModified\":\"2024-02-23T13:44:17+00:00\",\"author\":{\"@id\":\"https:\/\/nahuelproducciones.com.ar\/radioquijano\/#\/schema\/person\/e8a4f939e2cb487fe6d0c54042c9d32c\"},\"description\":\"El encuentro corresponder\u00e1 a la s\u00e9ptima fecha de la Copa de la Liga 2024 y cada equipo sumar\u00e1 puntos para su respectivo grupo.\",\"breadcrumb\":{\"@id\":\"https:\/\/nahuelproducciones.com.ar\/radioquijano\/25-de-febrero-river-y-boca-en-el-estadio-monumental\/#breadcrumb\"},\"inLanguage\":\"es\",\"potentialAction\":[{\"@type\":\"ReadAction\",\"target\":[\"https:\/\/nahuelproducciones.com.ar\/radioquijano\/25-de-febrero-river-y-boca-en-el-estadio-monumental\/\"]}]},{\"@type\":\"BreadcrumbList\",\"@id\":\"https:\/\/nahuelproducciones.com.ar\/radioquijano\/25-de-febrero-river-y-boca-en-el-estadio-monumental\/#breadcrumb\",\"itemListElement\":[{\"@type\":\"ListItem\",\"position\":1,\"name\":\"Portada\",\"item\":\"https:\/\/nahuelproducciones.com.ar\/radioquijano\/\"},{\"@type\":\"ListItem\",\"position\":2,\"name\":\"\u00a025 de febrero: River y Boca en el estadio Monumental.\"}]},{\"@type\":\"WebSite\",\"@id\":\"https:\/\/nahuelproducciones.com.ar\/radioquijano\/#website\",\"url\":\"https:\/\/nahuelproducciones.com.ar\/radioquijano\/\",\"name\":\"RQ 99.9\",\"description\":\"Radio Quijano 99.9 MHz\",\"potentialAction\":[{\"@type\":\"SearchAction\",\"target\":{\"@type\":\"EntryPoint\",\"urlTemplate\":\"https:\/\/nahuelproducciones.com.ar\/radioquijano\/?s={search_term_string}\"},\"query-input\":\"required name=search_term_string\"}],\"inLanguage\":\"es\"},{\"@type\":\"Person\",\"@id\":\"https:\/\/nahuelproducciones.com.ar\/radioquijano\/#\/schema\/person\/e8a4f939e2cb487fe6d0c54042c9d32c\",\"name\":\"Cecilia Pastrana\",\"image\":{\"@type\":\"ImageObject\",\"inLanguage\":\"es\",\"@id\":\"https:\/\/nahuelproducciones.com.ar\/radioquijano\/#\/schema\/person\/image\/\",\"url\":\"https:\/\/secure.gravatar.com\/avatar\/661a3ef63a8488d4f2794ed44af8cf71420f7e106f3072c40125114df5157749?s=96&d=mm&r=g\",\"contentUrl\":\"https:\/\/secure.gravatar.com\/avatar\/661a3ef63a8488d4f2794ed44af8cf71420f7e106f3072c40125114df5157749?s=96&d=mm&r=g\",\"caption\":\"Cecilia Pastrana\"},\"sameAs\":[\"cecy\"],\"url\":\"https:\/\/nahuelproducciones.com.ar\/radioquijano\/author\/cecy\/\"}]}<\/script>\n<!-- \/ Yoast SEO plugin. -->","yoast_head_json":{"title":"\u00a025 de febrero: River y Boca en el estadio Monumental. - RQ 99.9","description":"El encuentro corresponder\u00e1 a la s\u00e9ptima fecha de la Copa de la Liga 2024 y cada equipo sumar\u00e1 puntos para su respectivo grupo.","robots":{"index":"index","follow":"follow","max-snippet":"max-snippet:-1","max-image-preview":"max-image-preview:large","max-video-preview":"max-video-preview:-1"},"canonical":"https:\/\/nahuelproducciones.com.ar\/radioquijano\/25-de-febrero-river-y-boca-en-el-estadio-monumental\/","og_locale":"es_ES","og_type":"article","og_title":"\u00a025 de febrero: River y Boca en el estadio Monumental. - RQ 99.9","og_description":"El encuentro corresponder\u00e1 a la s\u00e9ptima fecha de la Copa de la Liga 2024 y cada equipo sumar\u00e1 puntos para su respectivo grupo.","og_url":"https:\/\/nahuelproducciones.com.ar\/radioquijano\/25-de-febrero-river-y-boca-en-el-estadio-monumental\/","og_site_name":"RQ 99.9","article_publisher":"https:\/\/www.facebook.com\/nahuelproducciones999\/","article_published_time":"2024-02-23T13:44:16+00:00","article_modified_time":"2024-02-23T13:44:17+00:00","og_image":[{"width":400,"height":400,"url":"https:\/\/nahuelproducciones.com.ar\/radioquijano\/wp-content\/uploads\/2024\/02\/lAyCzBeLi_400x400__1.jpg","type":"image\/jpeg"}],"author":"Cecilia Pastrana","twitter_card":"summary_large_image","twitter_creator":"@nahuproduciones","twitter_site":"@nahuproduciones","twitter_misc":{"Escrito por":"Cecilia Pastrana","Tiempo de lectura":"6 minutos"},"schema":{"@context":"https:\/\/schema.org","@graph":[{"@type":"WebPage","@id":"https:\/\/nahuelproducciones.com.ar\/radioquijano\/25-de-febrero-river-y-boca-en-el-estadio-monumental\/","url":"https:\/\/nahuelproducciones.com.ar\/radioquijano\/25-de-febrero-river-y-boca-en-el-estadio-monumental\/","name":"\u00a025 de febrero: River y Boca en el estadio Monumental. - RQ 99.9","isPartOf":{"@id":"https:\/\/nahuelproducciones.com.ar\/radioquijano\/#website"},"datePublished":"2024-02-23T13:44:16+00:00","dateModified":"2024-02-23T13:44:17+00:00","author":{"@id":"https:\/\/nahuelproducciones.com.ar\/radioquijano\/#\/schema\/person\/e8a4f939e2cb487fe6d0c54042c9d32c"},"description":"El encuentro corresponder\u00e1 a la s\u00e9ptima fecha de la Copa de la Liga 2024 y cada equipo sumar\u00e1 puntos para su respectivo grupo.","breadcrumb":{"@id":"https:\/\/nahuelproducciones.com.ar\/radioquijano\/25-de-febrero-river-y-boca-en-el-estadio-monumental\/#breadcrumb"},"inLanguage":"es","potentialAction":[{"@type":"ReadAction","target":["https:\/\/nahuelproducciones.com.ar\/radioquijano\/25-de-febrero-river-y-boca-en-el-estadio-monumental\/"]}]},{"@type":"BreadcrumbList","@id":"https:\/\/nahuelproducciones.com.ar\/radioquijano\/25-de-febrero-river-y-boca-en-el-estadio-monumental\/#breadcrumb","itemListElement":[{"@type":"ListItem","position":1,"name":"Portada","item":"https:\/\/nahuelproducciones.com.ar\/radioquijano\/"},{"@type":"ListItem","position":2,"name":"\u00a025 de febrero: River y Boca en el estadio Monumental."}]},{"@type":"WebSite","@id":"https:\/\/nahuelproducciones.com.ar\/radioquijano\/#website","url":"https:\/\/nahuelproducciones.com.ar\/radioquijano\/","name":"RQ 99.9","description":"Radio Quijano 99.9 MHz","potentialAction":[{"@type":"SearchAction","target":{"@type":"EntryPoint","urlTemplate":"https:\/\/nahuelproducciones.com.ar\/radioquijano\/?s={search_term_string}"},"query-input":"required name=search_term_string"}],"inLanguage":"es"},{"@type":"Person","@id":"https:\/\/nahuelproducciones.com.ar\/radioquijano\/#\/schema\/person\/e8a4f939e2cb487fe6d0c54042c9d32c","name":"Cecilia Pastrana","image":{"@type":"ImageObject","inLanguage":"es","@id":"https:\/\/nahuelproducciones.com.ar\/radioquijano\/#\/schema\/person\/image\/","url":"https:\/\/secure.gravatar.com\/avatar\/661a3ef63a8488d4f2794ed44af8cf71420f7e106f3072c40125114df5157749?s=96&d=mm&r=g","contentUrl":"https:\/\/secure.gravatar.com\/avatar\/661a3ef63a8488d4f2794ed44af8cf71420f7e106f3072c40125114df5157749?s=96&d=mm&r=g","caption":"Cecilia Pastrana"},"sameAs":["cecy"],"url":"https:\/\/nahuelproducciones.com.ar\/radioquijano\/author\/cecy\/"}]}},"_links":{"self":[{"href":"https:\/\/nahuelproducciones.com.ar\/radioquijano\/wp-json\/wp\/v2\/posts\/7303","targetHints":{"allow":["GET"]}}],"collection":[{"href":"https:\/\/nahuelproducciones.com.ar\/radioquijano\/wp-json\/wp\/v2\/posts"}],"about":[{"href":"https:\/\/nahuelproducciones.com.ar\/radioquijano\/wp-json\/wp\/v2\/types\/post"}],"author":[{"embeddable":true,"href":"https:\/\/nahuelproducciones.com.ar\/radioquijano\/wp-json\/wp\/v2\/users\/8"}],"replies":[{"embeddable":true,"href":"https:\/\/nahuelproducciones.com.ar\/radioquijano\/wp-json\/wp\/v2\/comments?post=7303"}],"version-history":[{"count":1,"href":"https:\/\/nahuelproducciones.com.ar\/radioquijano\/wp-json\/wp\/v2\/posts\/7303\/revisions"}],"predecessor-version":[{"id":7305,"href":"https:\/\/nahuelproducciones.com.ar\/radioquijano\/wp-json\/wp\/v2\/posts\/7303\/revisions\/7305"}],"wp:featuredmedia":[{"embeddable":true,"href":"https:\/\/nahuelproducciones.com.ar\/radioquijano\/wp-json\/wp\/v2\/media\/7304"}],"wp:attachment":[{"href":"https:\/\/nahuelproducciones.com.ar\/radioquijano\/wp-json\/wp\/v2\/media?parent=7303"}],"wp:term":[{"taxonomy":"category","embeddable":true,"href":"https:\/\/nahuelproducciones.com.ar\/radioquijano\/wp-json\/wp\/v2\/categories?post=7303"},{"taxonomy":"post_tag","embeddable":true,"href":"https:\/\/nahuelproducciones.com.ar\/radioquijano\/wp-json\/wp\/v2\/tags?post=7303"}],"curies":[{"name":"wp","href":"https:\/\/api.w.org\/{rel}","templated":true}]}}