{"id":7310,"date":"2024-02-28T09:14:46","date_gmt":"2024-02-28T12:14:46","guid":{"rendered":"https:\/\/nahuelproducciones.com.ar\/radioquijano\/?p=7310"},"modified":"2024-03-01T19:06:28","modified_gmt":"2024-03-01T22:06:28","slug":"santa-rosa-de-tastil-xvi-fiesta-provincial-del-haba","status":"publish","type":"post","link":"https:\/\/nahuelproducciones.com.ar\/radioquijano\/santa-rosa-de-tastil-xvi-fiesta-provincial-del-haba\/","title":{"rendered":"Santa Rosa de Tastil: XVI\u00b0 Fiesta Provincial del Haba"},"content":{"rendered":"\n<p>La comunidad y la comisi\u00f3n del Centro Vecinal de Santa Rosa de Tastil junto a la Municipalidad invitan a participar de la 16\u00b0 Fiesta Provincial del Haba. <\/p>\n\n\n\n<p>La fiesta se realizar\u00e1 este s\u00e1bado 2 de marzo en el paraje de Santa Rosa de Tastil en la Quebrada del Toro, desde las 9:00 hs. y comenzar\u00e1 con la ofrenda a la madre tierra Pachamama, luego continuar\u00e1 con la Feria de productores agropecuarios.<\/p>\n\n\n\n<p>RQ99.9Mhz se comunic\u00f3 telef\u00f3nicamente con la Directora de Turismo Valeria Guitian y&nbsp;cont\u00f3 tambi\u00e9n que  se realizar\u00e1  la competencia del mote de haba y choclo, prosiguiendo con el Encuentro de Copleros y la presentaci\u00f3n en vivo de los Hermanos Flores.<br>Guitian invit\u00f3 a todos a visitar Santa Rosa de Tastil y que se los  espera para vivir un s\u00e1bado a pura tradici\u00f3n y cultura.<\/p>\n\n\n\n<p>Escucha la entrevista:<\/p>\n\n\n\n<figure class=\"wp-block-audio\"><audio controls src=\"https:\/\/nahuelproducciones.com.ar\/radioquijano\/wp-content\/uploads\/2024\/02\/27-02-2024-DIRECTORA-DE-TURISMO-VALERIA-GUITIAN-TEMA-16-ANOS-DE-LAFIESTA-DELA-HABA.mp3\"><\/audio><\/figure>\n\n\n\n<p>Este mi\u00e9rcoles 28 de Febrero se desarrollar\u00e1 la Conferencia de Prensa por la XVI\u00b0 Fiesta Provincial del Haba en el MAAM (Museo Arqueol\u00f3gico de Alta Monta\u00f1a) , Bartolom\u00e9 Mitre 77 Salta- Capital, a 10:00 hs<\/p>\n\n\n\n<p>.<\/p>\n\n\n<div class=\"wp-block-image\">\n<figure class=\"aligncenter size-large is-resized\"><img loading=\"lazy\" decoding=\"async\" src=\"https:\/\/nahuelproducciones.com.ar\/radioquijano\/wp-content\/uploads\/2024\/02\/430114705_802471935242552_5680447933845350429_n-819x1024.jpg\" alt=\"\" class=\"wp-image-7313\" width=\"339\" height=\"423\" srcset=\"https:\/\/nahuelproducciones.com.ar\/radioquijano\/wp-content\/uploads\/2024\/02\/430114705_802471935242552_5680447933845350429_n-819x1024.jpg 819w, https:\/\/nahuelproducciones.com.ar\/radioquijano\/wp-content\/uploads\/2024\/02\/430114705_802471935242552_5680447933845350429_n-240x300.jpg 240w, https:\/\/nahuelproducciones.com.ar\/radioquijano\/wp-content\/uploads\/2024\/02\/430114705_802471935242552_5680447933845350429_n-768x960.jpg 768w, https:\/\/nahuelproducciones.com.ar\/radioquijano\/wp-content\/uploads\/2024\/02\/430114705_802471935242552_5680447933845350429_n-150x188.jpg 150w, https:\/\/nahuelproducciones.com.ar\/radioquijano\/wp-content\/uploads\/2024\/02\/430114705_802471935242552_5680447933845350429_n.jpg 1080w\" sizes=\"auto, (max-width: 339px) 100vw, 339px\" \/><\/figure><\/div>","protected":false},"excerpt":{"rendered":"<p>La comunidad y la comisi\u00f3n del Centro Vecinal de Santa Rosa de Tastil junto a la Municipalidad invitan a participar de la 16\u00b0 Fiesta Provincial del Haba. La fiesta se realizar\u00e1 este s\u00e1bado 2 de marzo en el paraje de Santa Rosa de Tastil en la Quebrada del Toro, desde las 9:00 hs. y comenzar\u00e1 [&hellip;]<\/p>\n","protected":false},"author":8,"featured_media":7312,"comment_status":"open","ping_status":"open","sticky":false,"template":"","format":"standard","meta":{"_monsterinsights_skip_tracking":false,"_monsterinsights_sitenote_active":false,"_monsterinsights_sitenote_note":"","_monsterinsights_sitenote_category":0,"footnotes":""},"categories":[16],"tags":[],"class_list":["post-7310","post","type-post","status-publish","format-standard","has-post-thumbnail","hentry","category-noticias"],"yoast_head":"<!-- This site is optimized with the Yoast SEO plugin v20.8 - https:\/\/yoast.com\/wordpress\/plugins\/seo\/ -->\n<title>Santa Rosa de Tastil: XVI\u00b0 Fiesta Provincial del Haba - RQ 99.9<\/title>\n<meta name=\"robots\" content=\"index, follow, max-snippet:-1, max-image-preview:large, max-video-preview:-1\" \/>\n<link rel=\"canonical\" href=\"https:\/\/nahuelproducciones.com.ar\/radioquijano\/santa-rosa-de-tastil-xvi-fiesta-provincial-del-haba\/\" \/>\n<meta property=\"og:locale\" content=\"es_ES\" \/>\n<meta property=\"og:type\" content=\"article\" \/>\n<meta property=\"og:title\" content=\"Santa Rosa de Tastil: XVI\u00b0 Fiesta Provincial del Haba - RQ 99.9\" \/>\n<meta property=\"og:description\" content=\"La comunidad y la comisi\u00f3n del Centro Vecinal de Santa Rosa de Tastil junto a la Municipalidad invitan a participar de la 16\u00b0 Fiesta Provincial del Haba. La fiesta se realizar\u00e1 este s\u00e1bado 2 de marzo en el paraje de Santa Rosa de Tastil en la Quebrada del Toro, desde las 9:00 hs. y comenzar\u00e1 [&hellip;]\" \/>\n<meta property=\"og:url\" content=\"https:\/\/nahuelproducciones.com.ar\/radioquijano\/santa-rosa-de-tastil-xvi-fiesta-provincial-del-haba\/\" \/>\n<meta property=\"og:site_name\" content=\"RQ 99.9\" \/>\n<meta property=\"article:publisher\" content=\"https:\/\/www.facebook.com\/nahuelproducciones999\/\" \/>\n<meta property=\"article:published_time\" content=\"2024-02-28T12:14:46+00:00\" \/>\n<meta property=\"article:modified_time\" content=\"2024-03-01T22:06:28+00:00\" \/>\n<meta property=\"og:image\" content=\"https:\/\/nahuelproducciones.com.ar\/radioquijano\/wp-content\/uploads\/2024\/02\/428708694_802407591915653_349240737870036065_n-e1709122330905.jpg\" \/>\n\t<meta property=\"og:image:width\" content=\"700\" \/>\n\t<meta property=\"og:image:height\" content=\"875\" \/>\n\t<meta property=\"og:image:type\" content=\"image\/jpeg\" \/>\n<meta name=\"author\" content=\"Cecilia Pastrana\" \/>\n<meta name=\"twitter:card\" content=\"summary_large_image\" \/>\n<meta name=\"twitter:creator\" content=\"@nahuproduciones\" \/>\n<meta name=\"twitter:site\" content=\"@nahuproduciones\" \/>\n<meta name=\"twitter:label1\" content=\"Escrito por\" \/>\n\t<meta name=\"twitter:data1\" content=\"Cecilia Pastrana\" \/>\n\t<meta name=\"twitter:label2\" content=\"Tiempo de lectura\" \/>\n\t<meta name=\"twitter:data2\" content=\"1 minuto\" \/>\n<script type=\"application\/ld+json\" class=\"yoast-schema-graph\">{\"@context\":\"https:\/\/schema.org\",\"@graph\":[{\"@type\":\"WebPage\",\"@id\":\"https:\/\/nahuelproducciones.com.ar\/radioquijano\/santa-rosa-de-tastil-xvi-fiesta-provincial-del-haba\/\",\"url\":\"https:\/\/nahuelproducciones.com.ar\/radioquijano\/santa-rosa-de-tastil-xvi-fiesta-provincial-del-haba\/\",\"name\":\"Santa Rosa de Tastil: XVI\u00b0 Fiesta Provincial del Haba - RQ 99.9\",\"isPartOf\":{\"@id\":\"https:\/\/nahuelproducciones.com.ar\/radioquijano\/#website\"},\"datePublished\":\"2024-02-28T12:14:46+00:00\",\"dateModified\":\"2024-03-01T22:06:28+00:00\",\"author\":{\"@id\":\"https:\/\/nahuelproducciones.com.ar\/radioquijano\/#\/schema\/person\/e8a4f939e2cb487fe6d0c54042c9d32c\"},\"breadcrumb\":{\"@id\":\"https:\/\/nahuelproducciones.com.ar\/radioquijano\/santa-rosa-de-tastil-xvi-fiesta-provincial-del-haba\/#breadcrumb\"},\"inLanguage\":\"es\",\"potentialAction\":[{\"@type\":\"ReadAction\",\"target\":[\"https:\/\/nahuelproducciones.com.ar\/radioquijano\/santa-rosa-de-tastil-xvi-fiesta-provincial-del-haba\/\"]}]},{\"@type\":\"BreadcrumbList\",\"@id\":\"https:\/\/nahuelproducciones.com.ar\/radioquijano\/santa-rosa-de-tastil-xvi-fiesta-provincial-del-haba\/#breadcrumb\",\"itemListElement\":[{\"@type\":\"ListItem\",\"position\":1,\"name\":\"Portada\",\"item\":\"https:\/\/nahuelproducciones.com.ar\/radioquijano\/\"},{\"@type\":\"ListItem\",\"position\":2,\"name\":\"Santa Rosa de Tastil: XVI\u00b0 Fiesta Provincial del Haba\"}]},{\"@type\":\"WebSite\",\"@id\":\"https:\/\/nahuelproducciones.com.ar\/radioquijano\/#website\",\"url\":\"https:\/\/nahuelproducciones.com.ar\/radioquijano\/\",\"name\":\"RQ 99.9\",\"description\":\"Radio Quijano 99.9 MHz\",\"potentialAction\":[{\"@type\":\"SearchAction\",\"target\":{\"@type\":\"EntryPoint\",\"urlTemplate\":\"https:\/\/nahuelproducciones.com.ar\/radioquijano\/?s={search_term_string}\"},\"query-input\":\"required name=search_term_string\"}],\"inLanguage\":\"es\"},{\"@type\":\"Person\",\"@id\":\"https:\/\/nahuelproducciones.com.ar\/radioquijano\/#\/schema\/person\/e8a4f939e2cb487fe6d0c54042c9d32c\",\"name\":\"Cecilia Pastrana\",\"image\":{\"@type\":\"ImageObject\",\"inLanguage\":\"es\",\"@id\":\"https:\/\/nahuelproducciones.com.ar\/radioquijano\/#\/schema\/person\/image\/\",\"url\":\"https:\/\/secure.gravatar.com\/avatar\/661a3ef63a8488d4f2794ed44af8cf71420f7e106f3072c40125114df5157749?s=96&d=mm&r=g\",\"contentUrl\":\"https:\/\/secure.gravatar.com\/avatar\/661a3ef63a8488d4f2794ed44af8cf71420f7e106f3072c40125114df5157749?s=96&d=mm&r=g\",\"caption\":\"Cecilia Pastrana\"},\"sameAs\":[\"cecy\"],\"url\":\"https:\/\/nahuelproducciones.com.ar\/radioquijano\/author\/cecy\/\"}]}<\/script>\n<!-- \/ Yoast SEO plugin. -->","yoast_head_json":{"title":"Santa Rosa de Tastil: XVI\u00b0 Fiesta Provincial del Haba - RQ 99.9","robots":{"index":"index","follow":"follow","max-snippet":"max-snippet:-1","max-image-preview":"max-image-preview:large","max-video-preview":"max-video-preview:-1"},"canonical":"https:\/\/nahuelproducciones.com.ar\/radioquijano\/santa-rosa-de-tastil-xvi-fiesta-provincial-del-haba\/","og_locale":"es_ES","og_type":"article","og_title":"Santa Rosa de Tastil: XVI\u00b0 Fiesta Provincial del Haba - RQ 99.9","og_description":"La comunidad y la comisi\u00f3n del Centro Vecinal de Santa Rosa de Tastil junto a la Municipalidad invitan a participar de la 16\u00b0 Fiesta Provincial del Haba. La fiesta se realizar\u00e1 este s\u00e1bado 2 de marzo en el paraje de Santa Rosa de Tastil en la Quebrada del Toro, desde las 9:00 hs. y comenzar\u00e1 [&hellip;]","og_url":"https:\/\/nahuelproducciones.com.ar\/radioquijano\/santa-rosa-de-tastil-xvi-fiesta-provincial-del-haba\/","og_site_name":"RQ 99.9","article_publisher":"https:\/\/www.facebook.com\/nahuelproducciones999\/","article_published_time":"2024-02-28T12:14:46+00:00","article_modified_time":"2024-03-01T22:06:28+00:00","og_image":[{"width":700,"height":875,"url":"https:\/\/nahuelproducciones.com.ar\/radioquijano\/wp-content\/uploads\/2024\/02\/428708694_802407591915653_349240737870036065_n-e1709122330905.jpg","type":"image\/jpeg"}],"author":"Cecilia Pastrana","twitter_card":"summary_large_image","twitter_creator":"@nahuproduciones","twitter_site":"@nahuproduciones","twitter_misc":{"Escrito por":"Cecilia Pastrana","Tiempo de lectura":"1 minuto"},"schema":{"@context":"https:\/\/schema.org","@graph":[{"@type":"WebPage","@id":"https:\/\/nahuelproducciones.com.ar\/radioquijano\/santa-rosa-de-tastil-xvi-fiesta-provincial-del-haba\/","url":"https:\/\/nahuelproducciones.com.ar\/radioquijano\/santa-rosa-de-tastil-xvi-fiesta-provincial-del-haba\/","name":"Santa Rosa de Tastil: XVI\u00b0 Fiesta Provincial del Haba - RQ 99.9","isPartOf":{"@id":"https:\/\/nahuelproducciones.com.ar\/radioquijano\/#website"},"datePublished":"2024-02-28T12:14:46+00:00","dateModified":"2024-03-01T22:06:28+00:00","author":{"@id":"https:\/\/nahuelproducciones.com.ar\/radioquijano\/#\/schema\/person\/e8a4f939e2cb487fe6d0c54042c9d32c"},"breadcrumb":{"@id":"https:\/\/nahuelproducciones.com.ar\/radioquijano\/santa-rosa-de-tastil-xvi-fiesta-provincial-del-haba\/#breadcrumb"},"inLanguage":"es","potentialAction":[{"@type":"ReadAction","target":["https:\/\/nahuelproducciones.com.ar\/radioquijano\/santa-rosa-de-tastil-xvi-fiesta-provincial-del-haba\/"]}]},{"@type":"BreadcrumbList","@id":"https:\/\/nahuelproducciones.com.ar\/radioquijano\/santa-rosa-de-tastil-xvi-fiesta-provincial-del-haba\/#breadcrumb","itemListElement":[{"@type":"ListItem","position":1,"name":"Portada","item":"https:\/\/nahuelproducciones.com.ar\/radioquijano\/"},{"@type":"ListItem","position":2,"name":"Santa Rosa de Tastil: XVI\u00b0 Fiesta Provincial del Haba"}]},{"@type":"WebSite","@id":"https:\/\/nahuelproducciones.com.ar\/radioquijano\/#website","url":"https:\/\/nahuelproducciones.com.ar\/radioquijano\/","name":"RQ 99.9","description":"Radio Quijano 99.9 MHz","potentialAction":[{"@type":"SearchAction","target":{"@type":"EntryPoint","urlTemplate":"https:\/\/nahuelproducciones.com.ar\/radioquijano\/?s={search_term_string}"},"query-input":"required name=search_term_string"}],"inLanguage":"es"},{"@type":"Person","@id":"https:\/\/nahuelproducciones.com.ar\/radioquijano\/#\/schema\/person\/e8a4f939e2cb487fe6d0c54042c9d32c","name":"Cecilia Pastrana","image":{"@type":"ImageObject","inLanguage":"es","@id":"https:\/\/nahuelproducciones.com.ar\/radioquijano\/#\/schema\/person\/image\/","url":"https:\/\/secure.gravatar.com\/avatar\/661a3ef63a8488d4f2794ed44af8cf71420f7e106f3072c40125114df5157749?s=96&d=mm&r=g","contentUrl":"https:\/\/secure.gravatar.com\/avatar\/661a3ef63a8488d4f2794ed44af8cf71420f7e106f3072c40125114df5157749?s=96&d=mm&r=g","caption":"Cecilia Pastrana"},"sameAs":["cecy"],"url":"https:\/\/nahuelproducciones.com.ar\/radioquijano\/author\/cecy\/"}]}},"_links":{"self":[{"href":"https:\/\/nahuelproducciones.com.ar\/radioquijano\/wp-json\/wp\/v2\/posts\/7310","targetHints":{"allow":["GET"]}}],"collection":[{"href":"https:\/\/nahuelproducciones.com.ar\/radioquijano\/wp-json\/wp\/v2\/posts"}],"about":[{"href":"https:\/\/nahuelproducciones.com.ar\/radioquijano\/wp-json\/wp\/v2\/types\/post"}],"author":[{"embeddable":true,"href":"https:\/\/nahuelproducciones.com.ar\/radioquijano\/wp-json\/wp\/v2\/users\/8"}],"replies":[{"embeddable":true,"href":"https:\/\/nahuelproducciones.com.ar\/radioquijano\/wp-json\/wp\/v2\/comments?post=7310"}],"version-history":[{"count":2,"href":"https:\/\/nahuelproducciones.com.ar\/radioquijano\/wp-json\/wp\/v2\/posts\/7310\/revisions"}],"predecessor-version":[{"id":7347,"href":"https:\/\/nahuelproducciones.com.ar\/radioquijano\/wp-json\/wp\/v2\/posts\/7310\/revisions\/7347"}],"wp:featuredmedia":[{"embeddable":true,"href":"https:\/\/nahuelproducciones.com.ar\/radioquijano\/wp-json\/wp\/v2\/media\/7312"}],"wp:attachment":[{"href":"https:\/\/nahuelproducciones.com.ar\/radioquijano\/wp-json\/wp\/v2\/media?parent=7310"}],"wp:term":[{"taxonomy":"category","embeddable":true,"href":"https:\/\/nahuelproducciones.com.ar\/radioquijano\/wp-json\/wp\/v2\/categories?post=7310"},{"taxonomy":"post_tag","embeddable":true,"href":"https:\/\/nahuelproducciones.com.ar\/radioquijano\/wp-json\/wp\/v2\/tags?post=7310"}],"curies":[{"name":"wp","href":"https:\/\/api.w.org\/{rel}","templated":true}]}}