{"id":7341,"date":"2024-03-01T11:13:52","date_gmt":"2024-03-01T14:13:52","guid":{"rendered":"https:\/\/nahuelproducciones.com.ar\/radioquijano\/?p=7341"},"modified":"2024-03-01T11:13:52","modified_gmt":"2024-03-01T14:13:52","slug":"ahyre-se-consagra-en-el-festival-de-vina-del-mar-2024","status":"publish","type":"post","link":"https:\/\/nahuelproducciones.com.ar\/radioquijano\/ahyre-se-consagra-en-el-festival-de-vina-del-mar-2024\/","title":{"rendered":"\u00a0AHYRE se consagra en el Festival de Vi\u00f1a del Mar 2024."},"content":{"rendered":"\n<p><strong>La agrupaci\u00f3n salte\u00f1a\u00a0Ahyre\u00a0se convirti\u00f3 en finalista del\u00a0Festival de Vi\u00f1a del Mar 2024<\/strong>\u00a0y anoche compiti\u00f3 contra bandas de M\u00e9xico y Panam\u00e1 por el gran premio de la Gaviota de Oro dentro de la competencia folcl\u00f3rica.<\/p>\n\n\n\n<p>El cuarteto salte\u00f1o conformado por las voces de\u00a0<strong>Juan Jos\u00e9 Vasconcellos<\/strong>,\u00a0<strong>Sebasti\u00e1n Gim\u00e9nez<\/strong>,\u00a0<strong>Hernando M\u00f3nico<\/strong>\u00a0y\u00a0<strong>Federico Maldonado<\/strong>, con la colaboraci\u00f3n de\u00a0<strong>Guido Bertini<\/strong>\u00a0en percusi\u00f3n y bater\u00eda, <strong>se consagr\u00f3 en el Festival de Vi\u00f1a del Mar con dos Gaviotas de Plata a Mejor Interpretaci\u00f3n y Mejor Canci\u00f3n por\u00a0<em>La Luna<\/em>.<\/strong><\/p>\n\n\n\n<p>La banda integrada por Jos\u00e9 Vasconcellos, Sebasti\u00e1n Gim\u00e9nez, Hernando M\u00f3nico y Federico Maldonado\u00a0<strong>logr\u00f3 deslumbrar al p\u00fablico de uno de los festivales m\u00e1s importantes<\/strong>\u00a0de Latinoam\u00e9rica y tambi\u00e9n representar al folclore argentino.<\/p>\n\n\n\n<p>En esta oportunidad interpretaron su canci\u00f3n \u201cLuna\u201d y fascinaron al p\u00fablico no solo con sus armoniosas y virtuosas voces, sino tambi\u00e9n con una impactante puesta en escena que&nbsp;<strong>incluy\u00f3 a cuatro parejas de bailarines que se presentaron con fascinantes vestuarios.<\/strong><\/p>\n\n\n\n<p>Adem\u00e1s, contaron con una escenograf\u00eda que emulaba un bosque con faroles, elemento que tambi\u00e9n fue parte de la interpretaci\u00f3n de danza. Por su parte,&nbsp;<strong>los m\u00fasicos tocaron sentados en banquetas&nbsp;<\/strong>y lograron que su show sea impactante por la combinaci\u00f3n visual y sonora.<\/p>\n\n\n\n<p>Tal como informan desde la prensa oficial, \u201c<strong>esta canci\u00f3n que fusiona la fuerza de la ra\u00edz latinoamericana con nuevas texturas<\/strong>, timbres y colores que exponen una mirada diferente y m\u00e1s global de la m\u00fasica\u201d.<\/p>\n\n\n\n<figure class=\"wp-block-video\"><video controls src=\"https:\/\/nahuelproducciones.com.ar\/radioquijano\/wp-content\/uploads\/2024\/03\/WhatsApp-Video-2024-03-01-at-10.09.39-AM.mp4\"><\/video><\/figure>\n\n\n\n<figure class=\"wp-block-video\"><video controls src=\"https:\/\/nahuelproducciones.com.ar\/radioquijano\/wp-content\/uploads\/2024\/03\/WhatsApp-Video-2024-03-01-at-10.09.38-AM.mp4\"><\/video><\/figure>\n\n\n\n<p>Fuente: Alfredo Natal Morales,TN LA VIOLA Y PRENSARIO M\u00daSICA<\/p>\n","protected":false},"excerpt":{"rendered":"<p>La agrupaci\u00f3n salte\u00f1a\u00a0Ahyre\u00a0se convirti\u00f3 en finalista del\u00a0Festival de Vi\u00f1a del Mar 2024\u00a0y anoche compiti\u00f3 contra bandas de M\u00e9xico y Panam\u00e1 por el gran premio de la Gaviota de Oro dentro de la competencia folcl\u00f3rica. El cuarteto salte\u00f1o conformado por las voces de\u00a0Juan Jos\u00e9 Vasconcellos,\u00a0Sebasti\u00e1n Gim\u00e9nez,\u00a0Hernando M\u00f3nico\u00a0y\u00a0Federico Maldonado, con la colaboraci\u00f3n de\u00a0Guido Bertini\u00a0en percusi\u00f3n y bater\u00eda, [&hellip;]<\/p>\n","protected":false},"author":8,"featured_media":7344,"comment_status":"open","ping_status":"open","sticky":false,"template":"","format":"standard","meta":{"_monsterinsights_skip_tracking":false,"_monsterinsights_sitenote_active":false,"_monsterinsights_sitenote_note":"","_monsterinsights_sitenote_category":0,"footnotes":""},"categories":[16],"tags":[1487,1488,100],"class_list":["post-7341","post","type-post","status-publish","format-standard","has-post-thumbnail","hentry","category-noticias","tag-ahyre-2","tag-festival-de-vina-del-mar-2024","tag-municipio-de-campo-quijano"],"yoast_head":"<!-- This site is optimized with the Yoast SEO plugin v20.8 - https:\/\/yoast.com\/wordpress\/plugins\/seo\/ -->\n<title>\u00a0AHYRE se consagra en el Festival de Vi\u00f1a del Mar 2024. - RQ 99.9<\/title>\n<meta name=\"description\" content=\"El cuarteto de folclore ofreci\u00f3 una puesta en escena insuperable.\" \/>\n<meta name=\"robots\" content=\"index, follow, max-snippet:-1, max-image-preview:large, max-video-preview:-1\" \/>\n<link rel=\"canonical\" href=\"https:\/\/nahuelproducciones.com.ar\/radioquijano\/ahyre-se-consagra-en-el-festival-de-vina-del-mar-2024\/\" \/>\n<meta property=\"og:locale\" content=\"es_ES\" \/>\n<meta property=\"og:type\" content=\"article\" \/>\n<meta property=\"og:title\" content=\"\u00a0AHYRE se consagra en el Festival de Vi\u00f1a del Mar 2024. - RQ 99.9\" \/>\n<meta property=\"og:description\" content=\"El cuarteto de folclore ofreci\u00f3 una puesta en escena insuperable.\" \/>\n<meta property=\"og:url\" content=\"https:\/\/nahuelproducciones.com.ar\/radioquijano\/ahyre-se-consagra-en-el-festival-de-vina-del-mar-2024\/\" \/>\n<meta property=\"og:site_name\" content=\"RQ 99.9\" \/>\n<meta property=\"article:publisher\" content=\"https:\/\/www.facebook.com\/nahuelproducciones999\/\" \/>\n<meta property=\"article:published_time\" content=\"2024-03-01T14:13:52+00:00\" \/>\n<meta property=\"og:image\" content=\"https:\/\/nahuelproducciones.com.ar\/radioquijano\/wp-content\/uploads\/2024\/03\/WhatsApp-Image-2024-03-01-at-11.11.46-AM-e1709302423158.jpeg\" \/>\n\t<meta property=\"og:image:width\" content=\"700\" \/>\n\t<meta property=\"og:image:height\" content=\"394\" \/>\n\t<meta property=\"og:image:type\" content=\"image\/jpeg\" \/>\n<meta name=\"author\" content=\"Cecilia Pastrana\" \/>\n<meta name=\"twitter:card\" content=\"summary_large_image\" \/>\n<meta name=\"twitter:creator\" content=\"@nahuproduciones\" \/>\n<meta name=\"twitter:site\" content=\"@nahuproduciones\" \/>\n<meta name=\"twitter:label1\" content=\"Escrito por\" \/>\n\t<meta name=\"twitter:data1\" content=\"Cecilia Pastrana\" \/>\n\t<meta name=\"twitter:label2\" content=\"Tiempo de lectura\" \/>\n\t<meta name=\"twitter:data2\" content=\"2 minutos\" \/>\n<script type=\"application\/ld+json\" class=\"yoast-schema-graph\">{\"@context\":\"https:\/\/schema.org\",\"@graph\":[{\"@type\":\"WebPage\",\"@id\":\"https:\/\/nahuelproducciones.com.ar\/radioquijano\/ahyre-se-consagra-en-el-festival-de-vina-del-mar-2024\/\",\"url\":\"https:\/\/nahuelproducciones.com.ar\/radioquijano\/ahyre-se-consagra-en-el-festival-de-vina-del-mar-2024\/\",\"name\":\"\u00a0AHYRE se consagra en el Festival de Vi\u00f1a del Mar 2024. - RQ 99.9\",\"isPartOf\":{\"@id\":\"https:\/\/nahuelproducciones.com.ar\/radioquijano\/#website\"},\"datePublished\":\"2024-03-01T14:13:52+00:00\",\"dateModified\":\"2024-03-01T14:13:52+00:00\",\"author\":{\"@id\":\"https:\/\/nahuelproducciones.com.ar\/radioquijano\/#\/schema\/person\/e8a4f939e2cb487fe6d0c54042c9d32c\"},\"description\":\"El cuarteto de folclore ofreci\u00f3 una puesta en escena insuperable.\",\"breadcrumb\":{\"@id\":\"https:\/\/nahuelproducciones.com.ar\/radioquijano\/ahyre-se-consagra-en-el-festival-de-vina-del-mar-2024\/#breadcrumb\"},\"inLanguage\":\"es\",\"potentialAction\":[{\"@type\":\"ReadAction\",\"target\":[\"https:\/\/nahuelproducciones.com.ar\/radioquijano\/ahyre-se-consagra-en-el-festival-de-vina-del-mar-2024\/\"]}]},{\"@type\":\"BreadcrumbList\",\"@id\":\"https:\/\/nahuelproducciones.com.ar\/radioquijano\/ahyre-se-consagra-en-el-festival-de-vina-del-mar-2024\/#breadcrumb\",\"itemListElement\":[{\"@type\":\"ListItem\",\"position\":1,\"name\":\"Portada\",\"item\":\"https:\/\/nahuelproducciones.com.ar\/radioquijano\/\"},{\"@type\":\"ListItem\",\"position\":2,\"name\":\"\u00a0AHYRE se consagra en el Festival de Vi\u00f1a del Mar 2024.\"}]},{\"@type\":\"WebSite\",\"@id\":\"https:\/\/nahuelproducciones.com.ar\/radioquijano\/#website\",\"url\":\"https:\/\/nahuelproducciones.com.ar\/radioquijano\/\",\"name\":\"RQ 99.9\",\"description\":\"Radio Quijano 99.9 MHz\",\"potentialAction\":[{\"@type\":\"SearchAction\",\"target\":{\"@type\":\"EntryPoint\",\"urlTemplate\":\"https:\/\/nahuelproducciones.com.ar\/radioquijano\/?s={search_term_string}\"},\"query-input\":\"required name=search_term_string\"}],\"inLanguage\":\"es\"},{\"@type\":\"Person\",\"@id\":\"https:\/\/nahuelproducciones.com.ar\/radioquijano\/#\/schema\/person\/e8a4f939e2cb487fe6d0c54042c9d32c\",\"name\":\"Cecilia Pastrana\",\"image\":{\"@type\":\"ImageObject\",\"inLanguage\":\"es\",\"@id\":\"https:\/\/nahuelproducciones.com.ar\/radioquijano\/#\/schema\/person\/image\/\",\"url\":\"https:\/\/secure.gravatar.com\/avatar\/661a3ef63a8488d4f2794ed44af8cf71420f7e106f3072c40125114df5157749?s=96&d=mm&r=g\",\"contentUrl\":\"https:\/\/secure.gravatar.com\/avatar\/661a3ef63a8488d4f2794ed44af8cf71420f7e106f3072c40125114df5157749?s=96&d=mm&r=g\",\"caption\":\"Cecilia Pastrana\"},\"sameAs\":[\"cecy\"],\"url\":\"https:\/\/nahuelproducciones.com.ar\/radioquijano\/author\/cecy\/\"}]}<\/script>\n<!-- \/ Yoast SEO plugin. -->","yoast_head_json":{"title":"\u00a0AHYRE se consagra en el Festival de Vi\u00f1a del Mar 2024. - RQ 99.9","description":"El cuarteto de folclore ofreci\u00f3 una puesta en escena insuperable.","robots":{"index":"index","follow":"follow","max-snippet":"max-snippet:-1","max-image-preview":"max-image-preview:large","max-video-preview":"max-video-preview:-1"},"canonical":"https:\/\/nahuelproducciones.com.ar\/radioquijano\/ahyre-se-consagra-en-el-festival-de-vina-del-mar-2024\/","og_locale":"es_ES","og_type":"article","og_title":"\u00a0AHYRE se consagra en el Festival de Vi\u00f1a del Mar 2024. - RQ 99.9","og_description":"El cuarteto de folclore ofreci\u00f3 una puesta en escena insuperable.","og_url":"https:\/\/nahuelproducciones.com.ar\/radioquijano\/ahyre-se-consagra-en-el-festival-de-vina-del-mar-2024\/","og_site_name":"RQ 99.9","article_publisher":"https:\/\/www.facebook.com\/nahuelproducciones999\/","article_published_time":"2024-03-01T14:13:52+00:00","og_image":[{"width":700,"height":394,"url":"https:\/\/nahuelproducciones.com.ar\/radioquijano\/wp-content\/uploads\/2024\/03\/WhatsApp-Image-2024-03-01-at-11.11.46-AM-e1709302423158.jpeg","type":"image\/jpeg"}],"author":"Cecilia Pastrana","twitter_card":"summary_large_image","twitter_creator":"@nahuproduciones","twitter_site":"@nahuproduciones","twitter_misc":{"Escrito por":"Cecilia Pastrana","Tiempo de lectura":"2 minutos"},"schema":{"@context":"https:\/\/schema.org","@graph":[{"@type":"WebPage","@id":"https:\/\/nahuelproducciones.com.ar\/radioquijano\/ahyre-se-consagra-en-el-festival-de-vina-del-mar-2024\/","url":"https:\/\/nahuelproducciones.com.ar\/radioquijano\/ahyre-se-consagra-en-el-festival-de-vina-del-mar-2024\/","name":"\u00a0AHYRE se consagra en el Festival de Vi\u00f1a del Mar 2024. - RQ 99.9","isPartOf":{"@id":"https:\/\/nahuelproducciones.com.ar\/radioquijano\/#website"},"datePublished":"2024-03-01T14:13:52+00:00","dateModified":"2024-03-01T14:13:52+00:00","author":{"@id":"https:\/\/nahuelproducciones.com.ar\/radioquijano\/#\/schema\/person\/e8a4f939e2cb487fe6d0c54042c9d32c"},"description":"El cuarteto de folclore ofreci\u00f3 una puesta en escena insuperable.","breadcrumb":{"@id":"https:\/\/nahuelproducciones.com.ar\/radioquijano\/ahyre-se-consagra-en-el-festival-de-vina-del-mar-2024\/#breadcrumb"},"inLanguage":"es","potentialAction":[{"@type":"ReadAction","target":["https:\/\/nahuelproducciones.com.ar\/radioquijano\/ahyre-se-consagra-en-el-festival-de-vina-del-mar-2024\/"]}]},{"@type":"BreadcrumbList","@id":"https:\/\/nahuelproducciones.com.ar\/radioquijano\/ahyre-se-consagra-en-el-festival-de-vina-del-mar-2024\/#breadcrumb","itemListElement":[{"@type":"ListItem","position":1,"name":"Portada","item":"https:\/\/nahuelproducciones.com.ar\/radioquijano\/"},{"@type":"ListItem","position":2,"name":"\u00a0AHYRE se consagra en el Festival de Vi\u00f1a del Mar 2024."}]},{"@type":"WebSite","@id":"https:\/\/nahuelproducciones.com.ar\/radioquijano\/#website","url":"https:\/\/nahuelproducciones.com.ar\/radioquijano\/","name":"RQ 99.9","description":"Radio Quijano 99.9 MHz","potentialAction":[{"@type":"SearchAction","target":{"@type":"EntryPoint","urlTemplate":"https:\/\/nahuelproducciones.com.ar\/radioquijano\/?s={search_term_string}"},"query-input":"required name=search_term_string"}],"inLanguage":"es"},{"@type":"Person","@id":"https:\/\/nahuelproducciones.com.ar\/radioquijano\/#\/schema\/person\/e8a4f939e2cb487fe6d0c54042c9d32c","name":"Cecilia Pastrana","image":{"@type":"ImageObject","inLanguage":"es","@id":"https:\/\/nahuelproducciones.com.ar\/radioquijano\/#\/schema\/person\/image\/","url":"https:\/\/secure.gravatar.com\/avatar\/661a3ef63a8488d4f2794ed44af8cf71420f7e106f3072c40125114df5157749?s=96&d=mm&r=g","contentUrl":"https:\/\/secure.gravatar.com\/avatar\/661a3ef63a8488d4f2794ed44af8cf71420f7e106f3072c40125114df5157749?s=96&d=mm&r=g","caption":"Cecilia Pastrana"},"sameAs":["cecy"],"url":"https:\/\/nahuelproducciones.com.ar\/radioquijano\/author\/cecy\/"}]}},"_links":{"self":[{"href":"https:\/\/nahuelproducciones.com.ar\/radioquijano\/wp-json\/wp\/v2\/posts\/7341","targetHints":{"allow":["GET"]}}],"collection":[{"href":"https:\/\/nahuelproducciones.com.ar\/radioquijano\/wp-json\/wp\/v2\/posts"}],"about":[{"href":"https:\/\/nahuelproducciones.com.ar\/radioquijano\/wp-json\/wp\/v2\/types\/post"}],"author":[{"embeddable":true,"href":"https:\/\/nahuelproducciones.com.ar\/radioquijano\/wp-json\/wp\/v2\/users\/8"}],"replies":[{"embeddable":true,"href":"https:\/\/nahuelproducciones.com.ar\/radioquijano\/wp-json\/wp\/v2\/comments?post=7341"}],"version-history":[{"count":1,"href":"https:\/\/nahuelproducciones.com.ar\/radioquijano\/wp-json\/wp\/v2\/posts\/7341\/revisions"}],"predecessor-version":[{"id":7345,"href":"https:\/\/nahuelproducciones.com.ar\/radioquijano\/wp-json\/wp\/v2\/posts\/7341\/revisions\/7345"}],"wp:featuredmedia":[{"embeddable":true,"href":"https:\/\/nahuelproducciones.com.ar\/radioquijano\/wp-json\/wp\/v2\/media\/7344"}],"wp:attachment":[{"href":"https:\/\/nahuelproducciones.com.ar\/radioquijano\/wp-json\/wp\/v2\/media?parent=7341"}],"wp:term":[{"taxonomy":"category","embeddable":true,"href":"https:\/\/nahuelproducciones.com.ar\/radioquijano\/wp-json\/wp\/v2\/categories?post=7341"},{"taxonomy":"post_tag","embeddable":true,"href":"https:\/\/nahuelproducciones.com.ar\/radioquijano\/wp-json\/wp\/v2\/tags?post=7341"}],"curies":[{"name":"wp","href":"https:\/\/api.w.org\/{rel}","templated":true}]}}