{"id":744,"date":"2020-11-05T22:58:20","date_gmt":"2020-11-06T01:58:20","guid":{"rendered":"https:\/\/nahuelproducciones.com.ar\/radioquijano\/?p=744"},"modified":"2020-11-05T22:58:24","modified_gmt":"2020-11-06T01:58:24","slug":"voluntarios-de-la-escuela-tecnica-de-campo-quijano-fabricaran-sillones-portatiles-para-el-programa-de-odontologia","status":"publish","type":"post","link":"https:\/\/nahuelproducciones.com.ar\/radioquijano\/voluntarios-de-la-escuela-tecnica-de-campo-quijano-fabricaran-sillones-portatiles-para-el-programa-de-odontologia\/","title":{"rendered":"Voluntarios de la Escuela T\u00e9cnica de Campo Quijano fabricar\u00e1n sillones port\u00e1tiles para el programa de Odontolog\u00eda"},"content":{"rendered":"\n<p><\/p>\n\n\n\n<p>Estudiantes y docentes de la<a href=\"https:\/\/nahuelproducciones.com.ar\/radioquijano\/\"> Escuela T\u00e9cnica 3106, Ingeniero Maury, <\/a>fueron recibidos por el ministro Esteban. Dialogaron sobre la construcci\u00f3n de sillones port\u00e1tiles odontol\u00f3gicos y sobre el compromiso social de la instituci\u00f3n con la cartera sanitaria desde el inicio de la pandemia.<\/p>\n\n\n\n<p>La comunidad educativa de la\u00a0<strong>Escuela de Educaci\u00f3n T\u00e9cnica 3106, Ingeniero Maury<\/strong>, de\u00a0<strong><a href=\"https:\/\/www.facebook.com\/groups\/1984845225169116\">Campo Quijano\u00a0<\/a><\/strong>colaborar\u00e1 en la fabricaci\u00f3n de seis\u00a0<strong>sillones port\u00e1tiles<\/strong>\u00a0para utilizar en los\u00a0<strong>m\u00f3viles odontol\u00f3gicos<\/strong>\u00a0que recorren el territorio provincial.\u00a0<\/p>\n\n\n\n<p>El ministro de Salud P\u00fablica,&nbsp;<strong>Juan Jos\u00e9 Esteban,<\/strong>&nbsp;recibi\u00f3 en su despacho a estudiantes y docentes a cargo del proyecto y les agradeci\u00f3 por su colaboraci\u00f3n desinteresada a lo largo de la pandemia, con la elaboraci\u00f3n de los portasueros del Centro de Convenciones, la reparaci\u00f3n de sillas de ruedas, la construcci\u00f3n de un robot con luz ultravioleta para desinfectar el \u00e1rea&nbsp;<strong>COVID d<\/strong>el hospital local; y ahora, el compromiso de fabricar sillones port\u00e1tiles para el programa de Odontolog\u00eda.&nbsp;<\/p>\n\n\n\n<p>\u201cSu labor es muy importante para nosotros, los felicito e insto a seguir innovando y realizando estas acciones donde se ponen en juego sus conocimientos. Desde el Ministerio los seguiremos apoyando con los materiales para que contin\u00faen con estas acciones que benefician a toda la comunidad\u201d, dijo Esteban.&nbsp;<\/p>\n\n\n\n<p>Uno de los estudiantes part\u00edcipes del proyecto, Franco Guaranca, explic\u00f3 que construir cada sill\u00f3n les demanda entre 2 y 4 d\u00edas. \u201cNuestro trabajo est\u00e1 organizado, dividido en grupo de a dos. Algunos pintan, otros sueldan y se encargan de atornillar los elementos port\u00e1tiles\u201d.&nbsp;<\/p>\n\n\n\n<p>Por su parte, Enrique Cruz, uno de los docentes a cargo del proyecto cont\u00f3 que la predisposici\u00f3n de los alumnos y de sus familias es destacable para el funcionamiento del taller y para aplicar las t\u00e9cnicas de soldadura explicadas en clases te\u00f3ricas.&nbsp;<\/p>\n\n\n\n<p>El estudiante Joaqu\u00edn Coria manifest\u00f3 la satisfacci\u00f3n del equipo de trabajo de realizar acciones ben\u00e9ficas en pos de la Salud P\u00fablica. \u201cNosotros queremos aportar nuestro granito de arena durante la pandemia ayudando a aquellos que m\u00e1s lo necesitan\u201d, afirm\u00f3 el alumno.<\/p>\n\n\n\n<p>Coria tambi\u00e9n destac\u00f3 la importancia de ser recibidos en el despacho del titular de la cartera sanitaria. \u201cEstamos muy felices de seguir recibiendo el apoyo del ministro Esteban. En nombre de toda la comunidad educativa le agradecemos por su confianza y seguiremos colaborando en lo que est\u00e9 a nuestro alcance\u201d, concluy\u00f3.<\/p>\n\n\n\n<p>Por \u00faltimo, la jefa del programa de Odontolog\u00eda, Silvia Garc\u00eda, expres\u00f3 que, con los sillones port\u00e1tiles se podr\u00e1 llegar con el servicio a todos los puntos de la provincia para asistir a la poblaci\u00f3n.&nbsp;<\/p>\n\n\n\n<p>\u201cOrganizaremos comisiones para que los odont\u00f3logos puedan ejercer sus funciones en territorio, brindando soluciones a las problem\u00e1ticas bucodentales e integrales de la poblaci\u00f3n, sobre todo de aquellas personas que no tienen acceso a un centro odontol\u00f3gico p\u00fablico\u201d, finaliz\u00f3 la funcionaria.<\/p>\n\n\n\n<p>Fuente: <strong><a href=\"https:\/\/www.salta.gob.ar\/prensa\/noticias\/organismos\/ministerio-de-salud-publica-9\">Ministerio de Salud P\u00fablica<\/a><\/strong><\/p>\n","protected":false},"excerpt":{"rendered":"<p>Estudiantes y docentes de la Escuela T\u00e9cnica 3106, Ingeniero Maury, fueron recibidos por el ministro Esteban. Dialogaron sobre la construcci\u00f3n de sillones port\u00e1tiles odontol\u00f3gicos y sobre el compromiso social de la instituci\u00f3n con la cartera sanitaria desde el inicio de la pandemia. La comunidad educativa de la\u00a0Escuela de Educaci\u00f3n T\u00e9cnica 3106, Ingeniero Maury, de\u00a0Campo Quijano\u00a0colaborar\u00e1 [&hellip;]<\/p>\n","protected":false},"author":8,"featured_media":746,"comment_status":"open","ping_status":"open","sticky":false,"template":"","format":"standard","meta":{"_monsterinsights_skip_tracking":false,"_monsterinsights_sitenote_active":false,"_monsterinsights_sitenote_note":"","_monsterinsights_sitenote_category":0,"footnotes":""},"categories":[16],"tags":[],"class_list":["post-744","post","type-post","status-publish","format-standard","has-post-thumbnail","hentry","category-noticias"],"yoast_head":"<!-- This site is optimized with the Yoast SEO plugin v20.8 - https:\/\/yoast.com\/wordpress\/plugins\/seo\/ -->\n<title>Voluntarios de la Escuela T\u00e9cnica de Campo Quijano fabricar\u00e1n sillones port\u00e1tiles para el programa de Odontolog\u00eda - RQ 99.9<\/title>\n<meta name=\"robots\" content=\"index, follow, max-snippet:-1, max-image-preview:large, max-video-preview:-1\" \/>\n<link rel=\"canonical\" href=\"https:\/\/nahuelproducciones.com.ar\/radioquijano\/voluntarios-de-la-escuela-tecnica-de-campo-quijano-fabricaran-sillones-portatiles-para-el-programa-de-odontologia\/\" \/>\n<meta property=\"og:locale\" content=\"es_ES\" \/>\n<meta property=\"og:type\" content=\"article\" \/>\n<meta property=\"og:title\" content=\"Voluntarios de la Escuela T\u00e9cnica de Campo Quijano fabricar\u00e1n sillones port\u00e1tiles para el programa de Odontolog\u00eda - RQ 99.9\" \/>\n<meta property=\"og:description\" content=\"Estudiantes y docentes de la Escuela T\u00e9cnica 3106, Ingeniero Maury, fueron recibidos por el ministro Esteban. Dialogaron sobre la construcci\u00f3n de sillones port\u00e1tiles odontol\u00f3gicos y sobre el compromiso social de la instituci\u00f3n con la cartera sanitaria desde el inicio de la pandemia. La comunidad educativa de la\u00a0Escuela de Educaci\u00f3n T\u00e9cnica 3106, Ingeniero Maury, de\u00a0Campo Quijano\u00a0colaborar\u00e1 [&hellip;]\" \/>\n<meta property=\"og:url\" content=\"https:\/\/nahuelproducciones.com.ar\/radioquijano\/voluntarios-de-la-escuela-tecnica-de-campo-quijano-fabricaran-sillones-portatiles-para-el-programa-de-odontologia\/\" \/>\n<meta property=\"og:site_name\" content=\"RQ 99.9\" \/>\n<meta property=\"article:publisher\" content=\"https:\/\/www.facebook.com\/nahuelproducciones999\/\" \/>\n<meta property=\"article:published_time\" content=\"2020-11-06T01:58:20+00:00\" \/>\n<meta property=\"article:modified_time\" content=\"2020-11-06T01:58:24+00:00\" \/>\n<meta property=\"og:image\" content=\"https:\/\/nahuelproducciones.com.ar\/radioquijano\/wp-content\/uploads\/2020\/11\/73055-voluntarios-de-la-escuela-tecnica-de-campo-quijano-fabricaran-sillones-portatiles-para-el-programa-de-odontologia.jpeg\" \/>\n\t<meta property=\"og:image:width\" content=\"560\" \/>\n\t<meta property=\"og:image:height\" content=\"342\" \/>\n\t<meta property=\"og:image:type\" content=\"image\/jpeg\" \/>\n<meta name=\"author\" content=\"Cecilia Pastrana\" \/>\n<meta name=\"twitter:card\" content=\"summary_large_image\" \/>\n<meta name=\"twitter:creator\" content=\"@nahuproduciones\" \/>\n<meta name=\"twitter:site\" content=\"@nahuproduciones\" \/>\n<meta name=\"twitter:label1\" content=\"Escrito por\" \/>\n\t<meta name=\"twitter:data1\" content=\"Cecilia Pastrana\" \/>\n\t<meta name=\"twitter:label2\" content=\"Tiempo de lectura\" \/>\n\t<meta name=\"twitter:data2\" content=\"3 minutos\" \/>\n<script type=\"application\/ld+json\" class=\"yoast-schema-graph\">{\"@context\":\"https:\/\/schema.org\",\"@graph\":[{\"@type\":\"WebPage\",\"@id\":\"https:\/\/nahuelproducciones.com.ar\/radioquijano\/voluntarios-de-la-escuela-tecnica-de-campo-quijano-fabricaran-sillones-portatiles-para-el-programa-de-odontologia\/\",\"url\":\"https:\/\/nahuelproducciones.com.ar\/radioquijano\/voluntarios-de-la-escuela-tecnica-de-campo-quijano-fabricaran-sillones-portatiles-para-el-programa-de-odontologia\/\",\"name\":\"Voluntarios de la Escuela T\u00e9cnica de Campo Quijano fabricar\u00e1n sillones port\u00e1tiles para el programa de Odontolog\u00eda - RQ 99.9\",\"isPartOf\":{\"@id\":\"https:\/\/nahuelproducciones.com.ar\/radioquijano\/#website\"},\"datePublished\":\"2020-11-06T01:58:20+00:00\",\"dateModified\":\"2020-11-06T01:58:24+00:00\",\"author\":{\"@id\":\"https:\/\/nahuelproducciones.com.ar\/radioquijano\/#\/schema\/person\/e8a4f939e2cb487fe6d0c54042c9d32c\"},\"breadcrumb\":{\"@id\":\"https:\/\/nahuelproducciones.com.ar\/radioquijano\/voluntarios-de-la-escuela-tecnica-de-campo-quijano-fabricaran-sillones-portatiles-para-el-programa-de-odontologia\/#breadcrumb\"},\"inLanguage\":\"es\",\"potentialAction\":[{\"@type\":\"ReadAction\",\"target\":[\"https:\/\/nahuelproducciones.com.ar\/radioquijano\/voluntarios-de-la-escuela-tecnica-de-campo-quijano-fabricaran-sillones-portatiles-para-el-programa-de-odontologia\/\"]}]},{\"@type\":\"BreadcrumbList\",\"@id\":\"https:\/\/nahuelproducciones.com.ar\/radioquijano\/voluntarios-de-la-escuela-tecnica-de-campo-quijano-fabricaran-sillones-portatiles-para-el-programa-de-odontologia\/#breadcrumb\",\"itemListElement\":[{\"@type\":\"ListItem\",\"position\":1,\"name\":\"Portada\",\"item\":\"https:\/\/nahuelproducciones.com.ar\/radioquijano\/\"},{\"@type\":\"ListItem\",\"position\":2,\"name\":\"Voluntarios de la Escuela T\u00e9cnica de Campo Quijano fabricar\u00e1n sillones port\u00e1tiles para el programa de Odontolog\u00eda\"}]},{\"@type\":\"WebSite\",\"@id\":\"https:\/\/nahuelproducciones.com.ar\/radioquijano\/#website\",\"url\":\"https:\/\/nahuelproducciones.com.ar\/radioquijano\/\",\"name\":\"RQ 99.9\",\"description\":\"Radio Quijano 99.9 MHz\",\"potentialAction\":[{\"@type\":\"SearchAction\",\"target\":{\"@type\":\"EntryPoint\",\"urlTemplate\":\"https:\/\/nahuelproducciones.com.ar\/radioquijano\/?s={search_term_string}\"},\"query-input\":\"required name=search_term_string\"}],\"inLanguage\":\"es\"},{\"@type\":\"Person\",\"@id\":\"https:\/\/nahuelproducciones.com.ar\/radioquijano\/#\/schema\/person\/e8a4f939e2cb487fe6d0c54042c9d32c\",\"name\":\"Cecilia Pastrana\",\"image\":{\"@type\":\"ImageObject\",\"inLanguage\":\"es\",\"@id\":\"https:\/\/nahuelproducciones.com.ar\/radioquijano\/#\/schema\/person\/image\/\",\"url\":\"https:\/\/secure.gravatar.com\/avatar\/661a3ef63a8488d4f2794ed44af8cf71420f7e106f3072c40125114df5157749?s=96&d=mm&r=g\",\"contentUrl\":\"https:\/\/secure.gravatar.com\/avatar\/661a3ef63a8488d4f2794ed44af8cf71420f7e106f3072c40125114df5157749?s=96&d=mm&r=g\",\"caption\":\"Cecilia Pastrana\"},\"sameAs\":[\"cecy\"],\"url\":\"https:\/\/nahuelproducciones.com.ar\/radioquijano\/author\/cecy\/\"}]}<\/script>\n<!-- \/ Yoast SEO plugin. -->","yoast_head_json":{"title":"Voluntarios de la Escuela T\u00e9cnica de Campo Quijano fabricar\u00e1n sillones port\u00e1tiles para el programa de Odontolog\u00eda - RQ 99.9","robots":{"index":"index","follow":"follow","max-snippet":"max-snippet:-1","max-image-preview":"max-image-preview:large","max-video-preview":"max-video-preview:-1"},"canonical":"https:\/\/nahuelproducciones.com.ar\/radioquijano\/voluntarios-de-la-escuela-tecnica-de-campo-quijano-fabricaran-sillones-portatiles-para-el-programa-de-odontologia\/","og_locale":"es_ES","og_type":"article","og_title":"Voluntarios de la Escuela T\u00e9cnica de Campo Quijano fabricar\u00e1n sillones port\u00e1tiles para el programa de Odontolog\u00eda - RQ 99.9","og_description":"Estudiantes y docentes de la Escuela T\u00e9cnica 3106, Ingeniero Maury, fueron recibidos por el ministro Esteban. Dialogaron sobre la construcci\u00f3n de sillones port\u00e1tiles odontol\u00f3gicos y sobre el compromiso social de la instituci\u00f3n con la cartera sanitaria desde el inicio de la pandemia. La comunidad educativa de la\u00a0Escuela de Educaci\u00f3n T\u00e9cnica 3106, Ingeniero Maury, de\u00a0Campo Quijano\u00a0colaborar\u00e1 [&hellip;]","og_url":"https:\/\/nahuelproducciones.com.ar\/radioquijano\/voluntarios-de-la-escuela-tecnica-de-campo-quijano-fabricaran-sillones-portatiles-para-el-programa-de-odontologia\/","og_site_name":"RQ 99.9","article_publisher":"https:\/\/www.facebook.com\/nahuelproducciones999\/","article_published_time":"2020-11-06T01:58:20+00:00","article_modified_time":"2020-11-06T01:58:24+00:00","og_image":[{"width":560,"height":342,"url":"https:\/\/nahuelproducciones.com.ar\/radioquijano\/wp-content\/uploads\/2020\/11\/73055-voluntarios-de-la-escuela-tecnica-de-campo-quijano-fabricaran-sillones-portatiles-para-el-programa-de-odontologia.jpeg","type":"image\/jpeg"}],"author":"Cecilia Pastrana","twitter_card":"summary_large_image","twitter_creator":"@nahuproduciones","twitter_site":"@nahuproduciones","twitter_misc":{"Escrito por":"Cecilia Pastrana","Tiempo de lectura":"3 minutos"},"schema":{"@context":"https:\/\/schema.org","@graph":[{"@type":"WebPage","@id":"https:\/\/nahuelproducciones.com.ar\/radioquijano\/voluntarios-de-la-escuela-tecnica-de-campo-quijano-fabricaran-sillones-portatiles-para-el-programa-de-odontologia\/","url":"https:\/\/nahuelproducciones.com.ar\/radioquijano\/voluntarios-de-la-escuela-tecnica-de-campo-quijano-fabricaran-sillones-portatiles-para-el-programa-de-odontologia\/","name":"Voluntarios de la Escuela T\u00e9cnica de Campo Quijano fabricar\u00e1n sillones port\u00e1tiles para el programa de Odontolog\u00eda - RQ 99.9","isPartOf":{"@id":"https:\/\/nahuelproducciones.com.ar\/radioquijano\/#website"},"datePublished":"2020-11-06T01:58:20+00:00","dateModified":"2020-11-06T01:58:24+00:00","author":{"@id":"https:\/\/nahuelproducciones.com.ar\/radioquijano\/#\/schema\/person\/e8a4f939e2cb487fe6d0c54042c9d32c"},"breadcrumb":{"@id":"https:\/\/nahuelproducciones.com.ar\/radioquijano\/voluntarios-de-la-escuela-tecnica-de-campo-quijano-fabricaran-sillones-portatiles-para-el-programa-de-odontologia\/#breadcrumb"},"inLanguage":"es","potentialAction":[{"@type":"ReadAction","target":["https:\/\/nahuelproducciones.com.ar\/radioquijano\/voluntarios-de-la-escuela-tecnica-de-campo-quijano-fabricaran-sillones-portatiles-para-el-programa-de-odontologia\/"]}]},{"@type":"BreadcrumbList","@id":"https:\/\/nahuelproducciones.com.ar\/radioquijano\/voluntarios-de-la-escuela-tecnica-de-campo-quijano-fabricaran-sillones-portatiles-para-el-programa-de-odontologia\/#breadcrumb","itemListElement":[{"@type":"ListItem","position":1,"name":"Portada","item":"https:\/\/nahuelproducciones.com.ar\/radioquijano\/"},{"@type":"ListItem","position":2,"name":"Voluntarios de la Escuela T\u00e9cnica de Campo Quijano fabricar\u00e1n sillones port\u00e1tiles para el programa de Odontolog\u00eda"}]},{"@type":"WebSite","@id":"https:\/\/nahuelproducciones.com.ar\/radioquijano\/#website","url":"https:\/\/nahuelproducciones.com.ar\/radioquijano\/","name":"RQ 99.9","description":"Radio Quijano 99.9 MHz","potentialAction":[{"@type":"SearchAction","target":{"@type":"EntryPoint","urlTemplate":"https:\/\/nahuelproducciones.com.ar\/radioquijano\/?s={search_term_string}"},"query-input":"required name=search_term_string"}],"inLanguage":"es"},{"@type":"Person","@id":"https:\/\/nahuelproducciones.com.ar\/radioquijano\/#\/schema\/person\/e8a4f939e2cb487fe6d0c54042c9d32c","name":"Cecilia Pastrana","image":{"@type":"ImageObject","inLanguage":"es","@id":"https:\/\/nahuelproducciones.com.ar\/radioquijano\/#\/schema\/person\/image\/","url":"https:\/\/secure.gravatar.com\/avatar\/661a3ef63a8488d4f2794ed44af8cf71420f7e106f3072c40125114df5157749?s=96&d=mm&r=g","contentUrl":"https:\/\/secure.gravatar.com\/avatar\/661a3ef63a8488d4f2794ed44af8cf71420f7e106f3072c40125114df5157749?s=96&d=mm&r=g","caption":"Cecilia Pastrana"},"sameAs":["cecy"],"url":"https:\/\/nahuelproducciones.com.ar\/radioquijano\/author\/cecy\/"}]}},"_links":{"self":[{"href":"https:\/\/nahuelproducciones.com.ar\/radioquijano\/wp-json\/wp\/v2\/posts\/744","targetHints":{"allow":["GET"]}}],"collection":[{"href":"https:\/\/nahuelproducciones.com.ar\/radioquijano\/wp-json\/wp\/v2\/posts"}],"about":[{"href":"https:\/\/nahuelproducciones.com.ar\/radioquijano\/wp-json\/wp\/v2\/types\/post"}],"author":[{"embeddable":true,"href":"https:\/\/nahuelproducciones.com.ar\/radioquijano\/wp-json\/wp\/v2\/users\/8"}],"replies":[{"embeddable":true,"href":"https:\/\/nahuelproducciones.com.ar\/radioquijano\/wp-json\/wp\/v2\/comments?post=744"}],"version-history":[{"count":1,"href":"https:\/\/nahuelproducciones.com.ar\/radioquijano\/wp-json\/wp\/v2\/posts\/744\/revisions"}],"predecessor-version":[{"id":748,"href":"https:\/\/nahuelproducciones.com.ar\/radioquijano\/wp-json\/wp\/v2\/posts\/744\/revisions\/748"}],"wp:featuredmedia":[{"embeddable":true,"href":"https:\/\/nahuelproducciones.com.ar\/radioquijano\/wp-json\/wp\/v2\/media\/746"}],"wp:attachment":[{"href":"https:\/\/nahuelproducciones.com.ar\/radioquijano\/wp-json\/wp\/v2\/media?parent=744"}],"wp:term":[{"taxonomy":"category","embeddable":true,"href":"https:\/\/nahuelproducciones.com.ar\/radioquijano\/wp-json\/wp\/v2\/categories?post=744"},{"taxonomy":"post_tag","embeddable":true,"href":"https:\/\/nahuelproducciones.com.ar\/radioquijano\/wp-json\/wp\/v2\/tags?post=744"}],"curies":[{"name":"wp","href":"https:\/\/api.w.org\/{rel}","templated":true}]}}