{"id":7470,"date":"2024-03-19T01:57:40","date_gmt":"2024-03-19T04:57:40","guid":{"rendered":"https:\/\/nahuelproducciones.com.ar\/radioquijano\/?p=7470"},"modified":"2024-03-19T01:57:41","modified_gmt":"2024-03-19T04:57:41","slug":"el-registro-civil-advierte-sobre-el-uso-de-terceros-para-la-gestion-de-actas-demograficas","status":"publish","type":"post","link":"https:\/\/nahuelproducciones.com.ar\/radioquijano\/el-registro-civil-advierte-sobre-el-uso-de-terceros-para-la-gestion-de-actas-demograficas\/","title":{"rendered":"El Registro Civil advierte sobre el uso de terceros para la gesti\u00f3n de actas demogr\u00e1ficas"},"content":{"rendered":"\n<p>La subsecretaria del Registro Civil,&nbsp;<strong>Fernanda Ubiergo<\/strong>, frente a&nbsp;los constantes reclamos de los ciudadanos por la falta de&nbsp;entrega de actas y por el alto costos&nbsp;que los gestores cobran por el tr\u00e1mite, recomend\u00f3 gestionar las partidas de manera personal en el sitio oficial&nbsp;<a href=\"http:\/\/www.registrocivilsalta.gob.ar\/\">http:\/\/www.registrocivilsalta.gob.ar<\/a>&nbsp;, en donde el precio actual es de 1.650 pesos y se entrega dentro de los 10 d\u00edas h\u00e1biles desde el momento en el que se realiz\u00f3 el tr\u00e1mite.&nbsp;<\/p>\n\n\n\n<p>Al respecto Ubiergo dijo que, \u201cactualmente los gestores est\u00e1n cobrando por acta la suma de 14 mil pesos y no garantizan ni la entrega de la solicitud, ni mucho menos de la devoluci\u00f3n del dinero si es que no llega el acta solicitada; nosotros tenemos reclamos todos los d\u00edas por estas situaciones por eso es que pedimos a los ciudadanos evitar gestores\u201d.&nbsp;<\/p>\n\n\n\n<p>\u201cNuestro sitio oficial es seguro y garantiza la entrega de actas dentro de los 10 d\u00edas, adem\u00e1s se respeta el precio de $1650 pesos. Que los ciudadanos no se dejen enga\u00f1ar en su buena fe\u201d, finaliz\u00f3 la funcionaria.&nbsp;<\/p>\n\n\n\n<p><strong>Modo de solicitud:<\/strong><\/p>\n\n\n\n<p>1- Ingresar al sitio del Registro Civil&nbsp;<a href=\"http:\/\/www.registrocivilsalta.gob.ar%20\/\">www.registrocivilsalta.gob.ar&nbsp;<\/a><\/p>\n\n\n\n<p>2- Deber\u00e1 poseer una cuenta validada en donde podr\u00e1 ingresar con usuario y contrase\u00f1a; en caso de no tener una, deber\u00e1 crearla para que el sistema pueda identificar al solicitante.&nbsp;<\/p>\n\n\n\n<p>3- Hacer el pago online del tr\u00e1mite solicitado seg\u00fan la guia del sistema.<\/p>\n\n\n\n<p>4- Ingresar la mayor cantidad de datos del acta solicitada.&nbsp;<\/p>\n\n\n\n<p>5- Dentro de los 10 d\u00edas se podr\u00e1 descargar el acta solicitada desde la misma p\u00e1gina.<\/p>\n\n\n\n<h2 class=\"wp-block-heading\">Galer\u00eda de Fotos<\/h2>\n\n\n<div class=\"wp-block-image\">\n<figure class=\"aligncenter size-full is-resized\"><img loading=\"lazy\" decoding=\"async\" src=\"https:\/\/nahuelproducciones.com.ar\/radioquijano\/wp-content\/uploads\/2024\/03\/image-3.png\" alt=\"\" class=\"wp-image-7473\" width=\"312\" height=\"391\" srcset=\"https:\/\/nahuelproducciones.com.ar\/radioquijano\/wp-content\/uploads\/2024\/03\/image-3.png 479w, https:\/\/nahuelproducciones.com.ar\/radioquijano\/wp-content\/uploads\/2024\/03\/image-3-240x300.png 240w, https:\/\/nahuelproducciones.com.ar\/radioquijano\/wp-content\/uploads\/2024\/03\/image-3-150x188.png 150w\" sizes=\"auto, (max-width: 312px) 100vw, 312px\" \/><\/figure><\/div>\n\n<div class=\"wp-block-image\">\n<figure class=\"aligncenter size-full is-resized\"><img loading=\"lazy\" decoding=\"async\" src=\"https:\/\/nahuelproducciones.com.ar\/radioquijano\/wp-content\/uploads\/2024\/03\/image-2.png\" alt=\"\" class=\"wp-image-7472\" width=\"313\" height=\"392\" srcset=\"https:\/\/nahuelproducciones.com.ar\/radioquijano\/wp-content\/uploads\/2024\/03\/image-2.png 560w, https:\/\/nahuelproducciones.com.ar\/radioquijano\/wp-content\/uploads\/2024\/03\/image-2-240x300.png 240w, https:\/\/nahuelproducciones.com.ar\/radioquijano\/wp-content\/uploads\/2024\/03\/image-2-150x188.png 150w\" sizes=\"auto, (max-width: 313px) 100vw, 313px\" \/><\/figure><\/div>","protected":false},"excerpt":{"rendered":"<p>La subsecretaria del Registro Civil,&nbsp;Fernanda Ubiergo, frente a&nbsp;los constantes reclamos de los ciudadanos por la falta de&nbsp;entrega de actas y por el alto costos&nbsp;que los gestores cobran por el tr\u00e1mite, recomend\u00f3 gestionar las partidas de manera personal en el sitio oficial&nbsp;http:\/\/www.registrocivilsalta.gob.ar&nbsp;, en donde el precio actual es de 1.650 pesos y se entrega dentro de [&hellip;]<\/p>\n","protected":false},"author":8,"featured_media":7474,"comment_status":"open","ping_status":"open","sticky":false,"template":"","format":"standard","meta":{"_monsterinsights_skip_tracking":false,"_monsterinsights_sitenote_active":false,"_monsterinsights_sitenote_note":"","_monsterinsights_sitenote_category":0,"footnotes":""},"categories":[16],"tags":[100,787],"class_list":["post-7470","post","type-post","status-publish","format-standard","has-post-thumbnail","hentry","category-noticias","tag-municipio-de-campo-quijano","tag-registro-civil"],"yoast_head":"<!-- This site is optimized with the Yoast SEO plugin v20.8 - https:\/\/yoast.com\/wordpress\/plugins\/seo\/ -->\n<title>El Registro Civil advierte sobre el uso de terceros para la gesti\u00f3n de actas demogr\u00e1ficas - RQ 99.9<\/title>\n<meta name=\"description\" content=\"Se detectaron cobros excesivos por gestores externos o internet, en donde se ofrece la entrega de la documentaci\u00f3n por un precio de 14 mil pesos, cuando en realidad el costo en la p\u00e1gina oficial es de $1650.\" \/>\n<meta name=\"robots\" content=\"index, follow, max-snippet:-1, max-image-preview:large, max-video-preview:-1\" \/>\n<link rel=\"canonical\" href=\"https:\/\/nahuelproducciones.com.ar\/radioquijano\/el-registro-civil-advierte-sobre-el-uso-de-terceros-para-la-gestion-de-actas-demograficas\/\" \/>\n<meta property=\"og:locale\" content=\"es_ES\" \/>\n<meta property=\"og:type\" content=\"article\" \/>\n<meta property=\"og:title\" content=\"El Registro Civil advierte sobre el uso de terceros para la gesti\u00f3n de actas demogr\u00e1ficas - RQ 99.9\" \/>\n<meta property=\"og:description\" content=\"Se detectaron cobros excesivos por gestores externos o internet, en donde se ofrece la entrega de la documentaci\u00f3n por un precio de 14 mil pesos, cuando en realidad el costo en la p\u00e1gina oficial es de $1650.\" \/>\n<meta property=\"og:url\" content=\"https:\/\/nahuelproducciones.com.ar\/radioquijano\/el-registro-civil-advierte-sobre-el-uso-de-terceros-para-la-gestion-de-actas-demograficas\/\" \/>\n<meta property=\"og:site_name\" content=\"RQ 99.9\" \/>\n<meta property=\"article:publisher\" content=\"https:\/\/www.facebook.com\/nahuelproducciones999\/\" \/>\n<meta property=\"article:published_time\" content=\"2024-03-19T04:57:40+00:00\" \/>\n<meta property=\"article:modified_time\" content=\"2024-03-19T04:57:41+00:00\" \/>\n<meta property=\"og:image\" content=\"https:\/\/nahuelproducciones.com.ar\/radioquijano\/wp-content\/uploads\/2024\/03\/94681-el-registro-civil-advierte-sobre-el-uso-de-terceros-para-la-gestion-de-actas-demograficas-e1710824251592.jpg\" \/>\n\t<meta property=\"og:image:width\" content=\"700\" \/>\n\t<meta property=\"og:image:height\" content=\"394\" \/>\n\t<meta property=\"og:image:type\" content=\"image\/jpeg\" \/>\n<meta name=\"author\" content=\"Cecilia Pastrana\" \/>\n<meta name=\"twitter:card\" content=\"summary_large_image\" \/>\n<meta name=\"twitter:creator\" content=\"@nahuproduciones\" \/>\n<meta name=\"twitter:site\" content=\"@nahuproduciones\" \/>\n<meta name=\"twitter:label1\" content=\"Escrito por\" \/>\n\t<meta name=\"twitter:data1\" content=\"Cecilia Pastrana\" \/>\n\t<meta name=\"twitter:label2\" content=\"Tiempo de lectura\" \/>\n\t<meta name=\"twitter:data2\" content=\"2 minutos\" \/>\n<script type=\"application\/ld+json\" class=\"yoast-schema-graph\">{\"@context\":\"https:\/\/schema.org\",\"@graph\":[{\"@type\":\"WebPage\",\"@id\":\"https:\/\/nahuelproducciones.com.ar\/radioquijano\/el-registro-civil-advierte-sobre-el-uso-de-terceros-para-la-gestion-de-actas-demograficas\/\",\"url\":\"https:\/\/nahuelproducciones.com.ar\/radioquijano\/el-registro-civil-advierte-sobre-el-uso-de-terceros-para-la-gestion-de-actas-demograficas\/\",\"name\":\"El Registro Civil advierte sobre el uso de terceros para la gesti\u00f3n de actas demogr\u00e1ficas - RQ 99.9\",\"isPartOf\":{\"@id\":\"https:\/\/nahuelproducciones.com.ar\/radioquijano\/#website\"},\"datePublished\":\"2024-03-19T04:57:40+00:00\",\"dateModified\":\"2024-03-19T04:57:41+00:00\",\"author\":{\"@id\":\"https:\/\/nahuelproducciones.com.ar\/radioquijano\/#\/schema\/person\/e8a4f939e2cb487fe6d0c54042c9d32c\"},\"description\":\"Se detectaron cobros excesivos por gestores externos o internet, en donde se ofrece la entrega de la documentaci\u00f3n por un precio de 14 mil pesos, cuando en realidad el costo en la p\u00e1gina oficial es de $1650.\",\"breadcrumb\":{\"@id\":\"https:\/\/nahuelproducciones.com.ar\/radioquijano\/el-registro-civil-advierte-sobre-el-uso-de-terceros-para-la-gestion-de-actas-demograficas\/#breadcrumb\"},\"inLanguage\":\"es\",\"potentialAction\":[{\"@type\":\"ReadAction\",\"target\":[\"https:\/\/nahuelproducciones.com.ar\/radioquijano\/el-registro-civil-advierte-sobre-el-uso-de-terceros-para-la-gestion-de-actas-demograficas\/\"]}]},{\"@type\":\"BreadcrumbList\",\"@id\":\"https:\/\/nahuelproducciones.com.ar\/radioquijano\/el-registro-civil-advierte-sobre-el-uso-de-terceros-para-la-gestion-de-actas-demograficas\/#breadcrumb\",\"itemListElement\":[{\"@type\":\"ListItem\",\"position\":1,\"name\":\"Portada\",\"item\":\"https:\/\/nahuelproducciones.com.ar\/radioquijano\/\"},{\"@type\":\"ListItem\",\"position\":2,\"name\":\"El Registro Civil advierte sobre el uso de terceros para la gesti\u00f3n de actas demogr\u00e1ficas\"}]},{\"@type\":\"WebSite\",\"@id\":\"https:\/\/nahuelproducciones.com.ar\/radioquijano\/#website\",\"url\":\"https:\/\/nahuelproducciones.com.ar\/radioquijano\/\",\"name\":\"RQ 99.9\",\"description\":\"Radio Quijano 99.9 MHz\",\"potentialAction\":[{\"@type\":\"SearchAction\",\"target\":{\"@type\":\"EntryPoint\",\"urlTemplate\":\"https:\/\/nahuelproducciones.com.ar\/radioquijano\/?s={search_term_string}\"},\"query-input\":\"required name=search_term_string\"}],\"inLanguage\":\"es\"},{\"@type\":\"Person\",\"@id\":\"https:\/\/nahuelproducciones.com.ar\/radioquijano\/#\/schema\/person\/e8a4f939e2cb487fe6d0c54042c9d32c\",\"name\":\"Cecilia Pastrana\",\"image\":{\"@type\":\"ImageObject\",\"inLanguage\":\"es\",\"@id\":\"https:\/\/nahuelproducciones.com.ar\/radioquijano\/#\/schema\/person\/image\/\",\"url\":\"https:\/\/secure.gravatar.com\/avatar\/661a3ef63a8488d4f2794ed44af8cf71420f7e106f3072c40125114df5157749?s=96&d=mm&r=g\",\"contentUrl\":\"https:\/\/secure.gravatar.com\/avatar\/661a3ef63a8488d4f2794ed44af8cf71420f7e106f3072c40125114df5157749?s=96&d=mm&r=g\",\"caption\":\"Cecilia Pastrana\"},\"sameAs\":[\"cecy\"],\"url\":\"https:\/\/nahuelproducciones.com.ar\/radioquijano\/author\/cecy\/\"}]}<\/script>\n<!-- \/ Yoast SEO plugin. -->","yoast_head_json":{"title":"El Registro Civil advierte sobre el uso de terceros para la gesti\u00f3n de actas demogr\u00e1ficas - RQ 99.9","description":"Se detectaron cobros excesivos por gestores externos o internet, en donde se ofrece la entrega de la documentaci\u00f3n por un precio de 14 mil pesos, cuando en realidad el costo en la p\u00e1gina oficial es de $1650.","robots":{"index":"index","follow":"follow","max-snippet":"max-snippet:-1","max-image-preview":"max-image-preview:large","max-video-preview":"max-video-preview:-1"},"canonical":"https:\/\/nahuelproducciones.com.ar\/radioquijano\/el-registro-civil-advierte-sobre-el-uso-de-terceros-para-la-gestion-de-actas-demograficas\/","og_locale":"es_ES","og_type":"article","og_title":"El Registro Civil advierte sobre el uso de terceros para la gesti\u00f3n de actas demogr\u00e1ficas - RQ 99.9","og_description":"Se detectaron cobros excesivos por gestores externos o internet, en donde se ofrece la entrega de la documentaci\u00f3n por un precio de 14 mil pesos, cuando en realidad el costo en la p\u00e1gina oficial es de $1650.","og_url":"https:\/\/nahuelproducciones.com.ar\/radioquijano\/el-registro-civil-advierte-sobre-el-uso-de-terceros-para-la-gestion-de-actas-demograficas\/","og_site_name":"RQ 99.9","article_publisher":"https:\/\/www.facebook.com\/nahuelproducciones999\/","article_published_time":"2024-03-19T04:57:40+00:00","article_modified_time":"2024-03-19T04:57:41+00:00","og_image":[{"width":700,"height":394,"url":"https:\/\/nahuelproducciones.com.ar\/radioquijano\/wp-content\/uploads\/2024\/03\/94681-el-registro-civil-advierte-sobre-el-uso-de-terceros-para-la-gestion-de-actas-demograficas-e1710824251592.jpg","type":"image\/jpeg"}],"author":"Cecilia Pastrana","twitter_card":"summary_large_image","twitter_creator":"@nahuproduciones","twitter_site":"@nahuproduciones","twitter_misc":{"Escrito por":"Cecilia Pastrana","Tiempo de lectura":"2 minutos"},"schema":{"@context":"https:\/\/schema.org","@graph":[{"@type":"WebPage","@id":"https:\/\/nahuelproducciones.com.ar\/radioquijano\/el-registro-civil-advierte-sobre-el-uso-de-terceros-para-la-gestion-de-actas-demograficas\/","url":"https:\/\/nahuelproducciones.com.ar\/radioquijano\/el-registro-civil-advierte-sobre-el-uso-de-terceros-para-la-gestion-de-actas-demograficas\/","name":"El Registro Civil advierte sobre el uso de terceros para la gesti\u00f3n de actas demogr\u00e1ficas - RQ 99.9","isPartOf":{"@id":"https:\/\/nahuelproducciones.com.ar\/radioquijano\/#website"},"datePublished":"2024-03-19T04:57:40+00:00","dateModified":"2024-03-19T04:57:41+00:00","author":{"@id":"https:\/\/nahuelproducciones.com.ar\/radioquijano\/#\/schema\/person\/e8a4f939e2cb487fe6d0c54042c9d32c"},"description":"Se detectaron cobros excesivos por gestores externos o internet, en donde se ofrece la entrega de la documentaci\u00f3n por un precio de 14 mil pesos, cuando en realidad el costo en la p\u00e1gina oficial es de $1650.","breadcrumb":{"@id":"https:\/\/nahuelproducciones.com.ar\/radioquijano\/el-registro-civil-advierte-sobre-el-uso-de-terceros-para-la-gestion-de-actas-demograficas\/#breadcrumb"},"inLanguage":"es","potentialAction":[{"@type":"ReadAction","target":["https:\/\/nahuelproducciones.com.ar\/radioquijano\/el-registro-civil-advierte-sobre-el-uso-de-terceros-para-la-gestion-de-actas-demograficas\/"]}]},{"@type":"BreadcrumbList","@id":"https:\/\/nahuelproducciones.com.ar\/radioquijano\/el-registro-civil-advierte-sobre-el-uso-de-terceros-para-la-gestion-de-actas-demograficas\/#breadcrumb","itemListElement":[{"@type":"ListItem","position":1,"name":"Portada","item":"https:\/\/nahuelproducciones.com.ar\/radioquijano\/"},{"@type":"ListItem","position":2,"name":"El Registro Civil advierte sobre el uso de terceros para la gesti\u00f3n de actas demogr\u00e1ficas"}]},{"@type":"WebSite","@id":"https:\/\/nahuelproducciones.com.ar\/radioquijano\/#website","url":"https:\/\/nahuelproducciones.com.ar\/radioquijano\/","name":"RQ 99.9","description":"Radio Quijano 99.9 MHz","potentialAction":[{"@type":"SearchAction","target":{"@type":"EntryPoint","urlTemplate":"https:\/\/nahuelproducciones.com.ar\/radioquijano\/?s={search_term_string}"},"query-input":"required name=search_term_string"}],"inLanguage":"es"},{"@type":"Person","@id":"https:\/\/nahuelproducciones.com.ar\/radioquijano\/#\/schema\/person\/e8a4f939e2cb487fe6d0c54042c9d32c","name":"Cecilia Pastrana","image":{"@type":"ImageObject","inLanguage":"es","@id":"https:\/\/nahuelproducciones.com.ar\/radioquijano\/#\/schema\/person\/image\/","url":"https:\/\/secure.gravatar.com\/avatar\/661a3ef63a8488d4f2794ed44af8cf71420f7e106f3072c40125114df5157749?s=96&d=mm&r=g","contentUrl":"https:\/\/secure.gravatar.com\/avatar\/661a3ef63a8488d4f2794ed44af8cf71420f7e106f3072c40125114df5157749?s=96&d=mm&r=g","caption":"Cecilia Pastrana"},"sameAs":["cecy"],"url":"https:\/\/nahuelproducciones.com.ar\/radioquijano\/author\/cecy\/"}]}},"_links":{"self":[{"href":"https:\/\/nahuelproducciones.com.ar\/radioquijano\/wp-json\/wp\/v2\/posts\/7470","targetHints":{"allow":["GET"]}}],"collection":[{"href":"https:\/\/nahuelproducciones.com.ar\/radioquijano\/wp-json\/wp\/v2\/posts"}],"about":[{"href":"https:\/\/nahuelproducciones.com.ar\/radioquijano\/wp-json\/wp\/v2\/types\/post"}],"author":[{"embeddable":true,"href":"https:\/\/nahuelproducciones.com.ar\/radioquijano\/wp-json\/wp\/v2\/users\/8"}],"replies":[{"embeddable":true,"href":"https:\/\/nahuelproducciones.com.ar\/radioquijano\/wp-json\/wp\/v2\/comments?post=7470"}],"version-history":[{"count":1,"href":"https:\/\/nahuelproducciones.com.ar\/radioquijano\/wp-json\/wp\/v2\/posts\/7470\/revisions"}],"predecessor-version":[{"id":7475,"href":"https:\/\/nahuelproducciones.com.ar\/radioquijano\/wp-json\/wp\/v2\/posts\/7470\/revisions\/7475"}],"wp:featuredmedia":[{"embeddable":true,"href":"https:\/\/nahuelproducciones.com.ar\/radioquijano\/wp-json\/wp\/v2\/media\/7474"}],"wp:attachment":[{"href":"https:\/\/nahuelproducciones.com.ar\/radioquijano\/wp-json\/wp\/v2\/media?parent=7470"}],"wp:term":[{"taxonomy":"category","embeddable":true,"href":"https:\/\/nahuelproducciones.com.ar\/radioquijano\/wp-json\/wp\/v2\/categories?post=7470"},{"taxonomy":"post_tag","embeddable":true,"href":"https:\/\/nahuelproducciones.com.ar\/radioquijano\/wp-json\/wp\/v2\/tags?post=7470"}],"curies":[{"name":"wp","href":"https:\/\/api.w.org\/{rel}","templated":true}]}}