{"id":7490,"date":"2024-03-21T20:41:02","date_gmt":"2024-03-21T23:41:02","guid":{"rendered":"https:\/\/nahuelproducciones.com.ar\/radioquijano\/?p=7490"},"modified":"2024-03-21T20:41:02","modified_gmt":"2024-03-21T23:41:02","slug":"el-ministro-villada-analizo-junto-a-intendentes-la-situacion-del-transporte-del-interior","status":"publish","type":"post","link":"https:\/\/nahuelproducciones.com.ar\/radioquijano\/el-ministro-villada-analizo-junto-a-intendentes-la-situacion-del-transporte-del-interior\/","title":{"rendered":"El ministro Villada analiz\u00f3 junto a intendentes la situaci\u00f3n del transporte del interior"},"content":{"rendered":"\n<p>Los inst\u00f3 a trabajar en equipo para planificar acciones ante el contexto econ\u00f3mico nacional. Adem\u00e1s, manifest\u00f3 que el Poder Ejecutivo enviar\u00e1 en las pr\u00f3ximas semanas un proyecto de ley tendiente, entre otros puntos, a la creaci\u00f3n de \u00e1reas de prestaci\u00f3n del servicio de transporte.<\/p>\n\n\n\n<p>El ministro de Gobierno, Derechos Humanos y Trabajo,<strong>&nbsp;Ricardo Villada<\/strong>&nbsp;mantuvo un encuentro con intendentes, en donde se analiz\u00f3 el contexto econ\u00f3mico a nivel nacional y que afecta al sistema de transporte de la provincia.&nbsp; Estuvieron presentes el presidente del Foro de Intendentes, Daniel Moreno y el secretario de Gobierno, Rodrigo Monzo.<\/p>\n\n\n<div class=\"wp-block-image\">\n<figure class=\"aligncenter is-resized\"><a href=\"https:\/\/www.salta.gob.ar\/public\/images\/noticias\/contenidos\/11365-reunion-de-funcionarios.jpg\"><img loading=\"lazy\" decoding=\"async\" src=\"https:\/\/www.salta.gob.ar\/public\/images\/noticias\/contenidos\/11365-reunion-de-funcionarios.jpg\" alt=\"Reuni\u00f3n de funcionarios.\" width=\"495\" height=\"278\"\/><\/a><\/figure><\/div>\n\n\n<p>En este sentido los inst\u00f3 a trabajar en conjunto, viendo las realidades de cada municipio y que a pesar del contexto econ\u00f3mico que atraviesa nuestro pa\u00eds, planificar acciones que permitan detectar las falencias del sistema, para mejorarlo de acuerdo a las necesidades y a la premisa de crear un sistema federal\u201d.<\/p>\n\n\n\n<p>Mencion\u00f3 adem\u00e1s que en la pr\u00f3xima semana se estar\u00e1 enviando un proyecto de Ley tendiente a generar cambios en el sistema del interior, \u201ces fundamental tener una discusi\u00f3n sobre este documento, no solo en el seno de la Legislatura provincial, sino tambi\u00e9n la participaci\u00f3n y colaboraci\u00f3n de los intendentes, no s\u00f3lo por la importancia que esto reviste sino porque el sistema urbano en cada localidad, es competencia de la Municipalidad\u201d.<\/p>\n\n\n\n<p>El funcionario provincial hizo alusi\u00f3n al sistema metropolitano de transporte (SAETA) que fue creciendo con los a\u00f1os, que hoy es esencial, \u201cy que es un claro ejemplo de una adecuada compensaci\u00f3n entre los costos y el servicio que se brinda\u201d.<\/p>\n\n\n\n<p>Participaron jefes comunales de las localidades de Colonia Santa Rosa, Tartagal, Apolinario Saravia, Campo Quijano, La Vi\u00f1a, San Carlos, R\u00edo Piedras, El Tala, Salvador Mazza, Rosario de Lerma, Vaqueros, El Carril, San Lorenzo, La Caldera, Tolar Grande, El Jard\u00edn y Animan\u00e1, entre otros.<\/p>\n\n\n\n<p>Link para descarga de fotos:&nbsp;<a href=\"https:\/\/drive.google.com\/drive\/folders\/10dpiVK0X7QPhw1NIQFDJ54_1CdFbvB3B\">https:\/\/drive.google.com\/drive\/folders\/10dpiVK0X7QPhw1NIQFDJ54_1CdFbvB3B<\/a><\/p>\n\n\n<div class=\"wp-block-image\">\n<figure class=\"aligncenter is-resized\"><a href=\"https:\/\/www.salta.gob.ar\/public\/images\/noticias\/contenidos\/11366-reunion-de-funcionarios.jpg\"><img loading=\"lazy\" decoding=\"async\" src=\"https:\/\/www.salta.gob.ar\/public\/images\/noticias\/contenidos\/11366-reunion-de-funcionarios.jpg\" alt=\"Reuni\u00f3n de funcionarios.\" width=\"503\" height=\"282\"\/><\/a><\/figure><\/div>\n\n\n<hr class=\"wp-block-separator has-alpha-channel-opacity\"\/>\n\n\n\n<h2 class=\"wp-block-heading\">Video Relacionado<\/h2>\n\n\n\n<hr class=\"wp-block-separator has-alpha-channel-opacity\"\/>\n\n\n\n<figure class=\"wp-block-embed is-type-rich is-provider-gestor-del-servicio wp-block-embed-gestor-del-servicio wp-embed-aspect-16-9 wp-has-aspect-ratio\"><div class=\"wp-block-embed__wrapper\">\n<iframe loading=\"lazy\" title=\"El ministro Villada analiz\u00f3 junto a intendentes la situaci\u00f3n del transporte del interior\" width=\"640\" height=\"360\" src=\"https:\/\/www.youtube.com\/embed\/WAqtCCl-PIM?feature=oembed\" frameborder=\"0\" allow=\"accelerometer; autoplay; clipboard-write; encrypted-media; gyroscope; picture-in-picture; web-share\" referrerpolicy=\"strict-origin-when-cross-origin\" allowfullscreen><\/iframe>\n<\/div><\/figure>\n\n\n\n<hr class=\"wp-block-separator has-alpha-channel-opacity\"\/>\n\n\n\n<p>Fuente:&nbsp;<strong>Secretar\u00eda de Prensa y Comunicaci\u00f3n<\/strong><\/p>\n","protected":false},"excerpt":{"rendered":"<p>Los inst\u00f3 a trabajar en equipo para planificar acciones ante el contexto econ\u00f3mico nacional. Adem\u00e1s, manifest\u00f3 que el Poder Ejecutivo enviar\u00e1 en las pr\u00f3ximas semanas un proyecto de ley tendiente, entre otros puntos, a la creaci\u00f3n de \u00e1reas de prestaci\u00f3n del servicio de transporte. El ministro de Gobierno, Derechos Humanos y Trabajo,&nbsp;Ricardo Villada&nbsp;mantuvo un encuentro [&hellip;]<\/p>\n","protected":false},"author":8,"featured_media":7492,"comment_status":"open","ping_status":"open","sticky":false,"template":"","format":"standard","meta":{"_monsterinsights_skip_tracking":false,"_monsterinsights_sitenote_active":false,"_monsterinsights_sitenote_note":"","_monsterinsights_sitenote_category":0,"footnotes":""},"categories":[16],"tags":[1034,100,426],"class_list":["post-7490","post","type-post","status-publish","format-standard","has-post-thumbnail","hentry","category-noticias","tag-ministro-de-gobierno","tag-municipio-de-campo-quijano","tag-transporte"],"yoast_head":"<!-- This site is optimized with the Yoast SEO plugin v20.8 - https:\/\/yoast.com\/wordpress\/plugins\/seo\/ -->\n<title>El ministro Villada analiz\u00f3 junto a intendentes la situaci\u00f3n del transporte del interior - RQ 99.9<\/title>\n<meta name=\"description\" content=\"el Poder Ejecutivo enviar\u00e1 en las pr\u00f3ximas semanas un proyecto de ley tendiente, entre otros puntos, a la creaci\u00f3n de \u00e1reas de prestaci\u00f3n del servicio de transporte\" \/>\n<meta name=\"robots\" content=\"index, follow, max-snippet:-1, max-image-preview:large, max-video-preview:-1\" \/>\n<link rel=\"canonical\" href=\"https:\/\/nahuelproducciones.com.ar\/radioquijano\/el-ministro-villada-analizo-junto-a-intendentes-la-situacion-del-transporte-del-interior\/\" \/>\n<meta property=\"og:locale\" content=\"es_ES\" \/>\n<meta property=\"og:type\" content=\"article\" \/>\n<meta property=\"og:title\" content=\"El ministro Villada analiz\u00f3 junto a intendentes la situaci\u00f3n del transporte del interior - RQ 99.9\" \/>\n<meta property=\"og:description\" content=\"el Poder Ejecutivo enviar\u00e1 en las pr\u00f3ximas semanas un proyecto de ley tendiente, entre otros puntos, a la creaci\u00f3n de \u00e1reas de prestaci\u00f3n del servicio de transporte\" \/>\n<meta property=\"og:url\" content=\"https:\/\/nahuelproducciones.com.ar\/radioquijano\/el-ministro-villada-analizo-junto-a-intendentes-la-situacion-del-transporte-del-interior\/\" \/>\n<meta property=\"og:site_name\" content=\"RQ 99.9\" \/>\n<meta property=\"article:publisher\" content=\"https:\/\/www.facebook.com\/nahuelproducciones999\/\" \/>\n<meta property=\"article:published_time\" content=\"2024-03-21T23:41:02+00:00\" \/>\n<meta property=\"og:image\" content=\"https:\/\/nahuelproducciones.com.ar\/radioquijano\/wp-content\/uploads\/2024\/03\/94729-el-ministro-villada-analizo-junto-a-intendentes-la-situacion-del-transporte-del-interior-e1711064455577.jpg\" \/>\n\t<meta property=\"og:image:width\" content=\"700\" \/>\n\t<meta property=\"og:image:height\" content=\"394\" \/>\n\t<meta property=\"og:image:type\" content=\"image\/jpeg\" \/>\n<meta name=\"author\" content=\"Cecilia Pastrana\" \/>\n<meta name=\"twitter:card\" content=\"summary_large_image\" \/>\n<meta name=\"twitter:creator\" content=\"@nahuproduciones\" \/>\n<meta name=\"twitter:site\" content=\"@nahuproduciones\" \/>\n<meta name=\"twitter:label1\" content=\"Escrito por\" \/>\n\t<meta name=\"twitter:data1\" content=\"Cecilia Pastrana\" \/>\n\t<meta name=\"twitter:label2\" content=\"Tiempo de lectura\" \/>\n\t<meta name=\"twitter:data2\" content=\"2 minutos\" \/>\n<script type=\"application\/ld+json\" class=\"yoast-schema-graph\">{\"@context\":\"https:\/\/schema.org\",\"@graph\":[{\"@type\":\"WebPage\",\"@id\":\"https:\/\/nahuelproducciones.com.ar\/radioquijano\/el-ministro-villada-analizo-junto-a-intendentes-la-situacion-del-transporte-del-interior\/\",\"url\":\"https:\/\/nahuelproducciones.com.ar\/radioquijano\/el-ministro-villada-analizo-junto-a-intendentes-la-situacion-del-transporte-del-interior\/\",\"name\":\"El ministro Villada analiz\u00f3 junto a intendentes la situaci\u00f3n del transporte del interior - RQ 99.9\",\"isPartOf\":{\"@id\":\"https:\/\/nahuelproducciones.com.ar\/radioquijano\/#website\"},\"datePublished\":\"2024-03-21T23:41:02+00:00\",\"dateModified\":\"2024-03-21T23:41:02+00:00\",\"author\":{\"@id\":\"https:\/\/nahuelproducciones.com.ar\/radioquijano\/#\/schema\/person\/e8a4f939e2cb487fe6d0c54042c9d32c\"},\"description\":\"el Poder Ejecutivo enviar\u00e1 en las pr\u00f3ximas semanas un proyecto de ley tendiente, entre otros puntos, a la creaci\u00f3n de \u00e1reas de prestaci\u00f3n del servicio de transporte\",\"breadcrumb\":{\"@id\":\"https:\/\/nahuelproducciones.com.ar\/radioquijano\/el-ministro-villada-analizo-junto-a-intendentes-la-situacion-del-transporte-del-interior\/#breadcrumb\"},\"inLanguage\":\"es\",\"potentialAction\":[{\"@type\":\"ReadAction\",\"target\":[\"https:\/\/nahuelproducciones.com.ar\/radioquijano\/el-ministro-villada-analizo-junto-a-intendentes-la-situacion-del-transporte-del-interior\/\"]}]},{\"@type\":\"BreadcrumbList\",\"@id\":\"https:\/\/nahuelproducciones.com.ar\/radioquijano\/el-ministro-villada-analizo-junto-a-intendentes-la-situacion-del-transporte-del-interior\/#breadcrumb\",\"itemListElement\":[{\"@type\":\"ListItem\",\"position\":1,\"name\":\"Portada\",\"item\":\"https:\/\/nahuelproducciones.com.ar\/radioquijano\/\"},{\"@type\":\"ListItem\",\"position\":2,\"name\":\"El ministro Villada analiz\u00f3 junto a intendentes la situaci\u00f3n del transporte del interior\"}]},{\"@type\":\"WebSite\",\"@id\":\"https:\/\/nahuelproducciones.com.ar\/radioquijano\/#website\",\"url\":\"https:\/\/nahuelproducciones.com.ar\/radioquijano\/\",\"name\":\"RQ 99.9\",\"description\":\"Radio Quijano 99.9 MHz\",\"potentialAction\":[{\"@type\":\"SearchAction\",\"target\":{\"@type\":\"EntryPoint\",\"urlTemplate\":\"https:\/\/nahuelproducciones.com.ar\/radioquijano\/?s={search_term_string}\"},\"query-input\":\"required name=search_term_string\"}],\"inLanguage\":\"es\"},{\"@type\":\"Person\",\"@id\":\"https:\/\/nahuelproducciones.com.ar\/radioquijano\/#\/schema\/person\/e8a4f939e2cb487fe6d0c54042c9d32c\",\"name\":\"Cecilia Pastrana\",\"image\":{\"@type\":\"ImageObject\",\"inLanguage\":\"es\",\"@id\":\"https:\/\/nahuelproducciones.com.ar\/radioquijano\/#\/schema\/person\/image\/\",\"url\":\"https:\/\/secure.gravatar.com\/avatar\/661a3ef63a8488d4f2794ed44af8cf71420f7e106f3072c40125114df5157749?s=96&d=mm&r=g\",\"contentUrl\":\"https:\/\/secure.gravatar.com\/avatar\/661a3ef63a8488d4f2794ed44af8cf71420f7e106f3072c40125114df5157749?s=96&d=mm&r=g\",\"caption\":\"Cecilia Pastrana\"},\"sameAs\":[\"cecy\"],\"url\":\"https:\/\/nahuelproducciones.com.ar\/radioquijano\/author\/cecy\/\"}]}<\/script>\n<!-- \/ Yoast SEO plugin. -->","yoast_head_json":{"title":"El ministro Villada analiz\u00f3 junto a intendentes la situaci\u00f3n del transporte del interior - RQ 99.9","description":"el Poder Ejecutivo enviar\u00e1 en las pr\u00f3ximas semanas un proyecto de ley tendiente, entre otros puntos, a la creaci\u00f3n de \u00e1reas de prestaci\u00f3n del servicio de transporte","robots":{"index":"index","follow":"follow","max-snippet":"max-snippet:-1","max-image-preview":"max-image-preview:large","max-video-preview":"max-video-preview:-1"},"canonical":"https:\/\/nahuelproducciones.com.ar\/radioquijano\/el-ministro-villada-analizo-junto-a-intendentes-la-situacion-del-transporte-del-interior\/","og_locale":"es_ES","og_type":"article","og_title":"El ministro Villada analiz\u00f3 junto a intendentes la situaci\u00f3n del transporte del interior - RQ 99.9","og_description":"el Poder Ejecutivo enviar\u00e1 en las pr\u00f3ximas semanas un proyecto de ley tendiente, entre otros puntos, a la creaci\u00f3n de \u00e1reas de prestaci\u00f3n del servicio de transporte","og_url":"https:\/\/nahuelproducciones.com.ar\/radioquijano\/el-ministro-villada-analizo-junto-a-intendentes-la-situacion-del-transporte-del-interior\/","og_site_name":"RQ 99.9","article_publisher":"https:\/\/www.facebook.com\/nahuelproducciones999\/","article_published_time":"2024-03-21T23:41:02+00:00","og_image":[{"width":700,"height":394,"url":"https:\/\/nahuelproducciones.com.ar\/radioquijano\/wp-content\/uploads\/2024\/03\/94729-el-ministro-villada-analizo-junto-a-intendentes-la-situacion-del-transporte-del-interior-e1711064455577.jpg","type":"image\/jpeg"}],"author":"Cecilia Pastrana","twitter_card":"summary_large_image","twitter_creator":"@nahuproduciones","twitter_site":"@nahuproduciones","twitter_misc":{"Escrito por":"Cecilia Pastrana","Tiempo de lectura":"2 minutos"},"schema":{"@context":"https:\/\/schema.org","@graph":[{"@type":"WebPage","@id":"https:\/\/nahuelproducciones.com.ar\/radioquijano\/el-ministro-villada-analizo-junto-a-intendentes-la-situacion-del-transporte-del-interior\/","url":"https:\/\/nahuelproducciones.com.ar\/radioquijano\/el-ministro-villada-analizo-junto-a-intendentes-la-situacion-del-transporte-del-interior\/","name":"El ministro Villada analiz\u00f3 junto a intendentes la situaci\u00f3n del transporte del interior - RQ 99.9","isPartOf":{"@id":"https:\/\/nahuelproducciones.com.ar\/radioquijano\/#website"},"datePublished":"2024-03-21T23:41:02+00:00","dateModified":"2024-03-21T23:41:02+00:00","author":{"@id":"https:\/\/nahuelproducciones.com.ar\/radioquijano\/#\/schema\/person\/e8a4f939e2cb487fe6d0c54042c9d32c"},"description":"el Poder Ejecutivo enviar\u00e1 en las pr\u00f3ximas semanas un proyecto de ley tendiente, entre otros puntos, a la creaci\u00f3n de \u00e1reas de prestaci\u00f3n del servicio de transporte","breadcrumb":{"@id":"https:\/\/nahuelproducciones.com.ar\/radioquijano\/el-ministro-villada-analizo-junto-a-intendentes-la-situacion-del-transporte-del-interior\/#breadcrumb"},"inLanguage":"es","potentialAction":[{"@type":"ReadAction","target":["https:\/\/nahuelproducciones.com.ar\/radioquijano\/el-ministro-villada-analizo-junto-a-intendentes-la-situacion-del-transporte-del-interior\/"]}]},{"@type":"BreadcrumbList","@id":"https:\/\/nahuelproducciones.com.ar\/radioquijano\/el-ministro-villada-analizo-junto-a-intendentes-la-situacion-del-transporte-del-interior\/#breadcrumb","itemListElement":[{"@type":"ListItem","position":1,"name":"Portada","item":"https:\/\/nahuelproducciones.com.ar\/radioquijano\/"},{"@type":"ListItem","position":2,"name":"El ministro Villada analiz\u00f3 junto a intendentes la situaci\u00f3n del transporte del interior"}]},{"@type":"WebSite","@id":"https:\/\/nahuelproducciones.com.ar\/radioquijano\/#website","url":"https:\/\/nahuelproducciones.com.ar\/radioquijano\/","name":"RQ 99.9","description":"Radio Quijano 99.9 MHz","potentialAction":[{"@type":"SearchAction","target":{"@type":"EntryPoint","urlTemplate":"https:\/\/nahuelproducciones.com.ar\/radioquijano\/?s={search_term_string}"},"query-input":"required name=search_term_string"}],"inLanguage":"es"},{"@type":"Person","@id":"https:\/\/nahuelproducciones.com.ar\/radioquijano\/#\/schema\/person\/e8a4f939e2cb487fe6d0c54042c9d32c","name":"Cecilia Pastrana","image":{"@type":"ImageObject","inLanguage":"es","@id":"https:\/\/nahuelproducciones.com.ar\/radioquijano\/#\/schema\/person\/image\/","url":"https:\/\/secure.gravatar.com\/avatar\/661a3ef63a8488d4f2794ed44af8cf71420f7e106f3072c40125114df5157749?s=96&d=mm&r=g","contentUrl":"https:\/\/secure.gravatar.com\/avatar\/661a3ef63a8488d4f2794ed44af8cf71420f7e106f3072c40125114df5157749?s=96&d=mm&r=g","caption":"Cecilia Pastrana"},"sameAs":["cecy"],"url":"https:\/\/nahuelproducciones.com.ar\/radioquijano\/author\/cecy\/"}]}},"_links":{"self":[{"href":"https:\/\/nahuelproducciones.com.ar\/radioquijano\/wp-json\/wp\/v2\/posts\/7490","targetHints":{"allow":["GET"]}}],"collection":[{"href":"https:\/\/nahuelproducciones.com.ar\/radioquijano\/wp-json\/wp\/v2\/posts"}],"about":[{"href":"https:\/\/nahuelproducciones.com.ar\/radioquijano\/wp-json\/wp\/v2\/types\/post"}],"author":[{"embeddable":true,"href":"https:\/\/nahuelproducciones.com.ar\/radioquijano\/wp-json\/wp\/v2\/users\/8"}],"replies":[{"embeddable":true,"href":"https:\/\/nahuelproducciones.com.ar\/radioquijano\/wp-json\/wp\/v2\/comments?post=7490"}],"version-history":[{"count":1,"href":"https:\/\/nahuelproducciones.com.ar\/radioquijano\/wp-json\/wp\/v2\/posts\/7490\/revisions"}],"predecessor-version":[{"id":7493,"href":"https:\/\/nahuelproducciones.com.ar\/radioquijano\/wp-json\/wp\/v2\/posts\/7490\/revisions\/7493"}],"wp:featuredmedia":[{"embeddable":true,"href":"https:\/\/nahuelproducciones.com.ar\/radioquijano\/wp-json\/wp\/v2\/media\/7492"}],"wp:attachment":[{"href":"https:\/\/nahuelproducciones.com.ar\/radioquijano\/wp-json\/wp\/v2\/media?parent=7490"}],"wp:term":[{"taxonomy":"category","embeddable":true,"href":"https:\/\/nahuelproducciones.com.ar\/radioquijano\/wp-json\/wp\/v2\/categories?post=7490"},{"taxonomy":"post_tag","embeddable":true,"href":"https:\/\/nahuelproducciones.com.ar\/radioquijano\/wp-json\/wp\/v2\/tags?post=7490"}],"curies":[{"name":"wp","href":"https:\/\/api.w.org\/{rel}","templated":true}]}}