{"id":7494,"date":"2024-03-21T20:45:35","date_gmt":"2024-03-21T23:45:35","guid":{"rendered":"https:\/\/nahuelproducciones.com.ar\/radioquijano\/?p=7494"},"modified":"2024-03-21T20:45:36","modified_gmt":"2024-03-21T23:45:36","slug":"el-aumento-de-casos-de-dengue-exige-refuerzo-en-medidas-preventivas","status":"publish","type":"post","link":"https:\/\/nahuelproducciones.com.ar\/radioquijano\/el-aumento-de-casos-de-dengue-exige-refuerzo-en-medidas-preventivas\/","title":{"rendered":"El aumento de casos de dengue exige refuerzo en medidas preventivas"},"content":{"rendered":"\n<p>A la fecha se notificaron 4224 casos. Son 50 las personas internadas y 3 los fallecimientos registrados en la provincia desde el comienzo de la vigilancia epidemiol\u00f3gica. Se pide a la poblaci\u00f3n reforzar las medidas de prevenci\u00f3n y autocuidado.<\/p>\n\n\n\n<p>El Ministerio de Salud P\u00fablica informa que desde el inicio de la vigilancia epidemiol\u00f3gica, el 1 de septiembre de 2023, se registraron un total de tres fallecimientos relacionados con el dengue. Esta cifra se suma a los 4224 casos positivos de esta enfermedad que han sido notificados hasta la fecha en la provincia. Son 50 las personas internadas en los diferentes servicios de salud.<\/p>\n\n\n\n<p>A los dos decesos que se produjeron en 28 de febrero y el 4 de marzo, se suma una paciente de El Bordo, de 49 a\u00f1os, sin antecedentes patol\u00f3gicos relevantes, quien comenz\u00f3 a experimentar s\u00edntomas de dengue, incluyendo fiebre, y busc\u00f3 atenci\u00f3n m\u00e9dica en el Hospital de G\u00fcemes, donde qued\u00f3 internada. Se diagnostica Dengue con nexo en Tucum\u00e1n. A pesar de los esfuerzos m\u00e9dicos, lamentablemente falleci\u00f3 debido a un choque cardiog\u00e9nico despu\u00e9s de 5 d\u00edas de evoluci\u00f3n de la enfermedad.<\/p>\n\n\n\n<p>El Ministerio de Salud P\u00fablica hace un en\u00e9rgico llamado a toda la poblaci\u00f3n para que refuerce las medidas de prevenci\u00f3n y autocuidado ante esta grave situaci\u00f3n sanitaria. El dengue es una enfermedad transmitida por mosquitos que puede tener consecuencias fatales si no se toman las precauciones adecuadas.<\/p>\n\n\n\n<p>Es fundamental que todos los ciudadanos adopten medidas preventivas en sus hogares y lugares de trabajo para eliminar los criaderos de mosquitos, como recipientes de agua estancada. Asimismo, se recomienda el uso de repelentes y ropa adecuada para reducir el riesgo de picaduras.<\/p>\n\n\n\n<p>La colaboraci\u00f3n de cada salte\u00f1o es esencial para contener la propagaci\u00f3n de esta enfermedad y proteger la salud de nuestra comunidad.<\/p>\n\n\n\n<p>Se insta a la poblaci\u00f3n a estar alerta ante cualquier s\u00edntoma de dengue, como fiebre alta, dolor de cabeza y muscular, y consultar de inmediato a un profesional de la salud en caso de presentarlos.<\/p>\n\n\n\n<p>El Ministerio de Salud P\u00fablica contin\u00faa trabajando incansablemente para brindar atenci\u00f3n m\u00e9dica y controlar la situaci\u00f3n epidemiol\u00f3gica en la provincia.<\/p>\n\n\n\n<p>Con el compromiso y la colaboraci\u00f3n de todos, se podr\u00e1 superar este desaf\u00edo y proteger la salud de los ciudadanos.<\/p>\n\n\n\n<hr class=\"wp-block-separator has-alpha-channel-opacity\"\/>\n\n\n\n<p>Fuente:&nbsp;<strong>Secretar\u00eda de Prensa y Comunicaci\u00f3n<\/strong><\/p>\n","protected":false},"excerpt":{"rendered":"<p>A la fecha se notificaron 4224 casos. Son 50 las personas internadas y 3 los fallecimientos registrados en la provincia desde el comienzo de la vigilancia epidemiol\u00f3gica. Se pide a la poblaci\u00f3n reforzar las medidas de prevenci\u00f3n y autocuidado. El Ministerio de Salud P\u00fablica informa que desde el inicio de la vigilancia epidemiol\u00f3gica, el 1 [&hellip;]<\/p>\n","protected":false},"author":8,"featured_media":7495,"comment_status":"open","ping_status":"open","sticky":false,"template":"","format":"standard","meta":{"_monsterinsights_skip_tracking":false,"_monsterinsights_sitenote_active":false,"_monsterinsights_sitenote_note":"","_monsterinsights_sitenote_category":0,"footnotes":""},"categories":[16],"tags":[893,100],"class_list":["post-7494","post","type-post","status-publish","format-standard","has-post-thumbnail","hentry","category-noticias","tag-dengue","tag-municipio-de-campo-quijano"],"yoast_head":"<!-- This site is optimized with the Yoast SEO plugin v20.8 - https:\/\/yoast.com\/wordpress\/plugins\/seo\/ -->\n<title>El aumento de casos de dengue exige refuerzo en medidas preventivas - RQ 99.9<\/title>\n<meta name=\"description\" content=\"Son 50 las personas internadas y 3 los fallecimientos registrados en la provincia desde el comienzo de la vigilancia epidemiol\u00f3gica.\" \/>\n<meta name=\"robots\" content=\"index, follow, max-snippet:-1, max-image-preview:large, max-video-preview:-1\" \/>\n<link rel=\"canonical\" href=\"https:\/\/nahuelproducciones.com.ar\/radioquijano\/el-aumento-de-casos-de-dengue-exige-refuerzo-en-medidas-preventivas\/\" \/>\n<meta property=\"og:locale\" content=\"es_ES\" \/>\n<meta property=\"og:type\" content=\"article\" \/>\n<meta property=\"og:title\" content=\"El aumento de casos de dengue exige refuerzo en medidas preventivas - RQ 99.9\" \/>\n<meta property=\"og:description\" content=\"Son 50 las personas internadas y 3 los fallecimientos registrados en la provincia desde el comienzo de la vigilancia epidemiol\u00f3gica.\" \/>\n<meta property=\"og:url\" content=\"https:\/\/nahuelproducciones.com.ar\/radioquijano\/el-aumento-de-casos-de-dengue-exige-refuerzo-en-medidas-preventivas\/\" \/>\n<meta property=\"og:site_name\" content=\"RQ 99.9\" \/>\n<meta property=\"article:publisher\" content=\"https:\/\/www.facebook.com\/nahuelproducciones999\/\" \/>\n<meta property=\"article:published_time\" content=\"2024-03-21T23:45:35+00:00\" \/>\n<meta property=\"article:modified_time\" content=\"2024-03-21T23:45:36+00:00\" \/>\n<meta property=\"og:image\" content=\"https:\/\/nahuelproducciones.com.ar\/radioquijano\/wp-content\/uploads\/2024\/03\/94750-el-aumento-de-casos-de-dengue-exige-refuerzo-en-medidas-preventivas-20240321170016-e1711064656278.jpg\" \/>\n\t<meta property=\"og:image:width\" content=\"700\" \/>\n\t<meta property=\"og:image:height\" content=\"394\" \/>\n\t<meta property=\"og:image:type\" content=\"image\/jpeg\" \/>\n<meta name=\"author\" content=\"Cecilia Pastrana\" \/>\n<meta name=\"twitter:card\" content=\"summary_large_image\" \/>\n<meta name=\"twitter:creator\" content=\"@nahuproduciones\" \/>\n<meta name=\"twitter:site\" content=\"@nahuproduciones\" \/>\n<meta name=\"twitter:label1\" content=\"Escrito por\" \/>\n\t<meta name=\"twitter:data1\" content=\"Cecilia Pastrana\" \/>\n\t<meta name=\"twitter:label2\" content=\"Tiempo de lectura\" \/>\n\t<meta name=\"twitter:data2\" content=\"2 minutos\" \/>\n<script type=\"application\/ld+json\" class=\"yoast-schema-graph\">{\"@context\":\"https:\/\/schema.org\",\"@graph\":[{\"@type\":\"WebPage\",\"@id\":\"https:\/\/nahuelproducciones.com.ar\/radioquijano\/el-aumento-de-casos-de-dengue-exige-refuerzo-en-medidas-preventivas\/\",\"url\":\"https:\/\/nahuelproducciones.com.ar\/radioquijano\/el-aumento-de-casos-de-dengue-exige-refuerzo-en-medidas-preventivas\/\",\"name\":\"El aumento de casos de dengue exige refuerzo en medidas preventivas - RQ 99.9\",\"isPartOf\":{\"@id\":\"https:\/\/nahuelproducciones.com.ar\/radioquijano\/#website\"},\"datePublished\":\"2024-03-21T23:45:35+00:00\",\"dateModified\":\"2024-03-21T23:45:36+00:00\",\"author\":{\"@id\":\"https:\/\/nahuelproducciones.com.ar\/radioquijano\/#\/schema\/person\/e8a4f939e2cb487fe6d0c54042c9d32c\"},\"description\":\"Son 50 las personas internadas y 3 los fallecimientos registrados en la provincia desde el comienzo de la vigilancia epidemiol\u00f3gica.\",\"breadcrumb\":{\"@id\":\"https:\/\/nahuelproducciones.com.ar\/radioquijano\/el-aumento-de-casos-de-dengue-exige-refuerzo-en-medidas-preventivas\/#breadcrumb\"},\"inLanguage\":\"es\",\"potentialAction\":[{\"@type\":\"ReadAction\",\"target\":[\"https:\/\/nahuelproducciones.com.ar\/radioquijano\/el-aumento-de-casos-de-dengue-exige-refuerzo-en-medidas-preventivas\/\"]}]},{\"@type\":\"BreadcrumbList\",\"@id\":\"https:\/\/nahuelproducciones.com.ar\/radioquijano\/el-aumento-de-casos-de-dengue-exige-refuerzo-en-medidas-preventivas\/#breadcrumb\",\"itemListElement\":[{\"@type\":\"ListItem\",\"position\":1,\"name\":\"Portada\",\"item\":\"https:\/\/nahuelproducciones.com.ar\/radioquijano\/\"},{\"@type\":\"ListItem\",\"position\":2,\"name\":\"El aumento de casos de dengue exige refuerzo en medidas preventivas\"}]},{\"@type\":\"WebSite\",\"@id\":\"https:\/\/nahuelproducciones.com.ar\/radioquijano\/#website\",\"url\":\"https:\/\/nahuelproducciones.com.ar\/radioquijano\/\",\"name\":\"RQ 99.9\",\"description\":\"Radio Quijano 99.9 MHz\",\"potentialAction\":[{\"@type\":\"SearchAction\",\"target\":{\"@type\":\"EntryPoint\",\"urlTemplate\":\"https:\/\/nahuelproducciones.com.ar\/radioquijano\/?s={search_term_string}\"},\"query-input\":\"required name=search_term_string\"}],\"inLanguage\":\"es\"},{\"@type\":\"Person\",\"@id\":\"https:\/\/nahuelproducciones.com.ar\/radioquijano\/#\/schema\/person\/e8a4f939e2cb487fe6d0c54042c9d32c\",\"name\":\"Cecilia Pastrana\",\"image\":{\"@type\":\"ImageObject\",\"inLanguage\":\"es\",\"@id\":\"https:\/\/nahuelproducciones.com.ar\/radioquijano\/#\/schema\/person\/image\/\",\"url\":\"https:\/\/secure.gravatar.com\/avatar\/661a3ef63a8488d4f2794ed44af8cf71420f7e106f3072c40125114df5157749?s=96&d=mm&r=g\",\"contentUrl\":\"https:\/\/secure.gravatar.com\/avatar\/661a3ef63a8488d4f2794ed44af8cf71420f7e106f3072c40125114df5157749?s=96&d=mm&r=g\",\"caption\":\"Cecilia Pastrana\"},\"sameAs\":[\"cecy\"],\"url\":\"https:\/\/nahuelproducciones.com.ar\/radioquijano\/author\/cecy\/\"}]}<\/script>\n<!-- \/ Yoast SEO plugin. -->","yoast_head_json":{"title":"El aumento de casos de dengue exige refuerzo en medidas preventivas - RQ 99.9","description":"Son 50 las personas internadas y 3 los fallecimientos registrados en la provincia desde el comienzo de la vigilancia epidemiol\u00f3gica.","robots":{"index":"index","follow":"follow","max-snippet":"max-snippet:-1","max-image-preview":"max-image-preview:large","max-video-preview":"max-video-preview:-1"},"canonical":"https:\/\/nahuelproducciones.com.ar\/radioquijano\/el-aumento-de-casos-de-dengue-exige-refuerzo-en-medidas-preventivas\/","og_locale":"es_ES","og_type":"article","og_title":"El aumento de casos de dengue exige refuerzo en medidas preventivas - RQ 99.9","og_description":"Son 50 las personas internadas y 3 los fallecimientos registrados en la provincia desde el comienzo de la vigilancia epidemiol\u00f3gica.","og_url":"https:\/\/nahuelproducciones.com.ar\/radioquijano\/el-aumento-de-casos-de-dengue-exige-refuerzo-en-medidas-preventivas\/","og_site_name":"RQ 99.9","article_publisher":"https:\/\/www.facebook.com\/nahuelproducciones999\/","article_published_time":"2024-03-21T23:45:35+00:00","article_modified_time":"2024-03-21T23:45:36+00:00","og_image":[{"width":700,"height":394,"url":"https:\/\/nahuelproducciones.com.ar\/radioquijano\/wp-content\/uploads\/2024\/03\/94750-el-aumento-de-casos-de-dengue-exige-refuerzo-en-medidas-preventivas-20240321170016-e1711064656278.jpg","type":"image\/jpeg"}],"author":"Cecilia Pastrana","twitter_card":"summary_large_image","twitter_creator":"@nahuproduciones","twitter_site":"@nahuproduciones","twitter_misc":{"Escrito por":"Cecilia Pastrana","Tiempo de lectura":"2 minutos"},"schema":{"@context":"https:\/\/schema.org","@graph":[{"@type":"WebPage","@id":"https:\/\/nahuelproducciones.com.ar\/radioquijano\/el-aumento-de-casos-de-dengue-exige-refuerzo-en-medidas-preventivas\/","url":"https:\/\/nahuelproducciones.com.ar\/radioquijano\/el-aumento-de-casos-de-dengue-exige-refuerzo-en-medidas-preventivas\/","name":"El aumento de casos de dengue exige refuerzo en medidas preventivas - RQ 99.9","isPartOf":{"@id":"https:\/\/nahuelproducciones.com.ar\/radioquijano\/#website"},"datePublished":"2024-03-21T23:45:35+00:00","dateModified":"2024-03-21T23:45:36+00:00","author":{"@id":"https:\/\/nahuelproducciones.com.ar\/radioquijano\/#\/schema\/person\/e8a4f939e2cb487fe6d0c54042c9d32c"},"description":"Son 50 las personas internadas y 3 los fallecimientos registrados en la provincia desde el comienzo de la vigilancia epidemiol\u00f3gica.","breadcrumb":{"@id":"https:\/\/nahuelproducciones.com.ar\/radioquijano\/el-aumento-de-casos-de-dengue-exige-refuerzo-en-medidas-preventivas\/#breadcrumb"},"inLanguage":"es","potentialAction":[{"@type":"ReadAction","target":["https:\/\/nahuelproducciones.com.ar\/radioquijano\/el-aumento-de-casos-de-dengue-exige-refuerzo-en-medidas-preventivas\/"]}]},{"@type":"BreadcrumbList","@id":"https:\/\/nahuelproducciones.com.ar\/radioquijano\/el-aumento-de-casos-de-dengue-exige-refuerzo-en-medidas-preventivas\/#breadcrumb","itemListElement":[{"@type":"ListItem","position":1,"name":"Portada","item":"https:\/\/nahuelproducciones.com.ar\/radioquijano\/"},{"@type":"ListItem","position":2,"name":"El aumento de casos de dengue exige refuerzo en medidas preventivas"}]},{"@type":"WebSite","@id":"https:\/\/nahuelproducciones.com.ar\/radioquijano\/#website","url":"https:\/\/nahuelproducciones.com.ar\/radioquijano\/","name":"RQ 99.9","description":"Radio Quijano 99.9 MHz","potentialAction":[{"@type":"SearchAction","target":{"@type":"EntryPoint","urlTemplate":"https:\/\/nahuelproducciones.com.ar\/radioquijano\/?s={search_term_string}"},"query-input":"required name=search_term_string"}],"inLanguage":"es"},{"@type":"Person","@id":"https:\/\/nahuelproducciones.com.ar\/radioquijano\/#\/schema\/person\/e8a4f939e2cb487fe6d0c54042c9d32c","name":"Cecilia Pastrana","image":{"@type":"ImageObject","inLanguage":"es","@id":"https:\/\/nahuelproducciones.com.ar\/radioquijano\/#\/schema\/person\/image\/","url":"https:\/\/secure.gravatar.com\/avatar\/661a3ef63a8488d4f2794ed44af8cf71420f7e106f3072c40125114df5157749?s=96&d=mm&r=g","contentUrl":"https:\/\/secure.gravatar.com\/avatar\/661a3ef63a8488d4f2794ed44af8cf71420f7e106f3072c40125114df5157749?s=96&d=mm&r=g","caption":"Cecilia Pastrana"},"sameAs":["cecy"],"url":"https:\/\/nahuelproducciones.com.ar\/radioquijano\/author\/cecy\/"}]}},"_links":{"self":[{"href":"https:\/\/nahuelproducciones.com.ar\/radioquijano\/wp-json\/wp\/v2\/posts\/7494","targetHints":{"allow":["GET"]}}],"collection":[{"href":"https:\/\/nahuelproducciones.com.ar\/radioquijano\/wp-json\/wp\/v2\/posts"}],"about":[{"href":"https:\/\/nahuelproducciones.com.ar\/radioquijano\/wp-json\/wp\/v2\/types\/post"}],"author":[{"embeddable":true,"href":"https:\/\/nahuelproducciones.com.ar\/radioquijano\/wp-json\/wp\/v2\/users\/8"}],"replies":[{"embeddable":true,"href":"https:\/\/nahuelproducciones.com.ar\/radioquijano\/wp-json\/wp\/v2\/comments?post=7494"}],"version-history":[{"count":1,"href":"https:\/\/nahuelproducciones.com.ar\/radioquijano\/wp-json\/wp\/v2\/posts\/7494\/revisions"}],"predecessor-version":[{"id":7496,"href":"https:\/\/nahuelproducciones.com.ar\/radioquijano\/wp-json\/wp\/v2\/posts\/7494\/revisions\/7496"}],"wp:featuredmedia":[{"embeddable":true,"href":"https:\/\/nahuelproducciones.com.ar\/radioquijano\/wp-json\/wp\/v2\/media\/7495"}],"wp:attachment":[{"href":"https:\/\/nahuelproducciones.com.ar\/radioquijano\/wp-json\/wp\/v2\/media?parent=7494"}],"wp:term":[{"taxonomy":"category","embeddable":true,"href":"https:\/\/nahuelproducciones.com.ar\/radioquijano\/wp-json\/wp\/v2\/categories?post=7494"},{"taxonomy":"post_tag","embeddable":true,"href":"https:\/\/nahuelproducciones.com.ar\/radioquijano\/wp-json\/wp\/v2\/tags?post=7494"}],"curies":[{"name":"wp","href":"https:\/\/api.w.org\/{rel}","templated":true}]}}