{"id":7603,"date":"2024-04-03T01:26:30","date_gmt":"2024-04-03T04:26:30","guid":{"rendered":"https:\/\/nahuelproducciones.com.ar\/radioquijano\/?p=7603"},"modified":"2024-04-03T21:04:34","modified_gmt":"2024-04-04T00:04:34","slug":"canal-13-mostro-el-puente-precario-de-la-quebrada-del-toro","status":"publish","type":"post","link":"https:\/\/nahuelproducciones.com.ar\/radioquijano\/canal-13-mostro-el-puente-precario-de-la-quebrada-del-toro\/","title":{"rendered":"Canal 13, mostr\u00f3 el puente precario de la Quebrada del Toro."},"content":{"rendered":"\n<p>Hace tiempo atr\u00e1s un video, filmado por el padre de unos ni\u00f1os de La&nbsp;Quebrada del Toro&nbsp;en la localidad de Campo Quijano, mostraba como ellos lo cruzaban para poder llegar a la escuela.<\/p>\n\n\n\n<p>El padre manifest\u00f3 que \u00e9l lo construy\u00f3 para que sus hijos no perdieran los d\u00edas de clases . La filmaci\u00f3n fue dada a conocer en la red social X por el usuario danieldiazz (Daniel Diaz Mu\u00f1oz) y escribi\u00f3: \u00abAs\u00ed es la <a href=\"https:\/\/twitter.com\/hashtag\/Salta?src=hashtag_click\">#Salta<\/a> del que reclama y levanta bandera del federalismo, a penas 30 km de Salta capital ni\u00f1os de 7 a\u00f1os de edad arriesgan la vida cruzado el r\u00edo para llegar a la escuela en la Quebrada del toro. Lo del Gobernador de Salta<a href=\"https:\/\/twitter.com\/GustavoSaenzOK\">@GustavoSaenzOK<\/a> es solo un cuento\u00bb.  \u00c9ste video se viraliz\u00f3 y lleg\u00f3 al medio nacional de Canal 13.<\/p>\n\n\n\n<p>El domingo en horario de la noche present\u00f3 anal 13 un informe mostrando el lugar y charlando con \u00e9l pap\u00e1 que construy\u00f3 el puente precario.<\/p>\n\n\n\n<p>Ante este hecho, el Intendente de Campo Quijano, Ing. Lino Yonar estuvo recorriendo la zona a principio de marzo y habl\u00f3 con la Sra Valeria Pintos y su esposo. En la oportunidad puso a disposici\u00f3n los recursos de la Municipalidad para hacer un puente provisorio, pero seguro hasta tener una soluci\u00f3n de fondo, acorde a la esta realidad. Dijo que continuar\u00e1n trabajando incansablemente para mejorar la calidad de vida a cada familia de la jurisdicci\u00f3n.<\/p>\n\n\n\n<p>Los periodistas del \u00ab13\u00bb hacen hincapi\u00e9 de que a  esta altura del a\u00f1o, el r\u00edo crece y las familias del lugar se ven afectadas para  poder trasladarse. Mostraron y contaron la Historia de los Chicos de la Quebrada del Toro, la forma de llegar a la Escuela y nombraron al intendente de Quijano y a un Diputado que dicen, fueron a ver y a sacarse fotos solo despu\u00e9s de que se viraliz\u00f3.<\/p>\n\n\n\n<p>Mira las im\u00e1genes:<\/p>\n\n\n\n<figure class=\"wp-block-gallery has-nested-images columns-default is-cropped wp-block-gallery-1 is-layout-flex wp-block-gallery-is-layout-flex\">\n<figure class=\"wp-block-image size-large\"><img loading=\"lazy\" decoding=\"async\" width=\"604\" height=\"470\" data-id=\"7615\" src=\"https:\/\/nahuelproducciones.com.ar\/radioquijano\/wp-content\/uploads\/2024\/04\/WhatsApp-Image-2024-04-03-at-12.59.06-AM-1-1.jpeg\" alt=\"\" class=\"wp-image-7615\" srcset=\"https:\/\/nahuelproducciones.com.ar\/radioquijano\/wp-content\/uploads\/2024\/04\/WhatsApp-Image-2024-04-03-at-12.59.06-AM-1-1.jpeg 604w, https:\/\/nahuelproducciones.com.ar\/radioquijano\/wp-content\/uploads\/2024\/04\/WhatsApp-Image-2024-04-03-at-12.59.06-AM-1-1-300x233.jpeg 300w, https:\/\/nahuelproducciones.com.ar\/radioquijano\/wp-content\/uploads\/2024\/04\/WhatsApp-Image-2024-04-03-at-12.59.06-AM-1-1-150x117.jpeg 150w\" sizes=\"auto, (max-width: 604px) 100vw, 604px\" \/><\/figure>\n\n\n\n<figure class=\"wp-block-image size-large\"><img loading=\"lazy\" decoding=\"async\" width=\"1024\" height=\"576\" data-id=\"7619\" src=\"https:\/\/nahuelproducciones.com.ar\/radioquijano\/wp-content\/uploads\/2024\/04\/WhatsApp-Image-2024-04-03-at-1.19.24-AM-1-1024x576.jpeg\" alt=\"\" class=\"wp-image-7619\" srcset=\"https:\/\/nahuelproducciones.com.ar\/radioquijano\/wp-content\/uploads\/2024\/04\/WhatsApp-Image-2024-04-03-at-1.19.24-AM-1-1024x576.jpeg 1024w, https:\/\/nahuelproducciones.com.ar\/radioquijano\/wp-content\/uploads\/2024\/04\/WhatsApp-Image-2024-04-03-at-1.19.24-AM-1-300x169.jpeg 300w, https:\/\/nahuelproducciones.com.ar\/radioquijano\/wp-content\/uploads\/2024\/04\/WhatsApp-Image-2024-04-03-at-1.19.24-AM-1-768x432.jpeg 768w, https:\/\/nahuelproducciones.com.ar\/radioquijano\/wp-content\/uploads\/2024\/04\/WhatsApp-Image-2024-04-03-at-1.19.24-AM-1-150x84.jpeg 150w, https:\/\/nahuelproducciones.com.ar\/radioquijano\/wp-content\/uploads\/2024\/04\/WhatsApp-Image-2024-04-03-at-1.19.24-AM-1.jpeg 1366w\" sizes=\"auto, (max-width: 1024px) 100vw, 1024px\" \/><\/figure>\n\n\n\n<figure class=\"wp-block-image size-large\"><img loading=\"lazy\" decoding=\"async\" width=\"1024\" height=\"576\" data-id=\"7618\" src=\"https:\/\/nahuelproducciones.com.ar\/radioquijano\/wp-content\/uploads\/2024\/04\/WhatsApp-Image-2024-04-01-at-9.15.20-PM-1-1024x576.jpeg\" alt=\"\" class=\"wp-image-7618\"\/><\/figure>\n\n\n\n<figure class=\"wp-block-image size-large\"><img loading=\"lazy\" decoding=\"async\" width=\"1024\" height=\"1024\" data-id=\"7621\" src=\"https:\/\/nahuelproducciones.com.ar\/radioquijano\/wp-content\/uploads\/2024\/04\/432738289_811115287711550_7508274748483834756_n-1-1024x1024.jpg\" alt=\"\" class=\"wp-image-7621\" srcset=\"https:\/\/nahuelproducciones.com.ar\/radioquijano\/wp-content\/uploads\/2024\/04\/432738289_811115287711550_7508274748483834756_n-1-1024x1024.jpg 1024w, https:\/\/nahuelproducciones.com.ar\/radioquijano\/wp-content\/uploads\/2024\/04\/432738289_811115287711550_7508274748483834756_n-1-300x300.jpg 300w, https:\/\/nahuelproducciones.com.ar\/radioquijano\/wp-content\/uploads\/2024\/04\/432738289_811115287711550_7508274748483834756_n-1-768x768.jpg 768w, https:\/\/nahuelproducciones.com.ar\/radioquijano\/wp-content\/uploads\/2024\/04\/432738289_811115287711550_7508274748483834756_n-1-96x96.jpg 96w, https:\/\/nahuelproducciones.com.ar\/radioquijano\/wp-content\/uploads\/2024\/04\/432738289_811115287711550_7508274748483834756_n-1-150x150.jpg 150w, https:\/\/nahuelproducciones.com.ar\/radioquijano\/wp-content\/uploads\/2024\/04\/432738289_811115287711550_7508274748483834756_n-1.jpg 1080w\" sizes=\"auto, (max-width: 1024px) 100vw, 1024px\" \/><\/figure>\n\n\n\n<figure class=\"wp-block-image size-large\"><img loading=\"lazy\" decoding=\"async\" width=\"1024\" height=\"1024\" data-id=\"7622\" src=\"https:\/\/nahuelproducciones.com.ar\/radioquijano\/wp-content\/uploads\/2024\/04\/432838770_811115317711547_8751971692639317666_n-1-1024x1024.jpg\" alt=\"\" class=\"wp-image-7622\" srcset=\"https:\/\/nahuelproducciones.com.ar\/radioquijano\/wp-content\/uploads\/2024\/04\/432838770_811115317711547_8751971692639317666_n-1-1024x1024.jpg 1024w, https:\/\/nahuelproducciones.com.ar\/radioquijano\/wp-content\/uploads\/2024\/04\/432838770_811115317711547_8751971692639317666_n-1-300x300.jpg 300w, https:\/\/nahuelproducciones.com.ar\/radioquijano\/wp-content\/uploads\/2024\/04\/432838770_811115317711547_8751971692639317666_n-1-768x768.jpg 768w, https:\/\/nahuelproducciones.com.ar\/radioquijano\/wp-content\/uploads\/2024\/04\/432838770_811115317711547_8751971692639317666_n-1-96x96.jpg 96w, https:\/\/nahuelproducciones.com.ar\/radioquijano\/wp-content\/uploads\/2024\/04\/432838770_811115317711547_8751971692639317666_n-1-150x150.jpg 150w, https:\/\/nahuelproducciones.com.ar\/radioquijano\/wp-content\/uploads\/2024\/04\/432838770_811115317711547_8751971692639317666_n-1.jpg 1080w\" sizes=\"auto, (max-width: 1024px) 100vw, 1024px\" \/><\/figure>\n<\/figure>\n\n\n\n<p><\/p>\n\n\n\n<figure class=\"wp-block-video\"><video controls src=\"blob:https:\/\/nahuelproducciones.com.ar\/ffa52a1e-c685-4df7-b84c-64fa4a77082d\"><\/video><\/figure>\n","protected":false},"excerpt":{"rendered":"<p>Hace tiempo atr\u00e1s un video, filmado por el padre de unos ni\u00f1os de La&nbsp;Quebrada del Toro&nbsp;en la localidad de Campo Quijano, mostraba como ellos lo cruzaban para poder llegar a la escuela. El padre manifest\u00f3 que \u00e9l lo construy\u00f3 para que sus hijos no perdieran los d\u00edas de clases . La filmaci\u00f3n fue dada a [&hellip;]<\/p>\n","protected":false},"author":8,"featured_media":7618,"comment_status":"open","ping_status":"open","sticky":false,"template":"","format":"standard","meta":{"_monsterinsights_skip_tracking":false,"_monsterinsights_sitenote_active":false,"_monsterinsights_sitenote_note":"","_monsterinsights_sitenote_category":0,"footnotes":""},"categories":[16],"tags":[100,1505],"class_list":["post-7603","post","type-post","status-publish","format-standard","has-post-thumbnail","hentry","category-noticias","tag-municipio-de-campo-quijano","tag-puente"],"yoast_head":"<!-- This site is optimized with the Yoast SEO plugin v20.8 - https:\/\/yoast.com\/wordpress\/plugins\/seo\/ -->\n<title>Canal 13, mostr\u00f3 el puente precario de la Quebrada del Toro. - RQ 99.9<\/title>\n<meta name=\"description\" content=\"Mostraron y contaron la Historia de los Chicos de la Quebrada del Toro, la forma de llegar a la Escuela y nombraron al intendente de Quijano y a un Diputado que dicen, fueron a ver y a sacarse fotos solo despu\u00e9s de que se viraliz\u00f3.\" \/>\n<meta name=\"robots\" content=\"index, follow, max-snippet:-1, max-image-preview:large, max-video-preview:-1\" \/>\n<link rel=\"canonical\" href=\"https:\/\/nahuelproducciones.com.ar\/radioquijano\/canal-13-mostro-el-puente-precario-de-la-quebrada-del-toro\/\" \/>\n<meta property=\"og:locale\" content=\"es_ES\" \/>\n<meta property=\"og:type\" content=\"article\" \/>\n<meta property=\"og:title\" content=\"Canal 13, mostr\u00f3 el puente precario de la Quebrada del Toro. - RQ 99.9\" \/>\n<meta property=\"og:description\" content=\"Mostraron y contaron la Historia de los Chicos de la Quebrada del Toro, la forma de llegar a la Escuela y nombraron al intendente de Quijano y a un Diputado que dicen, fueron a ver y a sacarse fotos solo despu\u00e9s de que se viraliz\u00f3.\" \/>\n<meta property=\"og:url\" content=\"https:\/\/nahuelproducciones.com.ar\/radioquijano\/canal-13-mostro-el-puente-precario-de-la-quebrada-del-toro\/\" \/>\n<meta property=\"og:site_name\" content=\"RQ 99.9\" \/>\n<meta property=\"article:publisher\" content=\"https:\/\/www.facebook.com\/nahuelproducciones999\/\" \/>\n<meta property=\"article:published_time\" content=\"2024-04-03T04:26:30+00:00\" \/>\n<meta property=\"article:modified_time\" content=\"2024-04-04T00:04:34+00:00\" \/>\n<meta property=\"og:image\" content=\"https:\/\/nahuelproducciones.com.ar\/radioquijano\/wp-content\/uploads\/2024\/04\/WhatsApp-Image-2024-04-01-at-9.15.20-PM-1-e1712118289488.jpeg\" \/>\n\t<meta property=\"og:image:width\" content=\"700\" \/>\n\t<meta property=\"og:image:height\" content=\"394\" \/>\n\t<meta property=\"og:image:type\" content=\"image\/jpeg\" \/>\n<meta name=\"author\" content=\"Cecilia Pastrana\" \/>\n<meta name=\"twitter:card\" content=\"summary_large_image\" \/>\n<meta name=\"twitter:creator\" content=\"@nahuproduciones\" \/>\n<meta name=\"twitter:site\" content=\"@nahuproduciones\" \/>\n<meta name=\"twitter:label1\" content=\"Escrito por\" \/>\n\t<meta name=\"twitter:data1\" content=\"Cecilia Pastrana\" \/>\n\t<meta name=\"twitter:label2\" content=\"Tiempo de lectura\" \/>\n\t<meta name=\"twitter:data2\" content=\"3 minutos\" \/>\n<script type=\"application\/ld+json\" class=\"yoast-schema-graph\">{\"@context\":\"https:\/\/schema.org\",\"@graph\":[{\"@type\":\"WebPage\",\"@id\":\"https:\/\/nahuelproducciones.com.ar\/radioquijano\/canal-13-mostro-el-puente-precario-de-la-quebrada-del-toro\/\",\"url\":\"https:\/\/nahuelproducciones.com.ar\/radioquijano\/canal-13-mostro-el-puente-precario-de-la-quebrada-del-toro\/\",\"name\":\"Canal 13, mostr\u00f3 el puente precario de la Quebrada del Toro. - RQ 99.9\",\"isPartOf\":{\"@id\":\"https:\/\/nahuelproducciones.com.ar\/radioquijano\/#website\"},\"datePublished\":\"2024-04-03T04:26:30+00:00\",\"dateModified\":\"2024-04-04T00:04:34+00:00\",\"author\":{\"@id\":\"https:\/\/nahuelproducciones.com.ar\/radioquijano\/#\/schema\/person\/e8a4f939e2cb487fe6d0c54042c9d32c\"},\"description\":\"Mostraron y contaron la Historia de los Chicos de la Quebrada del Toro, la forma de llegar a la Escuela y nombraron al intendente de Quijano y a un Diputado que dicen, fueron a ver y a sacarse fotos solo despu\u00e9s de que se viraliz\u00f3.\",\"breadcrumb\":{\"@id\":\"https:\/\/nahuelproducciones.com.ar\/radioquijano\/canal-13-mostro-el-puente-precario-de-la-quebrada-del-toro\/#breadcrumb\"},\"inLanguage\":\"es\",\"potentialAction\":[{\"@type\":\"ReadAction\",\"target\":[\"https:\/\/nahuelproducciones.com.ar\/radioquijano\/canal-13-mostro-el-puente-precario-de-la-quebrada-del-toro\/\"]}]},{\"@type\":\"BreadcrumbList\",\"@id\":\"https:\/\/nahuelproducciones.com.ar\/radioquijano\/canal-13-mostro-el-puente-precario-de-la-quebrada-del-toro\/#breadcrumb\",\"itemListElement\":[{\"@type\":\"ListItem\",\"position\":1,\"name\":\"Portada\",\"item\":\"https:\/\/nahuelproducciones.com.ar\/radioquijano\/\"},{\"@type\":\"ListItem\",\"position\":2,\"name\":\"Canal 13, mostr\u00f3 el puente precario de la Quebrada del Toro.\"}]},{\"@type\":\"WebSite\",\"@id\":\"https:\/\/nahuelproducciones.com.ar\/radioquijano\/#website\",\"url\":\"https:\/\/nahuelproducciones.com.ar\/radioquijano\/\",\"name\":\"RQ 99.9\",\"description\":\"Radio Quijano 99.9 MHz\",\"potentialAction\":[{\"@type\":\"SearchAction\",\"target\":{\"@type\":\"EntryPoint\",\"urlTemplate\":\"https:\/\/nahuelproducciones.com.ar\/radioquijano\/?s={search_term_string}\"},\"query-input\":\"required name=search_term_string\"}],\"inLanguage\":\"es\"},{\"@type\":\"Person\",\"@id\":\"https:\/\/nahuelproducciones.com.ar\/radioquijano\/#\/schema\/person\/e8a4f939e2cb487fe6d0c54042c9d32c\",\"name\":\"Cecilia Pastrana\",\"image\":{\"@type\":\"ImageObject\",\"inLanguage\":\"es\",\"@id\":\"https:\/\/nahuelproducciones.com.ar\/radioquijano\/#\/schema\/person\/image\/\",\"url\":\"https:\/\/secure.gravatar.com\/avatar\/661a3ef63a8488d4f2794ed44af8cf71420f7e106f3072c40125114df5157749?s=96&d=mm&r=g\",\"contentUrl\":\"https:\/\/secure.gravatar.com\/avatar\/661a3ef63a8488d4f2794ed44af8cf71420f7e106f3072c40125114df5157749?s=96&d=mm&r=g\",\"caption\":\"Cecilia Pastrana\"},\"sameAs\":[\"cecy\"],\"url\":\"https:\/\/nahuelproducciones.com.ar\/radioquijano\/author\/cecy\/\"}]}<\/script>\n<!-- \/ Yoast SEO plugin. -->","yoast_head_json":{"title":"Canal 13, mostr\u00f3 el puente precario de la Quebrada del Toro. - RQ 99.9","description":"Mostraron y contaron la Historia de los Chicos de la Quebrada del Toro, la forma de llegar a la Escuela y nombraron al intendente de Quijano y a un Diputado que dicen, fueron a ver y a sacarse fotos solo despu\u00e9s de que se viraliz\u00f3.","robots":{"index":"index","follow":"follow","max-snippet":"max-snippet:-1","max-image-preview":"max-image-preview:large","max-video-preview":"max-video-preview:-1"},"canonical":"https:\/\/nahuelproducciones.com.ar\/radioquijano\/canal-13-mostro-el-puente-precario-de-la-quebrada-del-toro\/","og_locale":"es_ES","og_type":"article","og_title":"Canal 13, mostr\u00f3 el puente precario de la Quebrada del Toro. - RQ 99.9","og_description":"Mostraron y contaron la Historia de los Chicos de la Quebrada del Toro, la forma de llegar a la Escuela y nombraron al intendente de Quijano y a un Diputado que dicen, fueron a ver y a sacarse fotos solo despu\u00e9s de que se viraliz\u00f3.","og_url":"https:\/\/nahuelproducciones.com.ar\/radioquijano\/canal-13-mostro-el-puente-precario-de-la-quebrada-del-toro\/","og_site_name":"RQ 99.9","article_publisher":"https:\/\/www.facebook.com\/nahuelproducciones999\/","article_published_time":"2024-04-03T04:26:30+00:00","article_modified_time":"2024-04-04T00:04:34+00:00","og_image":[{"width":700,"height":394,"url":"https:\/\/nahuelproducciones.com.ar\/radioquijano\/wp-content\/uploads\/2024\/04\/WhatsApp-Image-2024-04-01-at-9.15.20-PM-1-e1712118289488.jpeg","type":"image\/jpeg"}],"author":"Cecilia Pastrana","twitter_card":"summary_large_image","twitter_creator":"@nahuproduciones","twitter_site":"@nahuproduciones","twitter_misc":{"Escrito por":"Cecilia Pastrana","Tiempo de lectura":"3 minutos"},"schema":{"@context":"https:\/\/schema.org","@graph":[{"@type":"WebPage","@id":"https:\/\/nahuelproducciones.com.ar\/radioquijano\/canal-13-mostro-el-puente-precario-de-la-quebrada-del-toro\/","url":"https:\/\/nahuelproducciones.com.ar\/radioquijano\/canal-13-mostro-el-puente-precario-de-la-quebrada-del-toro\/","name":"Canal 13, mostr\u00f3 el puente precario de la Quebrada del Toro. - RQ 99.9","isPartOf":{"@id":"https:\/\/nahuelproducciones.com.ar\/radioquijano\/#website"},"datePublished":"2024-04-03T04:26:30+00:00","dateModified":"2024-04-04T00:04:34+00:00","author":{"@id":"https:\/\/nahuelproducciones.com.ar\/radioquijano\/#\/schema\/person\/e8a4f939e2cb487fe6d0c54042c9d32c"},"description":"Mostraron y contaron la Historia de los Chicos de la Quebrada del Toro, la forma de llegar a la Escuela y nombraron al intendente de Quijano y a un Diputado que dicen, fueron a ver y a sacarse fotos solo despu\u00e9s de que se viraliz\u00f3.","breadcrumb":{"@id":"https:\/\/nahuelproducciones.com.ar\/radioquijano\/canal-13-mostro-el-puente-precario-de-la-quebrada-del-toro\/#breadcrumb"},"inLanguage":"es","potentialAction":[{"@type":"ReadAction","target":["https:\/\/nahuelproducciones.com.ar\/radioquijano\/canal-13-mostro-el-puente-precario-de-la-quebrada-del-toro\/"]}]},{"@type":"BreadcrumbList","@id":"https:\/\/nahuelproducciones.com.ar\/radioquijano\/canal-13-mostro-el-puente-precario-de-la-quebrada-del-toro\/#breadcrumb","itemListElement":[{"@type":"ListItem","position":1,"name":"Portada","item":"https:\/\/nahuelproducciones.com.ar\/radioquijano\/"},{"@type":"ListItem","position":2,"name":"Canal 13, mostr\u00f3 el puente precario de la Quebrada del Toro."}]},{"@type":"WebSite","@id":"https:\/\/nahuelproducciones.com.ar\/radioquijano\/#website","url":"https:\/\/nahuelproducciones.com.ar\/radioquijano\/","name":"RQ 99.9","description":"Radio Quijano 99.9 MHz","potentialAction":[{"@type":"SearchAction","target":{"@type":"EntryPoint","urlTemplate":"https:\/\/nahuelproducciones.com.ar\/radioquijano\/?s={search_term_string}"},"query-input":"required name=search_term_string"}],"inLanguage":"es"},{"@type":"Person","@id":"https:\/\/nahuelproducciones.com.ar\/radioquijano\/#\/schema\/person\/e8a4f939e2cb487fe6d0c54042c9d32c","name":"Cecilia Pastrana","image":{"@type":"ImageObject","inLanguage":"es","@id":"https:\/\/nahuelproducciones.com.ar\/radioquijano\/#\/schema\/person\/image\/","url":"https:\/\/secure.gravatar.com\/avatar\/661a3ef63a8488d4f2794ed44af8cf71420f7e106f3072c40125114df5157749?s=96&d=mm&r=g","contentUrl":"https:\/\/secure.gravatar.com\/avatar\/661a3ef63a8488d4f2794ed44af8cf71420f7e106f3072c40125114df5157749?s=96&d=mm&r=g","caption":"Cecilia Pastrana"},"sameAs":["cecy"],"url":"https:\/\/nahuelproducciones.com.ar\/radioquijano\/author\/cecy\/"}]}},"_links":{"self":[{"href":"https:\/\/nahuelproducciones.com.ar\/radioquijano\/wp-json\/wp\/v2\/posts\/7603","targetHints":{"allow":["GET"]}}],"collection":[{"href":"https:\/\/nahuelproducciones.com.ar\/radioquijano\/wp-json\/wp\/v2\/posts"}],"about":[{"href":"https:\/\/nahuelproducciones.com.ar\/radioquijano\/wp-json\/wp\/v2\/types\/post"}],"author":[{"embeddable":true,"href":"https:\/\/nahuelproducciones.com.ar\/radioquijano\/wp-json\/wp\/v2\/users\/8"}],"replies":[{"embeddable":true,"href":"https:\/\/nahuelproducciones.com.ar\/radioquijano\/wp-json\/wp\/v2\/comments?post=7603"}],"version-history":[{"count":3,"href":"https:\/\/nahuelproducciones.com.ar\/radioquijano\/wp-json\/wp\/v2\/posts\/7603\/revisions"}],"predecessor-version":[{"id":7646,"href":"https:\/\/nahuelproducciones.com.ar\/radioquijano\/wp-json\/wp\/v2\/posts\/7603\/revisions\/7646"}],"wp:featuredmedia":[{"embeddable":true,"href":"https:\/\/nahuelproducciones.com.ar\/radioquijano\/wp-json\/wp\/v2\/media\/7618"}],"wp:attachment":[{"href":"https:\/\/nahuelproducciones.com.ar\/radioquijano\/wp-json\/wp\/v2\/media?parent=7603"}],"wp:term":[{"taxonomy":"category","embeddable":true,"href":"https:\/\/nahuelproducciones.com.ar\/radioquijano\/wp-json\/wp\/v2\/categories?post=7603"},{"taxonomy":"post_tag","embeddable":true,"href":"https:\/\/nahuelproducciones.com.ar\/radioquijano\/wp-json\/wp\/v2\/tags?post=7603"}],"curies":[{"name":"wp","href":"https:\/\/api.w.org\/{rel}","templated":true}]}}