{"id":7637,"date":"2024-04-03T11:09:55","date_gmt":"2024-04-03T14:09:55","guid":{"rendered":"https:\/\/nahuelproducciones.com.ar\/radioquijano\/?p=7637"},"modified":"2024-04-03T11:11:05","modified_gmt":"2024-04-03T14:11:05","slug":"3-de-abril-se-celebra-en-la-argentina-el-dia-del-personal-de-casas-particulares","status":"publish","type":"post","link":"https:\/\/nahuelproducciones.com.ar\/radioquijano\/3-de-abril-se-celebra-en-la-argentina-el-dia-del-personal-de-casas-particulares\/","title":{"rendered":"3 de Abril: Se celebra en la Argentina el D\u00eda del Personal de Casas Particulares."},"content":{"rendered":"\n<p>La efem\u00e9ride<strong>\u00a0<\/strong>celebra desde el 3 de abril de 2013, cuando durante el gobierno de\u00a0<strong>Cristina Fern\u00e1ndez de Kirchner\u00a0<\/strong>se promulg\u00f3 el decreto 340\/2013 a trav\u00e9s del cual se instaur\u00f3 el \u201cR\u00e9gimen especial de contrato de trabajo para el personal de casas particulares\u201d, contenido en la ley 26.844. <\/p>\n\n\n\n<p>El<strong>\u00a0D\u00eda del Personal de Casas Particulares<\/strong>\u00a0fue creado solo dos a\u00f1os despu\u00e9s, a trav\u00e9s de la resoluci\u00f3n 3\/2015 de la\u00a0<strong>Comisi\u00f3n Nacional de Trabajo en Casas Particulares<\/strong>.<\/p>\n\n\n\n<p>Es por eso que en dicha fecha, muchas\u00a0<strong>trabajadoras del hogar\u00a0<\/strong>podr\u00e1n disfrutar de una jornada de descanso luego del<strong>\u00a0feriado nacional\u00a0<\/strong>del martes 2 por el\u00a0<strong>D\u00eda del Veterano y los Ca\u00eddos en Malvinas<\/strong>. En caso de que deban trabajar, podr\u00e1n cobrar el doble de la jornada.<\/p>\n\n\n\n<p>En comunicaci\u00f3n telef\u00f3nica con RQ9.9Mhz,\u00a0Ana Rosa D\u00edaz,\u00a0referente de la agrupaci\u00f3n de empleadas de casa particular dij\u00f3 que el d\u00eda 3 de Abril es tambi\u00e9n para que la comunidad empiece a entender que  tambi\u00e9n tienen un d\u00eda, tal como lo tienen los empleados de comercio, los maestros, como todos los trabajadores, porque este trabajo siempre ha sido menospreciado y no ha sido reconocido como realmente tiene que haber sido.<\/p>\n\n\n\n<p>Diaz invito a todos los trabajadores de casa dom\u00e9stica a integrar el grupo \u00abUnidas podemos Lograrlo\u00bb que conformaron ya que es<strong> <\/strong>necesario que se mantengan informados, entonces a trav\u00e9s de las redes sociales y whatsApp, pueden informar de todos los cambios que se van realizando, de los nuevos decretos y nuevas resoluciones que va lanzando el Ministerio de la Naci\u00f3n con respecto al sector.<\/p>\n\n\n\n<p>Record\u00f3 que el d\u00eda 6 de abril estar\u00e1n festejando su d\u00eda en el Anfiteatro \u00abCuchi Leguizam\u00f3n\u00bbdel Parque San Mart\u00edn en Salta Capital con actividades y mateada. Todos est\u00e1n invitados dijo Ana.<\/p>\n\n\n\n<p>Escucha la entrevista:<\/p>\n\n\n\n<figure class=\"wp-block-audio\"><audio controls src=\"https:\/\/nahuelproducciones.com.ar\/radioquijano\/wp-content\/uploads\/2024\/04\/22-03-2024-Ana-Rosa-Diaz-referente-del-grupo-unidas-podemos-lograrlo-festejo-dia-de-la-empleada-de-casa-particular.mp3\"><\/audio><\/figure>\n\n\n\n<figure class=\"wp-block-gallery has-nested-images columns-default is-cropped wp-block-gallery-1 is-layout-flex wp-block-gallery-is-layout-flex\">\n<figure class=\"wp-block-image size-large\"><img loading=\"lazy\" decoding=\"async\" width=\"1024\" height=\"1024\" data-id=\"7639\" src=\"https:\/\/nahuelproducciones.com.ar\/radioquijano\/wp-content\/uploads\/2024\/04\/WhatsApp-Image-2024-03-22-at-8.27.04-AM-1024x1024.jpeg\" alt=\"\" class=\"wp-image-7639\"\/><\/figure>\n\n\n\n<figure class=\"wp-block-image size-large\"><img loading=\"lazy\" decoding=\"async\" width=\"724\" height=\"1024\" data-id=\"7638\" src=\"https:\/\/nahuelproducciones.com.ar\/radioquijano\/wp-content\/uploads\/2024\/04\/WhatsApp-Image-2024-03-22-at-8.27.05-AM-724x1024.jpeg\" alt=\"\" class=\"wp-image-7638\" srcset=\"https:\/\/nahuelproducciones.com.ar\/radioquijano\/wp-content\/uploads\/2024\/04\/WhatsApp-Image-2024-03-22-at-8.27.05-AM-724x1024.jpeg 724w, https:\/\/nahuelproducciones.com.ar\/radioquijano\/wp-content\/uploads\/2024\/04\/WhatsApp-Image-2024-03-22-at-8.27.05-AM-212x300.jpeg 212w, https:\/\/nahuelproducciones.com.ar\/radioquijano\/wp-content\/uploads\/2024\/04\/WhatsApp-Image-2024-03-22-at-8.27.05-AM-768x1086.jpeg 768w, https:\/\/nahuelproducciones.com.ar\/radioquijano\/wp-content\/uploads\/2024\/04\/WhatsApp-Image-2024-03-22-at-8.27.05-AM-1086x1536.jpeg 1086w, https:\/\/nahuelproducciones.com.ar\/radioquijano\/wp-content\/uploads\/2024\/04\/WhatsApp-Image-2024-03-22-at-8.27.05-AM-150x212.jpeg 150w, https:\/\/nahuelproducciones.com.ar\/radioquijano\/wp-content\/uploads\/2024\/04\/WhatsApp-Image-2024-03-22-at-8.27.05-AM.jpeg 1131w\" sizes=\"auto, (max-width: 724px) 100vw, 724px\" \/><\/figure>\n<\/figure>\n","protected":false},"excerpt":{"rendered":"<p>La efem\u00e9ride\u00a0celebra desde el 3 de abril de 2013, cuando durante el gobierno de\u00a0Cristina Fern\u00e1ndez de Kirchner\u00a0se promulg\u00f3 el decreto 340\/2013 a trav\u00e9s del cual se instaur\u00f3 el \u201cR\u00e9gimen especial de contrato de trabajo para el personal de casas particulares\u201d, contenido en la ley 26.844. El\u00a0D\u00eda del Personal de Casas Particulares\u00a0fue creado solo dos a\u00f1os [&hellip;]<\/p>\n","protected":false},"author":8,"featured_media":7639,"comment_status":"open","ping_status":"open","sticky":false,"template":"","format":"standard","meta":{"_monsterinsights_skip_tracking":false,"_monsterinsights_sitenote_active":false,"_monsterinsights_sitenote_note":"","_monsterinsights_sitenote_category":0,"footnotes":""},"categories":[16],"tags":[1506,100],"class_list":["post-7637","post","type-post","status-publish","format-standard","has-post-thumbnail","hentry","category-noticias","tag-dia-de-la-trabajadora-de-casas-particulares","tag-municipio-de-campo-quijano"],"yoast_head":"<!-- This site is optimized with the Yoast SEO plugin v20.8 - https:\/\/yoast.com\/wordpress\/plugins\/seo\/ -->\n<title>3 de Abril: Se celebra en la Argentina el D\u00eda del Personal de Casas Particulares. - RQ 99.9<\/title>\n<meta name=\"description\" content=\"El D\u00eda del Personal de Casas Particulares es un d\u00eda no laborable sin p\u00e9rdida de remuneraci\u00f3n, por lo que quienes deban ir a trabajar en este servicio tienen derecho a cobrar el doble la jornada.\" \/>\n<meta name=\"robots\" content=\"index, follow, max-snippet:-1, max-image-preview:large, max-video-preview:-1\" \/>\n<link rel=\"canonical\" href=\"https:\/\/nahuelproducciones.com.ar\/radioquijano\/3-de-abril-se-celebra-en-la-argentina-el-dia-del-personal-de-casas-particulares\/\" \/>\n<meta property=\"og:locale\" content=\"es_ES\" \/>\n<meta property=\"og:type\" content=\"article\" \/>\n<meta property=\"og:title\" content=\"3 de Abril: Se celebra en la Argentina el D\u00eda del Personal de Casas Particulares. - RQ 99.9\" \/>\n<meta property=\"og:description\" content=\"El D\u00eda del Personal de Casas Particulares es un d\u00eda no laborable sin p\u00e9rdida de remuneraci\u00f3n, por lo que quienes deban ir a trabajar en este servicio tienen derecho a cobrar el doble la jornada.\" \/>\n<meta property=\"og:url\" content=\"https:\/\/nahuelproducciones.com.ar\/radioquijano\/3-de-abril-se-celebra-en-la-argentina-el-dia-del-personal-de-casas-particulares\/\" \/>\n<meta property=\"og:site_name\" content=\"RQ 99.9\" \/>\n<meta property=\"article:publisher\" content=\"https:\/\/www.facebook.com\/nahuelproducciones999\/\" \/>\n<meta property=\"article:published_time\" content=\"2024-04-03T14:09:55+00:00\" \/>\n<meta property=\"article:modified_time\" content=\"2024-04-03T14:11:05+00:00\" \/>\n<meta property=\"og:image\" content=\"https:\/\/nahuelproducciones.com.ar\/radioquijano\/wp-content\/uploads\/2024\/04\/WhatsApp-Image-2024-03-22-at-8.27.04-AM-e1712153384542.jpeg\" \/>\n\t<meta property=\"og:image:width\" content=\"700\" \/>\n\t<meta property=\"og:image:height\" content=\"700\" \/>\n\t<meta property=\"og:image:type\" content=\"image\/jpeg\" \/>\n<meta name=\"author\" content=\"Cecilia Pastrana\" \/>\n<meta name=\"twitter:card\" content=\"summary_large_image\" \/>\n<meta name=\"twitter:creator\" content=\"@nahuproduciones\" \/>\n<meta name=\"twitter:site\" content=\"@nahuproduciones\" \/>\n<meta name=\"twitter:label1\" content=\"Escrito por\" \/>\n\t<meta name=\"twitter:data1\" content=\"Cecilia Pastrana\" \/>\n\t<meta name=\"twitter:label2\" content=\"Tiempo de lectura\" \/>\n\t<meta name=\"twitter:data2\" content=\"2 minutos\" \/>\n<script type=\"application\/ld+json\" class=\"yoast-schema-graph\">{\"@context\":\"https:\/\/schema.org\",\"@graph\":[{\"@type\":\"WebPage\",\"@id\":\"https:\/\/nahuelproducciones.com.ar\/radioquijano\/3-de-abril-se-celebra-en-la-argentina-el-dia-del-personal-de-casas-particulares\/\",\"url\":\"https:\/\/nahuelproducciones.com.ar\/radioquijano\/3-de-abril-se-celebra-en-la-argentina-el-dia-del-personal-de-casas-particulares\/\",\"name\":\"3 de Abril: Se celebra en la Argentina el D\u00eda del Personal de Casas Particulares. - RQ 99.9\",\"isPartOf\":{\"@id\":\"https:\/\/nahuelproducciones.com.ar\/radioquijano\/#website\"},\"datePublished\":\"2024-04-03T14:09:55+00:00\",\"dateModified\":\"2024-04-03T14:11:05+00:00\",\"author\":{\"@id\":\"https:\/\/nahuelproducciones.com.ar\/radioquijano\/#\/schema\/person\/e8a4f939e2cb487fe6d0c54042c9d32c\"},\"description\":\"El D\u00eda del Personal de Casas Particulares es un d\u00eda no laborable sin p\u00e9rdida de remuneraci\u00f3n, por lo que quienes deban ir a trabajar en este servicio tienen derecho a cobrar el doble la jornada.\",\"breadcrumb\":{\"@id\":\"https:\/\/nahuelproducciones.com.ar\/radioquijano\/3-de-abril-se-celebra-en-la-argentina-el-dia-del-personal-de-casas-particulares\/#breadcrumb\"},\"inLanguage\":\"es\",\"potentialAction\":[{\"@type\":\"ReadAction\",\"target\":[\"https:\/\/nahuelproducciones.com.ar\/radioquijano\/3-de-abril-se-celebra-en-la-argentina-el-dia-del-personal-de-casas-particulares\/\"]}]},{\"@type\":\"BreadcrumbList\",\"@id\":\"https:\/\/nahuelproducciones.com.ar\/radioquijano\/3-de-abril-se-celebra-en-la-argentina-el-dia-del-personal-de-casas-particulares\/#breadcrumb\",\"itemListElement\":[{\"@type\":\"ListItem\",\"position\":1,\"name\":\"Portada\",\"item\":\"https:\/\/nahuelproducciones.com.ar\/radioquijano\/\"},{\"@type\":\"ListItem\",\"position\":2,\"name\":\"3 de Abril: Se celebra en la Argentina el D\u00eda del Personal de Casas Particulares.\"}]},{\"@type\":\"WebSite\",\"@id\":\"https:\/\/nahuelproducciones.com.ar\/radioquijano\/#website\",\"url\":\"https:\/\/nahuelproducciones.com.ar\/radioquijano\/\",\"name\":\"RQ 99.9\",\"description\":\"Radio Quijano 99.9 MHz\",\"potentialAction\":[{\"@type\":\"SearchAction\",\"target\":{\"@type\":\"EntryPoint\",\"urlTemplate\":\"https:\/\/nahuelproducciones.com.ar\/radioquijano\/?s={search_term_string}\"},\"query-input\":\"required name=search_term_string\"}],\"inLanguage\":\"es\"},{\"@type\":\"Person\",\"@id\":\"https:\/\/nahuelproducciones.com.ar\/radioquijano\/#\/schema\/person\/e8a4f939e2cb487fe6d0c54042c9d32c\",\"name\":\"Cecilia Pastrana\",\"image\":{\"@type\":\"ImageObject\",\"inLanguage\":\"es\",\"@id\":\"https:\/\/nahuelproducciones.com.ar\/radioquijano\/#\/schema\/person\/image\/\",\"url\":\"https:\/\/secure.gravatar.com\/avatar\/661a3ef63a8488d4f2794ed44af8cf71420f7e106f3072c40125114df5157749?s=96&d=mm&r=g\",\"contentUrl\":\"https:\/\/secure.gravatar.com\/avatar\/661a3ef63a8488d4f2794ed44af8cf71420f7e106f3072c40125114df5157749?s=96&d=mm&r=g\",\"caption\":\"Cecilia Pastrana\"},\"sameAs\":[\"cecy\"],\"url\":\"https:\/\/nahuelproducciones.com.ar\/radioquijano\/author\/cecy\/\"}]}<\/script>\n<!-- \/ Yoast SEO plugin. -->","yoast_head_json":{"title":"3 de Abril: Se celebra en la Argentina el D\u00eda del Personal de Casas Particulares. - RQ 99.9","description":"El D\u00eda del Personal de Casas Particulares es un d\u00eda no laborable sin p\u00e9rdida de remuneraci\u00f3n, por lo que quienes deban ir a trabajar en este servicio tienen derecho a cobrar el doble la jornada.","robots":{"index":"index","follow":"follow","max-snippet":"max-snippet:-1","max-image-preview":"max-image-preview:large","max-video-preview":"max-video-preview:-1"},"canonical":"https:\/\/nahuelproducciones.com.ar\/radioquijano\/3-de-abril-se-celebra-en-la-argentina-el-dia-del-personal-de-casas-particulares\/","og_locale":"es_ES","og_type":"article","og_title":"3 de Abril: Se celebra en la Argentina el D\u00eda del Personal de Casas Particulares. - RQ 99.9","og_description":"El D\u00eda del Personal de Casas Particulares es un d\u00eda no laborable sin p\u00e9rdida de remuneraci\u00f3n, por lo que quienes deban ir a trabajar en este servicio tienen derecho a cobrar el doble la jornada.","og_url":"https:\/\/nahuelproducciones.com.ar\/radioquijano\/3-de-abril-se-celebra-en-la-argentina-el-dia-del-personal-de-casas-particulares\/","og_site_name":"RQ 99.9","article_publisher":"https:\/\/www.facebook.com\/nahuelproducciones999\/","article_published_time":"2024-04-03T14:09:55+00:00","article_modified_time":"2024-04-03T14:11:05+00:00","og_image":[{"width":700,"height":700,"url":"https:\/\/nahuelproducciones.com.ar\/radioquijano\/wp-content\/uploads\/2024\/04\/WhatsApp-Image-2024-03-22-at-8.27.04-AM-e1712153384542.jpeg","type":"image\/jpeg"}],"author":"Cecilia Pastrana","twitter_card":"summary_large_image","twitter_creator":"@nahuproduciones","twitter_site":"@nahuproduciones","twitter_misc":{"Escrito por":"Cecilia Pastrana","Tiempo de lectura":"2 minutos"},"schema":{"@context":"https:\/\/schema.org","@graph":[{"@type":"WebPage","@id":"https:\/\/nahuelproducciones.com.ar\/radioquijano\/3-de-abril-se-celebra-en-la-argentina-el-dia-del-personal-de-casas-particulares\/","url":"https:\/\/nahuelproducciones.com.ar\/radioquijano\/3-de-abril-se-celebra-en-la-argentina-el-dia-del-personal-de-casas-particulares\/","name":"3 de Abril: Se celebra en la Argentina el D\u00eda del Personal de Casas Particulares. - RQ 99.9","isPartOf":{"@id":"https:\/\/nahuelproducciones.com.ar\/radioquijano\/#website"},"datePublished":"2024-04-03T14:09:55+00:00","dateModified":"2024-04-03T14:11:05+00:00","author":{"@id":"https:\/\/nahuelproducciones.com.ar\/radioquijano\/#\/schema\/person\/e8a4f939e2cb487fe6d0c54042c9d32c"},"description":"El D\u00eda del Personal de Casas Particulares es un d\u00eda no laborable sin p\u00e9rdida de remuneraci\u00f3n, por lo que quienes deban ir a trabajar en este servicio tienen derecho a cobrar el doble la jornada.","breadcrumb":{"@id":"https:\/\/nahuelproducciones.com.ar\/radioquijano\/3-de-abril-se-celebra-en-la-argentina-el-dia-del-personal-de-casas-particulares\/#breadcrumb"},"inLanguage":"es","potentialAction":[{"@type":"ReadAction","target":["https:\/\/nahuelproducciones.com.ar\/radioquijano\/3-de-abril-se-celebra-en-la-argentina-el-dia-del-personal-de-casas-particulares\/"]}]},{"@type":"BreadcrumbList","@id":"https:\/\/nahuelproducciones.com.ar\/radioquijano\/3-de-abril-se-celebra-en-la-argentina-el-dia-del-personal-de-casas-particulares\/#breadcrumb","itemListElement":[{"@type":"ListItem","position":1,"name":"Portada","item":"https:\/\/nahuelproducciones.com.ar\/radioquijano\/"},{"@type":"ListItem","position":2,"name":"3 de Abril: Se celebra en la Argentina el D\u00eda del Personal de Casas Particulares."}]},{"@type":"WebSite","@id":"https:\/\/nahuelproducciones.com.ar\/radioquijano\/#website","url":"https:\/\/nahuelproducciones.com.ar\/radioquijano\/","name":"RQ 99.9","description":"Radio Quijano 99.9 MHz","potentialAction":[{"@type":"SearchAction","target":{"@type":"EntryPoint","urlTemplate":"https:\/\/nahuelproducciones.com.ar\/radioquijano\/?s={search_term_string}"},"query-input":"required name=search_term_string"}],"inLanguage":"es"},{"@type":"Person","@id":"https:\/\/nahuelproducciones.com.ar\/radioquijano\/#\/schema\/person\/e8a4f939e2cb487fe6d0c54042c9d32c","name":"Cecilia Pastrana","image":{"@type":"ImageObject","inLanguage":"es","@id":"https:\/\/nahuelproducciones.com.ar\/radioquijano\/#\/schema\/person\/image\/","url":"https:\/\/secure.gravatar.com\/avatar\/661a3ef63a8488d4f2794ed44af8cf71420f7e106f3072c40125114df5157749?s=96&d=mm&r=g","contentUrl":"https:\/\/secure.gravatar.com\/avatar\/661a3ef63a8488d4f2794ed44af8cf71420f7e106f3072c40125114df5157749?s=96&d=mm&r=g","caption":"Cecilia Pastrana"},"sameAs":["cecy"],"url":"https:\/\/nahuelproducciones.com.ar\/radioquijano\/author\/cecy\/"}]}},"_links":{"self":[{"href":"https:\/\/nahuelproducciones.com.ar\/radioquijano\/wp-json\/wp\/v2\/posts\/7637","targetHints":{"allow":["GET"]}}],"collection":[{"href":"https:\/\/nahuelproducciones.com.ar\/radioquijano\/wp-json\/wp\/v2\/posts"}],"about":[{"href":"https:\/\/nahuelproducciones.com.ar\/radioquijano\/wp-json\/wp\/v2\/types\/post"}],"author":[{"embeddable":true,"href":"https:\/\/nahuelproducciones.com.ar\/radioquijano\/wp-json\/wp\/v2\/users\/8"}],"replies":[{"embeddable":true,"href":"https:\/\/nahuelproducciones.com.ar\/radioquijano\/wp-json\/wp\/v2\/comments?post=7637"}],"version-history":[{"count":2,"href":"https:\/\/nahuelproducciones.com.ar\/radioquijano\/wp-json\/wp\/v2\/posts\/7637\/revisions"}],"predecessor-version":[{"id":7643,"href":"https:\/\/nahuelproducciones.com.ar\/radioquijano\/wp-json\/wp\/v2\/posts\/7637\/revisions\/7643"}],"wp:featuredmedia":[{"embeddable":true,"href":"https:\/\/nahuelproducciones.com.ar\/radioquijano\/wp-json\/wp\/v2\/media\/7639"}],"wp:attachment":[{"href":"https:\/\/nahuelproducciones.com.ar\/radioquijano\/wp-json\/wp\/v2\/media?parent=7637"}],"wp:term":[{"taxonomy":"category","embeddable":true,"href":"https:\/\/nahuelproducciones.com.ar\/radioquijano\/wp-json\/wp\/v2\/categories?post=7637"},{"taxonomy":"post_tag","embeddable":true,"href":"https:\/\/nahuelproducciones.com.ar\/radioquijano\/wp-json\/wp\/v2\/tags?post=7637"}],"curies":[{"name":"wp","href":"https:\/\/api.w.org\/{rel}","templated":true}]}}