{"id":764,"date":"2020-11-10T18:22:08","date_gmt":"2020-11-10T21:22:08","guid":{"rendered":"https:\/\/nahuelproducciones.com.ar\/radioquijano\/?p=764"},"modified":"2020-11-10T18:22:11","modified_gmt":"2020-11-10T21:22:11","slug":"si-no-llueve-la-carroza-de-la-familia-perez-recorrera-los-barrios-esta-noche","status":"publish","type":"post","link":"https:\/\/nahuelproducciones.com.ar\/radioquijano\/si-no-llueve-la-carroza-de-la-familia-perez-recorrera-los-barrios-esta-noche\/","title":{"rendered":"Si no llueve, la Carroza de la Familia P\u00e9rez recorrer\u00e1 los Barrios esta noche."},"content":{"rendered":"\n<p>Los hermanos P\u00e9rez y su familia desde hace 54 a\u00f1os tienen la costumbre de hacer carrozas para desfilar en el D\u00eda de  la Tradici\u00f3n en <a href=\"https:\/\/www.facebook.com\/Radio-Quijano-999-102294874524832\">Campo Quijano.<\/a><\/p>\n\n\n\n<p><br><a href=\"https:\/\/www.facebook.com\/profile.php?id=100003543252209\"> Adriana P\u00e9rez<\/a>, hija de uno de los hermanos iniciadores de esta historia  conto por <a href=\"https:\/\/nahuelproducciones.com.ar\/radioquijano\/\">#RQ99.9Mhz <\/a>que a pesar de la Pandemia, su familia no quer\u00eda estar alejada de estas celebraciones y esta noche una carroza  recorrer\u00e1 la mayor cantidad  de barrios posibles llevando la alegr\u00eda, el recuerdo y que la tradici\u00f3n no se pierda.<\/p>\n\n\n\n<p>Ella recuerda que la primera carroza que realizaron fue en 1966 y se llamo \u00abLa Polecia de Simoca \u00abcreada con tono humor\u00edstico para  compar un poquito de alegr\u00eda.<\/p>\n\n\n\n<p>La tercera generaci\u00f3n de la familia estar\u00e1 nuevamente con una tem\u00e1tica que se llama \u00abCoquena\u00bb y Adriana dice que cuando eligieron el nombre ella record\u00f3 a su se\u00f1orita de quinto grado  Hilda Gonz\u00e1lez  que en su momento le ense\u00f1o el recitado del \u00abCoquena\u00bb y que todav\u00eda la sabe de memoria. Lo bueno en esto es que jam\u00e1s los hermanos P\u00e9rez pelearon por nada y menos por el nombre de sus creaciones. <\/p>\n\n\n\n<p>Hoy a las 20:30 hs  desde la avda. 9 de julio y esquina Jovanovich, en la carnicer\u00eda San Cayetano parte la carroza con sonido y la familia, al barrio Pipino de Ferreyra hasta la Ant\u00e1rtida. Desde aqu\u00ed a la Calle Horacio Aguirre donde dar\u00e1 la vuelta y va a la calle Francisco Taibo, hasta el comedor de \u00abDon Juan\u00bb a la avda. 9 de julio para llegar a la Jovanovich y entrar al barrio Libertad.<\/p>\n\n\n\n<p>En el Barrio Libertad estar\u00e1 la carroza por la plaza principal y por calle Independencia se bajara hasta el conocido \u00abBuen Gusto\u00bbde avda 9 de julio. Bajaran por la avda hasta la 12 de octubre del correo y de alli a la 25 de Mayo. Desde aqui se ira a la calle Alberdi y tomara la calle G\u00fcemes hasta llegar al barrio Canal. Desde este punto partiran a calle 20 de Febrero dando vuelta a la 9 de julio y pasar por la Parroquia hasta la calle San Mart\u00edn.<\/p>\n\n\n\n<p>Cuando Salgan de calle San Martin estar\u00e1n en avda Chile y continuaran hasta la escuela Dody Araoz, por mano izquierda ir\u00e1n a calle Belgrano hasta la 20 de febrero tomando la avda 9 de julio y Plaza Martin Fierro. Desde aqu\u00ed se partir\u00e1 por calle Buenos Aires hasta el barrio 21 de Noviembre.<\/p>\n\n\n\n<p>\u00abCon este esfuerzo familiar queremos agradecer a todos lo que el pueblo por nosotros y por aquellos que alguna vez estuvieron en nuestras carrozas. Le queremos decir  fuerza , que no decaigan y que se sigan cuidando y que si salen que mantengan la distancia social\u00bb, enfatizo Adriana.<\/p>\n\n\n\n<p>Si llueve no pasaran ya que al ser una carroza art\u00edstica se puede da\u00f1ar.<\/p>\n\n\n\n<p><\/p>\n\n\n\n<p><\/p>\n\n\n\n<p><\/p>\n\n\n\n<p><\/p>\n","protected":false},"excerpt":{"rendered":"<p>Los hermanos P\u00e9rez y su familia desde hace 54 a\u00f1os tienen la costumbre de hacer carrozas para desfilar en el D\u00eda de la Tradici\u00f3n en Campo Quijano. Adriana P\u00e9rez, hija de uno de los hermanos iniciadores de esta historia conto por #RQ99.9Mhz que a pesar de la Pandemia, su familia no quer\u00eda estar alejada de [&hellip;]<\/p>\n","protected":false},"author":8,"featured_media":766,"comment_status":"open","ping_status":"open","sticky":false,"template":"","format":"standard","meta":{"_monsterinsights_skip_tracking":false,"_monsterinsights_sitenote_active":false,"_monsterinsights_sitenote_note":"","_monsterinsights_sitenote_category":0,"footnotes":""},"categories":[16],"tags":[],"class_list":["post-764","post","type-post","status-publish","format-standard","has-post-thumbnail","hentry","category-noticias"],"yoast_head":"<!-- This site is optimized with the Yoast SEO plugin v20.8 - https:\/\/yoast.com\/wordpress\/plugins\/seo\/ -->\n<title>Si no llueve, la Carroza de la Familia P\u00e9rez recorrer\u00e1 los Barrios esta noche. - RQ 99.9<\/title>\n<meta name=\"robots\" content=\"index, follow, max-snippet:-1, max-image-preview:large, max-video-preview:-1\" \/>\n<link rel=\"canonical\" href=\"https:\/\/nahuelproducciones.com.ar\/radioquijano\/si-no-llueve-la-carroza-de-la-familia-perez-recorrera-los-barrios-esta-noche\/\" \/>\n<meta property=\"og:locale\" content=\"es_ES\" \/>\n<meta property=\"og:type\" content=\"article\" \/>\n<meta property=\"og:title\" content=\"Si no llueve, la Carroza de la Familia P\u00e9rez recorrer\u00e1 los Barrios esta noche. - RQ 99.9\" \/>\n<meta property=\"og:description\" content=\"Los hermanos P\u00e9rez y su familia desde hace 54 a\u00f1os tienen la costumbre de hacer carrozas para desfilar en el D\u00eda de la Tradici\u00f3n en Campo Quijano. Adriana P\u00e9rez, hija de uno de los hermanos iniciadores de esta historia conto por #RQ99.9Mhz que a pesar de la Pandemia, su familia no quer\u00eda estar alejada de [&hellip;]\" \/>\n<meta property=\"og:url\" content=\"https:\/\/nahuelproducciones.com.ar\/radioquijano\/si-no-llueve-la-carroza-de-la-familia-perez-recorrera-los-barrios-esta-noche\/\" \/>\n<meta property=\"og:site_name\" content=\"RQ 99.9\" \/>\n<meta property=\"article:publisher\" content=\"https:\/\/www.facebook.com\/nahuelproducciones999\/\" \/>\n<meta property=\"article:published_time\" content=\"2020-11-10T21:22:08+00:00\" \/>\n<meta property=\"article:modified_time\" content=\"2020-11-10T21:22:11+00:00\" \/>\n<meta property=\"og:image\" content=\"https:\/\/nahuelproducciones.com.ar\/radioquijano\/wp-content\/uploads\/2020\/11\/adriana-perez.jpg\" \/>\n\t<meta property=\"og:image:width\" content=\"972\" \/>\n\t<meta property=\"og:image:height\" content=\"546\" \/>\n\t<meta property=\"og:image:type\" content=\"image\/jpeg\" \/>\n<meta name=\"author\" content=\"Cecilia Pastrana\" \/>\n<meta name=\"twitter:card\" content=\"summary_large_image\" \/>\n<meta name=\"twitter:creator\" content=\"@nahuproduciones\" \/>\n<meta name=\"twitter:site\" content=\"@nahuproduciones\" \/>\n<meta name=\"twitter:label1\" content=\"Escrito por\" \/>\n\t<meta name=\"twitter:data1\" content=\"Cecilia Pastrana\" \/>\n\t<meta name=\"twitter:label2\" content=\"Tiempo de lectura\" \/>\n\t<meta name=\"twitter:data2\" content=\"2 minutos\" \/>\n<script type=\"application\/ld+json\" class=\"yoast-schema-graph\">{\"@context\":\"https:\/\/schema.org\",\"@graph\":[{\"@type\":\"WebPage\",\"@id\":\"https:\/\/nahuelproducciones.com.ar\/radioquijano\/si-no-llueve-la-carroza-de-la-familia-perez-recorrera-los-barrios-esta-noche\/\",\"url\":\"https:\/\/nahuelproducciones.com.ar\/radioquijano\/si-no-llueve-la-carroza-de-la-familia-perez-recorrera-los-barrios-esta-noche\/\",\"name\":\"Si no llueve, la Carroza de la Familia P\u00e9rez recorrer\u00e1 los Barrios esta noche. - RQ 99.9\",\"isPartOf\":{\"@id\":\"https:\/\/nahuelproducciones.com.ar\/radioquijano\/#website\"},\"datePublished\":\"2020-11-10T21:22:08+00:00\",\"dateModified\":\"2020-11-10T21:22:11+00:00\",\"author\":{\"@id\":\"https:\/\/nahuelproducciones.com.ar\/radioquijano\/#\/schema\/person\/e8a4f939e2cb487fe6d0c54042c9d32c\"},\"breadcrumb\":{\"@id\":\"https:\/\/nahuelproducciones.com.ar\/radioquijano\/si-no-llueve-la-carroza-de-la-familia-perez-recorrera-los-barrios-esta-noche\/#breadcrumb\"},\"inLanguage\":\"es\",\"potentialAction\":[{\"@type\":\"ReadAction\",\"target\":[\"https:\/\/nahuelproducciones.com.ar\/radioquijano\/si-no-llueve-la-carroza-de-la-familia-perez-recorrera-los-barrios-esta-noche\/\"]}]},{\"@type\":\"BreadcrumbList\",\"@id\":\"https:\/\/nahuelproducciones.com.ar\/radioquijano\/si-no-llueve-la-carroza-de-la-familia-perez-recorrera-los-barrios-esta-noche\/#breadcrumb\",\"itemListElement\":[{\"@type\":\"ListItem\",\"position\":1,\"name\":\"Portada\",\"item\":\"https:\/\/nahuelproducciones.com.ar\/radioquijano\/\"},{\"@type\":\"ListItem\",\"position\":2,\"name\":\"Si no llueve, la Carroza de la Familia P\u00e9rez recorrer\u00e1 los Barrios esta noche.\"}]},{\"@type\":\"WebSite\",\"@id\":\"https:\/\/nahuelproducciones.com.ar\/radioquijano\/#website\",\"url\":\"https:\/\/nahuelproducciones.com.ar\/radioquijano\/\",\"name\":\"RQ 99.9\",\"description\":\"Radio Quijano 99.9 MHz\",\"potentialAction\":[{\"@type\":\"SearchAction\",\"target\":{\"@type\":\"EntryPoint\",\"urlTemplate\":\"https:\/\/nahuelproducciones.com.ar\/radioquijano\/?s={search_term_string}\"},\"query-input\":\"required name=search_term_string\"}],\"inLanguage\":\"es\"},{\"@type\":\"Person\",\"@id\":\"https:\/\/nahuelproducciones.com.ar\/radioquijano\/#\/schema\/person\/e8a4f939e2cb487fe6d0c54042c9d32c\",\"name\":\"Cecilia Pastrana\",\"image\":{\"@type\":\"ImageObject\",\"inLanguage\":\"es\",\"@id\":\"https:\/\/nahuelproducciones.com.ar\/radioquijano\/#\/schema\/person\/image\/\",\"url\":\"https:\/\/secure.gravatar.com\/avatar\/661a3ef63a8488d4f2794ed44af8cf71420f7e106f3072c40125114df5157749?s=96&d=mm&r=g\",\"contentUrl\":\"https:\/\/secure.gravatar.com\/avatar\/661a3ef63a8488d4f2794ed44af8cf71420f7e106f3072c40125114df5157749?s=96&d=mm&r=g\",\"caption\":\"Cecilia Pastrana\"},\"sameAs\":[\"cecy\"],\"url\":\"https:\/\/nahuelproducciones.com.ar\/radioquijano\/author\/cecy\/\"}]}<\/script>\n<!-- \/ Yoast SEO plugin. -->","yoast_head_json":{"title":"Si no llueve, la Carroza de la Familia P\u00e9rez recorrer\u00e1 los Barrios esta noche. - RQ 99.9","robots":{"index":"index","follow":"follow","max-snippet":"max-snippet:-1","max-image-preview":"max-image-preview:large","max-video-preview":"max-video-preview:-1"},"canonical":"https:\/\/nahuelproducciones.com.ar\/radioquijano\/si-no-llueve-la-carroza-de-la-familia-perez-recorrera-los-barrios-esta-noche\/","og_locale":"es_ES","og_type":"article","og_title":"Si no llueve, la Carroza de la Familia P\u00e9rez recorrer\u00e1 los Barrios esta noche. - RQ 99.9","og_description":"Los hermanos P\u00e9rez y su familia desde hace 54 a\u00f1os tienen la costumbre de hacer carrozas para desfilar en el D\u00eda de la Tradici\u00f3n en Campo Quijano. Adriana P\u00e9rez, hija de uno de los hermanos iniciadores de esta historia conto por #RQ99.9Mhz que a pesar de la Pandemia, su familia no quer\u00eda estar alejada de [&hellip;]","og_url":"https:\/\/nahuelproducciones.com.ar\/radioquijano\/si-no-llueve-la-carroza-de-la-familia-perez-recorrera-los-barrios-esta-noche\/","og_site_name":"RQ 99.9","article_publisher":"https:\/\/www.facebook.com\/nahuelproducciones999\/","article_published_time":"2020-11-10T21:22:08+00:00","article_modified_time":"2020-11-10T21:22:11+00:00","og_image":[{"width":972,"height":546,"url":"https:\/\/nahuelproducciones.com.ar\/radioquijano\/wp-content\/uploads\/2020\/11\/adriana-perez.jpg","type":"image\/jpeg"}],"author":"Cecilia Pastrana","twitter_card":"summary_large_image","twitter_creator":"@nahuproduciones","twitter_site":"@nahuproduciones","twitter_misc":{"Escrito por":"Cecilia Pastrana","Tiempo de lectura":"2 minutos"},"schema":{"@context":"https:\/\/schema.org","@graph":[{"@type":"WebPage","@id":"https:\/\/nahuelproducciones.com.ar\/radioquijano\/si-no-llueve-la-carroza-de-la-familia-perez-recorrera-los-barrios-esta-noche\/","url":"https:\/\/nahuelproducciones.com.ar\/radioquijano\/si-no-llueve-la-carroza-de-la-familia-perez-recorrera-los-barrios-esta-noche\/","name":"Si no llueve, la Carroza de la Familia P\u00e9rez recorrer\u00e1 los Barrios esta noche. - RQ 99.9","isPartOf":{"@id":"https:\/\/nahuelproducciones.com.ar\/radioquijano\/#website"},"datePublished":"2020-11-10T21:22:08+00:00","dateModified":"2020-11-10T21:22:11+00:00","author":{"@id":"https:\/\/nahuelproducciones.com.ar\/radioquijano\/#\/schema\/person\/e8a4f939e2cb487fe6d0c54042c9d32c"},"breadcrumb":{"@id":"https:\/\/nahuelproducciones.com.ar\/radioquijano\/si-no-llueve-la-carroza-de-la-familia-perez-recorrera-los-barrios-esta-noche\/#breadcrumb"},"inLanguage":"es","potentialAction":[{"@type":"ReadAction","target":["https:\/\/nahuelproducciones.com.ar\/radioquijano\/si-no-llueve-la-carroza-de-la-familia-perez-recorrera-los-barrios-esta-noche\/"]}]},{"@type":"BreadcrumbList","@id":"https:\/\/nahuelproducciones.com.ar\/radioquijano\/si-no-llueve-la-carroza-de-la-familia-perez-recorrera-los-barrios-esta-noche\/#breadcrumb","itemListElement":[{"@type":"ListItem","position":1,"name":"Portada","item":"https:\/\/nahuelproducciones.com.ar\/radioquijano\/"},{"@type":"ListItem","position":2,"name":"Si no llueve, la Carroza de la Familia P\u00e9rez recorrer\u00e1 los Barrios esta noche."}]},{"@type":"WebSite","@id":"https:\/\/nahuelproducciones.com.ar\/radioquijano\/#website","url":"https:\/\/nahuelproducciones.com.ar\/radioquijano\/","name":"RQ 99.9","description":"Radio Quijano 99.9 MHz","potentialAction":[{"@type":"SearchAction","target":{"@type":"EntryPoint","urlTemplate":"https:\/\/nahuelproducciones.com.ar\/radioquijano\/?s={search_term_string}"},"query-input":"required name=search_term_string"}],"inLanguage":"es"},{"@type":"Person","@id":"https:\/\/nahuelproducciones.com.ar\/radioquijano\/#\/schema\/person\/e8a4f939e2cb487fe6d0c54042c9d32c","name":"Cecilia Pastrana","image":{"@type":"ImageObject","inLanguage":"es","@id":"https:\/\/nahuelproducciones.com.ar\/radioquijano\/#\/schema\/person\/image\/","url":"https:\/\/secure.gravatar.com\/avatar\/661a3ef63a8488d4f2794ed44af8cf71420f7e106f3072c40125114df5157749?s=96&d=mm&r=g","contentUrl":"https:\/\/secure.gravatar.com\/avatar\/661a3ef63a8488d4f2794ed44af8cf71420f7e106f3072c40125114df5157749?s=96&d=mm&r=g","caption":"Cecilia Pastrana"},"sameAs":["cecy"],"url":"https:\/\/nahuelproducciones.com.ar\/radioquijano\/author\/cecy\/"}]}},"_links":{"self":[{"href":"https:\/\/nahuelproducciones.com.ar\/radioquijano\/wp-json\/wp\/v2\/posts\/764","targetHints":{"allow":["GET"]}}],"collection":[{"href":"https:\/\/nahuelproducciones.com.ar\/radioquijano\/wp-json\/wp\/v2\/posts"}],"about":[{"href":"https:\/\/nahuelproducciones.com.ar\/radioquijano\/wp-json\/wp\/v2\/types\/post"}],"author":[{"embeddable":true,"href":"https:\/\/nahuelproducciones.com.ar\/radioquijano\/wp-json\/wp\/v2\/users\/8"}],"replies":[{"embeddable":true,"href":"https:\/\/nahuelproducciones.com.ar\/radioquijano\/wp-json\/wp\/v2\/comments?post=764"}],"version-history":[{"count":1,"href":"https:\/\/nahuelproducciones.com.ar\/radioquijano\/wp-json\/wp\/v2\/posts\/764\/revisions"}],"predecessor-version":[{"id":768,"href":"https:\/\/nahuelproducciones.com.ar\/radioquijano\/wp-json\/wp\/v2\/posts\/764\/revisions\/768"}],"wp:featuredmedia":[{"embeddable":true,"href":"https:\/\/nahuelproducciones.com.ar\/radioquijano\/wp-json\/wp\/v2\/media\/766"}],"wp:attachment":[{"href":"https:\/\/nahuelproducciones.com.ar\/radioquijano\/wp-json\/wp\/v2\/media?parent=764"}],"wp:term":[{"taxonomy":"category","embeddable":true,"href":"https:\/\/nahuelproducciones.com.ar\/radioquijano\/wp-json\/wp\/v2\/categories?post=764"},{"taxonomy":"post_tag","embeddable":true,"href":"https:\/\/nahuelproducciones.com.ar\/radioquijano\/wp-json\/wp\/v2\/tags?post=764"}],"curies":[{"name":"wp","href":"https:\/\/api.w.org\/{rel}","templated":true}]}}