{"id":7675,"date":"2024-04-13T01:50:17","date_gmt":"2024-04-13T04:50:17","guid":{"rendered":"https:\/\/nahuelproducciones.com.ar\/radioquijano\/?p=7675"},"modified":"2024-04-13T01:50:18","modified_gmt":"2024-04-13T04:50:18","slug":"campo-quijano-presente-en-el-47-del-abril-cultural","status":"publish","type":"post","link":"https:\/\/nahuelproducciones.com.ar\/radioquijano\/campo-quijano-presente-en-el-47-del-abril-cultural\/","title":{"rendered":"Campo Quijano presente en el 47\u00b0 del Abril Cultural ."},"content":{"rendered":"\n<p>En el marco de la 47\u00ba edici\u00f3n del\u00a0Abril Cultural Salte\u00f1o, Campo Quijano\u00a0se prepara con actividades variadas para toda la comunidad.<\/p>\n\n\n\n<p>En comunicaci\u00f3n telef\u00f3nica con RQ9.9Mhz, el Director de Cultura de Campo Quijano Javier Gonz\u00e1lez mencion\u00f3 que el objetivo en este a\u00f1o se afianza en Revalorizar\u00a0la relaci\u00f3n del arte y nuestros mayores, ya sea como centro de\u00a0 actividades que lo tenga\u00a0 como protagonista o como p\u00fablico dedicado.<\/p>\n\n\n\n<p>Otro objetivo es resaltar el trabajo que realizan los diferentes artistas de nuestra jurisdicci\u00f3n, con sus diferentes aportes art\u00edsticos.<\/p>\n\n\n\n<p>La propuesta en  municipio son variadas, por ejemplo hasta el 15 se reciben los trabajos de los que quieran participar en el 1er Concurso de Poemas destinado a todas las edades y noveles del con el Lema: \u00abEl sentir de mi pueblo en Semana Santa\u00bb.<\/p>\n\n\n\n<p> El s\u00e1bado 13 de Abril a las 19:30 hs. se presentar\u00e1 en Casa de la Cultura , la  comedia \u00abTres Mujeres Peligrosas\u00bb . Esta pieza teatral tendr\u00e1 personajes \u00fanicos, que te har\u00e1n pasar un momento maravilloso en familia.<\/p>\n\n\n\n<p><strong>La s\u00edntesis argumental de la obra :<\/strong>\u00a0Carla, Mecha y Georgina son amigas desde hace muchos a\u00f1os y se re\u00fanen una vez a la semana para ponerse al tanto de las novedades del barrio y la familia, Carla es viuda, Mecha est\u00e1 separada y Georgi es fan\u00e1tica de la solter\u00eda. La acci\u00f3n se desarrolla en la casa de Carla, mientras comparten mates y chismes descubren una situaci\u00f3n en la que est\u00e1n involucradas dos de ellas, y llegar\u00e1n a un desenlace inesperado.<\/p>\n\n\n\n<p>El 14 de abril en la cancha de El Cicl\u00f3n, se realizar\u00e1 el evento solidario organizado por la Comparsa LOS BRUJOS que  tiene como objetivo principal recaudar fondos y elementos para el Centro de Salud La Silleta, San Antonio y del Enc\u00f3n.\u00a0<br>El valor de la entrada ser\u00e1 la colaboraci\u00f3n voluntaria de los presentes, alimentos no perecederos, ropa en buen estado y art\u00edculos de limpieza.<\/p>\n\n\n\n<p><strong>ACTUAN<\/strong>:<\/p>\n\n\n\n<p>Marca Salte\u00f1a &#8211; Antigal<\/p>\n\n\n\n<p>Matreros &#8211; Luna Roja<\/p>\n\n\n\n<p>Matias Palavecino &#8211; Palmas Arriba<\/p>\n\n\n\n<p>Los Mochis &#8211; Armandito Guiti\u00e1n<\/p>\n\n\n\n<p>Academia El Fac\u00f3n<\/p>\n\n\n\n<p>Academia Salta en Zamba<\/p>\n\n\n\n<p>COMPARSAS INVITADAS:<\/p>\n\n\n\n<p>Los Siancas<\/p>\n\n\n\n<p>Los Huayra<\/p>\n\n\n\n<p>Los Tylks<\/p>\n\n\n\n<p>Sangre de Teuco<\/p>\n\n\n\n<p>Escucha la entrevista  al Director de Cultura de Campo Quijano Javier Gonz\u00e1lez :<\/p>\n\n\n\n<figure class=\"wp-block-audio\"><audio controls src=\"https:\/\/nahuelproducciones.com.ar\/radioquijano\/wp-content\/uploads\/2024\/04\/12-04-2024-DIRECTOR-DE-CULTURA-PROF-JAVIER-GONZALEZ-ACTIVIDADES-DE-ABRIL-CULTURAL.mp3\"><\/audio><\/figure>\n\n\n\n<figure class=\"wp-block-gallery has-nested-images columns-default is-cropped wp-block-gallery-1 is-layout-flex wp-block-gallery-is-layout-flex\">\n<figure class=\"wp-block-image size-large\"><img loading=\"lazy\" decoding=\"async\" width=\"819\" height=\"1024\" data-id=\"7680\" src=\"https:\/\/nahuelproducciones.com.ar\/radioquijano\/wp-content\/uploads\/2024\/04\/WhatsApp-Image-2024-04-13-at-1.41.16-AM-819x1024.jpeg\" alt=\"\" class=\"wp-image-7680\" srcset=\"https:\/\/nahuelproducciones.com.ar\/radioquijano\/wp-content\/uploads\/2024\/04\/WhatsApp-Image-2024-04-13-at-1.41.16-AM-819x1024.jpeg 819w, https:\/\/nahuelproducciones.com.ar\/radioquijano\/wp-content\/uploads\/2024\/04\/WhatsApp-Image-2024-04-13-at-1.41.16-AM-240x300.jpeg 240w, https:\/\/nahuelproducciones.com.ar\/radioquijano\/wp-content\/uploads\/2024\/04\/WhatsApp-Image-2024-04-13-at-1.41.16-AM-768x960.jpeg 768w, https:\/\/nahuelproducciones.com.ar\/radioquijano\/wp-content\/uploads\/2024\/04\/WhatsApp-Image-2024-04-13-at-1.41.16-AM-150x188.jpeg 150w, https:\/\/nahuelproducciones.com.ar\/radioquijano\/wp-content\/uploads\/2024\/04\/WhatsApp-Image-2024-04-13-at-1.41.16-AM.jpeg 1080w\" sizes=\"auto, (max-width: 819px) 100vw, 819px\" \/><\/figure>\n\n\n\n<figure class=\"wp-block-image size-large\"><img loading=\"lazy\" decoding=\"async\" width=\"819\" height=\"1024\" data-id=\"7681\" src=\"https:\/\/nahuelproducciones.com.ar\/radioquijano\/wp-content\/uploads\/2024\/04\/WhatsApp-Image-2024-04-10-at-12.37.47-PM-1-819x1024.jpeg\" alt=\"\" class=\"wp-image-7681\" srcset=\"https:\/\/nahuelproducciones.com.ar\/radioquijano\/wp-content\/uploads\/2024\/04\/WhatsApp-Image-2024-04-10-at-12.37.47-PM-1-819x1024.jpeg 819w, https:\/\/nahuelproducciones.com.ar\/radioquijano\/wp-content\/uploads\/2024\/04\/WhatsApp-Image-2024-04-10-at-12.37.47-PM-1-240x300.jpeg 240w, https:\/\/nahuelproducciones.com.ar\/radioquijano\/wp-content\/uploads\/2024\/04\/WhatsApp-Image-2024-04-10-at-12.37.47-PM-1-768x960.jpeg 768w, https:\/\/nahuelproducciones.com.ar\/radioquijano\/wp-content\/uploads\/2024\/04\/WhatsApp-Image-2024-04-10-at-12.37.47-PM-1-150x188.jpeg 150w, https:\/\/nahuelproducciones.com.ar\/radioquijano\/wp-content\/uploads\/2024\/04\/WhatsApp-Image-2024-04-10-at-12.37.47-PM-1.jpeg 1080w\" sizes=\"auto, (max-width: 819px) 100vw, 819px\" \/><\/figure>\n\n\n\n<figure class=\"wp-block-image size-large\"><img loading=\"lazy\" decoding=\"async\" width=\"720\" height=\"720\" data-id=\"7679\" src=\"https:\/\/nahuelproducciones.com.ar\/radioquijano\/wp-content\/uploads\/2024\/04\/WhatsApp-Image-2024-04-12-at-5.42.13-PM.jpeg\" alt=\"\" class=\"wp-image-7679\" srcset=\"https:\/\/nahuelproducciones.com.ar\/radioquijano\/wp-content\/uploads\/2024\/04\/WhatsApp-Image-2024-04-12-at-5.42.13-PM.jpeg 720w, https:\/\/nahuelproducciones.com.ar\/radioquijano\/wp-content\/uploads\/2024\/04\/WhatsApp-Image-2024-04-12-at-5.42.13-PM-300x300.jpeg 300w, https:\/\/nahuelproducciones.com.ar\/radioquijano\/wp-content\/uploads\/2024\/04\/WhatsApp-Image-2024-04-12-at-5.42.13-PM-96x96.jpeg 96w, https:\/\/nahuelproducciones.com.ar\/radioquijano\/wp-content\/uploads\/2024\/04\/WhatsApp-Image-2024-04-12-at-5.42.13-PM-150x150.jpeg 150w\" sizes=\"auto, (max-width: 720px) 100vw, 720px\" \/><\/figure>\n<\/figure>\n","protected":false},"excerpt":{"rendered":"<p>En el marco de la 47\u00ba edici\u00f3n del\u00a0Abril Cultural Salte\u00f1o, Campo Quijano\u00a0se prepara con actividades variadas para toda la comunidad. En comunicaci\u00f3n telef\u00f3nica con RQ9.9Mhz, el Director de Cultura de Campo Quijano Javier Gonz\u00e1lez mencion\u00f3 que el objetivo en este a\u00f1o se afianza en Revalorizar\u00a0la relaci\u00f3n del arte y nuestros mayores, ya sea como centro [&hellip;]<\/p>\n","protected":false},"author":8,"featured_media":7682,"comment_status":"open","ping_status":"open","sticky":false,"template":"","format":"standard","meta":{"_monsterinsights_skip_tracking":false,"_monsterinsights_sitenote_active":false,"_monsterinsights_sitenote_note":"","_monsterinsights_sitenote_category":0,"footnotes":""},"categories":[2,16],"tags":[1511,1447,100],"class_list":["post-7675","post","type-post","status-publish","format-standard","has-post-thumbnail","hentry","category-cultura","category-noticias","tag-abril-cultural","tag-director-de-cultura-del-municipio-de-campo-quijano","tag-municipio-de-campo-quijano"],"yoast_head":"<!-- This site is optimized with the Yoast SEO plugin v20.8 - https:\/\/yoast.com\/wordpress\/plugins\/seo\/ -->\n<title>Campo Quijano presente en el 47\u00b0 del Abril Cultural . - RQ 99.9<\/title>\n<meta name=\"description\" content=\"El objetivo es resaltar el trabajo que realizan los diferentes artistas de nuestra jurisdicci\u00f3n, con sus diferentes aportes art\u00edsticos.\" \/>\n<meta name=\"robots\" content=\"index, follow, max-snippet:-1, max-image-preview:large, max-video-preview:-1\" \/>\n<link rel=\"canonical\" href=\"https:\/\/nahuelproducciones.com.ar\/radioquijano\/campo-quijano-presente-en-el-47-del-abril-cultural\/\" \/>\n<meta property=\"og:locale\" content=\"es_ES\" \/>\n<meta property=\"og:type\" content=\"article\" \/>\n<meta property=\"og:title\" content=\"Campo Quijano presente en el 47\u00b0 del Abril Cultural . - RQ 99.9\" \/>\n<meta property=\"og:description\" content=\"El objetivo es resaltar el trabajo que realizan los diferentes artistas de nuestra jurisdicci\u00f3n, con sus diferentes aportes art\u00edsticos.\" \/>\n<meta property=\"og:url\" content=\"https:\/\/nahuelproducciones.com.ar\/radioquijano\/campo-quijano-presente-en-el-47-del-abril-cultural\/\" \/>\n<meta property=\"og:site_name\" content=\"RQ 99.9\" \/>\n<meta property=\"article:publisher\" content=\"https:\/\/www.facebook.com\/nahuelproducciones999\/\" \/>\n<meta property=\"article:published_time\" content=\"2024-04-13T04:50:17+00:00\" \/>\n<meta property=\"article:modified_time\" content=\"2024-04-13T04:50:18+00:00\" \/>\n<meta property=\"og:image\" content=\"https:\/\/nahuelproducciones.com.ar\/radioquijano\/wp-content\/uploads\/2024\/04\/maxresdefault-e1712983755830.jpg\" \/>\n\t<meta property=\"og:image:width\" content=\"700\" \/>\n\t<meta property=\"og:image:height\" content=\"309\" \/>\n\t<meta property=\"og:image:type\" content=\"image\/jpeg\" \/>\n<meta name=\"author\" content=\"Cecilia Pastrana\" \/>\n<meta name=\"twitter:card\" content=\"summary_large_image\" \/>\n<meta name=\"twitter:creator\" content=\"@nahuproduciones\" \/>\n<meta name=\"twitter:site\" content=\"@nahuproduciones\" \/>\n<meta name=\"twitter:label1\" content=\"Escrito por\" \/>\n\t<meta name=\"twitter:data1\" content=\"Cecilia Pastrana\" \/>\n\t<meta name=\"twitter:label2\" content=\"Tiempo de lectura\" \/>\n\t<meta name=\"twitter:data2\" content=\"3 minutos\" \/>\n<script type=\"application\/ld+json\" class=\"yoast-schema-graph\">{\"@context\":\"https:\/\/schema.org\",\"@graph\":[{\"@type\":\"WebPage\",\"@id\":\"https:\/\/nahuelproducciones.com.ar\/radioquijano\/campo-quijano-presente-en-el-47-del-abril-cultural\/\",\"url\":\"https:\/\/nahuelproducciones.com.ar\/radioquijano\/campo-quijano-presente-en-el-47-del-abril-cultural\/\",\"name\":\"Campo Quijano presente en el 47\u00b0 del Abril Cultural . - RQ 99.9\",\"isPartOf\":{\"@id\":\"https:\/\/nahuelproducciones.com.ar\/radioquijano\/#website\"},\"datePublished\":\"2024-04-13T04:50:17+00:00\",\"dateModified\":\"2024-04-13T04:50:18+00:00\",\"author\":{\"@id\":\"https:\/\/nahuelproducciones.com.ar\/radioquijano\/#\/schema\/person\/e8a4f939e2cb487fe6d0c54042c9d32c\"},\"description\":\"El objetivo es resaltar el trabajo que realizan los diferentes artistas de nuestra jurisdicci\u00f3n, con sus diferentes aportes art\u00edsticos.\",\"breadcrumb\":{\"@id\":\"https:\/\/nahuelproducciones.com.ar\/radioquijano\/campo-quijano-presente-en-el-47-del-abril-cultural\/#breadcrumb\"},\"inLanguage\":\"es\",\"potentialAction\":[{\"@type\":\"ReadAction\",\"target\":[\"https:\/\/nahuelproducciones.com.ar\/radioquijano\/campo-quijano-presente-en-el-47-del-abril-cultural\/\"]}]},{\"@type\":\"BreadcrumbList\",\"@id\":\"https:\/\/nahuelproducciones.com.ar\/radioquijano\/campo-quijano-presente-en-el-47-del-abril-cultural\/#breadcrumb\",\"itemListElement\":[{\"@type\":\"ListItem\",\"position\":1,\"name\":\"Portada\",\"item\":\"https:\/\/nahuelproducciones.com.ar\/radioquijano\/\"},{\"@type\":\"ListItem\",\"position\":2,\"name\":\"Campo Quijano presente en el 47\u00b0 del Abril Cultural .\"}]},{\"@type\":\"WebSite\",\"@id\":\"https:\/\/nahuelproducciones.com.ar\/radioquijano\/#website\",\"url\":\"https:\/\/nahuelproducciones.com.ar\/radioquijano\/\",\"name\":\"RQ 99.9\",\"description\":\"Radio Quijano 99.9 MHz\",\"potentialAction\":[{\"@type\":\"SearchAction\",\"target\":{\"@type\":\"EntryPoint\",\"urlTemplate\":\"https:\/\/nahuelproducciones.com.ar\/radioquijano\/?s={search_term_string}\"},\"query-input\":\"required name=search_term_string\"}],\"inLanguage\":\"es\"},{\"@type\":\"Person\",\"@id\":\"https:\/\/nahuelproducciones.com.ar\/radioquijano\/#\/schema\/person\/e8a4f939e2cb487fe6d0c54042c9d32c\",\"name\":\"Cecilia Pastrana\",\"image\":{\"@type\":\"ImageObject\",\"inLanguage\":\"es\",\"@id\":\"https:\/\/nahuelproducciones.com.ar\/radioquijano\/#\/schema\/person\/image\/\",\"url\":\"https:\/\/secure.gravatar.com\/avatar\/661a3ef63a8488d4f2794ed44af8cf71420f7e106f3072c40125114df5157749?s=96&d=mm&r=g\",\"contentUrl\":\"https:\/\/secure.gravatar.com\/avatar\/661a3ef63a8488d4f2794ed44af8cf71420f7e106f3072c40125114df5157749?s=96&d=mm&r=g\",\"caption\":\"Cecilia Pastrana\"},\"sameAs\":[\"cecy\"],\"url\":\"https:\/\/nahuelproducciones.com.ar\/radioquijano\/author\/cecy\/\"}]}<\/script>\n<!-- \/ Yoast SEO plugin. -->","yoast_head_json":{"title":"Campo Quijano presente en el 47\u00b0 del Abril Cultural . - RQ 99.9","description":"El objetivo es resaltar el trabajo que realizan los diferentes artistas de nuestra jurisdicci\u00f3n, con sus diferentes aportes art\u00edsticos.","robots":{"index":"index","follow":"follow","max-snippet":"max-snippet:-1","max-image-preview":"max-image-preview:large","max-video-preview":"max-video-preview:-1"},"canonical":"https:\/\/nahuelproducciones.com.ar\/radioquijano\/campo-quijano-presente-en-el-47-del-abril-cultural\/","og_locale":"es_ES","og_type":"article","og_title":"Campo Quijano presente en el 47\u00b0 del Abril Cultural . - RQ 99.9","og_description":"El objetivo es resaltar el trabajo que realizan los diferentes artistas de nuestra jurisdicci\u00f3n, con sus diferentes aportes art\u00edsticos.","og_url":"https:\/\/nahuelproducciones.com.ar\/radioquijano\/campo-quijano-presente-en-el-47-del-abril-cultural\/","og_site_name":"RQ 99.9","article_publisher":"https:\/\/www.facebook.com\/nahuelproducciones999\/","article_published_time":"2024-04-13T04:50:17+00:00","article_modified_time":"2024-04-13T04:50:18+00:00","og_image":[{"width":700,"height":309,"url":"https:\/\/nahuelproducciones.com.ar\/radioquijano\/wp-content\/uploads\/2024\/04\/maxresdefault-e1712983755830.jpg","type":"image\/jpeg"}],"author":"Cecilia Pastrana","twitter_card":"summary_large_image","twitter_creator":"@nahuproduciones","twitter_site":"@nahuproduciones","twitter_misc":{"Escrito por":"Cecilia Pastrana","Tiempo de lectura":"3 minutos"},"schema":{"@context":"https:\/\/schema.org","@graph":[{"@type":"WebPage","@id":"https:\/\/nahuelproducciones.com.ar\/radioquijano\/campo-quijano-presente-en-el-47-del-abril-cultural\/","url":"https:\/\/nahuelproducciones.com.ar\/radioquijano\/campo-quijano-presente-en-el-47-del-abril-cultural\/","name":"Campo Quijano presente en el 47\u00b0 del Abril Cultural . - RQ 99.9","isPartOf":{"@id":"https:\/\/nahuelproducciones.com.ar\/radioquijano\/#website"},"datePublished":"2024-04-13T04:50:17+00:00","dateModified":"2024-04-13T04:50:18+00:00","author":{"@id":"https:\/\/nahuelproducciones.com.ar\/radioquijano\/#\/schema\/person\/e8a4f939e2cb487fe6d0c54042c9d32c"},"description":"El objetivo es resaltar el trabajo que realizan los diferentes artistas de nuestra jurisdicci\u00f3n, con sus diferentes aportes art\u00edsticos.","breadcrumb":{"@id":"https:\/\/nahuelproducciones.com.ar\/radioquijano\/campo-quijano-presente-en-el-47-del-abril-cultural\/#breadcrumb"},"inLanguage":"es","potentialAction":[{"@type":"ReadAction","target":["https:\/\/nahuelproducciones.com.ar\/radioquijano\/campo-quijano-presente-en-el-47-del-abril-cultural\/"]}]},{"@type":"BreadcrumbList","@id":"https:\/\/nahuelproducciones.com.ar\/radioquijano\/campo-quijano-presente-en-el-47-del-abril-cultural\/#breadcrumb","itemListElement":[{"@type":"ListItem","position":1,"name":"Portada","item":"https:\/\/nahuelproducciones.com.ar\/radioquijano\/"},{"@type":"ListItem","position":2,"name":"Campo Quijano presente en el 47\u00b0 del Abril Cultural ."}]},{"@type":"WebSite","@id":"https:\/\/nahuelproducciones.com.ar\/radioquijano\/#website","url":"https:\/\/nahuelproducciones.com.ar\/radioquijano\/","name":"RQ 99.9","description":"Radio Quijano 99.9 MHz","potentialAction":[{"@type":"SearchAction","target":{"@type":"EntryPoint","urlTemplate":"https:\/\/nahuelproducciones.com.ar\/radioquijano\/?s={search_term_string}"},"query-input":"required name=search_term_string"}],"inLanguage":"es"},{"@type":"Person","@id":"https:\/\/nahuelproducciones.com.ar\/radioquijano\/#\/schema\/person\/e8a4f939e2cb487fe6d0c54042c9d32c","name":"Cecilia Pastrana","image":{"@type":"ImageObject","inLanguage":"es","@id":"https:\/\/nahuelproducciones.com.ar\/radioquijano\/#\/schema\/person\/image\/","url":"https:\/\/secure.gravatar.com\/avatar\/661a3ef63a8488d4f2794ed44af8cf71420f7e106f3072c40125114df5157749?s=96&d=mm&r=g","contentUrl":"https:\/\/secure.gravatar.com\/avatar\/661a3ef63a8488d4f2794ed44af8cf71420f7e106f3072c40125114df5157749?s=96&d=mm&r=g","caption":"Cecilia Pastrana"},"sameAs":["cecy"],"url":"https:\/\/nahuelproducciones.com.ar\/radioquijano\/author\/cecy\/"}]}},"_links":{"self":[{"href":"https:\/\/nahuelproducciones.com.ar\/radioquijano\/wp-json\/wp\/v2\/posts\/7675","targetHints":{"allow":["GET"]}}],"collection":[{"href":"https:\/\/nahuelproducciones.com.ar\/radioquijano\/wp-json\/wp\/v2\/posts"}],"about":[{"href":"https:\/\/nahuelproducciones.com.ar\/radioquijano\/wp-json\/wp\/v2\/types\/post"}],"author":[{"embeddable":true,"href":"https:\/\/nahuelproducciones.com.ar\/radioquijano\/wp-json\/wp\/v2\/users\/8"}],"replies":[{"embeddable":true,"href":"https:\/\/nahuelproducciones.com.ar\/radioquijano\/wp-json\/wp\/v2\/comments?post=7675"}],"version-history":[{"count":1,"href":"https:\/\/nahuelproducciones.com.ar\/radioquijano\/wp-json\/wp\/v2\/posts\/7675\/revisions"}],"predecessor-version":[{"id":7683,"href":"https:\/\/nahuelproducciones.com.ar\/radioquijano\/wp-json\/wp\/v2\/posts\/7675\/revisions\/7683"}],"wp:featuredmedia":[{"embeddable":true,"href":"https:\/\/nahuelproducciones.com.ar\/radioquijano\/wp-json\/wp\/v2\/media\/7682"}],"wp:attachment":[{"href":"https:\/\/nahuelproducciones.com.ar\/radioquijano\/wp-json\/wp\/v2\/media?parent=7675"}],"wp:term":[{"taxonomy":"category","embeddable":true,"href":"https:\/\/nahuelproducciones.com.ar\/radioquijano\/wp-json\/wp\/v2\/categories?post=7675"},{"taxonomy":"post_tag","embeddable":true,"href":"https:\/\/nahuelproducciones.com.ar\/radioquijano\/wp-json\/wp\/v2\/tags?post=7675"}],"curies":[{"name":"wp","href":"https:\/\/api.w.org\/{rel}","templated":true}]}}