{"id":772,"date":"2020-11-13T02:02:00","date_gmt":"2020-11-13T05:02:00","guid":{"rendered":"https:\/\/nahuelproducciones.com.ar\/radioquijano\/?p=772"},"modified":"2020-11-17T17:54:47","modified_gmt":"2020-11-17T20:54:47","slug":"la-tecnica-de-quijano-mostro-el-robot-sanitizador","status":"publish","type":"post","link":"https:\/\/nahuelproducciones.com.ar\/radioquijano\/la-tecnica-de-quijano-mostro-el-robot-sanitizador\/","title":{"rendered":"La T\u00e9cnica de Quijano mostro el robot sanitizador"},"content":{"rendered":"\n<p>El&nbsp;<strong>ministro de Educaci\u00f3n, Cultura, Ciencia y Tecnolog\u00eda,<\/strong>&nbsp;<strong>Mat\u00edas C\u00e1nepa<\/strong>&nbsp;visit\u00f3 el hospital Francisco Herrera de <a href=\"https:\/\/nahuelproducciones.com.ar\/radioquijano\/\">Campo Quijano<\/a>, en donde se encuentra operando un&nbsp;<strong>robot esterilizador por radiaci\u00f3n UV<\/strong>&nbsp;que higieniza los ambientes que cuentan con alta carga viral.<\/p>\n\n\n\n<p>Posteriormente, el titular de la cartera educativa estuvo en las instalaciones de la escuela N\u00ba3.106 Ingeniero Maury, la instituci\u00f3n de educaci\u00f3n t\u00e9cnica en la que un grupo de alumnos dise\u00f1aron y ensamblaron el androide esterilizador con la supervisi\u00f3n de docentes del establecimiento.<\/p>\n\n\n\n<p>Ambas acciones se concretaron en el marco de actividades previstas por la&nbsp;<strong>Semana de la Educaci\u00f3n T\u00e9cnica en Salta.<\/strong><\/p>\n\n\n\n<figure class=\"wp-block-image\"><a href=\"https:\/\/www.salta.gob.ar\/public\/images\/noticias\/contenidos\/86-dispositivo.jpg\"><img decoding=\"async\" src=\"https:\/\/www.salta.gob.ar\/public\/images\/noticias\/contenidos\/86-dispositivo.jpg\" alt=\"Dispositivo.\"\/><\/a><\/figure>\n\n\n\n<p>Durante su recorrido por los establecimientos, el funcionario destac\u00f3 la importancia del nivel t\u00e9cnico e indic\u00f3 que al igual que en el resto de las modalidades educativas \u00abla pandemia no paraliz\u00f3 las actividades creativas, las iniciativas y las acciones para dar soluci\u00f3n a diversas problem\u00e1ticas que trajo aparejadas este contexto\u00bb. Adem\u00e1s, recalc\u00f3 que \u00ablas escuelas no se detienen, porque la educaci\u00f3n no puede detenerse y mucho menos frenar el enorme esfuerzo que han realizado -y contin\u00faan realizando- docentes, alumnos y familias\u00bb.<\/p>\n\n\n\n<p>M\u00e1s tarde C\u00e1nepa hizo entrega a las autoridades de la escuela kits de Rob\u00f3tica Educativa, con conexi\u00f3n USB, Bluetooth e infrarrojo, puertos de entrada y salida con conectores RJ11, y pilas recargables, entre otros.<\/p>\n\n\n\n<p>Rom\u00e1n Juncos y Luciano Arjona, dos de los alumnos que intervinieron en el dise\u00f1o y armado del dispositivo, contaron c\u00f3mo surgi\u00f3 el proyecto, las fases por las que atraves\u00f3 y algunas caracter\u00edsticas que hacen que el prototipo salte\u00f1o sea \u00fanico en su tipo.<\/p>\n\n\n\n<p>El robot sanitizador es un dispositivo que esteriliza los espacios a trav\u00e9s de radiaci\u00f3n ultravioleta. Tiene por objetivo la destrucci\u00f3n del virus por medio de la radiaci\u00f3n, impidiendo su reproducci\u00f3n. Actualmente opera con 160 vatios x cent\u00edmetro cuadrado, bajo la premisa de acortar los tiempos y reducir la probabilidad de contaminaci\u00f3n cruzada.<\/p>\n\n\n\n<figure class=\"wp-block-image\"><a href=\"https:\/\/www.salta.gob.ar\/public\/images\/noticias\/contenidos\/87-manejo-del-dispositivo.jpg\"><img decoding=\"async\" src=\"https:\/\/www.salta.gob.ar\/public\/images\/noticias\/contenidos\/87-manejo-del-dispositivo.jpg\" alt=\"Manejo del dispositivo.\"\/><\/a><\/figure>\n\n\n\n<p><a href=\"https:\/\/www.facebook.com\/eet3106\">El director de la escuela t\u00e9cnica<\/a>, Rafael S\u00e1ngari, agradeci\u00f3 la visita del Ministro y celebr\u00f3 el trabajo solidario realizado por los estudiantes y profesores de la instituci\u00f3n.&nbsp; \u201cEsta escuela tambi\u00e9n colabor\u00f3 con el sistema sanitario durante la pandemia donando porta sueros met\u00e1licos, mascarillas faciales protectoras y biombos hospitalarios totalmente producidos en los talleres del establecimiento escolar\u201d destac\u00f3.<\/p>\n\n\n\n<p>Acompa\u00f1aron al Ministro de Educaci\u00f3n en su recorrido el intendente de la comuna, <a href=\"https:\/\/www.facebook.com\/GestionCarlosFolloni\">Carlos Folloni<\/a>; la gerente del nosocomio, <a href=\"https:\/\/www.facebook.com\/Hospital-Dr-Francisco-Herrera-Campo-Quijano-2476193842413482\">D\u00e9bora L\u00f3pez<\/a>; el diputado provincial Lino Yonar; la vice directora de la escuela t\u00e9cnica, Adriana R\u00edos; la jefa de taller, Argentina Olmos; el profesor Daniel Mart\u00ednez, asesor en Biomedicina, y concejales locales.<\/p>\n\n\n\n<p>Fuente:&nbsp;<strong>Secretar\u00eda de Prensa y Comunicaci\u00f3n<\/strong><\/p>\n","protected":false},"excerpt":{"rendered":"<p>El&nbsp;ministro de Educaci\u00f3n, Cultura, Ciencia y Tecnolog\u00eda,&nbsp;Mat\u00edas C\u00e1nepa&nbsp;visit\u00f3 el hospital Francisco Herrera de Campo Quijano, en donde se encuentra operando un&nbsp;robot esterilizador por radiaci\u00f3n UV&nbsp;que higieniza los ambientes que cuentan con alta carga viral. Posteriormente, el titular de la cartera educativa estuvo en las instalaciones de la escuela N\u00ba3.106 Ingeniero Maury, la instituci\u00f3n de educaci\u00f3n [&hellip;]<\/p>\n","protected":false},"author":8,"featured_media":774,"comment_status":"open","ping_status":"open","sticky":false,"template":"","format":"standard","meta":{"_monsterinsights_skip_tracking":false,"_monsterinsights_sitenote_active":false,"_monsterinsights_sitenote_note":"","_monsterinsights_sitenote_category":0,"footnotes":""},"categories":[18,16],"tags":[],"class_list":["post-772","post","type-post","status-publish","format-standard","has-post-thumbnail","hentry","category-covid-19","category-noticias"],"yoast_head":"<!-- This site is optimized with the Yoast SEO plugin v20.8 - https:\/\/yoast.com\/wordpress\/plugins\/seo\/ -->\n<title>La T\u00e9cnica de Quijano mostro el robot sanitizador - RQ 99.9<\/title>\n<meta name=\"robots\" content=\"index, follow, max-snippet:-1, max-image-preview:large, max-video-preview:-1\" \/>\n<link rel=\"canonical\" href=\"https:\/\/nahuelproducciones.com.ar\/radioquijano\/la-tecnica-de-quijano-mostro-el-robot-sanitizador\/\" \/>\n<meta property=\"og:locale\" content=\"es_ES\" \/>\n<meta property=\"og:type\" content=\"article\" \/>\n<meta property=\"og:title\" content=\"La T\u00e9cnica de Quijano mostro el robot sanitizador - RQ 99.9\" \/>\n<meta property=\"og:description\" content=\"El&nbsp;ministro de Educaci\u00f3n, Cultura, Ciencia y Tecnolog\u00eda,&nbsp;Mat\u00edas C\u00e1nepa&nbsp;visit\u00f3 el hospital Francisco Herrera de Campo Quijano, en donde se encuentra operando un&nbsp;robot esterilizador por radiaci\u00f3n UV&nbsp;que higieniza los ambientes que cuentan con alta carga viral. Posteriormente, el titular de la cartera educativa estuvo en las instalaciones de la escuela N\u00ba3.106 Ingeniero Maury, la instituci\u00f3n de educaci\u00f3n [&hellip;]\" \/>\n<meta property=\"og:url\" content=\"https:\/\/nahuelproducciones.com.ar\/radioquijano\/la-tecnica-de-quijano-mostro-el-robot-sanitizador\/\" \/>\n<meta property=\"og:site_name\" content=\"RQ 99.9\" \/>\n<meta property=\"article:publisher\" content=\"https:\/\/www.facebook.com\/nahuelproducciones999\/\" \/>\n<meta property=\"article:published_time\" content=\"2020-11-13T05:02:00+00:00\" \/>\n<meta property=\"article:modified_time\" content=\"2020-11-17T20:54:47+00:00\" \/>\n<meta property=\"og:image\" content=\"https:\/\/nahuelproducciones.com.ar\/radioquijano\/wp-content\/uploads\/2020\/11\/roboth-tecnica.png\" \/>\n\t<meta property=\"og:image:width\" content=\"752\" \/>\n\t<meta property=\"og:image:height\" content=\"467\" \/>\n\t<meta property=\"og:image:type\" content=\"image\/png\" \/>\n<meta name=\"author\" content=\"Cecilia Pastrana\" \/>\n<meta name=\"twitter:card\" content=\"summary_large_image\" \/>\n<meta name=\"twitter:creator\" content=\"@nahuproduciones\" \/>\n<meta name=\"twitter:site\" content=\"@nahuproduciones\" \/>\n<meta name=\"twitter:label1\" content=\"Escrito por\" \/>\n\t<meta name=\"twitter:data1\" content=\"Cecilia Pastrana\" \/>\n\t<meta name=\"twitter:label2\" content=\"Tiempo de lectura\" \/>\n\t<meta name=\"twitter:data2\" content=\"2 minutos\" \/>\n<script type=\"application\/ld+json\" class=\"yoast-schema-graph\">{\"@context\":\"https:\/\/schema.org\",\"@graph\":[{\"@type\":\"WebPage\",\"@id\":\"https:\/\/nahuelproducciones.com.ar\/radioquijano\/la-tecnica-de-quijano-mostro-el-robot-sanitizador\/\",\"url\":\"https:\/\/nahuelproducciones.com.ar\/radioquijano\/la-tecnica-de-quijano-mostro-el-robot-sanitizador\/\",\"name\":\"La T\u00e9cnica de Quijano mostro el robot sanitizador - RQ 99.9\",\"isPartOf\":{\"@id\":\"https:\/\/nahuelproducciones.com.ar\/radioquijano\/#website\"},\"datePublished\":\"2020-11-13T05:02:00+00:00\",\"dateModified\":\"2020-11-17T20:54:47+00:00\",\"author\":{\"@id\":\"https:\/\/nahuelproducciones.com.ar\/radioquijano\/#\/schema\/person\/e8a4f939e2cb487fe6d0c54042c9d32c\"},\"breadcrumb\":{\"@id\":\"https:\/\/nahuelproducciones.com.ar\/radioquijano\/la-tecnica-de-quijano-mostro-el-robot-sanitizador\/#breadcrumb\"},\"inLanguage\":\"es\",\"potentialAction\":[{\"@type\":\"ReadAction\",\"target\":[\"https:\/\/nahuelproducciones.com.ar\/radioquijano\/la-tecnica-de-quijano-mostro-el-robot-sanitizador\/\"]}]},{\"@type\":\"BreadcrumbList\",\"@id\":\"https:\/\/nahuelproducciones.com.ar\/radioquijano\/la-tecnica-de-quijano-mostro-el-robot-sanitizador\/#breadcrumb\",\"itemListElement\":[{\"@type\":\"ListItem\",\"position\":1,\"name\":\"Portada\",\"item\":\"https:\/\/nahuelproducciones.com.ar\/radioquijano\/\"},{\"@type\":\"ListItem\",\"position\":2,\"name\":\"La T\u00e9cnica de Quijano mostro el robot sanitizador\"}]},{\"@type\":\"WebSite\",\"@id\":\"https:\/\/nahuelproducciones.com.ar\/radioquijano\/#website\",\"url\":\"https:\/\/nahuelproducciones.com.ar\/radioquijano\/\",\"name\":\"RQ 99.9\",\"description\":\"Radio Quijano 99.9 MHz\",\"potentialAction\":[{\"@type\":\"SearchAction\",\"target\":{\"@type\":\"EntryPoint\",\"urlTemplate\":\"https:\/\/nahuelproducciones.com.ar\/radioquijano\/?s={search_term_string}\"},\"query-input\":\"required name=search_term_string\"}],\"inLanguage\":\"es\"},{\"@type\":\"Person\",\"@id\":\"https:\/\/nahuelproducciones.com.ar\/radioquijano\/#\/schema\/person\/e8a4f939e2cb487fe6d0c54042c9d32c\",\"name\":\"Cecilia Pastrana\",\"image\":{\"@type\":\"ImageObject\",\"inLanguage\":\"es\",\"@id\":\"https:\/\/nahuelproducciones.com.ar\/radioquijano\/#\/schema\/person\/image\/\",\"url\":\"https:\/\/secure.gravatar.com\/avatar\/661a3ef63a8488d4f2794ed44af8cf71420f7e106f3072c40125114df5157749?s=96&d=mm&r=g\",\"contentUrl\":\"https:\/\/secure.gravatar.com\/avatar\/661a3ef63a8488d4f2794ed44af8cf71420f7e106f3072c40125114df5157749?s=96&d=mm&r=g\",\"caption\":\"Cecilia Pastrana\"},\"sameAs\":[\"cecy\"],\"url\":\"https:\/\/nahuelproducciones.com.ar\/radioquijano\/author\/cecy\/\"}]}<\/script>\n<!-- \/ Yoast SEO plugin. -->","yoast_head_json":{"title":"La T\u00e9cnica de Quijano mostro el robot sanitizador - RQ 99.9","robots":{"index":"index","follow":"follow","max-snippet":"max-snippet:-1","max-image-preview":"max-image-preview:large","max-video-preview":"max-video-preview:-1"},"canonical":"https:\/\/nahuelproducciones.com.ar\/radioquijano\/la-tecnica-de-quijano-mostro-el-robot-sanitizador\/","og_locale":"es_ES","og_type":"article","og_title":"La T\u00e9cnica de Quijano mostro el robot sanitizador - RQ 99.9","og_description":"El&nbsp;ministro de Educaci\u00f3n, Cultura, Ciencia y Tecnolog\u00eda,&nbsp;Mat\u00edas C\u00e1nepa&nbsp;visit\u00f3 el hospital Francisco Herrera de Campo Quijano, en donde se encuentra operando un&nbsp;robot esterilizador por radiaci\u00f3n UV&nbsp;que higieniza los ambientes que cuentan con alta carga viral. Posteriormente, el titular de la cartera educativa estuvo en las instalaciones de la escuela N\u00ba3.106 Ingeniero Maury, la instituci\u00f3n de educaci\u00f3n [&hellip;]","og_url":"https:\/\/nahuelproducciones.com.ar\/radioquijano\/la-tecnica-de-quijano-mostro-el-robot-sanitizador\/","og_site_name":"RQ 99.9","article_publisher":"https:\/\/www.facebook.com\/nahuelproducciones999\/","article_published_time":"2020-11-13T05:02:00+00:00","article_modified_time":"2020-11-17T20:54:47+00:00","og_image":[{"width":752,"height":467,"url":"https:\/\/nahuelproducciones.com.ar\/radioquijano\/wp-content\/uploads\/2020\/11\/roboth-tecnica.png","type":"image\/png"}],"author":"Cecilia Pastrana","twitter_card":"summary_large_image","twitter_creator":"@nahuproduciones","twitter_site":"@nahuproduciones","twitter_misc":{"Escrito por":"Cecilia Pastrana","Tiempo de lectura":"2 minutos"},"schema":{"@context":"https:\/\/schema.org","@graph":[{"@type":"WebPage","@id":"https:\/\/nahuelproducciones.com.ar\/radioquijano\/la-tecnica-de-quijano-mostro-el-robot-sanitizador\/","url":"https:\/\/nahuelproducciones.com.ar\/radioquijano\/la-tecnica-de-quijano-mostro-el-robot-sanitizador\/","name":"La T\u00e9cnica de Quijano mostro el robot sanitizador - RQ 99.9","isPartOf":{"@id":"https:\/\/nahuelproducciones.com.ar\/radioquijano\/#website"},"datePublished":"2020-11-13T05:02:00+00:00","dateModified":"2020-11-17T20:54:47+00:00","author":{"@id":"https:\/\/nahuelproducciones.com.ar\/radioquijano\/#\/schema\/person\/e8a4f939e2cb487fe6d0c54042c9d32c"},"breadcrumb":{"@id":"https:\/\/nahuelproducciones.com.ar\/radioquijano\/la-tecnica-de-quijano-mostro-el-robot-sanitizador\/#breadcrumb"},"inLanguage":"es","potentialAction":[{"@type":"ReadAction","target":["https:\/\/nahuelproducciones.com.ar\/radioquijano\/la-tecnica-de-quijano-mostro-el-robot-sanitizador\/"]}]},{"@type":"BreadcrumbList","@id":"https:\/\/nahuelproducciones.com.ar\/radioquijano\/la-tecnica-de-quijano-mostro-el-robot-sanitizador\/#breadcrumb","itemListElement":[{"@type":"ListItem","position":1,"name":"Portada","item":"https:\/\/nahuelproducciones.com.ar\/radioquijano\/"},{"@type":"ListItem","position":2,"name":"La T\u00e9cnica de Quijano mostro el robot sanitizador"}]},{"@type":"WebSite","@id":"https:\/\/nahuelproducciones.com.ar\/radioquijano\/#website","url":"https:\/\/nahuelproducciones.com.ar\/radioquijano\/","name":"RQ 99.9","description":"Radio Quijano 99.9 MHz","potentialAction":[{"@type":"SearchAction","target":{"@type":"EntryPoint","urlTemplate":"https:\/\/nahuelproducciones.com.ar\/radioquijano\/?s={search_term_string}"},"query-input":"required name=search_term_string"}],"inLanguage":"es"},{"@type":"Person","@id":"https:\/\/nahuelproducciones.com.ar\/radioquijano\/#\/schema\/person\/e8a4f939e2cb487fe6d0c54042c9d32c","name":"Cecilia Pastrana","image":{"@type":"ImageObject","inLanguage":"es","@id":"https:\/\/nahuelproducciones.com.ar\/radioquijano\/#\/schema\/person\/image\/","url":"https:\/\/secure.gravatar.com\/avatar\/661a3ef63a8488d4f2794ed44af8cf71420f7e106f3072c40125114df5157749?s=96&d=mm&r=g","contentUrl":"https:\/\/secure.gravatar.com\/avatar\/661a3ef63a8488d4f2794ed44af8cf71420f7e106f3072c40125114df5157749?s=96&d=mm&r=g","caption":"Cecilia Pastrana"},"sameAs":["cecy"],"url":"https:\/\/nahuelproducciones.com.ar\/radioquijano\/author\/cecy\/"}]}},"_links":{"self":[{"href":"https:\/\/nahuelproducciones.com.ar\/radioquijano\/wp-json\/wp\/v2\/posts\/772","targetHints":{"allow":["GET"]}}],"collection":[{"href":"https:\/\/nahuelproducciones.com.ar\/radioquijano\/wp-json\/wp\/v2\/posts"}],"about":[{"href":"https:\/\/nahuelproducciones.com.ar\/radioquijano\/wp-json\/wp\/v2\/types\/post"}],"author":[{"embeddable":true,"href":"https:\/\/nahuelproducciones.com.ar\/radioquijano\/wp-json\/wp\/v2\/users\/8"}],"replies":[{"embeddable":true,"href":"https:\/\/nahuelproducciones.com.ar\/radioquijano\/wp-json\/wp\/v2\/comments?post=772"}],"version-history":[{"count":3,"href":"https:\/\/nahuelproducciones.com.ar\/radioquijano\/wp-json\/wp\/v2\/posts\/772\/revisions"}],"predecessor-version":[{"id":792,"href":"https:\/\/nahuelproducciones.com.ar\/radioquijano\/wp-json\/wp\/v2\/posts\/772\/revisions\/792"}],"wp:featuredmedia":[{"embeddable":true,"href":"https:\/\/nahuelproducciones.com.ar\/radioquijano\/wp-json\/wp\/v2\/media\/774"}],"wp:attachment":[{"href":"https:\/\/nahuelproducciones.com.ar\/radioquijano\/wp-json\/wp\/v2\/media?parent=772"}],"wp:term":[{"taxonomy":"category","embeddable":true,"href":"https:\/\/nahuelproducciones.com.ar\/radioquijano\/wp-json\/wp\/v2\/categories?post=772"},{"taxonomy":"post_tag","embeddable":true,"href":"https:\/\/nahuelproducciones.com.ar\/radioquijano\/wp-json\/wp\/v2\/tags?post=772"}],"curies":[{"name":"wp","href":"https:\/\/api.w.org\/{rel}","templated":true}]}}