{"id":7884,"date":"2024-05-04T20:45:27","date_gmt":"2024-05-04T23:45:27","guid":{"rendered":"https:\/\/nahuelproducciones.com.ar\/radioquijano\/?p=7884"},"modified":"2024-05-04T20:46:19","modified_gmt":"2024-05-04T23:46:19","slug":"luciano-pereyra-y-un-gran-concierto-salta","status":"publish","type":"post","link":"https:\/\/nahuelproducciones.com.ar\/radioquijano\/luciano-pereyra-y-un-gran-concierto-salta\/","title":{"rendered":"Luciano Pereyra y un gran concierto en Salta."},"content":{"rendered":"\n<p>Vibrante y emotivo el show de Luciano Pereyra&nbsp;en el Delmi.<\/p>\n\n\n\n<p>\u201cHasta el alma\u201d es el t\u00edtulo de su nuevo material que presento en la noche del viernes 3 de mayo acompa\u00f1ado de un repertorio musical muy variado y haciendo un repaso de toda su vida musical.<\/p>\n\n\n\n<p>Su repertorio que mezcla cumbia, reguet\u00f3n, carnavalito, baladas y alguna chacarera. <\/p>\n\n\n\n<p>Sus fan\u00e1ticas lo ovacionaron y lo acompa\u00f1aron en un coro multitudinario.<\/p>\n\n\n\n<p>&nbsp;\u00abHasta el alma\u00bb, su decimoquinto \u00e1lbum de estudio lo present\u00f3 en el escenario con una escenograf\u00eda proyectada desde donde apareci\u00f3 Luciano, rodeado de sus m\u00fasicos.<\/p>\n\n\n\n<p><strong>Si te vas<\/strong>,<strong>Una mujer como t\u00fa<\/strong>,<strong>Sin testigos<\/strong>,<strong>Chaupi coraz\u00f3n<\/strong>,&nbsp;<strong>Porque a\u00fan te amo<\/strong>,<strong>Que suerte tiene \u00e9l<\/strong>&nbsp;fueron algunos de los tantos temas que se cantaron en el show con alma y vida por las fan\u00e1ticas<\/p>\n\n\n\n<p>Cuando interpret\u00f3 <strong>Tu mano<\/strong>&nbsp;, all\u00ed dedic\u00f3 palabras para el lindo gesto que tienen sus fan\u00e1ticas y se emocion\u00f3 . Cont\u00f3 que sus clubes de fans realizan acciones solidarias a partir de las colaboraciones de sus seguidores, sobre todo cuando es fecha de su cumple\u00f1o. Despu\u00e9s de su grave estado de salud, \u00e9l fue  quien pidi\u00f3 a su p\u00fablico que convirtiera los regalos que le hac\u00edan llegar en ayuda para diferentes causas.<\/p>\n\n\n\n<p>Las vinchas luminosas,los sombreritos, los globos de color verdes que regalan las Fans Las Elegidas  y letreros con el mensaje de amor, le pusieron color a la noche y mucha emoci\u00f3n.<\/p>\n\n\n\n<p>Al final del Concierto, Luciano se despidio, se apagaron las luces y todos ped\u00edan que no se fuera y las luces se apagaron y nadie qued\u00f3 en el escenario. La gente comenz\u00f3 a levantarse, algunos se retiraron y la mayor\u00eda a\u00fan ten\u00edan la esperanza de que volviera. Y as\u00ed fue , sus m\u00fasicos, y el mismo Pereyra regresaron con m\u00e1s fuerza y con toda energ\u00eda, con lluvia de papeles picados dorados y un repertorio cargado de sentimiento dio magia a su \u00faltima parte para quienes lo esperaban con ansiedad.<\/p>\n\n\n\n<p>Emocionado hasta las l\u00e1grimas se despidi\u00f3 de Salta hasta otra oportunidad.<\/p>\n\n\n\n<p>As\u00ed se vivi\u00f3 la Presentaci\u00f3n de Luciano :<\/p>\n\n\n<p><iframe loading=\"lazy\" src=\"https:\/\/www.facebook.com\/plugins\/video.php?height=476&#038;href=https%3A%2F%2Fwww.facebook.com%2Fcecypastrana%2Fvideos%2F409156555244631%2F&#038;show_text=false&#038;width=267&#038;t=0\" width=\"267\" height=\"476\" style=\"border:none;overflow:hidden\" scrolling=\"no\" frameborder=\"0\" allowfullscreen=\"true\" allow=\"autoplay; clipboard-write; encrypted-media; picture-in-picture; web-share\" allowFullScreen=\"true\"><\/iframe><\/p>\n\n\n<p><iframe loading=\"lazy\" src=\"https:\/\/www.facebook.com\/plugins\/video.php?height=476&#038;href=https%3A%2F%2Fwww.facebook.com%2FCaditoGuzman%2Fvideos%2F353911207672018%2F&#038;show_text=false&#038;width=267&#038;t=0\" width=\"267\" height=\"476\" style=\"border:none;overflow:hidden\" scrolling=\"no\" frameborder=\"0\" allowfullscreen=\"true\" allow=\"autoplay; clipboard-write; encrypted-media; picture-in-picture; web-share\" allowFullScreen=\"true\"><\/iframe><\/p>\n","protected":false},"excerpt":{"rendered":"<p>Vibrante y emotivo el show de Luciano Pereyra&nbsp;en el Delmi. \u201cHasta el alma\u201d es el t\u00edtulo de su nuevo material que presento en la noche del viernes 3 de mayo acompa\u00f1ado de un repertorio musical muy variado y haciendo un repaso de toda su vida musical. Su repertorio que mezcla cumbia, reguet\u00f3n, carnavalito, baladas y [&hellip;]<\/p>\n","protected":false},"author":8,"featured_media":7886,"comment_status":"open","ping_status":"open","sticky":false,"template":"","format":"standard","meta":{"_monsterinsights_skip_tracking":false,"_monsterinsights_sitenote_active":false,"_monsterinsights_sitenote_note":"","_monsterinsights_sitenote_category":0,"footnotes":""},"categories":[2,16],"tags":[1527,100],"class_list":["post-7884","post","type-post","status-publish","format-standard","has-post-thumbnail","hentry","category-cultura","category-noticias","tag-luciano-pereyra","tag-municipio-de-campo-quijano"],"yoast_head":"<!-- This site is optimized with the Yoast SEO plugin v20.8 - https:\/\/yoast.com\/wordpress\/plugins\/seo\/ -->\n<title>Luciano Pereyra y un gran concierto en Salta. - RQ 99.9<\/title>\n<meta name=\"description\" content=\"Emocionado hasta las l\u00e1grimas se despidi\u00f3 de Salta hasta otra oportunidad.\" \/>\n<meta name=\"robots\" content=\"index, follow, max-snippet:-1, max-image-preview:large, max-video-preview:-1\" \/>\n<link rel=\"canonical\" href=\"https:\/\/nahuelproducciones.com.ar\/radioquijano\/luciano-pereyra-y-un-gran-concierto-salta\/\" \/>\n<meta property=\"og:locale\" content=\"es_ES\" \/>\n<meta property=\"og:type\" content=\"article\" \/>\n<meta property=\"og:title\" content=\"Luciano Pereyra y un gran concierto en Salta. - RQ 99.9\" \/>\n<meta property=\"og:description\" content=\"Emocionado hasta las l\u00e1grimas se despidi\u00f3 de Salta hasta otra oportunidad.\" \/>\n<meta property=\"og:url\" content=\"https:\/\/nahuelproducciones.com.ar\/radioquijano\/luciano-pereyra-y-un-gran-concierto-salta\/\" \/>\n<meta property=\"og:site_name\" content=\"RQ 99.9\" \/>\n<meta property=\"article:publisher\" content=\"https:\/\/www.facebook.com\/nahuelproducciones999\/\" \/>\n<meta property=\"article:published_time\" content=\"2024-05-04T23:45:27+00:00\" \/>\n<meta property=\"article:modified_time\" content=\"2024-05-04T23:46:19+00:00\" \/>\n<meta property=\"og:image\" content=\"https:\/\/nahuelproducciones.com.ar\/radioquijano\/wp-content\/uploads\/2024\/05\/WhatsApp-Image-2024-05-04-at-8.41.26-PM.jpeg\" \/>\n\t<meta property=\"og:image:width\" content=\"700\" \/>\n\t<meta property=\"og:image:height\" content=\"612\" \/>\n\t<meta property=\"og:image:type\" content=\"image\/jpeg\" \/>\n<meta name=\"author\" content=\"Cecilia Pastrana\" \/>\n<meta name=\"twitter:card\" content=\"summary_large_image\" \/>\n<meta name=\"twitter:creator\" content=\"@nahuproduciones\" \/>\n<meta name=\"twitter:site\" content=\"@nahuproduciones\" \/>\n<meta name=\"twitter:label1\" content=\"Escrito por\" \/>\n\t<meta name=\"twitter:data1\" content=\"Cecilia Pastrana\" \/>\n\t<meta name=\"twitter:label2\" content=\"Tiempo de lectura\" \/>\n\t<meta name=\"twitter:data2\" content=\"2 minutos\" \/>\n<script type=\"application\/ld+json\" class=\"yoast-schema-graph\">{\"@context\":\"https:\/\/schema.org\",\"@graph\":[{\"@type\":\"WebPage\",\"@id\":\"https:\/\/nahuelproducciones.com.ar\/radioquijano\/luciano-pereyra-y-un-gran-concierto-salta\/\",\"url\":\"https:\/\/nahuelproducciones.com.ar\/radioquijano\/luciano-pereyra-y-un-gran-concierto-salta\/\",\"name\":\"Luciano Pereyra y un gran concierto en Salta. - RQ 99.9\",\"isPartOf\":{\"@id\":\"https:\/\/nahuelproducciones.com.ar\/radioquijano\/#website\"},\"datePublished\":\"2024-05-04T23:45:27+00:00\",\"dateModified\":\"2024-05-04T23:46:19+00:00\",\"author\":{\"@id\":\"https:\/\/nahuelproducciones.com.ar\/radioquijano\/#\/schema\/person\/e8a4f939e2cb487fe6d0c54042c9d32c\"},\"description\":\"Emocionado hasta las l\u00e1grimas se despidi\u00f3 de Salta hasta otra oportunidad.\",\"breadcrumb\":{\"@id\":\"https:\/\/nahuelproducciones.com.ar\/radioquijano\/luciano-pereyra-y-un-gran-concierto-salta\/#breadcrumb\"},\"inLanguage\":\"es\",\"potentialAction\":[{\"@type\":\"ReadAction\",\"target\":[\"https:\/\/nahuelproducciones.com.ar\/radioquijano\/luciano-pereyra-y-un-gran-concierto-salta\/\"]}]},{\"@type\":\"BreadcrumbList\",\"@id\":\"https:\/\/nahuelproducciones.com.ar\/radioquijano\/luciano-pereyra-y-un-gran-concierto-salta\/#breadcrumb\",\"itemListElement\":[{\"@type\":\"ListItem\",\"position\":1,\"name\":\"Portada\",\"item\":\"https:\/\/nahuelproducciones.com.ar\/radioquijano\/\"},{\"@type\":\"ListItem\",\"position\":2,\"name\":\"Luciano Pereyra y un gran concierto en Salta.\"}]},{\"@type\":\"WebSite\",\"@id\":\"https:\/\/nahuelproducciones.com.ar\/radioquijano\/#website\",\"url\":\"https:\/\/nahuelproducciones.com.ar\/radioquijano\/\",\"name\":\"RQ 99.9\",\"description\":\"Radio Quijano 99.9 MHz\",\"potentialAction\":[{\"@type\":\"SearchAction\",\"target\":{\"@type\":\"EntryPoint\",\"urlTemplate\":\"https:\/\/nahuelproducciones.com.ar\/radioquijano\/?s={search_term_string}\"},\"query-input\":\"required name=search_term_string\"}],\"inLanguage\":\"es\"},{\"@type\":\"Person\",\"@id\":\"https:\/\/nahuelproducciones.com.ar\/radioquijano\/#\/schema\/person\/e8a4f939e2cb487fe6d0c54042c9d32c\",\"name\":\"Cecilia Pastrana\",\"image\":{\"@type\":\"ImageObject\",\"inLanguage\":\"es\",\"@id\":\"https:\/\/nahuelproducciones.com.ar\/radioquijano\/#\/schema\/person\/image\/\",\"url\":\"https:\/\/secure.gravatar.com\/avatar\/661a3ef63a8488d4f2794ed44af8cf71420f7e106f3072c40125114df5157749?s=96&d=mm&r=g\",\"contentUrl\":\"https:\/\/secure.gravatar.com\/avatar\/661a3ef63a8488d4f2794ed44af8cf71420f7e106f3072c40125114df5157749?s=96&d=mm&r=g\",\"caption\":\"Cecilia Pastrana\"},\"sameAs\":[\"cecy\"],\"url\":\"https:\/\/nahuelproducciones.com.ar\/radioquijano\/author\/cecy\/\"}]}<\/script>\n<!-- \/ Yoast SEO plugin. -->","yoast_head_json":{"title":"Luciano Pereyra y un gran concierto en Salta. - RQ 99.9","description":"Emocionado hasta las l\u00e1grimas se despidi\u00f3 de Salta hasta otra oportunidad.","robots":{"index":"index","follow":"follow","max-snippet":"max-snippet:-1","max-image-preview":"max-image-preview:large","max-video-preview":"max-video-preview:-1"},"canonical":"https:\/\/nahuelproducciones.com.ar\/radioquijano\/luciano-pereyra-y-un-gran-concierto-salta\/","og_locale":"es_ES","og_type":"article","og_title":"Luciano Pereyra y un gran concierto en Salta. - RQ 99.9","og_description":"Emocionado hasta las l\u00e1grimas se despidi\u00f3 de Salta hasta otra oportunidad.","og_url":"https:\/\/nahuelproducciones.com.ar\/radioquijano\/luciano-pereyra-y-un-gran-concierto-salta\/","og_site_name":"RQ 99.9","article_publisher":"https:\/\/www.facebook.com\/nahuelproducciones999\/","article_published_time":"2024-05-04T23:45:27+00:00","article_modified_time":"2024-05-04T23:46:19+00:00","og_image":[{"width":700,"height":612,"url":"https:\/\/nahuelproducciones.com.ar\/radioquijano\/wp-content\/uploads\/2024\/05\/WhatsApp-Image-2024-05-04-at-8.41.26-PM.jpeg","type":"image\/jpeg"}],"author":"Cecilia Pastrana","twitter_card":"summary_large_image","twitter_creator":"@nahuproduciones","twitter_site":"@nahuproduciones","twitter_misc":{"Escrito por":"Cecilia Pastrana","Tiempo de lectura":"2 minutos"},"schema":{"@context":"https:\/\/schema.org","@graph":[{"@type":"WebPage","@id":"https:\/\/nahuelproducciones.com.ar\/radioquijano\/luciano-pereyra-y-un-gran-concierto-salta\/","url":"https:\/\/nahuelproducciones.com.ar\/radioquijano\/luciano-pereyra-y-un-gran-concierto-salta\/","name":"Luciano Pereyra y un gran concierto en Salta. - RQ 99.9","isPartOf":{"@id":"https:\/\/nahuelproducciones.com.ar\/radioquijano\/#website"},"datePublished":"2024-05-04T23:45:27+00:00","dateModified":"2024-05-04T23:46:19+00:00","author":{"@id":"https:\/\/nahuelproducciones.com.ar\/radioquijano\/#\/schema\/person\/e8a4f939e2cb487fe6d0c54042c9d32c"},"description":"Emocionado hasta las l\u00e1grimas se despidi\u00f3 de Salta hasta otra oportunidad.","breadcrumb":{"@id":"https:\/\/nahuelproducciones.com.ar\/radioquijano\/luciano-pereyra-y-un-gran-concierto-salta\/#breadcrumb"},"inLanguage":"es","potentialAction":[{"@type":"ReadAction","target":["https:\/\/nahuelproducciones.com.ar\/radioquijano\/luciano-pereyra-y-un-gran-concierto-salta\/"]}]},{"@type":"BreadcrumbList","@id":"https:\/\/nahuelproducciones.com.ar\/radioquijano\/luciano-pereyra-y-un-gran-concierto-salta\/#breadcrumb","itemListElement":[{"@type":"ListItem","position":1,"name":"Portada","item":"https:\/\/nahuelproducciones.com.ar\/radioquijano\/"},{"@type":"ListItem","position":2,"name":"Luciano Pereyra y un gran concierto en Salta."}]},{"@type":"WebSite","@id":"https:\/\/nahuelproducciones.com.ar\/radioquijano\/#website","url":"https:\/\/nahuelproducciones.com.ar\/radioquijano\/","name":"RQ 99.9","description":"Radio Quijano 99.9 MHz","potentialAction":[{"@type":"SearchAction","target":{"@type":"EntryPoint","urlTemplate":"https:\/\/nahuelproducciones.com.ar\/radioquijano\/?s={search_term_string}"},"query-input":"required name=search_term_string"}],"inLanguage":"es"},{"@type":"Person","@id":"https:\/\/nahuelproducciones.com.ar\/radioquijano\/#\/schema\/person\/e8a4f939e2cb487fe6d0c54042c9d32c","name":"Cecilia Pastrana","image":{"@type":"ImageObject","inLanguage":"es","@id":"https:\/\/nahuelproducciones.com.ar\/radioquijano\/#\/schema\/person\/image\/","url":"https:\/\/secure.gravatar.com\/avatar\/661a3ef63a8488d4f2794ed44af8cf71420f7e106f3072c40125114df5157749?s=96&d=mm&r=g","contentUrl":"https:\/\/secure.gravatar.com\/avatar\/661a3ef63a8488d4f2794ed44af8cf71420f7e106f3072c40125114df5157749?s=96&d=mm&r=g","caption":"Cecilia Pastrana"},"sameAs":["cecy"],"url":"https:\/\/nahuelproducciones.com.ar\/radioquijano\/author\/cecy\/"}]}},"_links":{"self":[{"href":"https:\/\/nahuelproducciones.com.ar\/radioquijano\/wp-json\/wp\/v2\/posts\/7884","targetHints":{"allow":["GET"]}}],"collection":[{"href":"https:\/\/nahuelproducciones.com.ar\/radioquijano\/wp-json\/wp\/v2\/posts"}],"about":[{"href":"https:\/\/nahuelproducciones.com.ar\/radioquijano\/wp-json\/wp\/v2\/types\/post"}],"author":[{"embeddable":true,"href":"https:\/\/nahuelproducciones.com.ar\/radioquijano\/wp-json\/wp\/v2\/users\/8"}],"replies":[{"embeddable":true,"href":"https:\/\/nahuelproducciones.com.ar\/radioquijano\/wp-json\/wp\/v2\/comments?post=7884"}],"version-history":[{"count":2,"href":"https:\/\/nahuelproducciones.com.ar\/radioquijano\/wp-json\/wp\/v2\/posts\/7884\/revisions"}],"predecessor-version":[{"id":7888,"href":"https:\/\/nahuelproducciones.com.ar\/radioquijano\/wp-json\/wp\/v2\/posts\/7884\/revisions\/7888"}],"wp:featuredmedia":[{"embeddable":true,"href":"https:\/\/nahuelproducciones.com.ar\/radioquijano\/wp-json\/wp\/v2\/media\/7886"}],"wp:attachment":[{"href":"https:\/\/nahuelproducciones.com.ar\/radioquijano\/wp-json\/wp\/v2\/media?parent=7884"}],"wp:term":[{"taxonomy":"category","embeddable":true,"href":"https:\/\/nahuelproducciones.com.ar\/radioquijano\/wp-json\/wp\/v2\/categories?post=7884"},{"taxonomy":"post_tag","embeddable":true,"href":"https:\/\/nahuelproducciones.com.ar\/radioquijano\/wp-json\/wp\/v2\/tags?post=7884"}],"curies":[{"name":"wp","href":"https:\/\/api.w.org\/{rel}","templated":true}]}}