{"id":7892,"date":"2024-05-06T13:22:59","date_gmt":"2024-05-06T16:22:59","guid":{"rendered":"https:\/\/nahuelproducciones.com.ar\/radioquijano\/?p=7892"},"modified":"2024-05-06T13:23:00","modified_gmt":"2024-05-06T16:23:00","slug":"la-provincia-planifica-obras-para-el-valle-de-lerma","status":"publish","type":"post","link":"https:\/\/nahuelproducciones.com.ar\/radioquijano\/la-provincia-planifica-obras-para-el-valle-de-lerma\/","title":{"rendered":"La Provincia planifica obras para el Valle de Lerma"},"content":{"rendered":"\n<p>Hoy se reunieron los intendentes del Valle de Lerma con el presidente de REMSa para continuar con el plan de desarrollo para el Valle de Lerma y toda la provincia de Salta.<\/p>\n\n\n\n<p>Recursos Energ\u00e9ticos y Mineros de Salta mantuvo una reuni\u00f3n con los intendentes del Calle de Lerma para planificar la continuidad de las obras que la Provincia destina a la regi\u00f3n.&nbsp;<\/p>\n\n\n\n<p>Los intendentes de Campo Quijano, Lino Yonar; de Cerrillos, Enrique Borelli; de Rosario de Lerma, Sergio Ramos y de la Merced, Javier Wayar, se reunieron con el presidente de REMSa S.A., Alberto Castillo para conversar acerca del plan de desarrollo para el Valle del Lerma, impulsado por el gobernador Gustavo S\u00e1enz.<\/p>\n\n\n\n<p>Con las obras iniciadas en rutas mineras, como el ByPass de la RN N\u00b051 en Campo Quijano y la pavimentaci\u00f3n de la RP N\u00b027 en La Puna, se busca generar todas las condiciones necesarias para el crecimiento y progreso de la provincia.<\/p>\n\n\n\n<p>En esta reuni\u00f3n fueron acordados los pasos a seguir dentro de este proyecto de desarrollo industrial, minero, econ\u00f3mico y social para la regi\u00f3n, que implica m\u00e1s obras y m\u00e1s trabajo en conjunto.<\/p>\n\n\n<div class=\"wp-block-image\">\n<figure class=\"aligncenter size-full\"><img loading=\"lazy\" decoding=\"async\" width=\"560\" height=\"315\" src=\"https:\/\/nahuelproducciones.com.ar\/radioquijano\/wp-content\/uploads\/2024\/05\/image.png\" alt=\"\" class=\"wp-image-7893\" srcset=\"https:\/\/nahuelproducciones.com.ar\/radioquijano\/wp-content\/uploads\/2024\/05\/image.png 560w, https:\/\/nahuelproducciones.com.ar\/radioquijano\/wp-content\/uploads\/2024\/05\/image-300x169.png 300w, https:\/\/nahuelproducciones.com.ar\/radioquijano\/wp-content\/uploads\/2024\/05\/image-150x84.png 150w\" sizes=\"auto, (max-width: 560px) 100vw, 560px\" \/><\/figure><\/div>\n\n<div class=\"wp-block-image\">\n<figure class=\"aligncenter size-full is-resized\"><img loading=\"lazy\" decoding=\"async\" src=\"https:\/\/nahuelproducciones.com.ar\/radioquijano\/wp-content\/uploads\/2024\/05\/image-1.png\" alt=\"\" class=\"wp-image-7894\" width=\"557\" height=\"313\" srcset=\"https:\/\/nahuelproducciones.com.ar\/radioquijano\/wp-content\/uploads\/2024\/05\/image-1.png 560w, https:\/\/nahuelproducciones.com.ar\/radioquijano\/wp-content\/uploads\/2024\/05\/image-1-300x169.png 300w, https:\/\/nahuelproducciones.com.ar\/radioquijano\/wp-content\/uploads\/2024\/05\/image-1-150x84.png 150w\" sizes=\"auto, (max-width: 557px) 100vw, 557px\" \/><\/figure><\/div>\n\n\n<p>Fuente:&nbsp;<strong>Secretar\u00eda de Prensa y Comunicaci\u00f3n<\/strong><\/p>\n","protected":false},"excerpt":{"rendered":"<p>Hoy se reunieron los intendentes del Valle de Lerma con el presidente de REMSa para continuar con el plan de desarrollo para el Valle de Lerma y toda la provincia de Salta. Recursos Energ\u00e9ticos y Mineros de Salta mantuvo una reuni\u00f3n con los intendentes del Calle de Lerma para planificar la continuidad de las obras [&hellip;]<\/p>\n","protected":false},"author":8,"featured_media":7895,"comment_status":"open","ping_status":"open","sticky":false,"template":"","format":"standard","meta":{"_monsterinsights_skip_tracking":false,"_monsterinsights_sitenote_active":false,"_monsterinsights_sitenote_note":"","_monsterinsights_sitenote_category":0,"footnotes":""},"categories":[16],"tags":[100,860],"class_list":["post-7892","post","type-post","status-publish","format-standard","has-post-thumbnail","hentry","category-noticias","tag-municipio-de-campo-quijano","tag-remsa"],"yoast_head":"<!-- This site is optimized with the Yoast SEO plugin v20.8 - https:\/\/yoast.com\/wordpress\/plugins\/seo\/ -->\n<title>La Provincia planifica obras para el Valle de Lerma - RQ 99.9<\/title>\n<meta name=\"description\" content=\"En esta reuni\u00f3n fueron acordados los pasos a seguir dentro de este proyecto de desarrollo industrial, minero, econ\u00f3mico y social para la regi\u00f3n, que implica m\u00e1s obras y m\u00e1s trabajo en conjunto.\" \/>\n<meta name=\"robots\" content=\"index, follow, max-snippet:-1, max-image-preview:large, max-video-preview:-1\" \/>\n<link rel=\"canonical\" href=\"https:\/\/nahuelproducciones.com.ar\/radioquijano\/la-provincia-planifica-obras-para-el-valle-de-lerma\/\" \/>\n<meta property=\"og:locale\" content=\"es_ES\" \/>\n<meta property=\"og:type\" content=\"article\" \/>\n<meta property=\"og:title\" content=\"La Provincia planifica obras para el Valle de Lerma - RQ 99.9\" \/>\n<meta property=\"og:description\" content=\"En esta reuni\u00f3n fueron acordados los pasos a seguir dentro de este proyecto de desarrollo industrial, minero, econ\u00f3mico y social para la regi\u00f3n, que implica m\u00e1s obras y m\u00e1s trabajo en conjunto.\" \/>\n<meta property=\"og:url\" content=\"https:\/\/nahuelproducciones.com.ar\/radioquijano\/la-provincia-planifica-obras-para-el-valle-de-lerma\/\" \/>\n<meta property=\"og:site_name\" content=\"RQ 99.9\" \/>\n<meta property=\"article:publisher\" content=\"https:\/\/www.facebook.com\/nahuelproducciones999\/\" \/>\n<meta property=\"article:published_time\" content=\"2024-05-06T16:22:59+00:00\" \/>\n<meta property=\"article:modified_time\" content=\"2024-05-06T16:23:00+00:00\" \/>\n<meta property=\"og:image\" content=\"https:\/\/nahuelproducciones.com.ar\/radioquijano\/wp-content\/uploads\/2024\/05\/95488-la-provincia-planifica-obras-para-el-valle-de-lerma.jpg\" \/>\n\t<meta property=\"og:image:width\" content=\"560\" \/>\n\t<meta property=\"og:image:height\" content=\"315\" \/>\n\t<meta property=\"og:image:type\" content=\"image\/jpeg\" \/>\n<meta name=\"author\" content=\"Cecilia Pastrana\" \/>\n<meta name=\"twitter:card\" content=\"summary_large_image\" \/>\n<meta name=\"twitter:creator\" content=\"@nahuproduciones\" \/>\n<meta name=\"twitter:site\" content=\"@nahuproduciones\" \/>\n<meta name=\"twitter:label1\" content=\"Escrito por\" \/>\n\t<meta name=\"twitter:data1\" content=\"Cecilia Pastrana\" \/>\n\t<meta name=\"twitter:label2\" content=\"Tiempo de lectura\" \/>\n\t<meta name=\"twitter:data2\" content=\"2 minutos\" \/>\n<script type=\"application\/ld+json\" class=\"yoast-schema-graph\">{\"@context\":\"https:\/\/schema.org\",\"@graph\":[{\"@type\":\"WebPage\",\"@id\":\"https:\/\/nahuelproducciones.com.ar\/radioquijano\/la-provincia-planifica-obras-para-el-valle-de-lerma\/\",\"url\":\"https:\/\/nahuelproducciones.com.ar\/radioquijano\/la-provincia-planifica-obras-para-el-valle-de-lerma\/\",\"name\":\"La Provincia planifica obras para el Valle de Lerma - RQ 99.9\",\"isPartOf\":{\"@id\":\"https:\/\/nahuelproducciones.com.ar\/radioquijano\/#website\"},\"datePublished\":\"2024-05-06T16:22:59+00:00\",\"dateModified\":\"2024-05-06T16:23:00+00:00\",\"author\":{\"@id\":\"https:\/\/nahuelproducciones.com.ar\/radioquijano\/#\/schema\/person\/e8a4f939e2cb487fe6d0c54042c9d32c\"},\"description\":\"En esta reuni\u00f3n fueron acordados los pasos a seguir dentro de este proyecto de desarrollo industrial, minero, econ\u00f3mico y social para la regi\u00f3n, que implica m\u00e1s obras y m\u00e1s trabajo en conjunto.\",\"breadcrumb\":{\"@id\":\"https:\/\/nahuelproducciones.com.ar\/radioquijano\/la-provincia-planifica-obras-para-el-valle-de-lerma\/#breadcrumb\"},\"inLanguage\":\"es\",\"potentialAction\":[{\"@type\":\"ReadAction\",\"target\":[\"https:\/\/nahuelproducciones.com.ar\/radioquijano\/la-provincia-planifica-obras-para-el-valle-de-lerma\/\"]}]},{\"@type\":\"BreadcrumbList\",\"@id\":\"https:\/\/nahuelproducciones.com.ar\/radioquijano\/la-provincia-planifica-obras-para-el-valle-de-lerma\/#breadcrumb\",\"itemListElement\":[{\"@type\":\"ListItem\",\"position\":1,\"name\":\"Portada\",\"item\":\"https:\/\/nahuelproducciones.com.ar\/radioquijano\/\"},{\"@type\":\"ListItem\",\"position\":2,\"name\":\"La Provincia planifica obras para el Valle de Lerma\"}]},{\"@type\":\"WebSite\",\"@id\":\"https:\/\/nahuelproducciones.com.ar\/radioquijano\/#website\",\"url\":\"https:\/\/nahuelproducciones.com.ar\/radioquijano\/\",\"name\":\"RQ 99.9\",\"description\":\"Radio Quijano 99.9 MHz\",\"potentialAction\":[{\"@type\":\"SearchAction\",\"target\":{\"@type\":\"EntryPoint\",\"urlTemplate\":\"https:\/\/nahuelproducciones.com.ar\/radioquijano\/?s={search_term_string}\"},\"query-input\":\"required name=search_term_string\"}],\"inLanguage\":\"es\"},{\"@type\":\"Person\",\"@id\":\"https:\/\/nahuelproducciones.com.ar\/radioquijano\/#\/schema\/person\/e8a4f939e2cb487fe6d0c54042c9d32c\",\"name\":\"Cecilia Pastrana\",\"image\":{\"@type\":\"ImageObject\",\"inLanguage\":\"es\",\"@id\":\"https:\/\/nahuelproducciones.com.ar\/radioquijano\/#\/schema\/person\/image\/\",\"url\":\"https:\/\/secure.gravatar.com\/avatar\/661a3ef63a8488d4f2794ed44af8cf71420f7e106f3072c40125114df5157749?s=96&d=mm&r=g\",\"contentUrl\":\"https:\/\/secure.gravatar.com\/avatar\/661a3ef63a8488d4f2794ed44af8cf71420f7e106f3072c40125114df5157749?s=96&d=mm&r=g\",\"caption\":\"Cecilia Pastrana\"},\"sameAs\":[\"cecy\"],\"url\":\"https:\/\/nahuelproducciones.com.ar\/radioquijano\/author\/cecy\/\"}]}<\/script>\n<!-- \/ Yoast SEO plugin. -->","yoast_head_json":{"title":"La Provincia planifica obras para el Valle de Lerma - RQ 99.9","description":"En esta reuni\u00f3n fueron acordados los pasos a seguir dentro de este proyecto de desarrollo industrial, minero, econ\u00f3mico y social para la regi\u00f3n, que implica m\u00e1s obras y m\u00e1s trabajo en conjunto.","robots":{"index":"index","follow":"follow","max-snippet":"max-snippet:-1","max-image-preview":"max-image-preview:large","max-video-preview":"max-video-preview:-1"},"canonical":"https:\/\/nahuelproducciones.com.ar\/radioquijano\/la-provincia-planifica-obras-para-el-valle-de-lerma\/","og_locale":"es_ES","og_type":"article","og_title":"La Provincia planifica obras para el Valle de Lerma - RQ 99.9","og_description":"En esta reuni\u00f3n fueron acordados los pasos a seguir dentro de este proyecto de desarrollo industrial, minero, econ\u00f3mico y social para la regi\u00f3n, que implica m\u00e1s obras y m\u00e1s trabajo en conjunto.","og_url":"https:\/\/nahuelproducciones.com.ar\/radioquijano\/la-provincia-planifica-obras-para-el-valle-de-lerma\/","og_site_name":"RQ 99.9","article_publisher":"https:\/\/www.facebook.com\/nahuelproducciones999\/","article_published_time":"2024-05-06T16:22:59+00:00","article_modified_time":"2024-05-06T16:23:00+00:00","og_image":[{"width":560,"height":315,"url":"https:\/\/nahuelproducciones.com.ar\/radioquijano\/wp-content\/uploads\/2024\/05\/95488-la-provincia-planifica-obras-para-el-valle-de-lerma.jpg","type":"image\/jpeg"}],"author":"Cecilia Pastrana","twitter_card":"summary_large_image","twitter_creator":"@nahuproduciones","twitter_site":"@nahuproduciones","twitter_misc":{"Escrito por":"Cecilia Pastrana","Tiempo de lectura":"2 minutos"},"schema":{"@context":"https:\/\/schema.org","@graph":[{"@type":"WebPage","@id":"https:\/\/nahuelproducciones.com.ar\/radioquijano\/la-provincia-planifica-obras-para-el-valle-de-lerma\/","url":"https:\/\/nahuelproducciones.com.ar\/radioquijano\/la-provincia-planifica-obras-para-el-valle-de-lerma\/","name":"La Provincia planifica obras para el Valle de Lerma - RQ 99.9","isPartOf":{"@id":"https:\/\/nahuelproducciones.com.ar\/radioquijano\/#website"},"datePublished":"2024-05-06T16:22:59+00:00","dateModified":"2024-05-06T16:23:00+00:00","author":{"@id":"https:\/\/nahuelproducciones.com.ar\/radioquijano\/#\/schema\/person\/e8a4f939e2cb487fe6d0c54042c9d32c"},"description":"En esta reuni\u00f3n fueron acordados los pasos a seguir dentro de este proyecto de desarrollo industrial, minero, econ\u00f3mico y social para la regi\u00f3n, que implica m\u00e1s obras y m\u00e1s trabajo en conjunto.","breadcrumb":{"@id":"https:\/\/nahuelproducciones.com.ar\/radioquijano\/la-provincia-planifica-obras-para-el-valle-de-lerma\/#breadcrumb"},"inLanguage":"es","potentialAction":[{"@type":"ReadAction","target":["https:\/\/nahuelproducciones.com.ar\/radioquijano\/la-provincia-planifica-obras-para-el-valle-de-lerma\/"]}]},{"@type":"BreadcrumbList","@id":"https:\/\/nahuelproducciones.com.ar\/radioquijano\/la-provincia-planifica-obras-para-el-valle-de-lerma\/#breadcrumb","itemListElement":[{"@type":"ListItem","position":1,"name":"Portada","item":"https:\/\/nahuelproducciones.com.ar\/radioquijano\/"},{"@type":"ListItem","position":2,"name":"La Provincia planifica obras para el Valle de Lerma"}]},{"@type":"WebSite","@id":"https:\/\/nahuelproducciones.com.ar\/radioquijano\/#website","url":"https:\/\/nahuelproducciones.com.ar\/radioquijano\/","name":"RQ 99.9","description":"Radio Quijano 99.9 MHz","potentialAction":[{"@type":"SearchAction","target":{"@type":"EntryPoint","urlTemplate":"https:\/\/nahuelproducciones.com.ar\/radioquijano\/?s={search_term_string}"},"query-input":"required name=search_term_string"}],"inLanguage":"es"},{"@type":"Person","@id":"https:\/\/nahuelproducciones.com.ar\/radioquijano\/#\/schema\/person\/e8a4f939e2cb487fe6d0c54042c9d32c","name":"Cecilia Pastrana","image":{"@type":"ImageObject","inLanguage":"es","@id":"https:\/\/nahuelproducciones.com.ar\/radioquijano\/#\/schema\/person\/image\/","url":"https:\/\/secure.gravatar.com\/avatar\/661a3ef63a8488d4f2794ed44af8cf71420f7e106f3072c40125114df5157749?s=96&d=mm&r=g","contentUrl":"https:\/\/secure.gravatar.com\/avatar\/661a3ef63a8488d4f2794ed44af8cf71420f7e106f3072c40125114df5157749?s=96&d=mm&r=g","caption":"Cecilia Pastrana"},"sameAs":["cecy"],"url":"https:\/\/nahuelproducciones.com.ar\/radioquijano\/author\/cecy\/"}]}},"_links":{"self":[{"href":"https:\/\/nahuelproducciones.com.ar\/radioquijano\/wp-json\/wp\/v2\/posts\/7892","targetHints":{"allow":["GET"]}}],"collection":[{"href":"https:\/\/nahuelproducciones.com.ar\/radioquijano\/wp-json\/wp\/v2\/posts"}],"about":[{"href":"https:\/\/nahuelproducciones.com.ar\/radioquijano\/wp-json\/wp\/v2\/types\/post"}],"author":[{"embeddable":true,"href":"https:\/\/nahuelproducciones.com.ar\/radioquijano\/wp-json\/wp\/v2\/users\/8"}],"replies":[{"embeddable":true,"href":"https:\/\/nahuelproducciones.com.ar\/radioquijano\/wp-json\/wp\/v2\/comments?post=7892"}],"version-history":[{"count":1,"href":"https:\/\/nahuelproducciones.com.ar\/radioquijano\/wp-json\/wp\/v2\/posts\/7892\/revisions"}],"predecessor-version":[{"id":7896,"href":"https:\/\/nahuelproducciones.com.ar\/radioquijano\/wp-json\/wp\/v2\/posts\/7892\/revisions\/7896"}],"wp:featuredmedia":[{"embeddable":true,"href":"https:\/\/nahuelproducciones.com.ar\/radioquijano\/wp-json\/wp\/v2\/media\/7895"}],"wp:attachment":[{"href":"https:\/\/nahuelproducciones.com.ar\/radioquijano\/wp-json\/wp\/v2\/media?parent=7892"}],"wp:term":[{"taxonomy":"category","embeddable":true,"href":"https:\/\/nahuelproducciones.com.ar\/radioquijano\/wp-json\/wp\/v2\/categories?post=7892"},{"taxonomy":"post_tag","embeddable":true,"href":"https:\/\/nahuelproducciones.com.ar\/radioquijano\/wp-json\/wp\/v2\/tags?post=7892"}],"curies":[{"name":"wp","href":"https:\/\/api.w.org\/{rel}","templated":true}]}}