{"id":7903,"date":"2024-05-10T00:06:38","date_gmt":"2024-05-10T03:06:38","guid":{"rendered":"https:\/\/nahuelproducciones.com.ar\/radioquijano\/?p=7903"},"modified":"2024-05-10T00:06:41","modified_gmt":"2024-05-10T03:06:41","slug":"actualiza-los-datos-para-volver-al-trabajo-y-acompanamiento-social","status":"publish","type":"post","link":"https:\/\/nahuelproducciones.com.ar\/radioquijano\/actualiza-los-datos-para-volver-al-trabajo-y-acompanamiento-social\/","title":{"rendered":"Actualiza los datos para  \u00abVOLVER AL TRABAJO\u00bb y \u00abAcompa\u00f1amiento Social\u00bb"},"content":{"rendered":"\n<p>El Gobierno Nacional  reemplaz\u00f3\u00a0el Potenciar Trabajo con dos nuevos programas: Volver al Trabajo y Acompa\u00f1amiento Social.<\/p>\n\n\n\n<p>En comunicaci\u00f3n telef\u00f3nica con RQ 99.9Mhz, el  Director de Empleo, Capacitaci\u00f3n y Producci\u00f3n Luis Nu\u00f1o dijo que si son beneficiario del exPotenciar Trabajo\u00a0los van a reasignar de manera directa\u00a0al programa que les corresponda, sin que tengan que hacer\u00a0ning\u00fan tr\u00e1mite adicional.<\/p>\n\n\n\n<p>Nu\u00f1o invito a que se acerquen a la oficina de empleo para saber si  permanecen dentro de\u00a0las nuevas versiones\u00a0de\u00a0Potenciar Trabajo,registrar y actualizar sus datos.<\/p>\n\n\n\n<p>Inform\u00f3 que los beneficiarios de\u00a0<strong>Volver al Trabajo<\/strong>\u00a0percibir\u00e1n una asignaci\u00f3n dineraria mensual\u00a0<strong>fija no remunerativa de 78 mil pesos.\u00a0<\/strong>El programa tendr\u00e1\u00a0<strong>vigencia de 24 meses<\/strong>, confirm\u00f3 .<\/p>\n\n\n\n<p>Se puede hacer la consulta tambi\u00e9n sin asistir a la oficina, accediendo al sitio web del\u00a0<strong>Portal Empleo<\/strong>:\u00a0<a href=\"https:\/\/www.portalempleo.gob.ar.\/\" target=\"_blank\" rel=\"noreferrer noopener\">www.portalempleo.gob.ar<\/a>.<\/p>\n\n\n\n<p>Por asesoramiento e informaci\u00f3n dirigirse a Direcci\u00f3n de Empleo, Capacitaci\u00f3n y Producci\u00f3n (ex -Col. Ing. Maury) de Lunes a viernes en el horario de 7:30 hs a  12:30 hs.<\/p>\n\n\n\n<p>Escucha la entrevista:<\/p>\n\n\n\n<figure class=\"wp-block-audio\"><audio controls src=\"https:\/\/nahuelproducciones.com.ar\/radioquijano\/wp-content\/uploads\/2024\/05\/07-05-2024-LUIS-NUNO-DIRECTOR-DE-EMPLEO-TEMA-EX-POTENCIAR-A-DOS-NUEVOS-PLANES-1.mp3\"><\/audio><\/figure>\n","protected":false},"excerpt":{"rendered":"<p>El Gobierno Nacional reemplaz\u00f3\u00a0el Potenciar Trabajo con dos nuevos programas: Volver al Trabajo y Acompa\u00f1amiento Social. En comunicaci\u00f3n telef\u00f3nica con RQ 99.9Mhz, el Director de Empleo, Capacitaci\u00f3n y Producci\u00f3n Luis Nu\u00f1o dijo que si son beneficiario del exPotenciar Trabajo\u00a0los van a reasignar de manera directa\u00a0al programa que les corresponda, sin que tengan que hacer\u00a0ning\u00fan tr\u00e1mite [&hellip;]<\/p>\n","protected":false},"author":8,"featured_media":7906,"comment_status":"open","ping_status":"open","sticky":false,"template":"","format":"standard","meta":{"_monsterinsights_skip_tracking":false,"_monsterinsights_sitenote_active":false,"_monsterinsights_sitenote_note":"","_monsterinsights_sitenote_category":0,"footnotes":""},"categories":[16],"tags":[1516,1532,100],"class_list":["post-7903","post","type-post","status-publish","format-standard","has-post-thumbnail","hentry","category-noticias","tag-direccion-de-empleo","tag-expotenciar-trabajo","tag-municipio-de-campo-quijano"],"yoast_head":"<!-- This site is optimized with the Yoast SEO plugin v20.8 - https:\/\/yoast.com\/wordpress\/plugins\/seo\/ -->\n<title>Actualiza los datos para &quot;VOLVER AL TRABAJO&quot; y &quot;Acompa\u00f1amiento Social&quot; - RQ 99.9<\/title>\n<meta name=\"description\" content=\"Por asesoramiento e informaci\u00f3n dirigirse a Direcci\u00f3n de Empleo, Capacitaci\u00f3n y Producci\u00f3n (ex -Col. Ing. Maury) de Lunes a viernes en el horario de 7:30 hs a 12:30 hs.\" \/>\n<meta name=\"robots\" content=\"index, follow, max-snippet:-1, max-image-preview:large, max-video-preview:-1\" \/>\n<link rel=\"canonical\" href=\"https:\/\/nahuelproducciones.com.ar\/radioquijano\/actualiza-los-datos-para-volver-al-trabajo-y-acompanamiento-social\/\" \/>\n<meta property=\"og:locale\" content=\"es_ES\" \/>\n<meta property=\"og:type\" content=\"article\" \/>\n<meta property=\"og:title\" content=\"Actualiza los datos para &quot;VOLVER AL TRABAJO&quot; y &quot;Acompa\u00f1amiento Social&quot; - RQ 99.9\" \/>\n<meta property=\"og:description\" content=\"Por asesoramiento e informaci\u00f3n dirigirse a Direcci\u00f3n de Empleo, Capacitaci\u00f3n y Producci\u00f3n (ex -Col. Ing. Maury) de Lunes a viernes en el horario de 7:30 hs a 12:30 hs.\" \/>\n<meta property=\"og:url\" content=\"https:\/\/nahuelproducciones.com.ar\/radioquijano\/actualiza-los-datos-para-volver-al-trabajo-y-acompanamiento-social\/\" \/>\n<meta property=\"og:site_name\" content=\"RQ 99.9\" \/>\n<meta property=\"article:publisher\" content=\"https:\/\/www.facebook.com\/nahuelproducciones999\/\" \/>\n<meta property=\"article:published_time\" content=\"2024-05-10T03:06:38+00:00\" \/>\n<meta property=\"article:modified_time\" content=\"2024-05-10T03:06:41+00:00\" \/>\n<meta property=\"og:image\" content=\"https:\/\/nahuelproducciones.com.ar\/radioquijano\/wp-content\/uploads\/2024\/05\/438264595_844345767721835_9085841766319943844_n-e1715310386346.jpg\" \/>\n\t<meta property=\"og:image:width\" content=\"512\" \/>\n\t<meta property=\"og:image:height\" content=\"640\" \/>\n\t<meta property=\"og:image:type\" content=\"image\/jpeg\" \/>\n<meta name=\"author\" content=\"Cecilia Pastrana\" \/>\n<meta name=\"twitter:card\" content=\"summary_large_image\" \/>\n<meta name=\"twitter:creator\" content=\"@nahuproduciones\" \/>\n<meta name=\"twitter:site\" content=\"@nahuproduciones\" \/>\n<meta name=\"twitter:label1\" content=\"Escrito por\" \/>\n\t<meta name=\"twitter:data1\" content=\"Cecilia Pastrana\" \/>\n\t<meta name=\"twitter:label2\" content=\"Tiempo de lectura\" \/>\n\t<meta name=\"twitter:data2\" content=\"1 minuto\" \/>\n<script type=\"application\/ld+json\" class=\"yoast-schema-graph\">{\"@context\":\"https:\/\/schema.org\",\"@graph\":[{\"@type\":\"WebPage\",\"@id\":\"https:\/\/nahuelproducciones.com.ar\/radioquijano\/actualiza-los-datos-para-volver-al-trabajo-y-acompanamiento-social\/\",\"url\":\"https:\/\/nahuelproducciones.com.ar\/radioquijano\/actualiza-los-datos-para-volver-al-trabajo-y-acompanamiento-social\/\",\"name\":\"Actualiza los datos para \\\"VOLVER AL TRABAJO\\\" y \\\"Acompa\u00f1amiento Social\\\" - RQ 99.9\",\"isPartOf\":{\"@id\":\"https:\/\/nahuelproducciones.com.ar\/radioquijano\/#website\"},\"datePublished\":\"2024-05-10T03:06:38+00:00\",\"dateModified\":\"2024-05-10T03:06:41+00:00\",\"author\":{\"@id\":\"https:\/\/nahuelproducciones.com.ar\/radioquijano\/#\/schema\/person\/e8a4f939e2cb487fe6d0c54042c9d32c\"},\"description\":\"Por asesoramiento e informaci\u00f3n dirigirse a Direcci\u00f3n de Empleo, Capacitaci\u00f3n y Producci\u00f3n (ex -Col. Ing. Maury) de Lunes a viernes en el horario de 7:30 hs a 12:30 hs.\",\"breadcrumb\":{\"@id\":\"https:\/\/nahuelproducciones.com.ar\/radioquijano\/actualiza-los-datos-para-volver-al-trabajo-y-acompanamiento-social\/#breadcrumb\"},\"inLanguage\":\"es\",\"potentialAction\":[{\"@type\":\"ReadAction\",\"target\":[\"https:\/\/nahuelproducciones.com.ar\/radioquijano\/actualiza-los-datos-para-volver-al-trabajo-y-acompanamiento-social\/\"]}]},{\"@type\":\"BreadcrumbList\",\"@id\":\"https:\/\/nahuelproducciones.com.ar\/radioquijano\/actualiza-los-datos-para-volver-al-trabajo-y-acompanamiento-social\/#breadcrumb\",\"itemListElement\":[{\"@type\":\"ListItem\",\"position\":1,\"name\":\"Portada\",\"item\":\"https:\/\/nahuelproducciones.com.ar\/radioquijano\/\"},{\"@type\":\"ListItem\",\"position\":2,\"name\":\"Actualiza los datos para &#8220;VOLVER AL TRABAJO&#8221; y &#8220;Acompa\u00f1amiento Social&#8221;\"}]},{\"@type\":\"WebSite\",\"@id\":\"https:\/\/nahuelproducciones.com.ar\/radioquijano\/#website\",\"url\":\"https:\/\/nahuelproducciones.com.ar\/radioquijano\/\",\"name\":\"RQ 99.9\",\"description\":\"Radio Quijano 99.9 MHz\",\"potentialAction\":[{\"@type\":\"SearchAction\",\"target\":{\"@type\":\"EntryPoint\",\"urlTemplate\":\"https:\/\/nahuelproducciones.com.ar\/radioquijano\/?s={search_term_string}\"},\"query-input\":\"required name=search_term_string\"}],\"inLanguage\":\"es\"},{\"@type\":\"Person\",\"@id\":\"https:\/\/nahuelproducciones.com.ar\/radioquijano\/#\/schema\/person\/e8a4f939e2cb487fe6d0c54042c9d32c\",\"name\":\"Cecilia Pastrana\",\"image\":{\"@type\":\"ImageObject\",\"inLanguage\":\"es\",\"@id\":\"https:\/\/nahuelproducciones.com.ar\/radioquijano\/#\/schema\/person\/image\/\",\"url\":\"https:\/\/secure.gravatar.com\/avatar\/661a3ef63a8488d4f2794ed44af8cf71420f7e106f3072c40125114df5157749?s=96&d=mm&r=g\",\"contentUrl\":\"https:\/\/secure.gravatar.com\/avatar\/661a3ef63a8488d4f2794ed44af8cf71420f7e106f3072c40125114df5157749?s=96&d=mm&r=g\",\"caption\":\"Cecilia Pastrana\"},\"sameAs\":[\"cecy\"],\"url\":\"https:\/\/nahuelproducciones.com.ar\/radioquijano\/author\/cecy\/\"}]}<\/script>\n<!-- \/ Yoast SEO plugin. -->","yoast_head_json":{"title":"Actualiza los datos para \"VOLVER AL TRABAJO\" y \"Acompa\u00f1amiento Social\" - RQ 99.9","description":"Por asesoramiento e informaci\u00f3n dirigirse a Direcci\u00f3n de Empleo, Capacitaci\u00f3n y Producci\u00f3n (ex -Col. Ing. Maury) de Lunes a viernes en el horario de 7:30 hs a 12:30 hs.","robots":{"index":"index","follow":"follow","max-snippet":"max-snippet:-1","max-image-preview":"max-image-preview:large","max-video-preview":"max-video-preview:-1"},"canonical":"https:\/\/nahuelproducciones.com.ar\/radioquijano\/actualiza-los-datos-para-volver-al-trabajo-y-acompanamiento-social\/","og_locale":"es_ES","og_type":"article","og_title":"Actualiza los datos para \"VOLVER AL TRABAJO\" y \"Acompa\u00f1amiento Social\" - RQ 99.9","og_description":"Por asesoramiento e informaci\u00f3n dirigirse a Direcci\u00f3n de Empleo, Capacitaci\u00f3n y Producci\u00f3n (ex -Col. Ing. Maury) de Lunes a viernes en el horario de 7:30 hs a 12:30 hs.","og_url":"https:\/\/nahuelproducciones.com.ar\/radioquijano\/actualiza-los-datos-para-volver-al-trabajo-y-acompanamiento-social\/","og_site_name":"RQ 99.9","article_publisher":"https:\/\/www.facebook.com\/nahuelproducciones999\/","article_published_time":"2024-05-10T03:06:38+00:00","article_modified_time":"2024-05-10T03:06:41+00:00","og_image":[{"width":512,"height":640,"url":"https:\/\/nahuelproducciones.com.ar\/radioquijano\/wp-content\/uploads\/2024\/05\/438264595_844345767721835_9085841766319943844_n-e1715310386346.jpg","type":"image\/jpeg"}],"author":"Cecilia Pastrana","twitter_card":"summary_large_image","twitter_creator":"@nahuproduciones","twitter_site":"@nahuproduciones","twitter_misc":{"Escrito por":"Cecilia Pastrana","Tiempo de lectura":"1 minuto"},"schema":{"@context":"https:\/\/schema.org","@graph":[{"@type":"WebPage","@id":"https:\/\/nahuelproducciones.com.ar\/radioquijano\/actualiza-los-datos-para-volver-al-trabajo-y-acompanamiento-social\/","url":"https:\/\/nahuelproducciones.com.ar\/radioquijano\/actualiza-los-datos-para-volver-al-trabajo-y-acompanamiento-social\/","name":"Actualiza los datos para \"VOLVER AL TRABAJO\" y \"Acompa\u00f1amiento Social\" - RQ 99.9","isPartOf":{"@id":"https:\/\/nahuelproducciones.com.ar\/radioquijano\/#website"},"datePublished":"2024-05-10T03:06:38+00:00","dateModified":"2024-05-10T03:06:41+00:00","author":{"@id":"https:\/\/nahuelproducciones.com.ar\/radioquijano\/#\/schema\/person\/e8a4f939e2cb487fe6d0c54042c9d32c"},"description":"Por asesoramiento e informaci\u00f3n dirigirse a Direcci\u00f3n de Empleo, Capacitaci\u00f3n y Producci\u00f3n (ex -Col. Ing. Maury) de Lunes a viernes en el horario de 7:30 hs a 12:30 hs.","breadcrumb":{"@id":"https:\/\/nahuelproducciones.com.ar\/radioquijano\/actualiza-los-datos-para-volver-al-trabajo-y-acompanamiento-social\/#breadcrumb"},"inLanguage":"es","potentialAction":[{"@type":"ReadAction","target":["https:\/\/nahuelproducciones.com.ar\/radioquijano\/actualiza-los-datos-para-volver-al-trabajo-y-acompanamiento-social\/"]}]},{"@type":"BreadcrumbList","@id":"https:\/\/nahuelproducciones.com.ar\/radioquijano\/actualiza-los-datos-para-volver-al-trabajo-y-acompanamiento-social\/#breadcrumb","itemListElement":[{"@type":"ListItem","position":1,"name":"Portada","item":"https:\/\/nahuelproducciones.com.ar\/radioquijano\/"},{"@type":"ListItem","position":2,"name":"Actualiza los datos para &#8220;VOLVER AL TRABAJO&#8221; y &#8220;Acompa\u00f1amiento Social&#8221;"}]},{"@type":"WebSite","@id":"https:\/\/nahuelproducciones.com.ar\/radioquijano\/#website","url":"https:\/\/nahuelproducciones.com.ar\/radioquijano\/","name":"RQ 99.9","description":"Radio Quijano 99.9 MHz","potentialAction":[{"@type":"SearchAction","target":{"@type":"EntryPoint","urlTemplate":"https:\/\/nahuelproducciones.com.ar\/radioquijano\/?s={search_term_string}"},"query-input":"required name=search_term_string"}],"inLanguage":"es"},{"@type":"Person","@id":"https:\/\/nahuelproducciones.com.ar\/radioquijano\/#\/schema\/person\/e8a4f939e2cb487fe6d0c54042c9d32c","name":"Cecilia Pastrana","image":{"@type":"ImageObject","inLanguage":"es","@id":"https:\/\/nahuelproducciones.com.ar\/radioquijano\/#\/schema\/person\/image\/","url":"https:\/\/secure.gravatar.com\/avatar\/661a3ef63a8488d4f2794ed44af8cf71420f7e106f3072c40125114df5157749?s=96&d=mm&r=g","contentUrl":"https:\/\/secure.gravatar.com\/avatar\/661a3ef63a8488d4f2794ed44af8cf71420f7e106f3072c40125114df5157749?s=96&d=mm&r=g","caption":"Cecilia Pastrana"},"sameAs":["cecy"],"url":"https:\/\/nahuelproducciones.com.ar\/radioquijano\/author\/cecy\/"}]}},"_links":{"self":[{"href":"https:\/\/nahuelproducciones.com.ar\/radioquijano\/wp-json\/wp\/v2\/posts\/7903","targetHints":{"allow":["GET"]}}],"collection":[{"href":"https:\/\/nahuelproducciones.com.ar\/radioquijano\/wp-json\/wp\/v2\/posts"}],"about":[{"href":"https:\/\/nahuelproducciones.com.ar\/radioquijano\/wp-json\/wp\/v2\/types\/post"}],"author":[{"embeddable":true,"href":"https:\/\/nahuelproducciones.com.ar\/radioquijano\/wp-json\/wp\/v2\/users\/8"}],"replies":[{"embeddable":true,"href":"https:\/\/nahuelproducciones.com.ar\/radioquijano\/wp-json\/wp\/v2\/comments?post=7903"}],"version-history":[{"count":1,"href":"https:\/\/nahuelproducciones.com.ar\/radioquijano\/wp-json\/wp\/v2\/posts\/7903\/revisions"}],"predecessor-version":[{"id":7907,"href":"https:\/\/nahuelproducciones.com.ar\/radioquijano\/wp-json\/wp\/v2\/posts\/7903\/revisions\/7907"}],"wp:featuredmedia":[{"embeddable":true,"href":"https:\/\/nahuelproducciones.com.ar\/radioquijano\/wp-json\/wp\/v2\/media\/7906"}],"wp:attachment":[{"href":"https:\/\/nahuelproducciones.com.ar\/radioquijano\/wp-json\/wp\/v2\/media?parent=7903"}],"wp:term":[{"taxonomy":"category","embeddable":true,"href":"https:\/\/nahuelproducciones.com.ar\/radioquijano\/wp-json\/wp\/v2\/categories?post=7903"},{"taxonomy":"post_tag","embeddable":true,"href":"https:\/\/nahuelproducciones.com.ar\/radioquijano\/wp-json\/wp\/v2\/tags?post=7903"}],"curies":[{"name":"wp","href":"https:\/\/api.w.org\/{rel}","templated":true}]}}