{"id":7908,"date":"2024-05-10T00:21:58","date_gmt":"2024-05-10T03:21:58","guid":{"rendered":"https:\/\/nahuelproducciones.com.ar\/radioquijano\/?p=7908"},"modified":"2024-05-10T00:22:02","modified_gmt":"2024-05-10T03:22:02","slug":"12-de-mayo-gran-desfile-solidario-miradas-de-amor","status":"publish","type":"post","link":"https:\/\/nahuelproducciones.com.ar\/radioquijano\/12-de-mayo-gran-desfile-solidario-miradas-de-amor\/","title":{"rendered":"12 de mayo: Gran Desfile Solidario \u00abMiradas de Amor\u00bb."},"content":{"rendered":"\n<p>Junto al Instituto de modelos de Salta y padres en acci\u00f3n ser realizar\u00e1 un  \u00abDesfile solidario, miradas de amor\u00bb. <\/p>\n\n\n\n<p>El objetivo es recaudar fondos a beneficio de ni\u00f1os con discapacidad y diagn\u00f3stico oncol\u00f3gico.<\/p>\n\n\n\n<p>En comunicaci\u00f3n telef\u00f3nica con RQ 99.9Mhz, las madres de los ni\u00f1os y la Directora del \u00c1rea Discapacidad del municipio de Campo Quijano, Belen Ovando invitaron a toda la comunidad a ser parte de esta gran actividad.<\/p>\n\n\n\n<p>Dijeron que desfile  contar\u00e1 con la presencia de muchos emprendedores que se suman para colaborar con el prop\u00f3sito solidario.<\/p>\n\n\n\n<p>Si quieren participar, pueden hacerlo porque estan buscamos sumar modelos con o sin experiencia(sin l\u00edmite de edad), artistas, emprendedores, fot\u00f3grafos, dise\u00f1adores, peluqueros y maquilladores. Acercate a Casa de a Cultura hasta el viernes 10 de mayo.<\/p>\n\n\n\n<p> Se realizar\u00e1 el domingo 12 de mayo en Casa de la Cultura a las 17:00 hs y habr\u00e1 puestos de comidas entre otras cositas para colaborar con las madres.<\/p>\n\n\n\n<p>Escucha la entrevista:<\/p>\n\n\n\n<figure class=\"wp-block-audio\"><audio controls src=\"https:\/\/nahuelproducciones.com.ar\/radioquijano\/wp-content\/uploads\/2024\/05\/08-05-2024-BELEN-OVANDO-DIRECTORA-DE-DISCAPACIDAD-DESFILE-EN-CASA-DE-LA-CULTURA-SOLIDARIO.mp3\"><\/audio><\/figure>\n","protected":false},"excerpt":{"rendered":"<p>Junto al Instituto de modelos de Salta y padres en acci\u00f3n ser realizar\u00e1 un \u00abDesfile solidario, miradas de amor\u00bb. El objetivo es recaudar fondos a beneficio de ni\u00f1os con discapacidad y diagn\u00f3stico oncol\u00f3gico. En comunicaci\u00f3n telef\u00f3nica con RQ 99.9Mhz, las madres de los ni\u00f1os y la Directora del \u00c1rea Discapacidad del municipio de Campo Quijano, [&hellip;]<\/p>\n","protected":false},"author":8,"featured_media":7910,"comment_status":"open","ping_status":"open","sticky":false,"template":"","format":"standard","meta":{"_monsterinsights_skip_tracking":false,"_monsterinsights_sitenote_active":false,"_monsterinsights_sitenote_note":"","_monsterinsights_sitenote_category":0,"footnotes":""},"categories":[16],"tags":[1534,1533,100],"class_list":["post-7908","post","type-post","status-publish","format-standard","has-post-thumbnail","hentry","category-noticias","tag-desfile-solidario","tag-direccion-de-discapacidad","tag-municipio-de-campo-quijano"],"yoast_head":"<!-- This site is optimized with the Yoast SEO plugin v20.8 - https:\/\/yoast.com\/wordpress\/plugins\/seo\/ -->\n<title>12 de mayo: Gran Desfile Solidario &quot;Miradas de Amor&quot;. - RQ 99.9<\/title>\n<meta name=\"description\" content=\"Se realizar\u00e1 el domingo 12 de mayo en Casa de la Cultura a las 17:00 hs y habr\u00e1 puestos de comidas entre otras cositas para colaborar con las madres.\" \/>\n<meta name=\"robots\" content=\"index, follow, max-snippet:-1, max-image-preview:large, max-video-preview:-1\" \/>\n<link rel=\"canonical\" href=\"https:\/\/nahuelproducciones.com.ar\/radioquijano\/12-de-mayo-gran-desfile-solidario-miradas-de-amor\/\" \/>\n<meta property=\"og:locale\" content=\"es_ES\" \/>\n<meta property=\"og:type\" content=\"article\" \/>\n<meta property=\"og:title\" content=\"12 de mayo: Gran Desfile Solidario &quot;Miradas de Amor&quot;. - RQ 99.9\" \/>\n<meta property=\"og:description\" content=\"Se realizar\u00e1 el domingo 12 de mayo en Casa de la Cultura a las 17:00 hs y habr\u00e1 puestos de comidas entre otras cositas para colaborar con las madres.\" \/>\n<meta property=\"og:url\" content=\"https:\/\/nahuelproducciones.com.ar\/radioquijano\/12-de-mayo-gran-desfile-solidario-miradas-de-amor\/\" \/>\n<meta property=\"og:site_name\" content=\"RQ 99.9\" \/>\n<meta property=\"article:publisher\" content=\"https:\/\/www.facebook.com\/nahuelproducciones999\/\" \/>\n<meta property=\"article:published_time\" content=\"2024-05-10T03:21:58+00:00\" \/>\n<meta property=\"article:modified_time\" content=\"2024-05-10T03:22:02+00:00\" \/>\n<meta property=\"og:image\" content=\"https:\/\/nahuelproducciones.com.ar\/radioquijano\/wp-content\/uploads\/2024\/05\/438300715_844930330996712_6250481985091732258_n-e1715311309702.jpg\" \/>\n\t<meta property=\"og:image:width\" content=\"700\" \/>\n\t<meta property=\"og:image:height\" content=\"1244\" \/>\n\t<meta property=\"og:image:type\" content=\"image\/jpeg\" \/>\n<meta name=\"author\" content=\"Cecilia Pastrana\" \/>\n<meta name=\"twitter:card\" content=\"summary_large_image\" \/>\n<meta name=\"twitter:creator\" content=\"@nahuproduciones\" \/>\n<meta name=\"twitter:site\" content=\"@nahuproduciones\" \/>\n<meta name=\"twitter:label1\" content=\"Escrito por\" \/>\n\t<meta name=\"twitter:data1\" content=\"Cecilia Pastrana\" \/>\n\t<meta name=\"twitter:label2\" content=\"Tiempo de lectura\" \/>\n\t<meta name=\"twitter:data2\" content=\"1 minuto\" \/>\n<script type=\"application\/ld+json\" class=\"yoast-schema-graph\">{\"@context\":\"https:\/\/schema.org\",\"@graph\":[{\"@type\":\"WebPage\",\"@id\":\"https:\/\/nahuelproducciones.com.ar\/radioquijano\/12-de-mayo-gran-desfile-solidario-miradas-de-amor\/\",\"url\":\"https:\/\/nahuelproducciones.com.ar\/radioquijano\/12-de-mayo-gran-desfile-solidario-miradas-de-amor\/\",\"name\":\"12 de mayo: Gran Desfile Solidario \\\"Miradas de Amor\\\". - RQ 99.9\",\"isPartOf\":{\"@id\":\"https:\/\/nahuelproducciones.com.ar\/radioquijano\/#website\"},\"datePublished\":\"2024-05-10T03:21:58+00:00\",\"dateModified\":\"2024-05-10T03:22:02+00:00\",\"author\":{\"@id\":\"https:\/\/nahuelproducciones.com.ar\/radioquijano\/#\/schema\/person\/e8a4f939e2cb487fe6d0c54042c9d32c\"},\"description\":\"Se realizar\u00e1 el domingo 12 de mayo en Casa de la Cultura a las 17:00 hs y habr\u00e1 puestos de comidas entre otras cositas para colaborar con las madres.\",\"breadcrumb\":{\"@id\":\"https:\/\/nahuelproducciones.com.ar\/radioquijano\/12-de-mayo-gran-desfile-solidario-miradas-de-amor\/#breadcrumb\"},\"inLanguage\":\"es\",\"potentialAction\":[{\"@type\":\"ReadAction\",\"target\":[\"https:\/\/nahuelproducciones.com.ar\/radioquijano\/12-de-mayo-gran-desfile-solidario-miradas-de-amor\/\"]}]},{\"@type\":\"BreadcrumbList\",\"@id\":\"https:\/\/nahuelproducciones.com.ar\/radioquijano\/12-de-mayo-gran-desfile-solidario-miradas-de-amor\/#breadcrumb\",\"itemListElement\":[{\"@type\":\"ListItem\",\"position\":1,\"name\":\"Portada\",\"item\":\"https:\/\/nahuelproducciones.com.ar\/radioquijano\/\"},{\"@type\":\"ListItem\",\"position\":2,\"name\":\"12 de mayo: Gran Desfile Solidario &#8220;Miradas de Amor&#8221;.\"}]},{\"@type\":\"WebSite\",\"@id\":\"https:\/\/nahuelproducciones.com.ar\/radioquijano\/#website\",\"url\":\"https:\/\/nahuelproducciones.com.ar\/radioquijano\/\",\"name\":\"RQ 99.9\",\"description\":\"Radio Quijano 99.9 MHz\",\"potentialAction\":[{\"@type\":\"SearchAction\",\"target\":{\"@type\":\"EntryPoint\",\"urlTemplate\":\"https:\/\/nahuelproducciones.com.ar\/radioquijano\/?s={search_term_string}\"},\"query-input\":\"required name=search_term_string\"}],\"inLanguage\":\"es\"},{\"@type\":\"Person\",\"@id\":\"https:\/\/nahuelproducciones.com.ar\/radioquijano\/#\/schema\/person\/e8a4f939e2cb487fe6d0c54042c9d32c\",\"name\":\"Cecilia Pastrana\",\"image\":{\"@type\":\"ImageObject\",\"inLanguage\":\"es\",\"@id\":\"https:\/\/nahuelproducciones.com.ar\/radioquijano\/#\/schema\/person\/image\/\",\"url\":\"https:\/\/secure.gravatar.com\/avatar\/661a3ef63a8488d4f2794ed44af8cf71420f7e106f3072c40125114df5157749?s=96&d=mm&r=g\",\"contentUrl\":\"https:\/\/secure.gravatar.com\/avatar\/661a3ef63a8488d4f2794ed44af8cf71420f7e106f3072c40125114df5157749?s=96&d=mm&r=g\",\"caption\":\"Cecilia Pastrana\"},\"sameAs\":[\"cecy\"],\"url\":\"https:\/\/nahuelproducciones.com.ar\/radioquijano\/author\/cecy\/\"}]}<\/script>\n<!-- \/ Yoast SEO plugin. -->","yoast_head_json":{"title":"12 de mayo: Gran Desfile Solidario \"Miradas de Amor\". - RQ 99.9","description":"Se realizar\u00e1 el domingo 12 de mayo en Casa de la Cultura a las 17:00 hs y habr\u00e1 puestos de comidas entre otras cositas para colaborar con las madres.","robots":{"index":"index","follow":"follow","max-snippet":"max-snippet:-1","max-image-preview":"max-image-preview:large","max-video-preview":"max-video-preview:-1"},"canonical":"https:\/\/nahuelproducciones.com.ar\/radioquijano\/12-de-mayo-gran-desfile-solidario-miradas-de-amor\/","og_locale":"es_ES","og_type":"article","og_title":"12 de mayo: Gran Desfile Solidario \"Miradas de Amor\". - RQ 99.9","og_description":"Se realizar\u00e1 el domingo 12 de mayo en Casa de la Cultura a las 17:00 hs y habr\u00e1 puestos de comidas entre otras cositas para colaborar con las madres.","og_url":"https:\/\/nahuelproducciones.com.ar\/radioquijano\/12-de-mayo-gran-desfile-solidario-miradas-de-amor\/","og_site_name":"RQ 99.9","article_publisher":"https:\/\/www.facebook.com\/nahuelproducciones999\/","article_published_time":"2024-05-10T03:21:58+00:00","article_modified_time":"2024-05-10T03:22:02+00:00","og_image":[{"width":700,"height":1244,"url":"https:\/\/nahuelproducciones.com.ar\/radioquijano\/wp-content\/uploads\/2024\/05\/438300715_844930330996712_6250481985091732258_n-e1715311309702.jpg","type":"image\/jpeg"}],"author":"Cecilia Pastrana","twitter_card":"summary_large_image","twitter_creator":"@nahuproduciones","twitter_site":"@nahuproduciones","twitter_misc":{"Escrito por":"Cecilia Pastrana","Tiempo de lectura":"1 minuto"},"schema":{"@context":"https:\/\/schema.org","@graph":[{"@type":"WebPage","@id":"https:\/\/nahuelproducciones.com.ar\/radioquijano\/12-de-mayo-gran-desfile-solidario-miradas-de-amor\/","url":"https:\/\/nahuelproducciones.com.ar\/radioquijano\/12-de-mayo-gran-desfile-solidario-miradas-de-amor\/","name":"12 de mayo: Gran Desfile Solidario \"Miradas de Amor\". - RQ 99.9","isPartOf":{"@id":"https:\/\/nahuelproducciones.com.ar\/radioquijano\/#website"},"datePublished":"2024-05-10T03:21:58+00:00","dateModified":"2024-05-10T03:22:02+00:00","author":{"@id":"https:\/\/nahuelproducciones.com.ar\/radioquijano\/#\/schema\/person\/e8a4f939e2cb487fe6d0c54042c9d32c"},"description":"Se realizar\u00e1 el domingo 12 de mayo en Casa de la Cultura a las 17:00 hs y habr\u00e1 puestos de comidas entre otras cositas para colaborar con las madres.","breadcrumb":{"@id":"https:\/\/nahuelproducciones.com.ar\/radioquijano\/12-de-mayo-gran-desfile-solidario-miradas-de-amor\/#breadcrumb"},"inLanguage":"es","potentialAction":[{"@type":"ReadAction","target":["https:\/\/nahuelproducciones.com.ar\/radioquijano\/12-de-mayo-gran-desfile-solidario-miradas-de-amor\/"]}]},{"@type":"BreadcrumbList","@id":"https:\/\/nahuelproducciones.com.ar\/radioquijano\/12-de-mayo-gran-desfile-solidario-miradas-de-amor\/#breadcrumb","itemListElement":[{"@type":"ListItem","position":1,"name":"Portada","item":"https:\/\/nahuelproducciones.com.ar\/radioquijano\/"},{"@type":"ListItem","position":2,"name":"12 de mayo: Gran Desfile Solidario &#8220;Miradas de Amor&#8221;."}]},{"@type":"WebSite","@id":"https:\/\/nahuelproducciones.com.ar\/radioquijano\/#website","url":"https:\/\/nahuelproducciones.com.ar\/radioquijano\/","name":"RQ 99.9","description":"Radio Quijano 99.9 MHz","potentialAction":[{"@type":"SearchAction","target":{"@type":"EntryPoint","urlTemplate":"https:\/\/nahuelproducciones.com.ar\/radioquijano\/?s={search_term_string}"},"query-input":"required name=search_term_string"}],"inLanguage":"es"},{"@type":"Person","@id":"https:\/\/nahuelproducciones.com.ar\/radioquijano\/#\/schema\/person\/e8a4f939e2cb487fe6d0c54042c9d32c","name":"Cecilia Pastrana","image":{"@type":"ImageObject","inLanguage":"es","@id":"https:\/\/nahuelproducciones.com.ar\/radioquijano\/#\/schema\/person\/image\/","url":"https:\/\/secure.gravatar.com\/avatar\/661a3ef63a8488d4f2794ed44af8cf71420f7e106f3072c40125114df5157749?s=96&d=mm&r=g","contentUrl":"https:\/\/secure.gravatar.com\/avatar\/661a3ef63a8488d4f2794ed44af8cf71420f7e106f3072c40125114df5157749?s=96&d=mm&r=g","caption":"Cecilia Pastrana"},"sameAs":["cecy"],"url":"https:\/\/nahuelproducciones.com.ar\/radioquijano\/author\/cecy\/"}]}},"_links":{"self":[{"href":"https:\/\/nahuelproducciones.com.ar\/radioquijano\/wp-json\/wp\/v2\/posts\/7908","targetHints":{"allow":["GET"]}}],"collection":[{"href":"https:\/\/nahuelproducciones.com.ar\/radioquijano\/wp-json\/wp\/v2\/posts"}],"about":[{"href":"https:\/\/nahuelproducciones.com.ar\/radioquijano\/wp-json\/wp\/v2\/types\/post"}],"author":[{"embeddable":true,"href":"https:\/\/nahuelproducciones.com.ar\/radioquijano\/wp-json\/wp\/v2\/users\/8"}],"replies":[{"embeddable":true,"href":"https:\/\/nahuelproducciones.com.ar\/radioquijano\/wp-json\/wp\/v2\/comments?post=7908"}],"version-history":[{"count":1,"href":"https:\/\/nahuelproducciones.com.ar\/radioquijano\/wp-json\/wp\/v2\/posts\/7908\/revisions"}],"predecessor-version":[{"id":7911,"href":"https:\/\/nahuelproducciones.com.ar\/radioquijano\/wp-json\/wp\/v2\/posts\/7908\/revisions\/7911"}],"wp:featuredmedia":[{"embeddable":true,"href":"https:\/\/nahuelproducciones.com.ar\/radioquijano\/wp-json\/wp\/v2\/media\/7910"}],"wp:attachment":[{"href":"https:\/\/nahuelproducciones.com.ar\/radioquijano\/wp-json\/wp\/v2\/media?parent=7908"}],"wp:term":[{"taxonomy":"category","embeddable":true,"href":"https:\/\/nahuelproducciones.com.ar\/radioquijano\/wp-json\/wp\/v2\/categories?post=7908"},{"taxonomy":"post_tag","embeddable":true,"href":"https:\/\/nahuelproducciones.com.ar\/radioquijano\/wp-json\/wp\/v2\/tags?post=7908"}],"curies":[{"name":"wp","href":"https:\/\/api.w.org\/{rel}","templated":true}]}}